{"id":99958,"date":"2022-10-04T08:12:19","date_gmt":"2022-10-04T12:12:19","guid":{"rendered":"https:\/\/blog.canadamotorjobs.com\/que-se-passe-t-il-avec-les-toyota-bz4x\/"},"modified":"2022-10-04T08:14:31","modified_gmt":"2022-10-04T12:14:31","slug":"que-se-passe-t-il-avec-les-toyota-bz4x","status":"publish","type":"post","link":"https:\/\/news.canadamotorjobs.com\/fr\/que-se-passe-t-il-avec-les-toyota-bz4x\/","title":{"rendered":"Que se passe-t-il avec les Toyota bZ4X ?"},"content":{"rendered":"<\/p>\n<p>Petit retour en arri\u00e8re au moment o\u00f9 Toyota annonce un probl\u00e8me avec un \u00e9crou qui se desserre. Nous sommes en juin et Toyota qui a \u00e0 l\u2019\u00e9poque a fabriqu\u00e9 2 700 v\u00e9hicules aux n\u2019a pas encore mis un seul bZ4x sur la route au Canada (environ 260 aux \u00c9tats-Unis). Nous sommes en octobre, 4 mois plus tard et il semble que ce dossier est gel\u00e9 dans le temps. Au moment du rappel, Toyota a d\u00e9clar\u00e9 qu&#8217;une enqu\u00eate \u00e9tait en cours pour d\u00e9terminer un rem\u00e8de et a conseill\u00e9 aux propri\u00e9taires qui avaient d\u00e9j\u00e0 un v\u00e9hicule de ne pas le conduire.<br \/> Une \u00e9tude bien longue pour une roue qui n\u2019est pas conforme<br \/> En consultant les gens de Toyota, il semble qu\u2019une solution est toujours \u00e0 l&#8217;\u00e9tude et, par cons\u00e9quent, aucune nouvelle vente de bZ4X n&#8217;est pr\u00e9vue avant que le probl\u00e8me ne soit r\u00e9solu. Le probl\u00e8me touche \u00e9galement la Subaru Solterra, un clone de la bZ4x qui n\u2019avait pas encore de v\u00e9hicules sur la route au Canada. En ao\u00fbt dernier, Toyota propose de racheter les mod\u00e8les bZ4x \u00e0 ceux qui n\u2019en veulent plus, sans autre forme de c\u00e9r\u00e9monie.<br \/> Et depuis plus rien<br \/> Il faut se demander si Toyota a vraiment l\u2019intention d\u2019aller de l\u2019avant avec les v\u00e9hicules \u00e9lectriques o\u00f9 d\u00e9sire simplement avoir un v\u00e9hicule de conformit\u00e9 pour faire taire les critiques. Le lancement initial du produit qui avait lieu en Californie s\u2019est fait avec peu de conviction de la part de Toyota. Cela ressemblait plus \u00e0 une obligation de la marque de mettre<\/p>\n","protected":false},"excerpt":{"rendered":"<p>Petit retour en arri\u00e8re au moment o\u00f9 Toyota annonce un probl\u00e8me avec un \u00e9crou qui se desserre. Nous sommes en juin et Toyota qui a \u00e0 l\u2019\u00e9poque a fabriqu\u00e9 2 700 v\u00e9hicules aux n\u2019a pas encore mis un seul bZ4x sur la route au Canada (environ 260 aux \u00c9tats-Unis). Nous sommes en octobre, 4 mois [&hellip;]<\/p>\n","protected":false},"author":8,"featured_media":99962,"comment_status":"close","ping_status":"closed","sticky":false,"template":"","format":"standard","meta":{"_monsterinsights_skip_tracking":false,"_monsterinsights_sitenote_active":false,"_monsterinsights_sitenote_note":"","_monsterinsights_sitenote_category":0,"footnotes":""},"categories":[101],"tags":[],"yoast_head":"<!-- This site is optimized with the Yoast SEO plugin v23.2 - https:\/\/yoast.com\/wordpress\/plugins\/seo\/ -->\n<title>Que se passe-t-il avec les Toyota bZ4X ? - CanadaMotorJobs.com<\/title>\n<meta name=\"description\" content=\"Que se passe-t-il avec les Toyota bZ4X ? - Benoit Charette - Annuel automobile - CanadaMotorJobs.com.\" \/>\n<meta name=\"robots\" content=\"index, follow, max-snippet:-1, max-image-preview:large, max-video-preview:-1\" \/>\n<meta property=\"og:locale\" content=\"fr_CA\" \/>\n<meta property=\"og:type\" content=\"article\" \/>\n<meta property=\"og:title\" content=\"Que se passe-t-il avec les Toyota bZ4X ? - CanadaMotorJobs.com\" \/>\n<meta property=\"og:description\" content=\"Que se passe-t-il avec les Toyota bZ4X ? - Benoit Charette - Annuel automobile - CanadaMotorJobs.com.\" \/>\n<meta property=\"og:url\" content=\"https:\/\/news.canadamotorjobs.com\/fr\/que-se-passe-t-il-avec-les-toyota-bz4x\/\" \/>\n<meta property=\"og:site_name\" content=\"CanadaMotorJobs.com\" \/>\n<meta property=\"article:publisher\" content=\"https:\/\/www.facebook.com\/canadamotorjobs\/\" \/>\n<meta property=\"article:published_time\" content=\"2022-10-04T12:12:19+00:00\" \/>\n<meta property=\"article:modified_time\" content=\"2022-10-04T12:14:31+00:00\" \/>\n<meta property=\"og:image\" content=\"https:\/\/news.canadamotorjobs.com\/wp-content\/uploads\/2022\/10\/hero-toyota-BZ4X-1.jpg\" \/>\n\t<meta property=\"og:image:width\" content=\"1200\" \/>\n\t<meta property=\"og:image:height\" content=\"750\" \/>\n\t<meta property=\"og:image:type\" content=\"image\/jpeg\" \/>\n<meta name=\"author\" content=\"Benoit Charette\" \/>\n<meta name=\"twitter:card\" content=\"summary_large_image\" \/>\n<meta name=\"twitter:creator\" content=\"@canadamotorjobs\" \/>\n<meta name=\"twitter:site\" content=\"@canadamotorjobs\" \/>\n<meta name=\"twitter:label1\" content=\"\u00c9crit par\" \/>\n\t<meta name=\"twitter:data1\" content=\"Benoit Charette\" \/>\n\t<meta name=\"twitter:label2\" content=\"Estimation du temps de lecture\" \/>\n\t<meta name=\"twitter:data2\" content=\"1 minute\" \/>\n<!-- \/ Yoast SEO plugin. -->","yoast_head_json":{"title":"Que se passe-t-il avec les Toyota bZ4X ? - CanadaMotorJobs.com","description":"Que se passe-t-il avec les Toyota bZ4X ? - Benoit Charette - Annuel automobile - CanadaMotorJobs.com.","robots":{"index":"index","follow":"follow","max-snippet":"max-snippet:-1","max-image-preview":"max-image-preview:large","max-video-preview":"max-video-preview:-1"},"og_locale":"fr_CA","og_type":"article","og_title":"Que se passe-t-il avec les Toyota bZ4X ? - CanadaMotorJobs.com","og_description":"Que se passe-t-il avec les Toyota bZ4X ? - Benoit Charette - Annuel automobile - CanadaMotorJobs.com.","og_url":"https:\/\/news.canadamotorjobs.com\/fr\/que-se-passe-t-il-avec-les-toyota-bz4x\/","og_site_name":"CanadaMotorJobs.com","article_publisher":"https:\/\/www.facebook.com\/canadamotorjobs\/","article_published_time":"2022-10-04T12:12:19+00:00","article_modified_time":"2022-10-04T12:14:31+00:00","og_image":[{"width":1200,"height":750,"url":"https:\/\/news.canadamotorjobs.com\/wp-content\/uploads\/2022\/10\/hero-toyota-BZ4X-1.jpg","type":"image\/jpeg"}],"author":"Benoit Charette","twitter_card":"summary_large_image","twitter_creator":"@canadamotorjobs","twitter_site":"@canadamotorjobs","twitter_misc":{"\u00c9crit par":"Benoit Charette","Estimation du temps de lecture":"1 minute"},"schema":{"@context":"https:\/\/schema.org","@graph":[{"@type":"Article","@id":"https:\/\/news.canadamotorjobs.com\/fr\/que-se-passe-t-il-avec-les-toyota-bz4x\/#article","isPartOf":{"@id":"https:\/\/news.canadamotorjobs.com\/fr\/que-se-passe-t-il-avec-les-toyota-bz4x\/"},"author":{"name":"Benoit Charette","@id":"https:\/\/news.canadamotorjobs.com\/#\/schema\/person\/51793d1f87d44011d7bcc2ed99269a90"},"headline":"Que se passe-t-il avec les Toyota bZ4X ?","datePublished":"2022-10-04T12:12:19+00:00","dateModified":"2022-10-04T12:14:31+00:00","mainEntityOfPage":{"@id":"https:\/\/news.canadamotorjobs.com\/fr\/que-se-passe-t-il-avec-les-toyota-bz4x\/"},"wordCount":290,"publisher":{"@id":"https:\/\/news.canadamotorjobs.com\/#organization"},"image":{"@id":"https:\/\/news.canadamotorjobs.com\/fr\/que-se-passe-t-il-avec-les-toyota-bz4x\/#primaryimage"},"thumbnailUrl":"https:\/\/news.canadamotorjobs.com\/wp-content\/uploads\/2022\/10\/hero-toyota-BZ4X-1.jpg","articleSection":["Annuel automobile"],"inLanguage":"fr-CA"},{"@type":"WebPage","@id":"https:\/\/news.canadamotorjobs.com\/fr\/que-se-passe-t-il-avec-les-toyota-bz4x\/","url":"https:\/\/news.canadamotorjobs.com\/fr\/que-se-passe-t-il-avec-les-toyota-bz4x\/","name":"Que se passe-t-il avec les Toyota bZ4X ? - CanadaMotorJobs.com","isPartOf":{"@id":"https:\/\/news.canadamotorjobs.com\/#website"},"primaryImageOfPage":{"@id":"https:\/\/news.canadamotorjobs.com\/fr\/que-se-passe-t-il-avec-les-toyota-bz4x\/#primaryimage"},"image":{"@id":"https:\/\/news.canadamotorjobs.com\/fr\/que-se-passe-t-il-avec-les-toyota-bz4x\/#primaryimage"},"thumbnailUrl":"https:\/\/news.canadamotorjobs.com\/wp-content\/uploads\/2022\/10\/hero-toyota-BZ4X-1.jpg","datePublished":"2022-10-04T12:12:19+00:00","dateModified":"2022-10-04T12:14:31+00:00","description":"Que se passe-t-il avec les Toyota bZ4X ? - Benoit Charette - Annuel automobile - CanadaMotorJobs.com.","breadcrumb":{"@id":"https:\/\/news.canadamotorjobs.com\/fr\/que-se-passe-t-il-avec-les-toyota-bz4x\/#breadcrumb"},"inLanguage":"fr-CA","potentialAction":[{"@type":"ReadAction","target":["https:\/\/news.canadamotorjobs.com\/fr\/que-se-passe-t-il-avec-les-toyota-bz4x\/"]}]},{"@type":"ImageObject","inLanguage":"fr-CA","@id":"https:\/\/news.canadamotorjobs.com\/fr\/que-se-passe-t-il-avec-les-toyota-bz4x\/#primaryimage","url":"https:\/\/news.canadamotorjobs.com\/wp-content\/uploads\/2022\/10\/hero-toyota-BZ4X-1.jpg","contentUrl":"https:\/\/news.canadamotorjobs.com\/wp-content\/uploads\/2022\/10\/hero-toyota-BZ4X-1.jpg","width":1200,"height":750},{"@type":"BreadcrumbList","@id":"https:\/\/news.canadamotorjobs.com\/fr\/que-se-passe-t-il-avec-les-toyota-bz4x\/#breadcrumb","itemListElement":[{"@type":"ListItem","position":1,"name":"Home","item":"https:\/\/news.canadamotorjobs.com\/fr\/blog\/"},{"@type":"ListItem","position":2,"name":"Que se passe-t-il avec les Toyota bZ4X ?"}]},{"@type":"WebSite","@id":"https:\/\/news.canadamotorjobs.com\/#website","url":"https:\/\/news.canadamotorjobs.com\/","name":"CanadaMotorJobs.com","description":"Automotive Jobs","publisher":{"@id":"https:\/\/news.canadamotorjobs.com\/#organization"},"potentialAction":[{"@type":"SearchAction","target":{"@type":"EntryPoint","urlTemplate":"https:\/\/news.canadamotorjobs.com\/?s={search_term_string}"},"query-input":"required name=search_term_string"}],"inLanguage":"fr-CA"},{"@type":"Organization","@id":"https:\/\/news.canadamotorjobs.com\/#organization","name":"Canada Motor Jobs","url":"https:\/\/news.canadamotorjobs.com\/","logo":{"@type":"ImageObject","inLanguage":"fr-CA","@id":"https:\/\/news.canadamotorjobs.com\/#\/schema\/logo\/image\/","url":"https:\/\/news.canadamotorjobs.com\/wp-content\/uploads\/2022\/10\/logo-canada-motor-jobs-1.png","contentUrl":"https:\/\/news.canadamotorjobs.com\/wp-content\/uploads\/2022\/10\/logo-canada-motor-jobs-1.png","width":800,"height":400,"caption":"Canada Motor Jobs"},"image":{"@id":"https:\/\/news.canadamotorjobs.com\/#\/schema\/logo\/image\/"},"sameAs":["https:\/\/www.facebook.com\/canadamotorjobs\/","https:\/\/x.com\/canadamotorjobs","https:\/\/www.instagram.com\/canadamotorjobs\/","https:\/\/www.linkedin.com\/company\/canadamotorjobs"]},{"@type":"Person","@id":"https:\/\/news.canadamotorjobs.com\/#\/schema\/person\/51793d1f87d44011d7bcc2ed99269a90","name":"Benoit Charette","image":{"@type":"ImageObject","inLanguage":"fr-CA","@id":"https:\/\/news.canadamotorjobs.com\/#\/schema\/person\/image\/","url":"https:\/\/secure.gravatar.com\/avatar\/45f3d2eebcccd909668d7ce7ea7267b6?s=96&d=mm&r=g","contentUrl":"https:\/\/secure.gravatar.com\/avatar\/45f3d2eebcccd909668d7ce7ea7267b6?s=96&d=mm&r=g","caption":"Benoit Charette"},"description":"Benoit Charette \/ Propri\u00e9taire et r\u00e9dacteur en chef Benoit Charette pratique le journalisme automobile depuis bient\u00f4t 30 ans. Il a fait ses classes au c\u00f4t\u00e9 de Daniel H\u00e9raud et au Carnet de route de 1992 \u00e0 2001. Il est fondateur, copropri\u00e9taire et r\u00e9dacteur en chef de L\u2019Annuel de l\u2019automobile, qu\u2019il publie depuis 2001. Il a anim\u00e9 les \u00e9missions RPM et RPM+ sur V et les L\u00e9gendes de la route sur Historia. \u00c0 la radio depuis 1986, il reprend l\u2019antenne cette ann\u00e9e sur les ondes de Cogeco et participe pour la deuxi\u00e8me ann\u00e9e \u00e0 l\u2019\u00e9mission Passion Auto sur RDS en plus de mettre en ligne le site Web officiel de L\u2019Annuel de l\u2019automobile sur annuelauto.ca.","sameAs":["https:\/\/annuelauto.ca\/"],"url":"https:\/\/news.canadamotorjobs.com\/fr\/author\/benoit-charette\/"}]}},"_links":{"self":[{"href":"https:\/\/news.canadamotorjobs.com\/fr\/wp-json\/wp\/v2\/posts\/99958"}],"collection":[{"href":"https:\/\/news.canadamotorjobs.com\/fr\/wp-json\/wp\/v2\/posts"}],"about":[{"href":"https:\/\/news.canadamotorjobs.com\/fr\/wp-json\/wp\/v2\/types\/post"}],"author":[{"embeddable":true,"href":"https:\/\/news.canadamotorjobs.com\/fr\/wp-json\/wp\/v2\/users\/8"}],"replies":[{"embeddable":true,"href":"https:\/\/news.canadamotorjobs.com\/fr\/wp-json\/wp\/v2\/comments?post=99958"}],"version-history":[{"count":0,"href":"https:\/\/news.canadamotorjobs.com\/fr\/wp-json\/wp\/v2\/posts\/99958\/revisions"}],"wp:featuredmedia":[{"embeddable":true,"href":"https:\/\/news.canadamotorjobs.com\/fr\/wp-json\/wp\/v2\/media\/99962"}],"wp:attachment":[{"href":"https:\/\/news.canadamotorjobs.com\/fr\/wp-json\/wp\/v2\/media?parent=99958"}],"wp:term":[{"taxonomy":"category","embeddable":true,"href":"https:\/\/news.canadamotorjobs.com\/fr\/wp-json\/wp\/v2\/categories?post=99958"},{"taxonomy":"post_tag","embeddable":true,"href":"https:\/\/news.canadamotorjobs.com\/fr\/wp-json\/wp\/v2\/tags?post=99958"}],"curies":[{"name":"wp","href":"https:\/\/api.w.org\/{rel}","templated":true}]}}