{"id":99938,"date":"2022-10-04T07:18:24","date_gmt":"2022-10-04T11:18:24","guid":{"rendered":"https:\/\/blog.canadamotorjobs.com\/ford-a-brevete-un-coussin-gonflable-exterieur\/"},"modified":"2022-10-04T11:22:30","modified_gmt":"2022-10-04T15:22:30","slug":"ford-a-brevete-un-coussin-gonflable-exterieur","status":"publish","type":"post","link":"https:\/\/news.canadamotorjobs.com\/fr\/ford-a-brevete-un-coussin-gonflable-exterieur\/","title":{"rendered":"Ford a brevet\u00e9 un coussin gonflable\u2026 ext\u00e9rieur"},"content":{"rendered":"<p>La s\u00e9curit\u00e9 automobile, \u00e7a prend plusieurs formes. Et pour prot\u00e9ger les occupants, depuis des ann\u00e9es, les constructeurs ont grandement mis\u00e9 sur la s\u00e9curit\u00e9 passive, c\u2019est-\u00e0-dire l\u2019\u00e9quipement et les accessoires qui minimisent les d\u00e9g\u00e2ts une fois qu\u2019une collision est survenue. C\u2019est pour \u00e7a qu\u2019on a vu appara\u00eetre des choses comme le coussin gonflable lat\u00e9ral pour la t\u00eate, un autre pour les genoux, on en a vu pour les occupants \u00e0 l\u2019arri\u00e8re, ainsi de suite.<\/p>\n<p>Et l\u00e0 Ford vient de demander au Bureau am\u00e9ricain des inventions d\u2019obtenir le brevet pour un coussin gonflable qui se trouve \u00e0 l\u2019ext\u00e9rieur du v\u00e9hicule. Il serait log\u00e9 \u00e0 l\u2019avant, sous la calandre, et il se d\u00e9ploierait entre la calandre et le pare-chocs. L\u2019id\u00e9e serait d\u2019absorber le plus d\u2019\u00e9nergie possible lors d\u2019une collision frontale et de la dissiper en faisant d\u00e9gonfler le coussin en question.<\/p>\n<p>Ford pense que ce coussin-l\u00e0 pourrait \u00eatre install\u00e9 sur n\u2019importe quel type de v\u00e9hicule, qu\u2019il s\u2019agisse d\u2019une berline, d\u2019un VUS ou d\u2019une camionnette. Il peut se d\u00e9ployer en entier un dixi\u00e8me de seconde avant un \u00e9ventuel impact. Avec tous les conducteurs qui se sont remis \u00e0 tapoter sur leur t\u00e9l\u00e9phone tout en conduisant, on imagine que ce serait tr\u00e8s utile comme solution.<\/p>\n<p>Le constructeur automobile ne dit pas \u00e0 quel point cette technologie l\u00e0 pourrait aider \u00e0 r\u00e9duire les cons\u00e9quences d\u2019une collision frontale, mais on peut trouver ailleurs dans l\u2019industrie des statistiques qui semblent indiquer que Ford tient peut-\u00eatre l\u00e0 une autre solution efficace pour r\u00e9duire substantiellement les cas<\/p>\n","protected":false},"excerpt":{"rendered":"<p>La s\u00e9curit\u00e9 automobile, \u00e7a prend plusieurs formes. Et pour prot\u00e9ger les occupants, depuis des ann\u00e9es, les constructeurs ont grandement mis\u00e9 sur la s\u00e9curit\u00e9 passive, c\u2019est-\u00e0-dire l\u2019\u00e9quipement et les accessoires qui minimisent les d\u00e9g\u00e2ts une fois qu\u2019une collision est survenue. C\u2019est pour \u00e7a qu\u2019on a vu appara\u00eetre des choses comme le coussin gonflable lat\u00e9ral pour la [&hellip;]<\/p>\n","protected":false},"author":8,"featured_media":99942,"comment_status":"close","ping_status":"closed","sticky":false,"template":"","format":"standard","meta":{"_monsterinsights_skip_tracking":false,"_monsterinsights_sitenote_active":false,"_monsterinsights_sitenote_note":"","_monsterinsights_sitenote_category":0,"footnotes":""},"categories":[101],"tags":[],"yoast_head":"<!-- This site is optimized with the Yoast SEO plugin v23.2 - https:\/\/yoast.com\/wordpress\/plugins\/seo\/ -->\n<title>Ford a brevet\u00e9 un coussin gonflable\u2026 ext\u00e9rieur - CanadaMotorJobs.com<\/title>\n<meta name=\"description\" content=\"Ford a brevet\u00e9 un coussin gonflable\u2026 ext\u00e9rieur - Benoit Charette - Annuel automobile - CanadaMotorJobs.com.\" \/>\n<meta name=\"robots\" content=\"index, follow, max-snippet:-1, max-image-preview:large, max-video-preview:-1\" \/>\n<meta property=\"og:locale\" content=\"fr_CA\" \/>\n<meta property=\"og:type\" content=\"article\" \/>\n<meta property=\"og:title\" content=\"Ford a brevet\u00e9 un coussin gonflable\u2026 ext\u00e9rieur - CanadaMotorJobs.com\" \/>\n<meta property=\"og:description\" content=\"Ford a brevet\u00e9 un coussin gonflable\u2026 ext\u00e9rieur - Benoit Charette - Annuel automobile - CanadaMotorJobs.com.\" \/>\n<meta property=\"og:url\" content=\"https:\/\/news.canadamotorjobs.com\/fr\/ford-a-brevete-un-coussin-gonflable-exterieur\/\" \/>\n<meta property=\"og:site_name\" content=\"CanadaMotorJobs.com\" \/>\n<meta property=\"article:publisher\" content=\"https:\/\/www.facebook.com\/canadamotorjobs\/\" \/>\n<meta property=\"article:published_time\" content=\"2022-10-04T11:18:24+00:00\" \/>\n<meta property=\"article:modified_time\" content=\"2022-10-04T15:22:30+00:00\" \/>\n<meta property=\"og:image\" content=\"https:\/\/news.canadamotorjobs.com\/wp-content\/uploads\/2022\/10\/ford-external-airbag-system-patent-image_100856488-1.jpg\" \/>\n\t<meta property=\"og:image:width\" content=\"1391\" \/>\n\t<meta property=\"og:image:height\" content=\"782\" \/>\n\t<meta property=\"og:image:type\" content=\"image\/jpeg\" \/>\n<meta name=\"author\" content=\"Benoit Charette\" \/>\n<meta name=\"twitter:card\" content=\"summary_large_image\" \/>\n<meta name=\"twitter:creator\" content=\"@canadamotorjobs\" \/>\n<meta name=\"twitter:site\" content=\"@canadamotorjobs\" \/>\n<meta name=\"twitter:label1\" content=\"\u00c9crit par\" \/>\n\t<meta name=\"twitter:data1\" content=\"Benoit Charette\" \/>\n\t<meta name=\"twitter:label2\" content=\"Estimation du temps de lecture\" \/>\n\t<meta name=\"twitter:data2\" content=\"2 minutes\" \/>\n<!-- \/ Yoast SEO plugin. -->","yoast_head_json":{"title":"Ford a brevet\u00e9 un coussin gonflable\u2026 ext\u00e9rieur - CanadaMotorJobs.com","description":"Ford a brevet\u00e9 un coussin gonflable\u2026 ext\u00e9rieur - Benoit Charette - Annuel automobile - CanadaMotorJobs.com.","robots":{"index":"index","follow":"follow","max-snippet":"max-snippet:-1","max-image-preview":"max-image-preview:large","max-video-preview":"max-video-preview:-1"},"og_locale":"fr_CA","og_type":"article","og_title":"Ford a brevet\u00e9 un coussin gonflable\u2026 ext\u00e9rieur - CanadaMotorJobs.com","og_description":"Ford a brevet\u00e9 un coussin gonflable\u2026 ext\u00e9rieur - Benoit Charette - Annuel automobile - CanadaMotorJobs.com.","og_url":"https:\/\/news.canadamotorjobs.com\/fr\/ford-a-brevete-un-coussin-gonflable-exterieur\/","og_site_name":"CanadaMotorJobs.com","article_publisher":"https:\/\/www.facebook.com\/canadamotorjobs\/","article_published_time":"2022-10-04T11:18:24+00:00","article_modified_time":"2022-10-04T15:22:30+00:00","og_image":[{"width":1391,"height":782,"url":"https:\/\/news.canadamotorjobs.com\/wp-content\/uploads\/2022\/10\/ford-external-airbag-system-patent-image_100856488-1.jpg","type":"image\/jpeg"}],"author":"Benoit Charette","twitter_card":"summary_large_image","twitter_creator":"@canadamotorjobs","twitter_site":"@canadamotorjobs","twitter_misc":{"\u00c9crit par":"Benoit Charette","Estimation du temps de lecture":"2 minutes"},"schema":{"@context":"https:\/\/schema.org","@graph":[{"@type":"Article","@id":"https:\/\/news.canadamotorjobs.com\/fr\/ford-a-brevete-un-coussin-gonflable-exterieur\/#article","isPartOf":{"@id":"https:\/\/news.canadamotorjobs.com\/fr\/ford-a-brevete-un-coussin-gonflable-exterieur\/"},"author":{"name":"Benoit Charette","@id":"https:\/\/news.canadamotorjobs.com\/#\/schema\/person\/51793d1f87d44011d7bcc2ed99269a90"},"headline":"Ford a brevet\u00e9 un coussin gonflable\u2026 ext\u00e9rieur","datePublished":"2022-10-04T11:18:24+00:00","dateModified":"2022-10-04T15:22:30+00:00","mainEntityOfPage":{"@id":"https:\/\/news.canadamotorjobs.com\/fr\/ford-a-brevete-un-coussin-gonflable-exterieur\/"},"wordCount":297,"publisher":{"@id":"https:\/\/news.canadamotorjobs.com\/#organization"},"image":{"@id":"https:\/\/news.canadamotorjobs.com\/fr\/ford-a-brevete-un-coussin-gonflable-exterieur\/#primaryimage"},"thumbnailUrl":"https:\/\/news.canadamotorjobs.com\/wp-content\/uploads\/2022\/10\/ford-external-airbag-system-patent-image_100856488-1.jpg","articleSection":["Annuel automobile"],"inLanguage":"fr-CA"},{"@type":"WebPage","@id":"https:\/\/news.canadamotorjobs.com\/fr\/ford-a-brevete-un-coussin-gonflable-exterieur\/","url":"https:\/\/news.canadamotorjobs.com\/fr\/ford-a-brevete-un-coussin-gonflable-exterieur\/","name":"Ford a brevet\u00e9 un coussin gonflable\u2026 ext\u00e9rieur - CanadaMotorJobs.com","isPartOf":{"@id":"https:\/\/news.canadamotorjobs.com\/#website"},"primaryImageOfPage":{"@id":"https:\/\/news.canadamotorjobs.com\/fr\/ford-a-brevete-un-coussin-gonflable-exterieur\/#primaryimage"},"image":{"@id":"https:\/\/news.canadamotorjobs.com\/fr\/ford-a-brevete-un-coussin-gonflable-exterieur\/#primaryimage"},"thumbnailUrl":"https:\/\/news.canadamotorjobs.com\/wp-content\/uploads\/2022\/10\/ford-external-airbag-system-patent-image_100856488-1.jpg","datePublished":"2022-10-04T11:18:24+00:00","dateModified":"2022-10-04T15:22:30+00:00","description":"Ford a brevet\u00e9 un coussin gonflable\u2026 ext\u00e9rieur - Benoit Charette - Annuel automobile - CanadaMotorJobs.com.","breadcrumb":{"@id":"https:\/\/news.canadamotorjobs.com\/fr\/ford-a-brevete-un-coussin-gonflable-exterieur\/#breadcrumb"},"inLanguage":"fr-CA","potentialAction":[{"@type":"ReadAction","target":["https:\/\/news.canadamotorjobs.com\/fr\/ford-a-brevete-un-coussin-gonflable-exterieur\/"]}]},{"@type":"ImageObject","inLanguage":"fr-CA","@id":"https:\/\/news.canadamotorjobs.com\/fr\/ford-a-brevete-un-coussin-gonflable-exterieur\/#primaryimage","url":"https:\/\/news.canadamotorjobs.com\/wp-content\/uploads\/2022\/10\/ford-external-airbag-system-patent-image_100856488-1.jpg","contentUrl":"https:\/\/news.canadamotorjobs.com\/wp-content\/uploads\/2022\/10\/ford-external-airbag-system-patent-image_100856488-1.jpg","width":1391,"height":782},{"@type":"BreadcrumbList","@id":"https:\/\/news.canadamotorjobs.com\/fr\/ford-a-brevete-un-coussin-gonflable-exterieur\/#breadcrumb","itemListElement":[{"@type":"ListItem","position":1,"name":"Home","item":"https:\/\/news.canadamotorjobs.com\/fr\/blog\/"},{"@type":"ListItem","position":2,"name":"Ford a brevet\u00e9 un coussin gonflable\u2026 ext\u00e9rieur"}]},{"@type":"WebSite","@id":"https:\/\/news.canadamotorjobs.com\/#website","url":"https:\/\/news.canadamotorjobs.com\/","name":"CanadaMotorJobs.com","description":"Automotive Jobs","publisher":{"@id":"https:\/\/news.canadamotorjobs.com\/#organization"},"potentialAction":[{"@type":"SearchAction","target":{"@type":"EntryPoint","urlTemplate":"https:\/\/news.canadamotorjobs.com\/?s={search_term_string}"},"query-input":"required name=search_term_string"}],"inLanguage":"fr-CA"},{"@type":"Organization","@id":"https:\/\/news.canadamotorjobs.com\/#organization","name":"Canada Motor Jobs","url":"https:\/\/news.canadamotorjobs.com\/","logo":{"@type":"ImageObject","inLanguage":"fr-CA","@id":"https:\/\/news.canadamotorjobs.com\/#\/schema\/logo\/image\/","url":"https:\/\/news.canadamotorjobs.com\/wp-content\/uploads\/2022\/10\/logo-canada-motor-jobs-1.png","contentUrl":"https:\/\/news.canadamotorjobs.com\/wp-content\/uploads\/2022\/10\/logo-canada-motor-jobs-1.png","width":800,"height":400,"caption":"Canada Motor Jobs"},"image":{"@id":"https:\/\/news.canadamotorjobs.com\/#\/schema\/logo\/image\/"},"sameAs":["https:\/\/www.facebook.com\/canadamotorjobs\/","https:\/\/x.com\/canadamotorjobs","https:\/\/www.instagram.com\/canadamotorjobs\/","https:\/\/www.linkedin.com\/company\/canadamotorjobs"]},{"@type":"Person","@id":"https:\/\/news.canadamotorjobs.com\/#\/schema\/person\/51793d1f87d44011d7bcc2ed99269a90","name":"Benoit Charette","image":{"@type":"ImageObject","inLanguage":"fr-CA","@id":"https:\/\/news.canadamotorjobs.com\/#\/schema\/person\/image\/","url":"https:\/\/secure.gravatar.com\/avatar\/45f3d2eebcccd909668d7ce7ea7267b6?s=96&d=mm&r=g","contentUrl":"https:\/\/secure.gravatar.com\/avatar\/45f3d2eebcccd909668d7ce7ea7267b6?s=96&d=mm&r=g","caption":"Benoit Charette"},"description":"Benoit Charette \/ Propri\u00e9taire et r\u00e9dacteur en chef Benoit Charette pratique le journalisme automobile depuis bient\u00f4t 30 ans. Il a fait ses classes au c\u00f4t\u00e9 de Daniel H\u00e9raud et au Carnet de route de 1992 \u00e0 2001. Il est fondateur, copropri\u00e9taire et r\u00e9dacteur en chef de L\u2019Annuel de l\u2019automobile, qu\u2019il publie depuis 2001. Il a anim\u00e9 les \u00e9missions RPM et RPM+ sur V et les L\u00e9gendes de la route sur Historia. \u00c0 la radio depuis 1986, il reprend l\u2019antenne cette ann\u00e9e sur les ondes de Cogeco et participe pour la deuxi\u00e8me ann\u00e9e \u00e0 l\u2019\u00e9mission Passion Auto sur RDS en plus de mettre en ligne le site Web officiel de L\u2019Annuel de l\u2019automobile sur annuelauto.ca.","sameAs":["https:\/\/annuelauto.ca\/"],"url":"https:\/\/news.canadamotorjobs.com\/fr\/author\/benoit-charette\/"}]}},"_links":{"self":[{"href":"https:\/\/news.canadamotorjobs.com\/fr\/wp-json\/wp\/v2\/posts\/99938"}],"collection":[{"href":"https:\/\/news.canadamotorjobs.com\/fr\/wp-json\/wp\/v2\/posts"}],"about":[{"href":"https:\/\/news.canadamotorjobs.com\/fr\/wp-json\/wp\/v2\/types\/post"}],"author":[{"embeddable":true,"href":"https:\/\/news.canadamotorjobs.com\/fr\/wp-json\/wp\/v2\/users\/8"}],"replies":[{"embeddable":true,"href":"https:\/\/news.canadamotorjobs.com\/fr\/wp-json\/wp\/v2\/comments?post=99938"}],"version-history":[{"count":0,"href":"https:\/\/news.canadamotorjobs.com\/fr\/wp-json\/wp\/v2\/posts\/99938\/revisions"}],"wp:featuredmedia":[{"embeddable":true,"href":"https:\/\/news.canadamotorjobs.com\/fr\/wp-json\/wp\/v2\/media\/99942"}],"wp:attachment":[{"href":"https:\/\/news.canadamotorjobs.com\/fr\/wp-json\/wp\/v2\/media?parent=99938"}],"wp:term":[{"taxonomy":"category","embeddable":true,"href":"https:\/\/news.canadamotorjobs.com\/fr\/wp-json\/wp\/v2\/categories?post=99938"},{"taxonomy":"post_tag","embeddable":true,"href":"https:\/\/news.canadamotorjobs.com\/fr\/wp-json\/wp\/v2\/tags?post=99938"}],"curies":[{"name":"wp","href":"https:\/\/api.w.org\/{rel}","templated":true}]}}