{"id":99654,"date":"2022-10-03T15:26:21","date_gmt":"2022-10-03T19:26:21","guid":{"rendered":"https:\/\/blog.canadamotorjobs.com\/gm-va-augmenter-le-rythme-de-production-de-la-chevrolet-bolt\/"},"modified":"2022-10-03T15:29:04","modified_gmt":"2022-10-03T19:29:04","slug":"gm-va-augmenter-le-rythme-de-production-de-la-chevrolet-bolt","status":"publish","type":"post","link":"https:\/\/news.canadamotorjobs.com\/fr\/gm-va-augmenter-le-rythme-de-production-de-la-chevrolet-bolt\/","title":{"rendered":"GM va augmenter le rythme de production de la Chevrolet Bolt"},"content":{"rendered":"<\/p>\n<p>Il semble que GM soit finalement en train dxe mettre derri\u00e8re elle le difficile \u00e9pisode de remplacement de batteries des Bolt et a annonc\u00e9 aujourd\u2019hui qu\u2019elle acc\u00e9l\u00e8re la vitesse de productions de la Bolt et la Bolt EUV.<br \/> Des ventes en baisse pour les premiers mois<br \/> Les ventes de Bolt sont en baisse de 11\u00a0% pour les neuf premiers mois de l&#8217;ann\u00e9e par rapport \u00e0 la m\u00eame p\u00e9riode l&#8217;an dernier. GM va augmenter pour les march\u00e9s mondiaux \u00e0 plus de 70\u00a0000 en 2023, contre environ 44\u00a0000 v\u00e9hicules cette ann\u00e9e.<br \/> Pas seulement la Bolt, les autres V\u00c9 aussi<br \/> La production de Cadillac Lyriq augmentera au quatri\u00e8me trimestre et GM pr\u00e9voit des \u00e9quipes de production suppl\u00e9mentaires pour les GMC Hummer EV en 2023, a-t-il ajout\u00e9. Le constructeur automobile a r\u00e9affirm\u00e9 que ses lancements de VE en 2023, y compris le Chevrolet Silverado EV, le Chevrolet Blazer EV et le Chevrolet Equinox EV, \u00e9taient conformes au calendrier.<br \/> Des chiffres en hausse<br \/> Les ventes de V\u00c9 de GM ne repr\u00e9sentent encore qu&#8217;une petite fraction des ventes am\u00e9ricaines. Sur les 1,65 million de v\u00e9hicules am\u00e9ricains vendus au cours des neuf premiers mois de l&#8217;ann\u00e9e, GM a vendu 22\u00a0012 Bolts, 782 Hummer EV et 36 Lyriq. GM envisage un site dans l&#8217;Indiana pour une quatri\u00e8me usine de fabrication de cellules de batteries aux \u00c9tats-Unis, d&#8217;une valeur de 2,4 milliards de dollars.<\/p>\n<p> &nbsp;<\/p>\n<p> Avec des renseignements de Reuters<\/p>\n<p> &nbsp;<\/p>\n<p>Le texte <a rel=\"nofollow\" href=\"https:\/\/annuelauto.ca\/gm-va-augmenter-le-rythme-de-production-de-la-chevrolet-bolt\/\">GM va augmenter le rythme de production de la Chevrolet Bolt<\/a> provient de <a rel=\"nofollow\" href=\"https:\/\/annuelauto.ca\">L&#039;annuel<\/p>\n<p><\/a><\/p>\n","protected":false},"excerpt":{"rendered":"<p>Il semble que GM soit finalement en train dxe mettre derri\u00e8re elle le difficile \u00e9pisode de remplacement de batteries des Bolt et a annonc\u00e9 aujourd\u2019hui qu\u2019elle acc\u00e9l\u00e8re la vitesse de productions de la Bolt et la Bolt EUV. Des ventes en baisse pour les premiers mois Les ventes de Bolt sont en baisse de 11\u00a0% [&hellip;]<\/p>\n","protected":false},"author":8,"featured_media":99658,"comment_status":"close","ping_status":"closed","sticky":false,"template":"","format":"standard","meta":{"_monsterinsights_skip_tracking":false,"_monsterinsights_sitenote_active":false,"_monsterinsights_sitenote_note":"","_monsterinsights_sitenote_category":0,"footnotes":""},"categories":[101],"tags":[],"yoast_head":"<!-- This site is optimized with the Yoast SEO plugin v23.2 - https:\/\/yoast.com\/wordpress\/plugins\/seo\/ -->\n<title>GM va augmenter le rythme de production de la Chevrolet Bolt - CanadaMotorJobs.com<\/title>\n<meta name=\"description\" content=\"GM va augmenter le rythme de production de la Chevrolet Bolt - Benoit Charette - Annuel automobile - CanadaMotorJobs.com.\" \/>\n<meta name=\"robots\" content=\"index, follow, max-snippet:-1, max-image-preview:large, max-video-preview:-1\" \/>\n<meta property=\"og:locale\" content=\"fr_CA\" \/>\n<meta property=\"og:type\" content=\"article\" \/>\n<meta property=\"og:title\" content=\"GM va augmenter le rythme de production de la Chevrolet Bolt - CanadaMotorJobs.com\" \/>\n<meta property=\"og:description\" content=\"GM va augmenter le rythme de production de la Chevrolet Bolt - Benoit Charette - Annuel automobile - CanadaMotorJobs.com.\" \/>\n<meta property=\"og:url\" content=\"https:\/\/news.canadamotorjobs.com\/fr\/gm-va-augmenter-le-rythme-de-production-de-la-chevrolet-bolt\/\" \/>\n<meta property=\"og:site_name\" content=\"CanadaMotorJobs.com\" \/>\n<meta property=\"article:publisher\" content=\"https:\/\/www.facebook.com\/canadamotorjobs\/\" \/>\n<meta property=\"article:published_time\" content=\"2022-10-03T19:26:21+00:00\" \/>\n<meta property=\"article:modified_time\" content=\"2022-10-03T19:29:04+00:00\" \/>\n<meta property=\"og:image\" content=\"https:\/\/news.canadamotorjobs.com\/wp-content\/uploads\/2022\/10\/460648-chevrolet-bolt-ev-2022-plus-de-style-et-un-prix-reduit-1.jpeg\" \/>\n\t<meta property=\"og:image:width\" content=\"1920\" \/>\n\t<meta property=\"og:image:height\" content=\"1200\" \/>\n\t<meta property=\"og:image:type\" content=\"image\/jpeg\" \/>\n<meta name=\"author\" content=\"Benoit Charette\" \/>\n<meta name=\"twitter:card\" content=\"summary_large_image\" \/>\n<meta name=\"twitter:creator\" content=\"@canadamotorjobs\" \/>\n<meta name=\"twitter:site\" content=\"@canadamotorjobs\" \/>\n<meta name=\"twitter:label1\" content=\"\u00c9crit par\" \/>\n\t<meta name=\"twitter:data1\" content=\"Benoit Charette\" \/>\n\t<meta name=\"twitter:label2\" content=\"Estimation du temps de lecture\" \/>\n\t<meta name=\"twitter:data2\" content=\"1 minute\" \/>\n<!-- \/ Yoast SEO plugin. -->","yoast_head_json":{"title":"GM va augmenter le rythme de production de la Chevrolet Bolt - CanadaMotorJobs.com","description":"GM va augmenter le rythme de production de la Chevrolet Bolt - Benoit Charette - Annuel automobile - CanadaMotorJobs.com.","robots":{"index":"index","follow":"follow","max-snippet":"max-snippet:-1","max-image-preview":"max-image-preview:large","max-video-preview":"max-video-preview:-1"},"og_locale":"fr_CA","og_type":"article","og_title":"GM va augmenter le rythme de production de la Chevrolet Bolt - CanadaMotorJobs.com","og_description":"GM va augmenter le rythme de production de la Chevrolet Bolt - Benoit Charette - Annuel automobile - CanadaMotorJobs.com.","og_url":"https:\/\/news.canadamotorjobs.com\/fr\/gm-va-augmenter-le-rythme-de-production-de-la-chevrolet-bolt\/","og_site_name":"CanadaMotorJobs.com","article_publisher":"https:\/\/www.facebook.com\/canadamotorjobs\/","article_published_time":"2022-10-03T19:26:21+00:00","article_modified_time":"2022-10-03T19:29:04+00:00","og_image":[{"width":1920,"height":1200,"url":"https:\/\/news.canadamotorjobs.com\/wp-content\/uploads\/2022\/10\/460648-chevrolet-bolt-ev-2022-plus-de-style-et-un-prix-reduit-1.jpeg","type":"image\/jpeg"}],"author":"Benoit Charette","twitter_card":"summary_large_image","twitter_creator":"@canadamotorjobs","twitter_site":"@canadamotorjobs","twitter_misc":{"\u00c9crit par":"Benoit Charette","Estimation du temps de lecture":"1 minute"},"schema":{"@context":"https:\/\/schema.org","@graph":[{"@type":"Article","@id":"https:\/\/news.canadamotorjobs.com\/fr\/gm-va-augmenter-le-rythme-de-production-de-la-chevrolet-bolt\/#article","isPartOf":{"@id":"https:\/\/news.canadamotorjobs.com\/fr\/gm-va-augmenter-le-rythme-de-production-de-la-chevrolet-bolt\/"},"author":{"name":"Benoit Charette","@id":"https:\/\/news.canadamotorjobs.com\/#\/schema\/person\/51793d1f87d44011d7bcc2ed99269a90"},"headline":"GM va augmenter le rythme de production de la Chevrolet Bolt","datePublished":"2022-10-03T19:26:21+00:00","dateModified":"2022-10-03T19:29:04+00:00","mainEntityOfPage":{"@id":"https:\/\/news.canadamotorjobs.com\/fr\/gm-va-augmenter-le-rythme-de-production-de-la-chevrolet-bolt\/"},"wordCount":274,"publisher":{"@id":"https:\/\/news.canadamotorjobs.com\/#organization"},"image":{"@id":"https:\/\/news.canadamotorjobs.com\/fr\/gm-va-augmenter-le-rythme-de-production-de-la-chevrolet-bolt\/#primaryimage"},"thumbnailUrl":"https:\/\/news.canadamotorjobs.com\/wp-content\/uploads\/2022\/10\/460648-chevrolet-bolt-ev-2022-plus-de-style-et-un-prix-reduit-1.jpeg","articleSection":["Annuel automobile"],"inLanguage":"fr-CA"},{"@type":"WebPage","@id":"https:\/\/news.canadamotorjobs.com\/fr\/gm-va-augmenter-le-rythme-de-production-de-la-chevrolet-bolt\/","url":"https:\/\/news.canadamotorjobs.com\/fr\/gm-va-augmenter-le-rythme-de-production-de-la-chevrolet-bolt\/","name":"GM va augmenter le rythme de production de la Chevrolet Bolt - CanadaMotorJobs.com","isPartOf":{"@id":"https:\/\/news.canadamotorjobs.com\/#website"},"primaryImageOfPage":{"@id":"https:\/\/news.canadamotorjobs.com\/fr\/gm-va-augmenter-le-rythme-de-production-de-la-chevrolet-bolt\/#primaryimage"},"image":{"@id":"https:\/\/news.canadamotorjobs.com\/fr\/gm-va-augmenter-le-rythme-de-production-de-la-chevrolet-bolt\/#primaryimage"},"thumbnailUrl":"https:\/\/news.canadamotorjobs.com\/wp-content\/uploads\/2022\/10\/460648-chevrolet-bolt-ev-2022-plus-de-style-et-un-prix-reduit-1.jpeg","datePublished":"2022-10-03T19:26:21+00:00","dateModified":"2022-10-03T19:29:04+00:00","description":"GM va augmenter le rythme de production de la Chevrolet Bolt - Benoit Charette - Annuel automobile - CanadaMotorJobs.com.","breadcrumb":{"@id":"https:\/\/news.canadamotorjobs.com\/fr\/gm-va-augmenter-le-rythme-de-production-de-la-chevrolet-bolt\/#breadcrumb"},"inLanguage":"fr-CA","potentialAction":[{"@type":"ReadAction","target":["https:\/\/news.canadamotorjobs.com\/fr\/gm-va-augmenter-le-rythme-de-production-de-la-chevrolet-bolt\/"]}]},{"@type":"ImageObject","inLanguage":"fr-CA","@id":"https:\/\/news.canadamotorjobs.com\/fr\/gm-va-augmenter-le-rythme-de-production-de-la-chevrolet-bolt\/#primaryimage","url":"https:\/\/news.canadamotorjobs.com\/wp-content\/uploads\/2022\/10\/460648-chevrolet-bolt-ev-2022-plus-de-style-et-un-prix-reduit-1.jpeg","contentUrl":"https:\/\/news.canadamotorjobs.com\/wp-content\/uploads\/2022\/10\/460648-chevrolet-bolt-ev-2022-plus-de-style-et-un-prix-reduit-1.jpeg","width":1920,"height":1200},{"@type":"BreadcrumbList","@id":"https:\/\/news.canadamotorjobs.com\/fr\/gm-va-augmenter-le-rythme-de-production-de-la-chevrolet-bolt\/#breadcrumb","itemListElement":[{"@type":"ListItem","position":1,"name":"Home","item":"https:\/\/news.canadamotorjobs.com\/fr\/blog\/"},{"@type":"ListItem","position":2,"name":"GM va augmenter le rythme de production de la Chevrolet Bolt"}]},{"@type":"WebSite","@id":"https:\/\/news.canadamotorjobs.com\/#website","url":"https:\/\/news.canadamotorjobs.com\/","name":"CanadaMotorJobs.com","description":"Automotive Jobs","publisher":{"@id":"https:\/\/news.canadamotorjobs.com\/#organization"},"potentialAction":[{"@type":"SearchAction","target":{"@type":"EntryPoint","urlTemplate":"https:\/\/news.canadamotorjobs.com\/?s={search_term_string}"},"query-input":"required name=search_term_string"}],"inLanguage":"fr-CA"},{"@type":"Organization","@id":"https:\/\/news.canadamotorjobs.com\/#organization","name":"Canada Motor Jobs","url":"https:\/\/news.canadamotorjobs.com\/","logo":{"@type":"ImageObject","inLanguage":"fr-CA","@id":"https:\/\/news.canadamotorjobs.com\/#\/schema\/logo\/image\/","url":"https:\/\/news.canadamotorjobs.com\/wp-content\/uploads\/2022\/10\/logo-canada-motor-jobs-1.png","contentUrl":"https:\/\/news.canadamotorjobs.com\/wp-content\/uploads\/2022\/10\/logo-canada-motor-jobs-1.png","width":800,"height":400,"caption":"Canada Motor Jobs"},"image":{"@id":"https:\/\/news.canadamotorjobs.com\/#\/schema\/logo\/image\/"},"sameAs":["https:\/\/www.facebook.com\/canadamotorjobs\/","https:\/\/x.com\/canadamotorjobs","https:\/\/www.instagram.com\/canadamotorjobs\/","https:\/\/www.linkedin.com\/company\/canadamotorjobs"]},{"@type":"Person","@id":"https:\/\/news.canadamotorjobs.com\/#\/schema\/person\/51793d1f87d44011d7bcc2ed99269a90","name":"Benoit Charette","image":{"@type":"ImageObject","inLanguage":"fr-CA","@id":"https:\/\/news.canadamotorjobs.com\/#\/schema\/person\/image\/","url":"https:\/\/secure.gravatar.com\/avatar\/45f3d2eebcccd909668d7ce7ea7267b6?s=96&d=mm&r=g","contentUrl":"https:\/\/secure.gravatar.com\/avatar\/45f3d2eebcccd909668d7ce7ea7267b6?s=96&d=mm&r=g","caption":"Benoit Charette"},"description":"Benoit Charette \/ Propri\u00e9taire et r\u00e9dacteur en chef Benoit Charette pratique le journalisme automobile depuis bient\u00f4t 30 ans. Il a fait ses classes au c\u00f4t\u00e9 de Daniel H\u00e9raud et au Carnet de route de 1992 \u00e0 2001. Il est fondateur, copropri\u00e9taire et r\u00e9dacteur en chef de L\u2019Annuel de l\u2019automobile, qu\u2019il publie depuis 2001. Il a anim\u00e9 les \u00e9missions RPM et RPM+ sur V et les L\u00e9gendes de la route sur Historia. \u00c0 la radio depuis 1986, il reprend l\u2019antenne cette ann\u00e9e sur les ondes de Cogeco et participe pour la deuxi\u00e8me ann\u00e9e \u00e0 l\u2019\u00e9mission Passion Auto sur RDS en plus de mettre en ligne le site Web officiel de L\u2019Annuel de l\u2019automobile sur annuelauto.ca.","sameAs":["https:\/\/annuelauto.ca\/"],"url":"https:\/\/news.canadamotorjobs.com\/fr\/author\/benoit-charette\/"}]}},"_links":{"self":[{"href":"https:\/\/news.canadamotorjobs.com\/fr\/wp-json\/wp\/v2\/posts\/99654"}],"collection":[{"href":"https:\/\/news.canadamotorjobs.com\/fr\/wp-json\/wp\/v2\/posts"}],"about":[{"href":"https:\/\/news.canadamotorjobs.com\/fr\/wp-json\/wp\/v2\/types\/post"}],"author":[{"embeddable":true,"href":"https:\/\/news.canadamotorjobs.com\/fr\/wp-json\/wp\/v2\/users\/8"}],"replies":[{"embeddable":true,"href":"https:\/\/news.canadamotorjobs.com\/fr\/wp-json\/wp\/v2\/comments?post=99654"}],"version-history":[{"count":0,"href":"https:\/\/news.canadamotorjobs.com\/fr\/wp-json\/wp\/v2\/posts\/99654\/revisions"}],"wp:featuredmedia":[{"embeddable":true,"href":"https:\/\/news.canadamotorjobs.com\/fr\/wp-json\/wp\/v2\/media\/99658"}],"wp:attachment":[{"href":"https:\/\/news.canadamotorjobs.com\/fr\/wp-json\/wp\/v2\/media?parent=99654"}],"wp:term":[{"taxonomy":"category","embeddable":true,"href":"https:\/\/news.canadamotorjobs.com\/fr\/wp-json\/wp\/v2\/categories?post=99654"},{"taxonomy":"post_tag","embeddable":true,"href":"https:\/\/news.canadamotorjobs.com\/fr\/wp-json\/wp\/v2\/tags?post=99654"}],"curies":[{"name":"wp","href":"https:\/\/api.w.org\/{rel}","templated":true}]}}