{"id":99510,"date":"2022-10-03T08:42:50","date_gmt":"2022-10-03T12:42:50","guid":{"rendered":"https:\/\/blog.canadamotorjobs.com\/le-spectre-de-linflation-commence-a-affecter-les-constructeurs-automobiles\/"},"modified":"2022-10-03T08:44:36","modified_gmt":"2022-10-03T12:44:36","slug":"le-spectre-de-linflation-commence-a-affecter-les-constructeurs-automobiles","status":"publish","type":"post","link":"https:\/\/news.canadamotorjobs.com\/fr\/le-spectre-de-linflation-commence-a-affecter-les-constructeurs-automobiles\/","title":{"rendered":"Le spectre de l\u2019inflation commence \u00e0 affecter les constructeurs automobiles"},"content":{"rendered":"<\/p>\n<p>Tesla est parmi les premiers fabricants \u00e0 s\u2019exprimer sur le sujet en soulignant que les difficult\u00e9s logistiques \u00e9clipsent les livraisons record de la marque. Tesla affirme qu&#8217;il devient difficile \u00ab\u00a0d&#8217;assurer la capacit\u00e9 de transport des v\u00e9hicules \u00e0 un co\u00fbt raisonnable\u00a0\u00bb. Les analystes s&#8217;inqui\u00e8tent \u00e9galement de la demande en raison de l&#8217;affaiblissement de l&#8217;\u00e9conomie mondiale.<br \/> Moins de livraison que pr\u00e9vu<br \/> Malgr\u00e9 une livraison record de 343\u00a0830 v\u00e9hicules \u00e9lectriques au dernier trimestre, ce chiffre est inf\u00e9rieur aux 359 162 que les analystes attendaient et les 365\u00a0923 que Tesla esp\u00e9rait. Ford a d\u00e9clar\u00e9 le mois dernier que les co\u00fbts li\u00e9s \u00e0 l&#8217;inflation seraient sup\u00e9rieurs d&#8217;un milliard de dollars aux pr\u00e9visions au troisi\u00e8me trimestre et que des p\u00e9nuries de pi\u00e8ces avaient retard\u00e9 des livraisons. Une r\u00e9alit\u00e9 qui s\u2019applique \u00e0 l\u2019ensemble de l\u2019industrie automobile.<br \/> M\u00eame constat dans l\u2019\u00e9lectronique<br \/> Apple renonce \u00e0 son projet d&#8217;augmenter la production de ses nouveaux iPhone cette ann\u00e9e apr\u00e8s qu&#8217;une hausse anticip\u00e9e de la demande ne se soit pas mat\u00e9rialis\u00e9e, a rapport\u00e9 Bloomberg le mois dernier, citant des personnes au fait de la question.<br \/> Des objectifs encore \u00e9lev\u00e9s chez Tesla<br \/> Tesla s&#8217;est fix\u00e9 l&#8217;objectif ambitieux de produire pr\u00e8s de 495 000 Model Y et Model 3 au quatri\u00e8me trimestre de cette ann\u00e9e, selon des plans internes examin\u00e9s par Reuters. Les ambitions de production de l&#8217;entreprise s&#8217;inscrivent dans un contexte de perspectives de plus en plus sombres pour la croissance mondiale, Musk lui-m\u00eame ayant d\u00e9clar\u00e9 en juin aux cadres sup\u00e9rieurs qu&#8217;il avait un \u00ab\u00a0super mauvais pressentiment\u00a0\u00bb concernant l&#8217;\u00e9conomie et qu&#8217;il pr\u00e9voyait de<\/p>\n","protected":false},"excerpt":{"rendered":"<p>Tesla est parmi les premiers fabricants \u00e0 s\u2019exprimer sur le sujet en soulignant que les difficult\u00e9s logistiques \u00e9clipsent les livraisons record de la marque. Tesla affirme qu&#8217;il devient difficile \u00ab\u00a0d&#8217;assurer la capacit\u00e9 de transport des v\u00e9hicules \u00e0 un co\u00fbt raisonnable\u00a0\u00bb. Les analystes s&#8217;inqui\u00e8tent \u00e9galement de la demande en raison de l&#8217;affaiblissement de l&#8217;\u00e9conomie mondiale. Moins [&hellip;]<\/p>\n","protected":false},"author":8,"featured_media":99514,"comment_status":"close","ping_status":"closed","sticky":false,"template":"","format":"standard","meta":{"_monsterinsights_skip_tracking":false,"_monsterinsights_sitenote_active":false,"_monsterinsights_sitenote_note":"","_monsterinsights_sitenote_category":0,"footnotes":""},"categories":[101],"tags":[],"yoast_head":"<!-- This site is optimized with the Yoast SEO plugin v23.2 - https:\/\/yoast.com\/wordpress\/plugins\/seo\/ -->\n<title>Le spectre de l\u2019inflation commence \u00e0 affecter les constructeurs automobiles - CanadaMotorJobs.com<\/title>\n<meta name=\"description\" content=\"Le spectre de l\u2019inflation commence \u00e0 affecter les constructeurs automobiles - Benoit Charette - Annuel automobile - CanadaMotorJobs.com.\" \/>\n<meta name=\"robots\" content=\"index, follow, max-snippet:-1, max-image-preview:large, max-video-preview:-1\" \/>\n<meta property=\"og:locale\" content=\"fr_CA\" \/>\n<meta property=\"og:type\" content=\"article\" \/>\n<meta property=\"og:title\" content=\"Le spectre de l\u2019inflation commence \u00e0 affecter les constructeurs automobiles - CanadaMotorJobs.com\" \/>\n<meta property=\"og:description\" content=\"Le spectre de l\u2019inflation commence \u00e0 affecter les constructeurs automobiles - Benoit Charette - Annuel automobile - CanadaMotorJobs.com.\" \/>\n<meta property=\"og:url\" content=\"https:\/\/news.canadamotorjobs.com\/fr\/le-spectre-de-linflation-commence-a-affecter-les-constructeurs-automobiles\/\" \/>\n<meta property=\"og:site_name\" content=\"CanadaMotorJobs.com\" \/>\n<meta property=\"article:publisher\" content=\"https:\/\/www.facebook.com\/canadamotorjobs\/\" \/>\n<meta property=\"article:published_time\" content=\"2022-10-03T12:42:50+00:00\" \/>\n<meta property=\"article:modified_time\" content=\"2022-10-03T12:44:36+00:00\" \/>\n<meta property=\"og:image\" content=\"https:\/\/news.canadamotorjobs.com\/wp-content\/uploads\/2022\/10\/tesla-production_line-1.jpg\" \/>\n\t<meta property=\"og:image:width\" content=\"1200\" \/>\n\t<meta property=\"og:image:height\" content=\"690\" \/>\n\t<meta property=\"og:image:type\" content=\"image\/jpeg\" \/>\n<meta name=\"author\" content=\"Benoit Charette\" \/>\n<meta name=\"twitter:card\" content=\"summary_large_image\" \/>\n<meta name=\"twitter:creator\" content=\"@canadamotorjobs\" \/>\n<meta name=\"twitter:site\" content=\"@canadamotorjobs\" \/>\n<meta name=\"twitter:label1\" content=\"\u00c9crit par\" \/>\n\t<meta name=\"twitter:data1\" content=\"Benoit Charette\" \/>\n\t<meta name=\"twitter:label2\" content=\"Estimation du temps de lecture\" \/>\n\t<meta name=\"twitter:data2\" content=\"1 minute\" \/>\n<!-- \/ Yoast SEO plugin. -->","yoast_head_json":{"title":"Le spectre de l\u2019inflation commence \u00e0 affecter les constructeurs automobiles - CanadaMotorJobs.com","description":"Le spectre de l\u2019inflation commence \u00e0 affecter les constructeurs automobiles - Benoit Charette - Annuel automobile - CanadaMotorJobs.com.","robots":{"index":"index","follow":"follow","max-snippet":"max-snippet:-1","max-image-preview":"max-image-preview:large","max-video-preview":"max-video-preview:-1"},"og_locale":"fr_CA","og_type":"article","og_title":"Le spectre de l\u2019inflation commence \u00e0 affecter les constructeurs automobiles - CanadaMotorJobs.com","og_description":"Le spectre de l\u2019inflation commence \u00e0 affecter les constructeurs automobiles - Benoit Charette - Annuel automobile - CanadaMotorJobs.com.","og_url":"https:\/\/news.canadamotorjobs.com\/fr\/le-spectre-de-linflation-commence-a-affecter-les-constructeurs-automobiles\/","og_site_name":"CanadaMotorJobs.com","article_publisher":"https:\/\/www.facebook.com\/canadamotorjobs\/","article_published_time":"2022-10-03T12:42:50+00:00","article_modified_time":"2022-10-03T12:44:36+00:00","og_image":[{"width":1200,"height":690,"url":"https:\/\/news.canadamotorjobs.com\/wp-content\/uploads\/2022\/10\/tesla-production_line-1.jpg","type":"image\/jpeg"}],"author":"Benoit Charette","twitter_card":"summary_large_image","twitter_creator":"@canadamotorjobs","twitter_site":"@canadamotorjobs","twitter_misc":{"\u00c9crit par":"Benoit Charette","Estimation du temps de lecture":"1 minute"},"schema":{"@context":"https:\/\/schema.org","@graph":[{"@type":"Article","@id":"https:\/\/news.canadamotorjobs.com\/fr\/le-spectre-de-linflation-commence-a-affecter-les-constructeurs-automobiles\/#article","isPartOf":{"@id":"https:\/\/news.canadamotorjobs.com\/fr\/le-spectre-de-linflation-commence-a-affecter-les-constructeurs-automobiles\/"},"author":{"name":"Benoit Charette","@id":"https:\/\/news.canadamotorjobs.com\/#\/schema\/person\/51793d1f87d44011d7bcc2ed99269a90"},"headline":"Le spectre de l\u2019inflation commence \u00e0 affecter les constructeurs automobiles","datePublished":"2022-10-03T12:42:50+00:00","dateModified":"2022-10-03T12:44:36+00:00","mainEntityOfPage":{"@id":"https:\/\/news.canadamotorjobs.com\/fr\/le-spectre-de-linflation-commence-a-affecter-les-constructeurs-automobiles\/"},"wordCount":301,"publisher":{"@id":"https:\/\/news.canadamotorjobs.com\/#organization"},"image":{"@id":"https:\/\/news.canadamotorjobs.com\/fr\/le-spectre-de-linflation-commence-a-affecter-les-constructeurs-automobiles\/#primaryimage"},"thumbnailUrl":"https:\/\/news.canadamotorjobs.com\/wp-content\/uploads\/2022\/10\/tesla-production_line-1.jpg","articleSection":["Annuel automobile"],"inLanguage":"fr-CA"},{"@type":"WebPage","@id":"https:\/\/news.canadamotorjobs.com\/fr\/le-spectre-de-linflation-commence-a-affecter-les-constructeurs-automobiles\/","url":"https:\/\/news.canadamotorjobs.com\/fr\/le-spectre-de-linflation-commence-a-affecter-les-constructeurs-automobiles\/","name":"Le spectre de l\u2019inflation commence \u00e0 affecter les constructeurs automobiles - CanadaMotorJobs.com","isPartOf":{"@id":"https:\/\/news.canadamotorjobs.com\/#website"},"primaryImageOfPage":{"@id":"https:\/\/news.canadamotorjobs.com\/fr\/le-spectre-de-linflation-commence-a-affecter-les-constructeurs-automobiles\/#primaryimage"},"image":{"@id":"https:\/\/news.canadamotorjobs.com\/fr\/le-spectre-de-linflation-commence-a-affecter-les-constructeurs-automobiles\/#primaryimage"},"thumbnailUrl":"https:\/\/news.canadamotorjobs.com\/wp-content\/uploads\/2022\/10\/tesla-production_line-1.jpg","datePublished":"2022-10-03T12:42:50+00:00","dateModified":"2022-10-03T12:44:36+00:00","description":"Le spectre de l\u2019inflation commence \u00e0 affecter les constructeurs automobiles - Benoit Charette - Annuel automobile - CanadaMotorJobs.com.","breadcrumb":{"@id":"https:\/\/news.canadamotorjobs.com\/fr\/le-spectre-de-linflation-commence-a-affecter-les-constructeurs-automobiles\/#breadcrumb"},"inLanguage":"fr-CA","potentialAction":[{"@type":"ReadAction","target":["https:\/\/news.canadamotorjobs.com\/fr\/le-spectre-de-linflation-commence-a-affecter-les-constructeurs-automobiles\/"]}]},{"@type":"ImageObject","inLanguage":"fr-CA","@id":"https:\/\/news.canadamotorjobs.com\/fr\/le-spectre-de-linflation-commence-a-affecter-les-constructeurs-automobiles\/#primaryimage","url":"https:\/\/news.canadamotorjobs.com\/wp-content\/uploads\/2022\/10\/tesla-production_line-1.jpg","contentUrl":"https:\/\/news.canadamotorjobs.com\/wp-content\/uploads\/2022\/10\/tesla-production_line-1.jpg","width":1200,"height":690},{"@type":"BreadcrumbList","@id":"https:\/\/news.canadamotorjobs.com\/fr\/le-spectre-de-linflation-commence-a-affecter-les-constructeurs-automobiles\/#breadcrumb","itemListElement":[{"@type":"ListItem","position":1,"name":"Home","item":"https:\/\/news.canadamotorjobs.com\/fr\/blog\/"},{"@type":"ListItem","position":2,"name":"Le spectre de l\u2019inflation commence \u00e0 affecter les constructeurs automobiles"}]},{"@type":"WebSite","@id":"https:\/\/news.canadamotorjobs.com\/#website","url":"https:\/\/news.canadamotorjobs.com\/","name":"CanadaMotorJobs.com","description":"Automotive Jobs","publisher":{"@id":"https:\/\/news.canadamotorjobs.com\/#organization"},"potentialAction":[{"@type":"SearchAction","target":{"@type":"EntryPoint","urlTemplate":"https:\/\/news.canadamotorjobs.com\/?s={search_term_string}"},"query-input":"required name=search_term_string"}],"inLanguage":"fr-CA"},{"@type":"Organization","@id":"https:\/\/news.canadamotorjobs.com\/#organization","name":"Canada Motor Jobs","url":"https:\/\/news.canadamotorjobs.com\/","logo":{"@type":"ImageObject","inLanguage":"fr-CA","@id":"https:\/\/news.canadamotorjobs.com\/#\/schema\/logo\/image\/","url":"https:\/\/news.canadamotorjobs.com\/wp-content\/uploads\/2022\/10\/logo-canada-motor-jobs-1.png","contentUrl":"https:\/\/news.canadamotorjobs.com\/wp-content\/uploads\/2022\/10\/logo-canada-motor-jobs-1.png","width":800,"height":400,"caption":"Canada Motor Jobs"},"image":{"@id":"https:\/\/news.canadamotorjobs.com\/#\/schema\/logo\/image\/"},"sameAs":["https:\/\/www.facebook.com\/canadamotorjobs\/","https:\/\/x.com\/canadamotorjobs","https:\/\/www.instagram.com\/canadamotorjobs\/","https:\/\/www.linkedin.com\/company\/canadamotorjobs"]},{"@type":"Person","@id":"https:\/\/news.canadamotorjobs.com\/#\/schema\/person\/51793d1f87d44011d7bcc2ed99269a90","name":"Benoit Charette","image":{"@type":"ImageObject","inLanguage":"fr-CA","@id":"https:\/\/news.canadamotorjobs.com\/#\/schema\/person\/image\/","url":"https:\/\/secure.gravatar.com\/avatar\/45f3d2eebcccd909668d7ce7ea7267b6?s=96&d=mm&r=g","contentUrl":"https:\/\/secure.gravatar.com\/avatar\/45f3d2eebcccd909668d7ce7ea7267b6?s=96&d=mm&r=g","caption":"Benoit Charette"},"description":"Benoit Charette \/ Propri\u00e9taire et r\u00e9dacteur en chef Benoit Charette pratique le journalisme automobile depuis bient\u00f4t 30 ans. Il a fait ses classes au c\u00f4t\u00e9 de Daniel H\u00e9raud et au Carnet de route de 1992 \u00e0 2001. Il est fondateur, copropri\u00e9taire et r\u00e9dacteur en chef de L\u2019Annuel de l\u2019automobile, qu\u2019il publie depuis 2001. Il a anim\u00e9 les \u00e9missions RPM et RPM+ sur V et les L\u00e9gendes de la route sur Historia. \u00c0 la radio depuis 1986, il reprend l\u2019antenne cette ann\u00e9e sur les ondes de Cogeco et participe pour la deuxi\u00e8me ann\u00e9e \u00e0 l\u2019\u00e9mission Passion Auto sur RDS en plus de mettre en ligne le site Web officiel de L\u2019Annuel de l\u2019automobile sur annuelauto.ca.","sameAs":["https:\/\/annuelauto.ca\/"],"url":"https:\/\/news.canadamotorjobs.com\/fr\/author\/benoit-charette\/"}]}},"_links":{"self":[{"href":"https:\/\/news.canadamotorjobs.com\/fr\/wp-json\/wp\/v2\/posts\/99510"}],"collection":[{"href":"https:\/\/news.canadamotorjobs.com\/fr\/wp-json\/wp\/v2\/posts"}],"about":[{"href":"https:\/\/news.canadamotorjobs.com\/fr\/wp-json\/wp\/v2\/types\/post"}],"author":[{"embeddable":true,"href":"https:\/\/news.canadamotorjobs.com\/fr\/wp-json\/wp\/v2\/users\/8"}],"replies":[{"embeddable":true,"href":"https:\/\/news.canadamotorjobs.com\/fr\/wp-json\/wp\/v2\/comments?post=99510"}],"version-history":[{"count":0,"href":"https:\/\/news.canadamotorjobs.com\/fr\/wp-json\/wp\/v2\/posts\/99510\/revisions"}],"wp:featuredmedia":[{"embeddable":true,"href":"https:\/\/news.canadamotorjobs.com\/fr\/wp-json\/wp\/v2\/media\/99514"}],"wp:attachment":[{"href":"https:\/\/news.canadamotorjobs.com\/fr\/wp-json\/wp\/v2\/media?parent=99510"}],"wp:term":[{"taxonomy":"category","embeddable":true,"href":"https:\/\/news.canadamotorjobs.com\/fr\/wp-json\/wp\/v2\/categories?post=99510"},{"taxonomy":"post_tag","embeddable":true,"href":"https:\/\/news.canadamotorjobs.com\/fr\/wp-json\/wp\/v2\/tags?post=99510"}],"curies":[{"name":"wp","href":"https:\/\/api.w.org\/{rel}","templated":true}]}}