{"id":99498,"date":"2022-10-03T08:15:26","date_gmt":"2022-10-03T12:15:26","guid":{"rendered":"https:\/\/blog.canadamotorjobs.com\/mazda-et-ford-ont-annonce-des-mesures-daide-pour-les-personnes-touchees-par-louragan-ian-en-floride\/"},"modified":"2022-10-03T08:29:09","modified_gmt":"2022-10-03T12:29:09","slug":"mazda-et-ford-ont-annonce-des-mesures-daide-pour-les-personnes-touchees-par-louragan-ian-en-floride","status":"publish","type":"post","link":"https:\/\/news.canadamotorjobs.com\/fr\/mazda-et-ford-ont-annonce-des-mesures-daide-pour-les-personnes-touchees-par-louragan-ian-en-floride\/","title":{"rendered":"Mazda et Ford ont annonc\u00e9 des mesures d\u2019aide pour les personnes touch\u00e9es par l\u2019ouragan Ian en Floride."},"content":{"rendered":"<\/p>\n<p>Mazda Financial Services a r\u00e9v\u00e9l\u00e9 que les clients de location et de financement r\u00e9sidant dans les zones touch\u00e9es par l&#8217;ouragan Ian peuvent \u00eatre admissibles \u00e0 des prolongations et \u00e0 des paiements diff\u00e9r\u00e9s de location, \u00e0 la r\u00e9orientation des relev\u00e9s de facturation et \u00e0 l&#8217;organisation de paiements par t\u00e9l\u00e9phone ou en ligne.<br \/> Des mesures chez Ford aussi<br \/> De m\u00eame, Ford, Ford Pro et Ford Fund travaillent avec les organisations d&#8217;intervention d&#8217;urgence, les concessionnaires Ford locaux, les membres de l&#8217;\u00e9quipe r\u00e9gionale et les partenaires \u00e0 but non lucratif pour soutenir les communaut\u00e9s dans le besoin. L&#8217;une des premi\u00e8res choses que le constructeur automobile a faites a \u00e9t\u00e9 de contacter les employ\u00e9s, les concessionnaires et d&#8217;autres personnes de son r\u00e9seau et de transporter ceux qui avaient besoin d&#8217;aide vers les abris de l&#8217;Arm\u00e9e du Salut. Ford pr\u00eate des mod\u00e8les F-150 PowerBoost Hybrid, F-150 Lightning, Transit et E-Transit aux organismes sans but lucratif pour qu&#8217;ils les utilisent dans leurs efforts de secours.<br \/> Un don d\u2019un million<br \/> Le fonds Ford a fait don d&#8217;un million de dollars \u00e0 la Croix-Rouge am\u00e9ricaine, \u00e0 Team Rubicon, \u00e0 ToolBank USA, \u00e0 World Central Kitchen et \u00e0 des banques alimentaires locales.Les clients de Ford Credit et de Lincoln Automotive Financial Services peuvent \u00e9galement \u00eatre en mesure de reporter jusqu&#8217;\u00e0 deux paiements s&#8217;ils ont \u00e9t\u00e9 touch\u00e9s par l&#8217;ouragan Ian. Elle \u00a0pourrait s&#8217;av\u00e9rer \u00eatre la temp\u00eate la plus co\u00fbteuse de l&#8217;histoire de la Floride et, selon les estimations, elle pourrait avoir caus\u00e9 plus de 50 milliards de dollars de pertes assur\u00e9es.<\/p>\n","protected":false},"excerpt":{"rendered":"<p>Mazda Financial Services a r\u00e9v\u00e9l\u00e9 que les clients de location et de financement r\u00e9sidant dans les zones touch\u00e9es par l&#8217;ouragan Ian peuvent \u00eatre admissibles \u00e0 des prolongations et \u00e0 des paiements diff\u00e9r\u00e9s de location, \u00e0 la r\u00e9orientation des relev\u00e9s de facturation et \u00e0 l&#8217;organisation de paiements par t\u00e9l\u00e9phone ou en ligne. Des mesures chez Ford [&hellip;]<\/p>\n","protected":false},"author":8,"featured_media":99502,"comment_status":"close","ping_status":"closed","sticky":false,"template":"","format":"standard","meta":{"_monsterinsights_skip_tracking":false,"_monsterinsights_sitenote_active":false,"_monsterinsights_sitenote_note":"","_monsterinsights_sitenote_category":0,"footnotes":""},"categories":[101],"tags":[],"yoast_head":"<!-- This site is optimized with the Yoast SEO plugin v23.2 - https:\/\/yoast.com\/wordpress\/plugins\/seo\/ -->\n<title>Mazda et Ford ont annonc\u00e9 des mesures d\u2019aide pour les personnes touch\u00e9es par l\u2019ouragan Ian en Floride. - CanadaMotorJobs.com<\/title>\n<meta name=\"description\" content=\"Mazda et Ford ont annonc\u00e9 des mesures d\u2019aide pour les personnes touch\u00e9es par l\u2019ouragan Ian en Floride. - Benoit Charette - Annuel automobile - CanadaMotorJobs.com.\" \/>\n<meta name=\"robots\" content=\"index, follow, max-snippet:-1, max-image-preview:large, max-video-preview:-1\" \/>\n<meta property=\"og:locale\" content=\"fr_CA\" \/>\n<meta property=\"og:type\" content=\"article\" \/>\n<meta property=\"og:title\" content=\"Mazda et Ford ont annonc\u00e9 des mesures d\u2019aide pour les personnes touch\u00e9es par l\u2019ouragan Ian en Floride. - CanadaMotorJobs.com\" \/>\n<meta property=\"og:description\" content=\"Mazda et Ford ont annonc\u00e9 des mesures d\u2019aide pour les personnes touch\u00e9es par l\u2019ouragan Ian en Floride. - Benoit Charette - Annuel automobile - CanadaMotorJobs.com.\" \/>\n<meta property=\"og:url\" content=\"https:\/\/news.canadamotorjobs.com\/fr\/mazda-et-ford-ont-annonce-des-mesures-daide-pour-les-personnes-touchees-par-louragan-ian-en-floride\/\" \/>\n<meta property=\"og:site_name\" content=\"CanadaMotorJobs.com\" \/>\n<meta property=\"article:publisher\" content=\"https:\/\/www.facebook.com\/canadamotorjobs\/\" \/>\n<meta property=\"article:published_time\" content=\"2022-10-03T12:15:26+00:00\" \/>\n<meta property=\"article:modified_time\" content=\"2022-10-03T12:29:09+00:00\" \/>\n<meta property=\"og:image\" content=\"https:\/\/news.canadamotorjobs.com\/wp-content\/uploads\/2022\/10\/2022-Ford-F-150-Lightning-Pro-Exterior-014-rear-three-quarters-loading-wood-via-forklift-720x405-1-1.jpg\" \/>\n\t<meta property=\"og:image:width\" content=\"720\" \/>\n\t<meta property=\"og:image:height\" content=\"405\" \/>\n\t<meta property=\"og:image:type\" content=\"image\/jpeg\" \/>\n<meta name=\"author\" content=\"Benoit Charette\" \/>\n<meta name=\"twitter:card\" content=\"summary_large_image\" \/>\n<meta name=\"twitter:creator\" content=\"@canadamotorjobs\" \/>\n<meta name=\"twitter:site\" content=\"@canadamotorjobs\" \/>\n<meta name=\"twitter:label1\" content=\"\u00c9crit par\" \/>\n\t<meta name=\"twitter:data1\" content=\"Benoit Charette\" \/>\n\t<meta name=\"twitter:label2\" content=\"Estimation du temps de lecture\" \/>\n\t<meta name=\"twitter:data2\" content=\"1 minute\" \/>\n<!-- \/ Yoast SEO plugin. -->","yoast_head_json":{"title":"Mazda et Ford ont annonc\u00e9 des mesures d\u2019aide pour les personnes touch\u00e9es par l\u2019ouragan Ian en Floride. - CanadaMotorJobs.com","description":"Mazda et Ford ont annonc\u00e9 des mesures d\u2019aide pour les personnes touch\u00e9es par l\u2019ouragan Ian en Floride. - Benoit Charette - Annuel automobile - CanadaMotorJobs.com.","robots":{"index":"index","follow":"follow","max-snippet":"max-snippet:-1","max-image-preview":"max-image-preview:large","max-video-preview":"max-video-preview:-1"},"og_locale":"fr_CA","og_type":"article","og_title":"Mazda et Ford ont annonc\u00e9 des mesures d\u2019aide pour les personnes touch\u00e9es par l\u2019ouragan Ian en Floride. - CanadaMotorJobs.com","og_description":"Mazda et Ford ont annonc\u00e9 des mesures d\u2019aide pour les personnes touch\u00e9es par l\u2019ouragan Ian en Floride. - Benoit Charette - Annuel automobile - CanadaMotorJobs.com.","og_url":"https:\/\/news.canadamotorjobs.com\/fr\/mazda-et-ford-ont-annonce-des-mesures-daide-pour-les-personnes-touchees-par-louragan-ian-en-floride\/","og_site_name":"CanadaMotorJobs.com","article_publisher":"https:\/\/www.facebook.com\/canadamotorjobs\/","article_published_time":"2022-10-03T12:15:26+00:00","article_modified_time":"2022-10-03T12:29:09+00:00","og_image":[{"width":720,"height":405,"url":"https:\/\/news.canadamotorjobs.com\/wp-content\/uploads\/2022\/10\/2022-Ford-F-150-Lightning-Pro-Exterior-014-rear-three-quarters-loading-wood-via-forklift-720x405-1-1.jpg","type":"image\/jpeg"}],"author":"Benoit Charette","twitter_card":"summary_large_image","twitter_creator":"@canadamotorjobs","twitter_site":"@canadamotorjobs","twitter_misc":{"\u00c9crit par":"Benoit Charette","Estimation du temps de lecture":"1 minute"},"schema":{"@context":"https:\/\/schema.org","@graph":[{"@type":"Article","@id":"https:\/\/news.canadamotorjobs.com\/fr\/mazda-et-ford-ont-annonce-des-mesures-daide-pour-les-personnes-touchees-par-louragan-ian-en-floride\/#article","isPartOf":{"@id":"https:\/\/news.canadamotorjobs.com\/fr\/mazda-et-ford-ont-annonce-des-mesures-daide-pour-les-personnes-touchees-par-louragan-ian-en-floride\/"},"author":{"name":"Benoit Charette","@id":"https:\/\/news.canadamotorjobs.com\/#\/schema\/person\/51793d1f87d44011d7bcc2ed99269a90"},"headline":"Mazda et Ford ont annonc\u00e9 des mesures d\u2019aide pour les personnes touch\u00e9es par l\u2019ouragan Ian en Floride.","datePublished":"2022-10-03T12:15:26+00:00","dateModified":"2022-10-03T12:29:09+00:00","mainEntityOfPage":{"@id":"https:\/\/news.canadamotorjobs.com\/fr\/mazda-et-ford-ont-annonce-des-mesures-daide-pour-les-personnes-touchees-par-louragan-ian-en-floride\/"},"wordCount":301,"publisher":{"@id":"https:\/\/news.canadamotorjobs.com\/#organization"},"image":{"@id":"https:\/\/news.canadamotorjobs.com\/fr\/mazda-et-ford-ont-annonce-des-mesures-daide-pour-les-personnes-touchees-par-louragan-ian-en-floride\/#primaryimage"},"thumbnailUrl":"https:\/\/news.canadamotorjobs.com\/wp-content\/uploads\/2022\/10\/2022-Ford-F-150-Lightning-Pro-Exterior-014-rear-three-quarters-loading-wood-via-forklift-720x405-1-1.jpg","articleSection":["Annuel automobile"],"inLanguage":"fr-CA"},{"@type":"WebPage","@id":"https:\/\/news.canadamotorjobs.com\/fr\/mazda-et-ford-ont-annonce-des-mesures-daide-pour-les-personnes-touchees-par-louragan-ian-en-floride\/","url":"https:\/\/news.canadamotorjobs.com\/fr\/mazda-et-ford-ont-annonce-des-mesures-daide-pour-les-personnes-touchees-par-louragan-ian-en-floride\/","name":"Mazda et Ford ont annonc\u00e9 des mesures d\u2019aide pour les personnes touch\u00e9es par l\u2019ouragan Ian en Floride. - CanadaMotorJobs.com","isPartOf":{"@id":"https:\/\/news.canadamotorjobs.com\/#website"},"primaryImageOfPage":{"@id":"https:\/\/news.canadamotorjobs.com\/fr\/mazda-et-ford-ont-annonce-des-mesures-daide-pour-les-personnes-touchees-par-louragan-ian-en-floride\/#primaryimage"},"image":{"@id":"https:\/\/news.canadamotorjobs.com\/fr\/mazda-et-ford-ont-annonce-des-mesures-daide-pour-les-personnes-touchees-par-louragan-ian-en-floride\/#primaryimage"},"thumbnailUrl":"https:\/\/news.canadamotorjobs.com\/wp-content\/uploads\/2022\/10\/2022-Ford-F-150-Lightning-Pro-Exterior-014-rear-three-quarters-loading-wood-via-forklift-720x405-1-1.jpg","datePublished":"2022-10-03T12:15:26+00:00","dateModified":"2022-10-03T12:29:09+00:00","description":"Mazda et Ford ont annonc\u00e9 des mesures d\u2019aide pour les personnes touch\u00e9es par l\u2019ouragan Ian en Floride. - Benoit Charette - Annuel automobile - CanadaMotorJobs.com.","breadcrumb":{"@id":"https:\/\/news.canadamotorjobs.com\/fr\/mazda-et-ford-ont-annonce-des-mesures-daide-pour-les-personnes-touchees-par-louragan-ian-en-floride\/#breadcrumb"},"inLanguage":"fr-CA","potentialAction":[{"@type":"ReadAction","target":["https:\/\/news.canadamotorjobs.com\/fr\/mazda-et-ford-ont-annonce-des-mesures-daide-pour-les-personnes-touchees-par-louragan-ian-en-floride\/"]}]},{"@type":"ImageObject","inLanguage":"fr-CA","@id":"https:\/\/news.canadamotorjobs.com\/fr\/mazda-et-ford-ont-annonce-des-mesures-daide-pour-les-personnes-touchees-par-louragan-ian-en-floride\/#primaryimage","url":"https:\/\/news.canadamotorjobs.com\/wp-content\/uploads\/2022\/10\/2022-Ford-F-150-Lightning-Pro-Exterior-014-rear-three-quarters-loading-wood-via-forklift-720x405-1-1.jpg","contentUrl":"https:\/\/news.canadamotorjobs.com\/wp-content\/uploads\/2022\/10\/2022-Ford-F-150-Lightning-Pro-Exterior-014-rear-three-quarters-loading-wood-via-forklift-720x405-1-1.jpg","width":720,"height":405},{"@type":"BreadcrumbList","@id":"https:\/\/news.canadamotorjobs.com\/fr\/mazda-et-ford-ont-annonce-des-mesures-daide-pour-les-personnes-touchees-par-louragan-ian-en-floride\/#breadcrumb","itemListElement":[{"@type":"ListItem","position":1,"name":"Home","item":"https:\/\/news.canadamotorjobs.com\/fr\/blog\/"},{"@type":"ListItem","position":2,"name":"Mazda et Ford ont annonc\u00e9 des mesures d\u2019aide pour les personnes touch\u00e9es par l\u2019ouragan Ian en Floride."}]},{"@type":"WebSite","@id":"https:\/\/news.canadamotorjobs.com\/#website","url":"https:\/\/news.canadamotorjobs.com\/","name":"CanadaMotorJobs.com","description":"Automotive Jobs","publisher":{"@id":"https:\/\/news.canadamotorjobs.com\/#organization"},"potentialAction":[{"@type":"SearchAction","target":{"@type":"EntryPoint","urlTemplate":"https:\/\/news.canadamotorjobs.com\/?s={search_term_string}"},"query-input":"required name=search_term_string"}],"inLanguage":"fr-CA"},{"@type":"Organization","@id":"https:\/\/news.canadamotorjobs.com\/#organization","name":"Canada Motor Jobs","url":"https:\/\/news.canadamotorjobs.com\/","logo":{"@type":"ImageObject","inLanguage":"fr-CA","@id":"https:\/\/news.canadamotorjobs.com\/#\/schema\/logo\/image\/","url":"https:\/\/news.canadamotorjobs.com\/wp-content\/uploads\/2022\/10\/logo-canada-motor-jobs-1.png","contentUrl":"https:\/\/news.canadamotorjobs.com\/wp-content\/uploads\/2022\/10\/logo-canada-motor-jobs-1.png","width":800,"height":400,"caption":"Canada Motor Jobs"},"image":{"@id":"https:\/\/news.canadamotorjobs.com\/#\/schema\/logo\/image\/"},"sameAs":["https:\/\/www.facebook.com\/canadamotorjobs\/","https:\/\/x.com\/canadamotorjobs","https:\/\/www.instagram.com\/canadamotorjobs\/","https:\/\/www.linkedin.com\/company\/canadamotorjobs"]},{"@type":"Person","@id":"https:\/\/news.canadamotorjobs.com\/#\/schema\/person\/51793d1f87d44011d7bcc2ed99269a90","name":"Benoit Charette","image":{"@type":"ImageObject","inLanguage":"fr-CA","@id":"https:\/\/news.canadamotorjobs.com\/#\/schema\/person\/image\/","url":"https:\/\/secure.gravatar.com\/avatar\/45f3d2eebcccd909668d7ce7ea7267b6?s=96&d=mm&r=g","contentUrl":"https:\/\/secure.gravatar.com\/avatar\/45f3d2eebcccd909668d7ce7ea7267b6?s=96&d=mm&r=g","caption":"Benoit Charette"},"description":"Benoit Charette \/ Propri\u00e9taire et r\u00e9dacteur en chef Benoit Charette pratique le journalisme automobile depuis bient\u00f4t 30 ans. Il a fait ses classes au c\u00f4t\u00e9 de Daniel H\u00e9raud et au Carnet de route de 1992 \u00e0 2001. Il est fondateur, copropri\u00e9taire et r\u00e9dacteur en chef de L\u2019Annuel de l\u2019automobile, qu\u2019il publie depuis 2001. Il a anim\u00e9 les \u00e9missions RPM et RPM+ sur V et les L\u00e9gendes de la route sur Historia. \u00c0 la radio depuis 1986, il reprend l\u2019antenne cette ann\u00e9e sur les ondes de Cogeco et participe pour la deuxi\u00e8me ann\u00e9e \u00e0 l\u2019\u00e9mission Passion Auto sur RDS en plus de mettre en ligne le site Web officiel de L\u2019Annuel de l\u2019automobile sur annuelauto.ca.","sameAs":["https:\/\/annuelauto.ca\/"],"url":"https:\/\/news.canadamotorjobs.com\/fr\/author\/benoit-charette\/"}]}},"_links":{"self":[{"href":"https:\/\/news.canadamotorjobs.com\/fr\/wp-json\/wp\/v2\/posts\/99498"}],"collection":[{"href":"https:\/\/news.canadamotorjobs.com\/fr\/wp-json\/wp\/v2\/posts"}],"about":[{"href":"https:\/\/news.canadamotorjobs.com\/fr\/wp-json\/wp\/v2\/types\/post"}],"author":[{"embeddable":true,"href":"https:\/\/news.canadamotorjobs.com\/fr\/wp-json\/wp\/v2\/users\/8"}],"replies":[{"embeddable":true,"href":"https:\/\/news.canadamotorjobs.com\/fr\/wp-json\/wp\/v2\/comments?post=99498"}],"version-history":[{"count":0,"href":"https:\/\/news.canadamotorjobs.com\/fr\/wp-json\/wp\/v2\/posts\/99498\/revisions"}],"wp:featuredmedia":[{"embeddable":true,"href":"https:\/\/news.canadamotorjobs.com\/fr\/wp-json\/wp\/v2\/media\/99502"}],"wp:attachment":[{"href":"https:\/\/news.canadamotorjobs.com\/fr\/wp-json\/wp\/v2\/media?parent=99498"}],"wp:term":[{"taxonomy":"category","embeddable":true,"href":"https:\/\/news.canadamotorjobs.com\/fr\/wp-json\/wp\/v2\/categories?post=99498"},{"taxonomy":"post_tag","embeddable":true,"href":"https:\/\/news.canadamotorjobs.com\/fr\/wp-json\/wp\/v2\/tags?post=99498"}],"curies":[{"name":"wp","href":"https:\/\/api.w.org\/{rel}","templated":true}]}}