{"id":98830,"date":"2022-10-02T10:27:04","date_gmt":"2022-10-02T14:27:04","guid":{"rendered":"https:\/\/blog.canadamotorjobs.com\/levolution-constante-du-prix-des-vehicules-neufs\/"},"modified":"2022-10-02T10:29:30","modified_gmt":"2022-10-02T14:29:30","slug":"levolution-constante-du-prix-des-vehicules-neufs","status":"publish","type":"post","link":"https:\/\/news.canadamotorjobs.com\/fr\/levolution-constante-du-prix-des-vehicules-neufs\/","title":{"rendered":"L\u2019\u00e9volution constante du prix des v\u00e9hicules neufs"},"content":{"rendered":"<\/p>\n<p>Nous avons soulign\u00e9 r\u00e9cemment que le prix des v\u00e9hicules neufs au Canada fr\u00f4le les 55\u00a0000$. Pour voir \u00e0 quelle vitesse le prix des v\u00e9hicules canadien a grimp\u00e9, nous avons mis en lumi\u00e8re les 10 v\u00e9hicules les plus vendus au Canada et au Qu\u00e9bec en comparant le prix d\u2019un mod\u00e8le neuf en 2018 et celui du m\u00eame mod\u00e8le en 2023.<br \/> Une hausse graduelle<br \/> Vous remarquerez que la hausse est graduelle et devient tr\u00e8s forte suite \u00e0 la pand\u00e9mie. Les probl\u00e8mes de production qui d\u00e9ciment les inventaires de v\u00e9hicule neufs continuent de r\u00e9orienter la demande vers les mod\u00e8les d\u2019occasion, r\u00e9sultant dans une hausse soutenue des prix.<br \/> \u00c0 quand un retour \u00e0 la normale<br \/> En 2022, le march\u00e9 a enregistr\u00e9 un l\u00e9ger ralentissement par rapport aux sommets vertigineux de 2021, mais demeure sain par rapport aux normes historiques. Le report de la demande venant des consommateurs qui, sous des conditions de march\u00e9 normales, auraient probablement chang\u00e9 leur voiture dans les deux derni\u00e8res ann\u00e9es a engendr\u00e9 une augmentation des ventes de v\u00e9hicule. Le prix des v\u00e9hicules d\u2019occasion a enregistr\u00e9 un l\u00e9ger ralentissement pour la premi\u00e8re fois en plus de 18 mois, en juillet dernier.<br \/> Mod\u00e8les les plus populaires au Canada<\/p>\n<p> \u00a0\u00a0\u00a0\u00a0\u00a0\u00a0\u00a0 Ford F-150<br \/> \u00a0\u00a0\u00a0\u00a0\u00a0\u00a0\u00a0 Ram 1500<br \/> \u00a0\u00a0\u00a0\u00a0\u00a0\u00a0\u00a0 Toyota RAV4<br \/> \u00a0\u00a0\u00a0\u00a0\u00a0\u00a0\u00a0 GMC Sierra<br \/> \u00a0\u00a0\u00a0\u00a0\u00a0\u00a0\u00a0 Chevrolet Silverado<br \/> \u00a0\u00a0\u00a0\u00a0\u00a0\u00a0\u00a0 Honda CR-V<br \/> \u00a0\u00a0\u00a0\u00a0\u00a0\u00a0 Honda Civic<br \/> \u00a0\u00a0\u00a0\u00a0\u00a0\u00a0\u00a0 Toyota Corolla<br \/> \u00a0\u00a0\u00a0\u00a0\u00a0\u00a0 Hyundai Kona<br \/> \u00a0\u00a0\u00a0\u00a0\u00a0 Nissan Rogue<\/p>\n<p> &nbsp;<\/p>\n<p> Mod\u00e8les les plus populaires au Qu\u00e9bec<\/p>\n<p> &nbsp;<\/p>\n<p> \u00a0\u00a0\u00a0\u00a0\u00a0\u00a0\u00a0 Ford F-150<br \/> \u00a0\u00a0\u00a0\u00a0\u00a0\u00a0\u00a0 Toyota RAV4<br \/> \u00a0\u00a0\u00a0\u00a0\u00a0\u00a0 Hyundai Kona<br \/> \u00a0\u00a0\u00a0\u00a0\u00a0\u00a0\u00a0 GMC<\/p>\n","protected":false},"excerpt":{"rendered":"<p>Nous avons soulign\u00e9 r\u00e9cemment que le prix des v\u00e9hicules neufs au Canada fr\u00f4le les 55\u00a0000$. Pour voir \u00e0 quelle vitesse le prix des v\u00e9hicules canadien a grimp\u00e9, nous avons mis en lumi\u00e8re les 10 v\u00e9hicules les plus vendus au Canada et au Qu\u00e9bec en comparant le prix d\u2019un mod\u00e8le neuf en 2018 et celui du [&hellip;]<\/p>\n","protected":false},"author":8,"featured_media":98834,"comment_status":"close","ping_status":"closed","sticky":false,"template":"","format":"standard","meta":{"_monsterinsights_skip_tracking":false,"_monsterinsights_sitenote_active":false,"_monsterinsights_sitenote_note":"","_monsterinsights_sitenote_category":0,"footnotes":""},"categories":[101],"tags":[],"yoast_head":"<!-- This site is optimized with the Yoast SEO plugin v23.2 - https:\/\/yoast.com\/wordpress\/plugins\/seo\/ -->\n<title>L\u2019\u00e9volution constante du prix des v\u00e9hicules neufs - CanadaMotorJobs.com<\/title>\n<meta name=\"description\" content=\"L\u2019\u00e9volution constante du prix des v\u00e9hicules neufs - Benoit Charette - Annuel automobile - CanadaMotorJobs.com.\" \/>\n<meta name=\"robots\" content=\"index, follow, max-snippet:-1, max-image-preview:large, max-video-preview:-1\" \/>\n<meta property=\"og:locale\" content=\"fr_CA\" \/>\n<meta property=\"og:type\" content=\"article\" \/>\n<meta property=\"og:title\" content=\"L\u2019\u00e9volution constante du prix des v\u00e9hicules neufs - CanadaMotorJobs.com\" \/>\n<meta property=\"og:description\" content=\"L\u2019\u00e9volution constante du prix des v\u00e9hicules neufs - Benoit Charette - Annuel automobile - CanadaMotorJobs.com.\" \/>\n<meta property=\"og:url\" content=\"https:\/\/news.canadamotorjobs.com\/fr\/levolution-constante-du-prix-des-vehicules-neufs\/\" \/>\n<meta property=\"og:site_name\" content=\"CanadaMotorJobs.com\" \/>\n<meta property=\"article:publisher\" content=\"https:\/\/www.facebook.com\/canadamotorjobs\/\" \/>\n<meta property=\"article:published_time\" content=\"2022-10-02T14:27:04+00:00\" \/>\n<meta property=\"article:modified_time\" content=\"2022-10-02T14:29:30+00:00\" \/>\n<meta property=\"og:image\" content=\"https:\/\/news.canadamotorjobs.com\/wp-content\/uploads\/2022\/10\/2021-toyota-rav4_100750415-1.jpg\" \/>\n\t<meta property=\"og:image:width\" content=\"1920\" \/>\n\t<meta property=\"og:image:height\" content=\"1080\" \/>\n\t<meta property=\"og:image:type\" content=\"image\/jpeg\" \/>\n<meta name=\"author\" content=\"Benoit Charette\" \/>\n<meta name=\"twitter:card\" content=\"summary_large_image\" \/>\n<meta name=\"twitter:creator\" content=\"@canadamotorjobs\" \/>\n<meta name=\"twitter:site\" content=\"@canadamotorjobs\" \/>\n<meta name=\"twitter:label1\" content=\"\u00c9crit par\" \/>\n\t<meta name=\"twitter:data1\" content=\"Benoit Charette\" \/>\n\t<meta name=\"twitter:label2\" content=\"Estimation du temps de lecture\" \/>\n\t<meta name=\"twitter:data2\" content=\"1 minute\" \/>\n<!-- \/ Yoast SEO plugin. -->","yoast_head_json":{"title":"L\u2019\u00e9volution constante du prix des v\u00e9hicules neufs - CanadaMotorJobs.com","description":"L\u2019\u00e9volution constante du prix des v\u00e9hicules neufs - Benoit Charette - Annuel automobile - CanadaMotorJobs.com.","robots":{"index":"index","follow":"follow","max-snippet":"max-snippet:-1","max-image-preview":"max-image-preview:large","max-video-preview":"max-video-preview:-1"},"og_locale":"fr_CA","og_type":"article","og_title":"L\u2019\u00e9volution constante du prix des v\u00e9hicules neufs - CanadaMotorJobs.com","og_description":"L\u2019\u00e9volution constante du prix des v\u00e9hicules neufs - Benoit Charette - Annuel automobile - CanadaMotorJobs.com.","og_url":"https:\/\/news.canadamotorjobs.com\/fr\/levolution-constante-du-prix-des-vehicules-neufs\/","og_site_name":"CanadaMotorJobs.com","article_publisher":"https:\/\/www.facebook.com\/canadamotorjobs\/","article_published_time":"2022-10-02T14:27:04+00:00","article_modified_time":"2022-10-02T14:29:30+00:00","og_image":[{"width":1920,"height":1080,"url":"https:\/\/news.canadamotorjobs.com\/wp-content\/uploads\/2022\/10\/2021-toyota-rav4_100750415-1.jpg","type":"image\/jpeg"}],"author":"Benoit Charette","twitter_card":"summary_large_image","twitter_creator":"@canadamotorjobs","twitter_site":"@canadamotorjobs","twitter_misc":{"\u00c9crit par":"Benoit Charette","Estimation du temps de lecture":"1 minute"},"schema":{"@context":"https:\/\/schema.org","@graph":[{"@type":"Article","@id":"https:\/\/news.canadamotorjobs.com\/fr\/levolution-constante-du-prix-des-vehicules-neufs\/#article","isPartOf":{"@id":"https:\/\/news.canadamotorjobs.com\/fr\/levolution-constante-du-prix-des-vehicules-neufs\/"},"author":{"name":"Benoit Charette","@id":"https:\/\/news.canadamotorjobs.com\/#\/schema\/person\/51793d1f87d44011d7bcc2ed99269a90"},"headline":"L\u2019\u00e9volution constante du prix des v\u00e9hicules neufs","datePublished":"2022-10-02T14:27:04+00:00","dateModified":"2022-10-02T14:29:30+00:00","mainEntityOfPage":{"@id":"https:\/\/news.canadamotorjobs.com\/fr\/levolution-constante-du-prix-des-vehicules-neufs\/"},"wordCount":259,"publisher":{"@id":"https:\/\/news.canadamotorjobs.com\/#organization"},"image":{"@id":"https:\/\/news.canadamotorjobs.com\/fr\/levolution-constante-du-prix-des-vehicules-neufs\/#primaryimage"},"thumbnailUrl":"https:\/\/news.canadamotorjobs.com\/wp-content\/uploads\/2022\/10\/2021-toyota-rav4_100750415-1.jpg","articleSection":["Annuel automobile"],"inLanguage":"fr-CA"},{"@type":"WebPage","@id":"https:\/\/news.canadamotorjobs.com\/fr\/levolution-constante-du-prix-des-vehicules-neufs\/","url":"https:\/\/news.canadamotorjobs.com\/fr\/levolution-constante-du-prix-des-vehicules-neufs\/","name":"L\u2019\u00e9volution constante du prix des v\u00e9hicules neufs - CanadaMotorJobs.com","isPartOf":{"@id":"https:\/\/news.canadamotorjobs.com\/#website"},"primaryImageOfPage":{"@id":"https:\/\/news.canadamotorjobs.com\/fr\/levolution-constante-du-prix-des-vehicules-neufs\/#primaryimage"},"image":{"@id":"https:\/\/news.canadamotorjobs.com\/fr\/levolution-constante-du-prix-des-vehicules-neufs\/#primaryimage"},"thumbnailUrl":"https:\/\/news.canadamotorjobs.com\/wp-content\/uploads\/2022\/10\/2021-toyota-rav4_100750415-1.jpg","datePublished":"2022-10-02T14:27:04+00:00","dateModified":"2022-10-02T14:29:30+00:00","description":"L\u2019\u00e9volution constante du prix des v\u00e9hicules neufs - Benoit Charette - Annuel automobile - CanadaMotorJobs.com.","breadcrumb":{"@id":"https:\/\/news.canadamotorjobs.com\/fr\/levolution-constante-du-prix-des-vehicules-neufs\/#breadcrumb"},"inLanguage":"fr-CA","potentialAction":[{"@type":"ReadAction","target":["https:\/\/news.canadamotorjobs.com\/fr\/levolution-constante-du-prix-des-vehicules-neufs\/"]}]},{"@type":"ImageObject","inLanguage":"fr-CA","@id":"https:\/\/news.canadamotorjobs.com\/fr\/levolution-constante-du-prix-des-vehicules-neufs\/#primaryimage","url":"https:\/\/news.canadamotorjobs.com\/wp-content\/uploads\/2022\/10\/2021-toyota-rav4_100750415-1.jpg","contentUrl":"https:\/\/news.canadamotorjobs.com\/wp-content\/uploads\/2022\/10\/2021-toyota-rav4_100750415-1.jpg","width":1920,"height":1080},{"@type":"BreadcrumbList","@id":"https:\/\/news.canadamotorjobs.com\/fr\/levolution-constante-du-prix-des-vehicules-neufs\/#breadcrumb","itemListElement":[{"@type":"ListItem","position":1,"name":"Home","item":"https:\/\/news.canadamotorjobs.com\/fr\/blog\/"},{"@type":"ListItem","position":2,"name":"L\u2019\u00e9volution constante du prix des v\u00e9hicules neufs"}]},{"@type":"WebSite","@id":"https:\/\/news.canadamotorjobs.com\/#website","url":"https:\/\/news.canadamotorjobs.com\/","name":"CanadaMotorJobs.com","description":"Automotive Jobs","publisher":{"@id":"https:\/\/news.canadamotorjobs.com\/#organization"},"potentialAction":[{"@type":"SearchAction","target":{"@type":"EntryPoint","urlTemplate":"https:\/\/news.canadamotorjobs.com\/?s={search_term_string}"},"query-input":"required name=search_term_string"}],"inLanguage":"fr-CA"},{"@type":"Organization","@id":"https:\/\/news.canadamotorjobs.com\/#organization","name":"Canada Motor Jobs","url":"https:\/\/news.canadamotorjobs.com\/","logo":{"@type":"ImageObject","inLanguage":"fr-CA","@id":"https:\/\/news.canadamotorjobs.com\/#\/schema\/logo\/image\/","url":"https:\/\/news.canadamotorjobs.com\/wp-content\/uploads\/2022\/10\/logo-canada-motor-jobs-1.png","contentUrl":"https:\/\/news.canadamotorjobs.com\/wp-content\/uploads\/2022\/10\/logo-canada-motor-jobs-1.png","width":800,"height":400,"caption":"Canada Motor Jobs"},"image":{"@id":"https:\/\/news.canadamotorjobs.com\/#\/schema\/logo\/image\/"},"sameAs":["https:\/\/www.facebook.com\/canadamotorjobs\/","https:\/\/x.com\/canadamotorjobs","https:\/\/www.instagram.com\/canadamotorjobs\/","https:\/\/www.linkedin.com\/company\/canadamotorjobs"]},{"@type":"Person","@id":"https:\/\/news.canadamotorjobs.com\/#\/schema\/person\/51793d1f87d44011d7bcc2ed99269a90","name":"Benoit Charette","image":{"@type":"ImageObject","inLanguage":"fr-CA","@id":"https:\/\/news.canadamotorjobs.com\/#\/schema\/person\/image\/","url":"https:\/\/secure.gravatar.com\/avatar\/45f3d2eebcccd909668d7ce7ea7267b6?s=96&d=mm&r=g","contentUrl":"https:\/\/secure.gravatar.com\/avatar\/45f3d2eebcccd909668d7ce7ea7267b6?s=96&d=mm&r=g","caption":"Benoit Charette"},"description":"Benoit Charette \/ Propri\u00e9taire et r\u00e9dacteur en chef Benoit Charette pratique le journalisme automobile depuis bient\u00f4t 30 ans. Il a fait ses classes au c\u00f4t\u00e9 de Daniel H\u00e9raud et au Carnet de route de 1992 \u00e0 2001. Il est fondateur, copropri\u00e9taire et r\u00e9dacteur en chef de L\u2019Annuel de l\u2019automobile, qu\u2019il publie depuis 2001. Il a anim\u00e9 les \u00e9missions RPM et RPM+ sur V et les L\u00e9gendes de la route sur Historia. \u00c0 la radio depuis 1986, il reprend l\u2019antenne cette ann\u00e9e sur les ondes de Cogeco et participe pour la deuxi\u00e8me ann\u00e9e \u00e0 l\u2019\u00e9mission Passion Auto sur RDS en plus de mettre en ligne le site Web officiel de L\u2019Annuel de l\u2019automobile sur annuelauto.ca.","sameAs":["https:\/\/annuelauto.ca\/"],"url":"https:\/\/news.canadamotorjobs.com\/fr\/author\/benoit-charette\/"}]}},"_links":{"self":[{"href":"https:\/\/news.canadamotorjobs.com\/fr\/wp-json\/wp\/v2\/posts\/98830"}],"collection":[{"href":"https:\/\/news.canadamotorjobs.com\/fr\/wp-json\/wp\/v2\/posts"}],"about":[{"href":"https:\/\/news.canadamotorjobs.com\/fr\/wp-json\/wp\/v2\/types\/post"}],"author":[{"embeddable":true,"href":"https:\/\/news.canadamotorjobs.com\/fr\/wp-json\/wp\/v2\/users\/8"}],"replies":[{"embeddable":true,"href":"https:\/\/news.canadamotorjobs.com\/fr\/wp-json\/wp\/v2\/comments?post=98830"}],"version-history":[{"count":0,"href":"https:\/\/news.canadamotorjobs.com\/fr\/wp-json\/wp\/v2\/posts\/98830\/revisions"}],"wp:featuredmedia":[{"embeddable":true,"href":"https:\/\/news.canadamotorjobs.com\/fr\/wp-json\/wp\/v2\/media\/98834"}],"wp:attachment":[{"href":"https:\/\/news.canadamotorjobs.com\/fr\/wp-json\/wp\/v2\/media?parent=98830"}],"wp:term":[{"taxonomy":"category","embeddable":true,"href":"https:\/\/news.canadamotorjobs.com\/fr\/wp-json\/wp\/v2\/categories?post=98830"},{"taxonomy":"post_tag","embeddable":true,"href":"https:\/\/news.canadamotorjobs.com\/fr\/wp-json\/wp\/v2\/tags?post=98830"}],"curies":[{"name":"wp","href":"https:\/\/api.w.org\/{rel}","templated":true}]}}