{"id":97358,"date":"2022-10-01T08:54:53","date_gmt":"2022-10-01T12:54:53","guid":{"rendered":"https:\/\/blog.canadamotorjobs.com\/a-quand-les-recharges-de-vehicules-pour-les-appartements-et-co-propriete\/"},"modified":"2022-10-01T08:58:54","modified_gmt":"2022-10-01T12:58:54","slug":"a-quand-les-recharges-de-vehicules-pour-les-appartements-et-co-propriete","status":"publish","type":"post","link":"https:\/\/news.canadamotorjobs.com\/fr\/a-quand-les-recharges-de-vehicules-pour-les-appartements-et-co-propriete\/","title":{"rendered":"\u00c0 quand les recharges de v\u00e9hicules pour les appartements et co-propri\u00e9t\u00e9 ?"},"content":{"rendered":"<\/p>\n<p>Bien que la croissance rapide des v\u00e9hicules \u00e9lectriques est en ce moment paralys\u00e9e par une attente d\u00e9raisonnable, elle risque d\u2019exploser lorsque la situation va revenir \u00e0 la normale. Il est temps de mettre en place tous les jalons qui vont permettre une croissance soutenue. Le r\u00e9seau de recharge public est souvent point\u00e9 du doigt, mais il faut aussi savoir que la majorit\u00e9 des gens qui vivent en appartement ou en co-propri\u00e9t\u00e9 n\u2019ont pas acc\u00e8s \u00e0 une recharge \u00e0 la maison.<br \/> Le droit \u00e0 la recharge<br \/> Les consommateurs doivent-ils avoir le droit de se recharger chez eux ou pr\u00e8s de chez eux, quel que soit leur lieu de r\u00e9sidence ? Si nous voulons atteindre les cibles ambitieuses que les gouvernements ont fix\u00e9es, la r\u00e9ponse \u00e0 cette question est oui. Une \u00e9tude sur l&#8217;adoption des V\u00c9 publi\u00e9e le mois dernier par J.D. Power a r\u00e9v\u00e9l\u00e9 que l&#8217;acc\u00e8s \u00e0 la recharge entrave l&#8217;int\u00e9r\u00eat pour les v\u00e9hicules \u00e9lectriques, en particulier chez les locataires et ceux qui vivent dans des logements collectifs tels que des appartements et des condominiums. En l&#8217;absence d&#8217;un endroit d\u00e9di\u00e9 \u00e0 la recharge \u00e0 la maison, beaucoup remettent \u00e0 plus tard ou rejettent carr\u00e9ment les V\u00c9.<br \/> Neuf \u00e9tats am\u00e9ricains ont d\u00e9j\u00e0 pris des mesures<br \/> Chez nos voisins du sud, neuf \u00e9tats ont adopt\u00e9 des lois sur le droit \u00e0 la recharge qui obligent les propri\u00e9taires \u00e0 permettre aux locataires de maisons unifamiliales et \u00e0 ceux qui vivent dans des logements collectifs d&#8217;installer des chargeurs, g\u00e9n\u00e9ralement \u00e0 un co\u00fbt important pour les<\/p>\n","protected":false},"excerpt":{"rendered":"<p>Bien que la croissance rapide des v\u00e9hicules \u00e9lectriques est en ce moment paralys\u00e9e par une attente d\u00e9raisonnable, elle risque d\u2019exploser lorsque la situation va revenir \u00e0 la normale. Il est temps de mettre en place tous les jalons qui vont permettre une croissance soutenue. Le r\u00e9seau de recharge public est souvent point\u00e9 du doigt, mais [&hellip;]<\/p>\n","protected":false},"author":8,"featured_media":97362,"comment_status":"close","ping_status":"closed","sticky":false,"template":"","format":"standard","meta":{"_monsterinsights_skip_tracking":false,"_monsterinsights_sitenote_active":false,"_monsterinsights_sitenote_note":"","_monsterinsights_sitenote_category":0,"footnotes":""},"categories":[101],"tags":[],"yoast_head":"<!-- This site is optimized with the Yoast SEO plugin v23.2 - https:\/\/yoast.com\/wordpress\/plugins\/seo\/ -->\n<title>\u00c0 quand les recharges de v\u00e9hicules pour les appartements et co-propri\u00e9t\u00e9 ? - CanadaMotorJobs.com<\/title>\n<meta name=\"description\" content=\"\u00c0 quand les recharges de v\u00e9hicules pour les appartements et co-propri\u00e9t\u00e9 ? - Benoit Charette - Annuel automobile - CanadaMotorJobs.com.\" \/>\n<meta name=\"robots\" content=\"index, follow, max-snippet:-1, max-image-preview:large, max-video-preview:-1\" \/>\n<meta property=\"og:locale\" content=\"fr_CA\" \/>\n<meta property=\"og:type\" content=\"article\" \/>\n<meta property=\"og:title\" content=\"\u00c0 quand les recharges de v\u00e9hicules pour les appartements et co-propri\u00e9t\u00e9 ? - CanadaMotorJobs.com\" \/>\n<meta property=\"og:description\" content=\"\u00c0 quand les recharges de v\u00e9hicules pour les appartements et co-propri\u00e9t\u00e9 ? - Benoit Charette - Annuel automobile - CanadaMotorJobs.com.\" \/>\n<meta property=\"og:url\" content=\"https:\/\/news.canadamotorjobs.com\/fr\/a-quand-les-recharges-de-vehicules-pour-les-appartements-et-co-propriete\/\" \/>\n<meta property=\"og:site_name\" content=\"CanadaMotorJobs.com\" \/>\n<meta property=\"article:publisher\" content=\"https:\/\/www.facebook.com\/canadamotorjobs\/\" \/>\n<meta property=\"article:published_time\" content=\"2022-10-01T12:54:53+00:00\" \/>\n<meta property=\"article:modified_time\" content=\"2022-10-01T12:58:54+00:00\" \/>\n<meta property=\"og:image\" content=\"https:\/\/news.canadamotorjobs.com\/wp-content\/uploads\/2022\/10\/5f7b790f17bcc30268290712_c480Ajt-56zy-tBdz7RHRg8kttsVw8dkkU0uORqICb8dpReinMyJ6tDHDSwyF1ODFJoozbcLUpar7vcgzBD2KPJSnC_7PIbYJb6OPxfkZobLs8fwF24-vgFaf4yVSef2IqybT9GS-1.jpeg\" \/>\n\t<meta property=\"og:image:width\" content=\"1000\" \/>\n\t<meta property=\"og:image:height\" content=\"568\" \/>\n\t<meta property=\"og:image:type\" content=\"image\/jpeg\" \/>\n<meta name=\"author\" content=\"Benoit Charette\" \/>\n<meta name=\"twitter:card\" content=\"summary_large_image\" \/>\n<meta name=\"twitter:creator\" content=\"@canadamotorjobs\" \/>\n<meta name=\"twitter:site\" content=\"@canadamotorjobs\" \/>\n<meta name=\"twitter:label1\" content=\"\u00c9crit par\" \/>\n\t<meta name=\"twitter:data1\" content=\"Benoit Charette\" \/>\n\t<meta name=\"twitter:label2\" content=\"Estimation du temps de lecture\" \/>\n\t<meta name=\"twitter:data2\" content=\"1 minute\" \/>\n<!-- \/ Yoast SEO plugin. -->","yoast_head_json":{"title":"\u00c0 quand les recharges de v\u00e9hicules pour les appartements et co-propri\u00e9t\u00e9 ? - CanadaMotorJobs.com","description":"\u00c0 quand les recharges de v\u00e9hicules pour les appartements et co-propri\u00e9t\u00e9 ? - Benoit Charette - Annuel automobile - CanadaMotorJobs.com.","robots":{"index":"index","follow":"follow","max-snippet":"max-snippet:-1","max-image-preview":"max-image-preview:large","max-video-preview":"max-video-preview:-1"},"og_locale":"fr_CA","og_type":"article","og_title":"\u00c0 quand les recharges de v\u00e9hicules pour les appartements et co-propri\u00e9t\u00e9 ? - CanadaMotorJobs.com","og_description":"\u00c0 quand les recharges de v\u00e9hicules pour les appartements et co-propri\u00e9t\u00e9 ? - Benoit Charette - Annuel automobile - CanadaMotorJobs.com.","og_url":"https:\/\/news.canadamotorjobs.com\/fr\/a-quand-les-recharges-de-vehicules-pour-les-appartements-et-co-propriete\/","og_site_name":"CanadaMotorJobs.com","article_publisher":"https:\/\/www.facebook.com\/canadamotorjobs\/","article_published_time":"2022-10-01T12:54:53+00:00","article_modified_time":"2022-10-01T12:58:54+00:00","og_image":[{"width":1000,"height":568,"url":"https:\/\/news.canadamotorjobs.com\/wp-content\/uploads\/2022\/10\/5f7b790f17bcc30268290712_c480Ajt-56zy-tBdz7RHRg8kttsVw8dkkU0uORqICb8dpReinMyJ6tDHDSwyF1ODFJoozbcLUpar7vcgzBD2KPJSnC_7PIbYJb6OPxfkZobLs8fwF24-vgFaf4yVSef2IqybT9GS-1.jpeg","type":"image\/jpeg"}],"author":"Benoit Charette","twitter_card":"summary_large_image","twitter_creator":"@canadamotorjobs","twitter_site":"@canadamotorjobs","twitter_misc":{"\u00c9crit par":"Benoit Charette","Estimation du temps de lecture":"1 minute"},"schema":{"@context":"https:\/\/schema.org","@graph":[{"@type":"Article","@id":"https:\/\/news.canadamotorjobs.com\/fr\/a-quand-les-recharges-de-vehicules-pour-les-appartements-et-co-propriete\/#article","isPartOf":{"@id":"https:\/\/news.canadamotorjobs.com\/fr\/a-quand-les-recharges-de-vehicules-pour-les-appartements-et-co-propriete\/"},"author":{"name":"Benoit Charette","@id":"https:\/\/news.canadamotorjobs.com\/#\/schema\/person\/51793d1f87d44011d7bcc2ed99269a90"},"headline":"\u00c0 quand les recharges de v\u00e9hicules pour les appartements et co-propri\u00e9t\u00e9 ?","datePublished":"2022-10-01T12:54:53+00:00","dateModified":"2022-10-01T12:58:54+00:00","mainEntityOfPage":{"@id":"https:\/\/news.canadamotorjobs.com\/fr\/a-quand-les-recharges-de-vehicules-pour-les-appartements-et-co-propriete\/"},"wordCount":282,"publisher":{"@id":"https:\/\/news.canadamotorjobs.com\/#organization"},"image":{"@id":"https:\/\/news.canadamotorjobs.com\/fr\/a-quand-les-recharges-de-vehicules-pour-les-appartements-et-co-propriete\/#primaryimage"},"thumbnailUrl":"https:\/\/news.canadamotorjobs.com\/wp-content\/uploads\/2022\/10\/5f7b790f17bcc30268290712_c480Ajt-56zy-tBdz7RHRg8kttsVw8dkkU0uORqICb8dpReinMyJ6tDHDSwyF1ODFJoozbcLUpar7vcgzBD2KPJSnC_7PIbYJb6OPxfkZobLs8fwF24-vgFaf4yVSef2IqybT9GS-1.jpeg","articleSection":["Annuel automobile"],"inLanguage":"fr-CA"},{"@type":"WebPage","@id":"https:\/\/news.canadamotorjobs.com\/fr\/a-quand-les-recharges-de-vehicules-pour-les-appartements-et-co-propriete\/","url":"https:\/\/news.canadamotorjobs.com\/fr\/a-quand-les-recharges-de-vehicules-pour-les-appartements-et-co-propriete\/","name":"\u00c0 quand les recharges de v\u00e9hicules pour les appartements et co-propri\u00e9t\u00e9 ? - CanadaMotorJobs.com","isPartOf":{"@id":"https:\/\/news.canadamotorjobs.com\/#website"},"primaryImageOfPage":{"@id":"https:\/\/news.canadamotorjobs.com\/fr\/a-quand-les-recharges-de-vehicules-pour-les-appartements-et-co-propriete\/#primaryimage"},"image":{"@id":"https:\/\/news.canadamotorjobs.com\/fr\/a-quand-les-recharges-de-vehicules-pour-les-appartements-et-co-propriete\/#primaryimage"},"thumbnailUrl":"https:\/\/news.canadamotorjobs.com\/wp-content\/uploads\/2022\/10\/5f7b790f17bcc30268290712_c480Ajt-56zy-tBdz7RHRg8kttsVw8dkkU0uORqICb8dpReinMyJ6tDHDSwyF1ODFJoozbcLUpar7vcgzBD2KPJSnC_7PIbYJb6OPxfkZobLs8fwF24-vgFaf4yVSef2IqybT9GS-1.jpeg","datePublished":"2022-10-01T12:54:53+00:00","dateModified":"2022-10-01T12:58:54+00:00","description":"\u00c0 quand les recharges de v\u00e9hicules pour les appartements et co-propri\u00e9t\u00e9 ? - Benoit Charette - Annuel automobile - CanadaMotorJobs.com.","breadcrumb":{"@id":"https:\/\/news.canadamotorjobs.com\/fr\/a-quand-les-recharges-de-vehicules-pour-les-appartements-et-co-propriete\/#breadcrumb"},"inLanguage":"fr-CA","potentialAction":[{"@type":"ReadAction","target":["https:\/\/news.canadamotorjobs.com\/fr\/a-quand-les-recharges-de-vehicules-pour-les-appartements-et-co-propriete\/"]}]},{"@type":"ImageObject","inLanguage":"fr-CA","@id":"https:\/\/news.canadamotorjobs.com\/fr\/a-quand-les-recharges-de-vehicules-pour-les-appartements-et-co-propriete\/#primaryimage","url":"https:\/\/news.canadamotorjobs.com\/wp-content\/uploads\/2022\/10\/5f7b790f17bcc30268290712_c480Ajt-56zy-tBdz7RHRg8kttsVw8dkkU0uORqICb8dpReinMyJ6tDHDSwyF1ODFJoozbcLUpar7vcgzBD2KPJSnC_7PIbYJb6OPxfkZobLs8fwF24-vgFaf4yVSef2IqybT9GS-1.jpeg","contentUrl":"https:\/\/news.canadamotorjobs.com\/wp-content\/uploads\/2022\/10\/5f7b790f17bcc30268290712_c480Ajt-56zy-tBdz7RHRg8kttsVw8dkkU0uORqICb8dpReinMyJ6tDHDSwyF1ODFJoozbcLUpar7vcgzBD2KPJSnC_7PIbYJb6OPxfkZobLs8fwF24-vgFaf4yVSef2IqybT9GS-1.jpeg","width":1000,"height":568},{"@type":"BreadcrumbList","@id":"https:\/\/news.canadamotorjobs.com\/fr\/a-quand-les-recharges-de-vehicules-pour-les-appartements-et-co-propriete\/#breadcrumb","itemListElement":[{"@type":"ListItem","position":1,"name":"Home","item":"https:\/\/news.canadamotorjobs.com\/fr\/blog\/"},{"@type":"ListItem","position":2,"name":"\u00c0 quand les recharges de v\u00e9hicules pour les appartements et co-propri\u00e9t\u00e9 ?"}]},{"@type":"WebSite","@id":"https:\/\/news.canadamotorjobs.com\/#website","url":"https:\/\/news.canadamotorjobs.com\/","name":"CanadaMotorJobs.com","description":"Automotive Jobs","publisher":{"@id":"https:\/\/news.canadamotorjobs.com\/#organization"},"potentialAction":[{"@type":"SearchAction","target":{"@type":"EntryPoint","urlTemplate":"https:\/\/news.canadamotorjobs.com\/?s={search_term_string}"},"query-input":"required name=search_term_string"}],"inLanguage":"fr-CA"},{"@type":"Organization","@id":"https:\/\/news.canadamotorjobs.com\/#organization","name":"Canada Motor Jobs","url":"https:\/\/news.canadamotorjobs.com\/","logo":{"@type":"ImageObject","inLanguage":"fr-CA","@id":"https:\/\/news.canadamotorjobs.com\/#\/schema\/logo\/image\/","url":"https:\/\/news.canadamotorjobs.com\/wp-content\/uploads\/2022\/10\/logo-canada-motor-jobs-1.png","contentUrl":"https:\/\/news.canadamotorjobs.com\/wp-content\/uploads\/2022\/10\/logo-canada-motor-jobs-1.png","width":800,"height":400,"caption":"Canada Motor Jobs"},"image":{"@id":"https:\/\/news.canadamotorjobs.com\/#\/schema\/logo\/image\/"},"sameAs":["https:\/\/www.facebook.com\/canadamotorjobs\/","https:\/\/x.com\/canadamotorjobs","https:\/\/www.instagram.com\/canadamotorjobs\/","https:\/\/www.linkedin.com\/company\/canadamotorjobs"]},{"@type":"Person","@id":"https:\/\/news.canadamotorjobs.com\/#\/schema\/person\/51793d1f87d44011d7bcc2ed99269a90","name":"Benoit Charette","image":{"@type":"ImageObject","inLanguage":"fr-CA","@id":"https:\/\/news.canadamotorjobs.com\/#\/schema\/person\/image\/","url":"https:\/\/secure.gravatar.com\/avatar\/45f3d2eebcccd909668d7ce7ea7267b6?s=96&d=mm&r=g","contentUrl":"https:\/\/secure.gravatar.com\/avatar\/45f3d2eebcccd909668d7ce7ea7267b6?s=96&d=mm&r=g","caption":"Benoit Charette"},"description":"Benoit Charette \/ Propri\u00e9taire et r\u00e9dacteur en chef Benoit Charette pratique le journalisme automobile depuis bient\u00f4t 30 ans. Il a fait ses classes au c\u00f4t\u00e9 de Daniel H\u00e9raud et au Carnet de route de 1992 \u00e0 2001. Il est fondateur, copropri\u00e9taire et r\u00e9dacteur en chef de L\u2019Annuel de l\u2019automobile, qu\u2019il publie depuis 2001. Il a anim\u00e9 les \u00e9missions RPM et RPM+ sur V et les L\u00e9gendes de la route sur Historia. \u00c0 la radio depuis 1986, il reprend l\u2019antenne cette ann\u00e9e sur les ondes de Cogeco et participe pour la deuxi\u00e8me ann\u00e9e \u00e0 l\u2019\u00e9mission Passion Auto sur RDS en plus de mettre en ligne le site Web officiel de L\u2019Annuel de l\u2019automobile sur annuelauto.ca.","sameAs":["https:\/\/annuelauto.ca\/"],"url":"https:\/\/news.canadamotorjobs.com\/fr\/author\/benoit-charette\/"}]}},"_links":{"self":[{"href":"https:\/\/news.canadamotorjobs.com\/fr\/wp-json\/wp\/v2\/posts\/97358"}],"collection":[{"href":"https:\/\/news.canadamotorjobs.com\/fr\/wp-json\/wp\/v2\/posts"}],"about":[{"href":"https:\/\/news.canadamotorjobs.com\/fr\/wp-json\/wp\/v2\/types\/post"}],"author":[{"embeddable":true,"href":"https:\/\/news.canadamotorjobs.com\/fr\/wp-json\/wp\/v2\/users\/8"}],"replies":[{"embeddable":true,"href":"https:\/\/news.canadamotorjobs.com\/fr\/wp-json\/wp\/v2\/comments?post=97358"}],"version-history":[{"count":0,"href":"https:\/\/news.canadamotorjobs.com\/fr\/wp-json\/wp\/v2\/posts\/97358\/revisions"}],"wp:featuredmedia":[{"embeddable":true,"href":"https:\/\/news.canadamotorjobs.com\/fr\/wp-json\/wp\/v2\/media\/97362"}],"wp:attachment":[{"href":"https:\/\/news.canadamotorjobs.com\/fr\/wp-json\/wp\/v2\/media?parent=97358"}],"wp:term":[{"taxonomy":"category","embeddable":true,"href":"https:\/\/news.canadamotorjobs.com\/fr\/wp-json\/wp\/v2\/categories?post=97358"},{"taxonomy":"post_tag","embeddable":true,"href":"https:\/\/news.canadamotorjobs.com\/fr\/wp-json\/wp\/v2\/tags?post=97358"}],"curies":[{"name":"wp","href":"https:\/\/api.w.org\/{rel}","templated":true}]}}