{"id":94623,"date":"2022-09-30T07:32:43","date_gmt":"2022-09-30T11:32:43","guid":{"rendered":"https:\/\/blog.canadamotorjobs.com\/ford-est-accuse-davoir-utilise-de-lacier-bon-marche-pour-ses-camions-super-duty\/"},"modified":"2022-09-30T09:58:55","modified_gmt":"2022-09-30T13:58:55","slug":"ford-est-accuse-davoir-utilise-de-lacier-bon-marche-pour-ses-camions-super-duty","status":"publish","type":"post","link":"https:\/\/news.canadamotorjobs.com\/fr\/ford-est-accuse-davoir-utilise-de-lacier-bon-marche-pour-ses-camions-super-duty\/","title":{"rendered":"Ford est accus\u00e9 d\u2019avoir utilis\u00e9 de l\u2019acier bon march\u00e9 pour ses camions Super Duty."},"content":{"rendered":"<p>Un recours collectif intent\u00e9 par des propri\u00e9taires de camions Ford Super Duty accuse le constructeur automobile de dissimulation frauduleuse, entre autres choses, concernant l&#8217;int\u00e9grit\u00e9 de leurs v\u00e9hicules en cas de collision. Les avocats de Hagens Berman disent avoir la preuve que Ford a utilis\u00e9 de l&#8217;acier et des mat\u00e9riaux de pi\u00e8tre qualit\u00e9 dans le toit des camions Super Duty construits entre 1999 et 2016.<\/p>\n<h3>Une plainte devenue recours collectif<\/h3>\n<p>Selon le document d\u00e9pos\u00e9 par le cabinet d\u2019avocats, cette affirmation est \u00e9tay\u00e9e par le fait que le constructeur automobile a commercialis\u00e9 ces v\u00e9hicules comme \u00e9tant \u00e0 la fois s\u00fbrs et robustes &#8211; des qualit\u00e9s qui ont s\u00e9duit des acheteurs peu exigeants. En 1996, Ford aurait approuv\u00e9 le remplacement de l&#8217;acier au bore par de l&#8217;acier de moindre qualit\u00e9 dans les piliers B. Cela aurait permis d&#8217;\u00e9conomiser 20,86 dollars par v\u00e9hicule et de r\u00e9duire les co\u00fbts d&#8217;outillage de plus d\u2019un million de dollars. L&#8217;acier au bore serait quatre \u00e0 cinq fois plus r\u00e9sistant que l&#8217;acier qui l&#8217;a remplac\u00e9.<\/p>\n<h3>Moins d\u2019\u00e9l\u00e9ments de renforcement<\/h3>\n<p>Le recours indique aussi que Ford a supprim\u00e9 les \u00e9l\u00e9ments de renforcement autour du pare-brise et a utilis\u00e9 un acier plus faible autour du pilier A. En septembre 1998, le montant A de 2,4 mm a \u00e9t\u00e9 r\u00e9duit \u00e0 2,35 mm (pour \u00e9conomiser 0,70 $ par v\u00e9hicule). Cette \u00e9paisseur a encore \u00e9t\u00e9 r\u00e9duite \u00e0 2,2 mm en mars 1999, pour une \u00e9conomie de 1,72 $ par v\u00e9hicule.<\/p>\n","protected":false},"excerpt":{"rendered":"<p>Un recours collectif intent\u00e9 par des propri\u00e9taires de camions Ford Super Duty accuse le constructeur automobile de dissimulation frauduleuse, entre autres choses, concernant l&#8217;int\u00e9grit\u00e9 de leurs v\u00e9hicules en cas de collision. Les avocats de Hagens Berman disent avoir la preuve que Ford a utilis\u00e9 de l&#8217;acier et des mat\u00e9riaux de pi\u00e8tre qualit\u00e9 dans le toit [&hellip;]<\/p>\n","protected":false},"author":8,"featured_media":94627,"comment_status":"close","ping_status":"closed","sticky":false,"template":"","format":"standard","meta":{"_monsterinsights_skip_tracking":false,"_monsterinsights_sitenote_active":false,"_monsterinsights_sitenote_note":"","_monsterinsights_sitenote_category":0,"footnotes":""},"categories":[101],"tags":[131],"yoast_head":"<!-- This site is optimized with the Yoast SEO plugin v23.2 - https:\/\/yoast.com\/wordpress\/plugins\/seo\/ -->\n<title>Ford est accus\u00e9 d\u2019avoir utilis\u00e9 de l\u2019acier bon march\u00e9 pour ses camions Super Duty. - CanadaMotorJobs.com<\/title>\n<meta name=\"description\" content=\"Ford est accus\u00e9 d\u2019avoir utilis\u00e9 de l\u2019acier bon march\u00e9 pour ses camions Super Duty. - Benoit Charette - Annuel automobile - CanadaMotorJobs.com.\" \/>\n<meta name=\"robots\" content=\"index, follow, max-snippet:-1, max-image-preview:large, max-video-preview:-1\" \/>\n<meta property=\"og:locale\" content=\"fr_CA\" \/>\n<meta property=\"og:type\" content=\"article\" \/>\n<meta property=\"og:title\" content=\"Ford est accus\u00e9 d\u2019avoir utilis\u00e9 de l\u2019acier bon march\u00e9 pour ses camions Super Duty. - CanadaMotorJobs.com\" \/>\n<meta property=\"og:description\" content=\"Ford est accus\u00e9 d\u2019avoir utilis\u00e9 de l\u2019acier bon march\u00e9 pour ses camions Super Duty. - Benoit Charette - Annuel automobile - CanadaMotorJobs.com.\" \/>\n<meta property=\"og:url\" content=\"https:\/\/news.canadamotorjobs.com\/fr\/ford-est-accuse-davoir-utilise-de-lacier-bon-marche-pour-ses-camions-super-duty\/\" \/>\n<meta property=\"og:site_name\" content=\"CanadaMotorJobs.com\" \/>\n<meta property=\"article:publisher\" content=\"https:\/\/www.facebook.com\/canadamotorjobs\/\" \/>\n<meta property=\"article:published_time\" content=\"2022-09-30T11:32:43+00:00\" \/>\n<meta property=\"article:modified_time\" content=\"2022-09-30T13:58:55+00:00\" \/>\n<meta property=\"og:image\" content=\"https:\/\/news.canadamotorjobs.com\/wp-content\/uploads\/2022\/09\/Ford-Accident-2-1.png\" \/>\n\t<meta property=\"og:image:width\" content=\"1200\" \/>\n\t<meta property=\"og:image:height\" content=\"630\" \/>\n\t<meta property=\"og:image:type\" content=\"image\/png\" \/>\n<meta name=\"author\" content=\"Benoit Charette\" \/>\n<meta name=\"twitter:card\" content=\"summary_large_image\" \/>\n<meta name=\"twitter:creator\" content=\"@canadamotorjobs\" \/>\n<meta name=\"twitter:site\" content=\"@canadamotorjobs\" \/>\n<meta name=\"twitter:label1\" content=\"\u00c9crit par\" \/>\n\t<meta name=\"twitter:data1\" content=\"Benoit Charette\" \/>\n\t<meta name=\"twitter:label2\" content=\"Estimation du temps de lecture\" \/>\n\t<meta name=\"twitter:data2\" content=\"2 minutes\" \/>\n<!-- \/ Yoast SEO plugin. -->","yoast_head_json":{"title":"Ford est accus\u00e9 d\u2019avoir utilis\u00e9 de l\u2019acier bon march\u00e9 pour ses camions Super Duty. - CanadaMotorJobs.com","description":"Ford est accus\u00e9 d\u2019avoir utilis\u00e9 de l\u2019acier bon march\u00e9 pour ses camions Super Duty. - Benoit Charette - Annuel automobile - CanadaMotorJobs.com.","robots":{"index":"index","follow":"follow","max-snippet":"max-snippet:-1","max-image-preview":"max-image-preview:large","max-video-preview":"max-video-preview:-1"},"og_locale":"fr_CA","og_type":"article","og_title":"Ford est accus\u00e9 d\u2019avoir utilis\u00e9 de l\u2019acier bon march\u00e9 pour ses camions Super Duty. - CanadaMotorJobs.com","og_description":"Ford est accus\u00e9 d\u2019avoir utilis\u00e9 de l\u2019acier bon march\u00e9 pour ses camions Super Duty. - Benoit Charette - Annuel automobile - CanadaMotorJobs.com.","og_url":"https:\/\/news.canadamotorjobs.com\/fr\/ford-est-accuse-davoir-utilise-de-lacier-bon-marche-pour-ses-camions-super-duty\/","og_site_name":"CanadaMotorJobs.com","article_publisher":"https:\/\/www.facebook.com\/canadamotorjobs\/","article_published_time":"2022-09-30T11:32:43+00:00","article_modified_time":"2022-09-30T13:58:55+00:00","og_image":[{"width":1200,"height":630,"url":"https:\/\/news.canadamotorjobs.com\/wp-content\/uploads\/2022\/09\/Ford-Accident-2-1.png","type":"image\/png"}],"author":"Benoit Charette","twitter_card":"summary_large_image","twitter_creator":"@canadamotorjobs","twitter_site":"@canadamotorjobs","twitter_misc":{"\u00c9crit par":"Benoit Charette","Estimation du temps de lecture":"2 minutes"},"schema":{"@context":"https:\/\/schema.org","@graph":[{"@type":"Article","@id":"https:\/\/news.canadamotorjobs.com\/fr\/ford-est-accuse-davoir-utilise-de-lacier-bon-marche-pour-ses-camions-super-duty\/#article","isPartOf":{"@id":"https:\/\/news.canadamotorjobs.com\/fr\/ford-est-accuse-davoir-utilise-de-lacier-bon-marche-pour-ses-camions-super-duty\/"},"author":{"name":"Benoit Charette","@id":"https:\/\/news.canadamotorjobs.com\/#\/schema\/person\/51793d1f87d44011d7bcc2ed99269a90"},"headline":"Ford est accus\u00e9 d\u2019avoir utilis\u00e9 de l\u2019acier bon march\u00e9 pour ses camions Super Duty.","datePublished":"2022-09-30T11:32:43+00:00","dateModified":"2022-09-30T13:58:55+00:00","mainEntityOfPage":{"@id":"https:\/\/news.canadamotorjobs.com\/fr\/ford-est-accuse-davoir-utilise-de-lacier-bon-marche-pour-ses-camions-super-duty\/"},"wordCount":269,"publisher":{"@id":"https:\/\/news.canadamotorjobs.com\/#organization"},"image":{"@id":"https:\/\/news.canadamotorjobs.com\/fr\/ford-est-accuse-davoir-utilise-de-lacier-bon-marche-pour-ses-camions-super-duty\/#primaryimage"},"thumbnailUrl":"https:\/\/news.canadamotorjobs.com\/wp-content\/uploads\/2022\/09\/Ford-Accident-2-1.png","keywords":["Newsletter"],"articleSection":["Annuel automobile"],"inLanguage":"fr-CA"},{"@type":"WebPage","@id":"https:\/\/news.canadamotorjobs.com\/fr\/ford-est-accuse-davoir-utilise-de-lacier-bon-marche-pour-ses-camions-super-duty\/","url":"https:\/\/news.canadamotorjobs.com\/fr\/ford-est-accuse-davoir-utilise-de-lacier-bon-marche-pour-ses-camions-super-duty\/","name":"Ford est accus\u00e9 d\u2019avoir utilis\u00e9 de l\u2019acier bon march\u00e9 pour ses camions Super Duty. - CanadaMotorJobs.com","isPartOf":{"@id":"https:\/\/news.canadamotorjobs.com\/#website"},"primaryImageOfPage":{"@id":"https:\/\/news.canadamotorjobs.com\/fr\/ford-est-accuse-davoir-utilise-de-lacier-bon-marche-pour-ses-camions-super-duty\/#primaryimage"},"image":{"@id":"https:\/\/news.canadamotorjobs.com\/fr\/ford-est-accuse-davoir-utilise-de-lacier-bon-marche-pour-ses-camions-super-duty\/#primaryimage"},"thumbnailUrl":"https:\/\/news.canadamotorjobs.com\/wp-content\/uploads\/2022\/09\/Ford-Accident-2-1.png","datePublished":"2022-09-30T11:32:43+00:00","dateModified":"2022-09-30T13:58:55+00:00","description":"Ford est accus\u00e9 d\u2019avoir utilis\u00e9 de l\u2019acier bon march\u00e9 pour ses camions Super Duty. - Benoit Charette - Annuel automobile - CanadaMotorJobs.com.","breadcrumb":{"@id":"https:\/\/news.canadamotorjobs.com\/fr\/ford-est-accuse-davoir-utilise-de-lacier-bon-marche-pour-ses-camions-super-duty\/#breadcrumb"},"inLanguage":"fr-CA","potentialAction":[{"@type":"ReadAction","target":["https:\/\/news.canadamotorjobs.com\/fr\/ford-est-accuse-davoir-utilise-de-lacier-bon-marche-pour-ses-camions-super-duty\/"]}]},{"@type":"ImageObject","inLanguage":"fr-CA","@id":"https:\/\/news.canadamotorjobs.com\/fr\/ford-est-accuse-davoir-utilise-de-lacier-bon-marche-pour-ses-camions-super-duty\/#primaryimage","url":"https:\/\/news.canadamotorjobs.com\/wp-content\/uploads\/2022\/09\/Ford-Accident-2-1.png","contentUrl":"https:\/\/news.canadamotorjobs.com\/wp-content\/uploads\/2022\/09\/Ford-Accident-2-1.png","width":1200,"height":630},{"@type":"BreadcrumbList","@id":"https:\/\/news.canadamotorjobs.com\/fr\/ford-est-accuse-davoir-utilise-de-lacier-bon-marche-pour-ses-camions-super-duty\/#breadcrumb","itemListElement":[{"@type":"ListItem","position":1,"name":"Home","item":"https:\/\/news.canadamotorjobs.com\/fr\/blog\/"},{"@type":"ListItem","position":2,"name":"Ford est accus\u00e9 d\u2019avoir utilis\u00e9 de l\u2019acier bon march\u00e9 pour ses camions Super Duty."}]},{"@type":"WebSite","@id":"https:\/\/news.canadamotorjobs.com\/#website","url":"https:\/\/news.canadamotorjobs.com\/","name":"CanadaMotorJobs.com","description":"Automotive Jobs","publisher":{"@id":"https:\/\/news.canadamotorjobs.com\/#organization"},"potentialAction":[{"@type":"SearchAction","target":{"@type":"EntryPoint","urlTemplate":"https:\/\/news.canadamotorjobs.com\/?s={search_term_string}"},"query-input":"required name=search_term_string"}],"inLanguage":"fr-CA"},{"@type":"Organization","@id":"https:\/\/news.canadamotorjobs.com\/#organization","name":"Canada Motor Jobs","url":"https:\/\/news.canadamotorjobs.com\/","logo":{"@type":"ImageObject","inLanguage":"fr-CA","@id":"https:\/\/news.canadamotorjobs.com\/#\/schema\/logo\/image\/","url":"https:\/\/news.canadamotorjobs.com\/wp-content\/uploads\/2022\/10\/logo-canada-motor-jobs-1.png","contentUrl":"https:\/\/news.canadamotorjobs.com\/wp-content\/uploads\/2022\/10\/logo-canada-motor-jobs-1.png","width":800,"height":400,"caption":"Canada Motor Jobs"},"image":{"@id":"https:\/\/news.canadamotorjobs.com\/#\/schema\/logo\/image\/"},"sameAs":["https:\/\/www.facebook.com\/canadamotorjobs\/","https:\/\/x.com\/canadamotorjobs","https:\/\/www.instagram.com\/canadamotorjobs\/","https:\/\/www.linkedin.com\/company\/canadamotorjobs"]},{"@type":"Person","@id":"https:\/\/news.canadamotorjobs.com\/#\/schema\/person\/51793d1f87d44011d7bcc2ed99269a90","name":"Benoit Charette","image":{"@type":"ImageObject","inLanguage":"fr-CA","@id":"https:\/\/news.canadamotorjobs.com\/#\/schema\/person\/image\/","url":"https:\/\/secure.gravatar.com\/avatar\/45f3d2eebcccd909668d7ce7ea7267b6?s=96&d=mm&r=g","contentUrl":"https:\/\/secure.gravatar.com\/avatar\/45f3d2eebcccd909668d7ce7ea7267b6?s=96&d=mm&r=g","caption":"Benoit Charette"},"description":"Benoit Charette \/ Propri\u00e9taire et r\u00e9dacteur en chef Benoit Charette pratique le journalisme automobile depuis bient\u00f4t 30 ans. Il a fait ses classes au c\u00f4t\u00e9 de Daniel H\u00e9raud et au Carnet de route de 1992 \u00e0 2001. Il est fondateur, copropri\u00e9taire et r\u00e9dacteur en chef de L\u2019Annuel de l\u2019automobile, qu\u2019il publie depuis 2001. Il a anim\u00e9 les \u00e9missions RPM et RPM+ sur V et les L\u00e9gendes de la route sur Historia. \u00c0 la radio depuis 1986, il reprend l\u2019antenne cette ann\u00e9e sur les ondes de Cogeco et participe pour la deuxi\u00e8me ann\u00e9e \u00e0 l\u2019\u00e9mission Passion Auto sur RDS en plus de mettre en ligne le site Web officiel de L\u2019Annuel de l\u2019automobile sur annuelauto.ca.","sameAs":["https:\/\/annuelauto.ca\/"],"url":"https:\/\/news.canadamotorjobs.com\/fr\/author\/benoit-charette\/"}]}},"_links":{"self":[{"href":"https:\/\/news.canadamotorjobs.com\/fr\/wp-json\/wp\/v2\/posts\/94623"}],"collection":[{"href":"https:\/\/news.canadamotorjobs.com\/fr\/wp-json\/wp\/v2\/posts"}],"about":[{"href":"https:\/\/news.canadamotorjobs.com\/fr\/wp-json\/wp\/v2\/types\/post"}],"author":[{"embeddable":true,"href":"https:\/\/news.canadamotorjobs.com\/fr\/wp-json\/wp\/v2\/users\/8"}],"replies":[{"embeddable":true,"href":"https:\/\/news.canadamotorjobs.com\/fr\/wp-json\/wp\/v2\/comments?post=94623"}],"version-history":[{"count":0,"href":"https:\/\/news.canadamotorjobs.com\/fr\/wp-json\/wp\/v2\/posts\/94623\/revisions"}],"wp:featuredmedia":[{"embeddable":true,"href":"https:\/\/news.canadamotorjobs.com\/fr\/wp-json\/wp\/v2\/media\/94627"}],"wp:attachment":[{"href":"https:\/\/news.canadamotorjobs.com\/fr\/wp-json\/wp\/v2\/media?parent=94623"}],"wp:term":[{"taxonomy":"category","embeddable":true,"href":"https:\/\/news.canadamotorjobs.com\/fr\/wp-json\/wp\/v2\/categories?post=94623"},{"taxonomy":"post_tag","embeddable":true,"href":"https:\/\/news.canadamotorjobs.com\/fr\/wp-json\/wp\/v2\/tags?post=94623"}],"curies":[{"name":"wp","href":"https:\/\/api.w.org\/{rel}","templated":true}]}}