{"id":94527,"date":"2022-09-30T07:05:23","date_gmt":"2022-09-30T11:05:23","guid":{"rendered":"https:\/\/blog.canadamotorjobs.com\/rivian-ne-peut-pas-vendre-de-vehicules-au-canada\/"},"modified":"2022-09-30T10:00:08","modified_gmt":"2022-09-30T14:00:08","slug":"rivian-ne-peut-pas-vendre-de-vehicules-au-canada","status":"publish","type":"post","link":"https:\/\/news.canadamotorjobs.com\/fr\/rivian-ne-peut-pas-vendre-de-vehicules-au-canada\/","title":{"rendered":"Rivian ne peut pas vendre de v\u00e9hicules au Canada"},"content":{"rendered":"<p>La compagnie n&#8217;a pas obtenu sa certification de Transport Canada et ne peut pas vendre de v\u00e9hicules au Canada pour le moment. Rivian a bien promis de revenir et de faire \u00e0 nouveau un essai, sans pr\u00e9ciser quand.\u00a0 Un rapport fait \u00e9tat de probl\u00e8mes li\u00e9s aux unit\u00e9s de mesure, aux \u00e9tiquettes, au bruit et aux dispositifs antivol. Rivian pourra pr\u00e9senter une nouvelle demande d&#8217;homologation d\u00e8s qu&#8217;elle aura r\u00e9solu tous les probl\u00e8mes.<\/p>\n<h3>Des probl\u00e8mes de conformit\u00e9<\/h3>\n<p>Cela signifie que les d\u00e9tenteurs de r\u00e9servations canadiennes devront continuer \u00e0 attendre leurs camions et VUS \u00e9lectriques R1T ou R1S. Apr\u00e8s avoir d\u00e9pass\u00e9 l&#8217;objectif initial de ventes au Canada, qui \u00e9tait fix\u00e9 \u00e0 novembre 2021, Rivian a annonc\u00e9 qu&#8217;elle demanderait une certification \u00e0 Transports Canada en septembre 2022. Cela a \u00e9t\u00e9 fait dans les temps, il y a quelques jours seulement, mais \u00e9tonnamment, la demande a \u00e9t\u00e9 rejet\u00e9e par l&#8217;agence gouvernementale en raison d&#8217;un certain nombre de probl\u00e8mes de non-conformit\u00e9.<\/p>\n<h3>Pas de d\u00e9tails<\/h3>\n<p>Transport Canada n&#8217;a pas r\u00e9v\u00e9l\u00e9 les d\u00e9tails de la raison pour laquelle Rivian a \u00e9chou\u00e9, disant seulement que le constructeur automobile &#8220;n&#8217;a pas encore fourni de preuve satisfaisante de conformit\u00e9 \u00e0 toutes les normes de s\u00e9curit\u00e9 des v\u00e9hicules automobiles canadiens applicables&#8221;.Cette certification est n\u00e9cessaire pour que les constructeurs automobiles puissent vendre leurs v\u00e9hicules au Canada afin de s&#8217;assurer qu&#8217;ils sont conformes \u00e0 toutes les lois qui s&#8217;appliquent au march\u00e9 canadien, qui diff\u00e8rent des lois am\u00e9ricaines \u00e0 bien des \u00e9gards.<\/p>\n<p>Ces probl\u00e8mes ne sont pas tr\u00e8s graves, mais les futurs propri\u00e9taires devront<\/p>\n","protected":false},"excerpt":{"rendered":"<p>La compagnie n&#8217;a pas obtenu sa certification de Transport Canada et ne peut pas vendre de v\u00e9hicules au Canada pour le moment. Rivian a bien promis de revenir et de faire \u00e0 nouveau un essai, sans pr\u00e9ciser quand.\u00a0 Un rapport fait \u00e9tat de probl\u00e8mes li\u00e9s aux unit\u00e9s de mesure, aux \u00e9tiquettes, au bruit et aux [&hellip;]<\/p>\n","protected":false},"author":8,"featured_media":94531,"comment_status":"close","ping_status":"closed","sticky":false,"template":"","format":"standard","meta":{"_monsterinsights_skip_tracking":false,"_monsterinsights_sitenote_active":false,"_monsterinsights_sitenote_note":"","_monsterinsights_sitenote_category":0,"footnotes":""},"categories":[101],"tags":[131],"yoast_head":"<!-- This site is optimized with the Yoast SEO plugin v23.2 - https:\/\/yoast.com\/wordpress\/plugins\/seo\/ -->\n<title>Rivian ne peut pas vendre de v\u00e9hicules au Canada - CanadaMotorJobs.com<\/title>\n<meta name=\"description\" content=\"Rivian ne peut pas vendre de v\u00e9hicules au Canada - Benoit Charette - Annuel automobile - CanadaMotorJobs.com.\" \/>\n<meta name=\"robots\" content=\"index, follow, max-snippet:-1, max-image-preview:large, max-video-preview:-1\" \/>\n<meta property=\"og:locale\" content=\"fr_CA\" \/>\n<meta property=\"og:type\" content=\"article\" \/>\n<meta property=\"og:title\" content=\"Rivian ne peut pas vendre de v\u00e9hicules au Canada - CanadaMotorJobs.com\" \/>\n<meta property=\"og:description\" content=\"Rivian ne peut pas vendre de v\u00e9hicules au Canada - Benoit Charette - Annuel automobile - CanadaMotorJobs.com.\" \/>\n<meta property=\"og:url\" content=\"https:\/\/news.canadamotorjobs.com\/fr\/rivian-ne-peut-pas-vendre-de-vehicules-au-canada\/\" \/>\n<meta property=\"og:site_name\" content=\"CanadaMotorJobs.com\" \/>\n<meta property=\"article:publisher\" content=\"https:\/\/www.facebook.com\/canadamotorjobs\/\" \/>\n<meta property=\"article:published_time\" content=\"2022-09-30T11:05:23+00:00\" \/>\n<meta property=\"article:modified_time\" content=\"2022-09-30T14:00:08+00:00\" \/>\n<meta property=\"og:image\" content=\"https:\/\/news.canadamotorjobs.com\/wp-content\/uploads\/2022\/09\/rivian-r1s_100769483_h-1.jpg\" \/>\n\t<meta property=\"og:image:width\" content=\"1920\" \/>\n\t<meta property=\"og:image:height\" content=\"1280\" \/>\n\t<meta property=\"og:image:type\" content=\"image\/jpeg\" \/>\n<meta name=\"author\" content=\"Benoit Charette\" \/>\n<meta name=\"twitter:card\" content=\"summary_large_image\" \/>\n<meta name=\"twitter:creator\" content=\"@canadamotorjobs\" \/>\n<meta name=\"twitter:site\" content=\"@canadamotorjobs\" \/>\n<meta name=\"twitter:label1\" content=\"\u00c9crit par\" \/>\n\t<meta name=\"twitter:data1\" content=\"Benoit Charette\" \/>\n\t<meta name=\"twitter:label2\" content=\"Estimation du temps de lecture\" \/>\n\t<meta name=\"twitter:data2\" content=\"2 minutes\" \/>\n<!-- \/ Yoast SEO plugin. -->","yoast_head_json":{"title":"Rivian ne peut pas vendre de v\u00e9hicules au Canada - CanadaMotorJobs.com","description":"Rivian ne peut pas vendre de v\u00e9hicules au Canada - Benoit Charette - Annuel automobile - CanadaMotorJobs.com.","robots":{"index":"index","follow":"follow","max-snippet":"max-snippet:-1","max-image-preview":"max-image-preview:large","max-video-preview":"max-video-preview:-1"},"og_locale":"fr_CA","og_type":"article","og_title":"Rivian ne peut pas vendre de v\u00e9hicules au Canada - CanadaMotorJobs.com","og_description":"Rivian ne peut pas vendre de v\u00e9hicules au Canada - Benoit Charette - Annuel automobile - CanadaMotorJobs.com.","og_url":"https:\/\/news.canadamotorjobs.com\/fr\/rivian-ne-peut-pas-vendre-de-vehicules-au-canada\/","og_site_name":"CanadaMotorJobs.com","article_publisher":"https:\/\/www.facebook.com\/canadamotorjobs\/","article_published_time":"2022-09-30T11:05:23+00:00","article_modified_time":"2022-09-30T14:00:08+00:00","og_image":[{"width":1920,"height":1280,"url":"https:\/\/news.canadamotorjobs.com\/wp-content\/uploads\/2022\/09\/rivian-r1s_100769483_h-1.jpg","type":"image\/jpeg"}],"author":"Benoit Charette","twitter_card":"summary_large_image","twitter_creator":"@canadamotorjobs","twitter_site":"@canadamotorjobs","twitter_misc":{"\u00c9crit par":"Benoit Charette","Estimation du temps de lecture":"2 minutes"},"schema":{"@context":"https:\/\/schema.org","@graph":[{"@type":"Article","@id":"https:\/\/news.canadamotorjobs.com\/fr\/rivian-ne-peut-pas-vendre-de-vehicules-au-canada\/#article","isPartOf":{"@id":"https:\/\/news.canadamotorjobs.com\/fr\/rivian-ne-peut-pas-vendre-de-vehicules-au-canada\/"},"author":{"name":"Benoit Charette","@id":"https:\/\/news.canadamotorjobs.com\/#\/schema\/person\/51793d1f87d44011d7bcc2ed99269a90"},"headline":"Rivian ne peut pas vendre de v\u00e9hicules au Canada","datePublished":"2022-09-30T11:05:23+00:00","dateModified":"2022-09-30T14:00:08+00:00","mainEntityOfPage":{"@id":"https:\/\/news.canadamotorjobs.com\/fr\/rivian-ne-peut-pas-vendre-de-vehicules-au-canada\/"},"wordCount":294,"publisher":{"@id":"https:\/\/news.canadamotorjobs.com\/#organization"},"image":{"@id":"https:\/\/news.canadamotorjobs.com\/fr\/rivian-ne-peut-pas-vendre-de-vehicules-au-canada\/#primaryimage"},"thumbnailUrl":"https:\/\/news.canadamotorjobs.com\/wp-content\/uploads\/2022\/09\/rivian-r1s_100769483_h-1.jpg","keywords":["Newsletter"],"articleSection":["Annuel automobile"],"inLanguage":"fr-CA"},{"@type":"WebPage","@id":"https:\/\/news.canadamotorjobs.com\/fr\/rivian-ne-peut-pas-vendre-de-vehicules-au-canada\/","url":"https:\/\/news.canadamotorjobs.com\/fr\/rivian-ne-peut-pas-vendre-de-vehicules-au-canada\/","name":"Rivian ne peut pas vendre de v\u00e9hicules au Canada - CanadaMotorJobs.com","isPartOf":{"@id":"https:\/\/news.canadamotorjobs.com\/#website"},"primaryImageOfPage":{"@id":"https:\/\/news.canadamotorjobs.com\/fr\/rivian-ne-peut-pas-vendre-de-vehicules-au-canada\/#primaryimage"},"image":{"@id":"https:\/\/news.canadamotorjobs.com\/fr\/rivian-ne-peut-pas-vendre-de-vehicules-au-canada\/#primaryimage"},"thumbnailUrl":"https:\/\/news.canadamotorjobs.com\/wp-content\/uploads\/2022\/09\/rivian-r1s_100769483_h-1.jpg","datePublished":"2022-09-30T11:05:23+00:00","dateModified":"2022-09-30T14:00:08+00:00","description":"Rivian ne peut pas vendre de v\u00e9hicules au Canada - Benoit Charette - Annuel automobile - CanadaMotorJobs.com.","breadcrumb":{"@id":"https:\/\/news.canadamotorjobs.com\/fr\/rivian-ne-peut-pas-vendre-de-vehicules-au-canada\/#breadcrumb"},"inLanguage":"fr-CA","potentialAction":[{"@type":"ReadAction","target":["https:\/\/news.canadamotorjobs.com\/fr\/rivian-ne-peut-pas-vendre-de-vehicules-au-canada\/"]}]},{"@type":"ImageObject","inLanguage":"fr-CA","@id":"https:\/\/news.canadamotorjobs.com\/fr\/rivian-ne-peut-pas-vendre-de-vehicules-au-canada\/#primaryimage","url":"https:\/\/news.canadamotorjobs.com\/wp-content\/uploads\/2022\/09\/rivian-r1s_100769483_h-1.jpg","contentUrl":"https:\/\/news.canadamotorjobs.com\/wp-content\/uploads\/2022\/09\/rivian-r1s_100769483_h-1.jpg","width":1920,"height":1280},{"@type":"BreadcrumbList","@id":"https:\/\/news.canadamotorjobs.com\/fr\/rivian-ne-peut-pas-vendre-de-vehicules-au-canada\/#breadcrumb","itemListElement":[{"@type":"ListItem","position":1,"name":"Home","item":"https:\/\/news.canadamotorjobs.com\/fr\/blog\/"},{"@type":"ListItem","position":2,"name":"Rivian ne peut pas vendre de v\u00e9hicules au Canada"}]},{"@type":"WebSite","@id":"https:\/\/news.canadamotorjobs.com\/#website","url":"https:\/\/news.canadamotorjobs.com\/","name":"CanadaMotorJobs.com","description":"Automotive Jobs","publisher":{"@id":"https:\/\/news.canadamotorjobs.com\/#organization"},"potentialAction":[{"@type":"SearchAction","target":{"@type":"EntryPoint","urlTemplate":"https:\/\/news.canadamotorjobs.com\/?s={search_term_string}"},"query-input":"required name=search_term_string"}],"inLanguage":"fr-CA"},{"@type":"Organization","@id":"https:\/\/news.canadamotorjobs.com\/#organization","name":"Canada Motor Jobs","url":"https:\/\/news.canadamotorjobs.com\/","logo":{"@type":"ImageObject","inLanguage":"fr-CA","@id":"https:\/\/news.canadamotorjobs.com\/#\/schema\/logo\/image\/","url":"https:\/\/news.canadamotorjobs.com\/wp-content\/uploads\/2022\/10\/logo-canada-motor-jobs-1.png","contentUrl":"https:\/\/news.canadamotorjobs.com\/wp-content\/uploads\/2022\/10\/logo-canada-motor-jobs-1.png","width":800,"height":400,"caption":"Canada Motor Jobs"},"image":{"@id":"https:\/\/news.canadamotorjobs.com\/#\/schema\/logo\/image\/"},"sameAs":["https:\/\/www.facebook.com\/canadamotorjobs\/","https:\/\/x.com\/canadamotorjobs","https:\/\/www.instagram.com\/canadamotorjobs\/","https:\/\/www.linkedin.com\/company\/canadamotorjobs"]},{"@type":"Person","@id":"https:\/\/news.canadamotorjobs.com\/#\/schema\/person\/51793d1f87d44011d7bcc2ed99269a90","name":"Benoit Charette","image":{"@type":"ImageObject","inLanguage":"fr-CA","@id":"https:\/\/news.canadamotorjobs.com\/#\/schema\/person\/image\/","url":"https:\/\/secure.gravatar.com\/avatar\/45f3d2eebcccd909668d7ce7ea7267b6?s=96&d=mm&r=g","contentUrl":"https:\/\/secure.gravatar.com\/avatar\/45f3d2eebcccd909668d7ce7ea7267b6?s=96&d=mm&r=g","caption":"Benoit Charette"},"description":"Benoit Charette \/ Propri\u00e9taire et r\u00e9dacteur en chef Benoit Charette pratique le journalisme automobile depuis bient\u00f4t 30 ans. Il a fait ses classes au c\u00f4t\u00e9 de Daniel H\u00e9raud et au Carnet de route de 1992 \u00e0 2001. Il est fondateur, copropri\u00e9taire et r\u00e9dacteur en chef de L\u2019Annuel de l\u2019automobile, qu\u2019il publie depuis 2001. Il a anim\u00e9 les \u00e9missions RPM et RPM+ sur V et les L\u00e9gendes de la route sur Historia. \u00c0 la radio depuis 1986, il reprend l\u2019antenne cette ann\u00e9e sur les ondes de Cogeco et participe pour la deuxi\u00e8me ann\u00e9e \u00e0 l\u2019\u00e9mission Passion Auto sur RDS en plus de mettre en ligne le site Web officiel de L\u2019Annuel de l\u2019automobile sur annuelauto.ca.","sameAs":["https:\/\/annuelauto.ca\/"],"url":"https:\/\/news.canadamotorjobs.com\/fr\/author\/benoit-charette\/"}]}},"_links":{"self":[{"href":"https:\/\/news.canadamotorjobs.com\/fr\/wp-json\/wp\/v2\/posts\/94527"}],"collection":[{"href":"https:\/\/news.canadamotorjobs.com\/fr\/wp-json\/wp\/v2\/posts"}],"about":[{"href":"https:\/\/news.canadamotorjobs.com\/fr\/wp-json\/wp\/v2\/types\/post"}],"author":[{"embeddable":true,"href":"https:\/\/news.canadamotorjobs.com\/fr\/wp-json\/wp\/v2\/users\/8"}],"replies":[{"embeddable":true,"href":"https:\/\/news.canadamotorjobs.com\/fr\/wp-json\/wp\/v2\/comments?post=94527"}],"version-history":[{"count":0,"href":"https:\/\/news.canadamotorjobs.com\/fr\/wp-json\/wp\/v2\/posts\/94527\/revisions"}],"wp:featuredmedia":[{"embeddable":true,"href":"https:\/\/news.canadamotorjobs.com\/fr\/wp-json\/wp\/v2\/media\/94531"}],"wp:attachment":[{"href":"https:\/\/news.canadamotorjobs.com\/fr\/wp-json\/wp\/v2\/media?parent=94527"}],"wp:term":[{"taxonomy":"category","embeddable":true,"href":"https:\/\/news.canadamotorjobs.com\/fr\/wp-json\/wp\/v2\/categories?post=94527"},{"taxonomy":"post_tag","embeddable":true,"href":"https:\/\/news.canadamotorjobs.com\/fr\/wp-json\/wp\/v2\/tags?post=94527"}],"curies":[{"name":"wp","href":"https:\/\/api.w.org\/{rel}","templated":true}]}}