{"id":92187,"date":"2022-09-29T17:52:03","date_gmt":"2022-09-29T21:52:03","guid":{"rendered":"https:\/\/blog.canadamotorjobs.com\/les-livraisons-de-cadillac-lyriq-sont-interrompues-en-raison-de-problemes-electroniques\/"},"modified":"2022-09-29T17:59:43","modified_gmt":"2022-09-29T21:59:43","slug":"les-livraisons-de-cadillac-lyriq-sont-interrompues-en-raison-de-problemes-electroniques","status":"publish","type":"post","link":"https:\/\/news.canadamotorjobs.com\/fr\/les-livraisons-de-cadillac-lyriq-sont-interrompues-en-raison-de-problemes-electroniques\/","title":{"rendered":"Les livraisons de Cadillac Lyriq sont interrompues en raison de probl\u00e8mes \u00e9lectroniques"},"content":{"rendered":"<\/p>\n<p>D\u00e9cid\u00e9ment, beaucoup de constructeurs automobiles connaissent toutes sortes de probl\u00e8mes avec les v\u00e9hicules \u00e9lectriques. Il semble que les nouvelles composantes \u00e9lectroniques sont victimes de toutes sortes de rat\u00e9s. Voil\u00e0 que la toute nouvelle Cadillac Lyriq 2023 fait l&#8217;objet d&#8217;un tel rappel, ce qui a conduit General Motors \u00e0 suspendre les livraisons jusqu&#8217;\u00e0 ce que le probl\u00e8me soit r\u00e9solu.<br \/> C\u2019est quoi le probl\u00e8me<br \/> En bref, le probl\u00e8me est un tableau de bord qui s&#8217;\u00e9teint et n&#8217;affiche pas les informations essentielles comme la vitesse et les t\u00e9moins d&#8217;alerte. Ainsi, m\u00eame si cela n&#8217;emp\u00eache pas les propri\u00e9taires de conduire leur v\u00e9hicule, il y a un risque s\u00e9rieux pour la s\u00e9curit\u00e9 qui existe si l&#8217;\u00e9cran s&#8217;\u00e9teint et que le conducteur n&#8217;est pas alert\u00e9 d&#8217;un probl\u00e8me avec la voiture.<br \/> Selon les documents d\u00e9pos\u00e9s aupr\u00e8s de la National Highway Traffic Safety Administration (NHTSA), le nombre potentiel d&#8217;unit\u00e9s concern\u00e9es est de 186. Une chance qu\u2019il y a encore peu de mod\u00e8les sur la route, cela limite les d\u00e9g\u00e2ts.<br \/> 16 incidents d\u00e9j\u00e0 rapport\u00e9s<br \/> Le propre enqu\u00eateur de GM a trouv\u00e9 16 incidents sur le terrain li\u00e9s \u00e0 l&#8217;\u00e9cran vide du Lyriq, il est donc clair que quelque chose doit \u00eatre fait. Selon la documentation, &#8220;le module de contr\u00f4le de l&#8217;affichage vid\u00e9o du conducteur dans ces v\u00e9hicules effectue occasionnellement un cycle de d\u00e9marrage\/arr\u00eat lorsque le v\u00e9hicule est gar\u00e9 et \u00e9teint, qui peut \u00eatre interrompu si une porte est ouverte&#8221;. Si ce cycle de d\u00e9marrage\/arr\u00eat est interrompu dans une fen\u00eatre sp\u00e9cifique de cinq secondes, l&#8217;\u00e9cran vid\u00e9o du conducteur peut s&#8217;\u00e9teindre.<\/p>\n","protected":false},"excerpt":{"rendered":"<p>D\u00e9cid\u00e9ment, beaucoup de constructeurs automobiles connaissent toutes sortes de probl\u00e8mes avec les v\u00e9hicules \u00e9lectriques. Il semble que les nouvelles composantes \u00e9lectroniques sont victimes de toutes sortes de rat\u00e9s. Voil\u00e0 que la toute nouvelle Cadillac Lyriq 2023 fait l&#8217;objet d&#8217;un tel rappel, ce qui a conduit General Motors \u00e0 suspendre les livraisons jusqu&#8217;\u00e0 ce que le [&hellip;]<\/p>\n","protected":false},"author":8,"featured_media":92191,"comment_status":"close","ping_status":"closed","sticky":false,"template":"","format":"standard","meta":{"_monsterinsights_skip_tracking":false,"_monsterinsights_sitenote_active":false,"_monsterinsights_sitenote_note":"","_monsterinsights_sitenote_category":0,"footnotes":""},"categories":[101],"tags":[],"yoast_head":"<!-- This site is optimized with the Yoast SEO plugin v23.2 - https:\/\/yoast.com\/wordpress\/plugins\/seo\/ -->\n<title>Les livraisons de Cadillac Lyriq sont interrompues en raison de probl\u00e8mes \u00e9lectroniques - CanadaMotorJobs.com<\/title>\n<meta name=\"description\" content=\"Les livraisons de Cadillac Lyriq sont interrompues en raison de probl\u00e8mes \u00e9lectroniques - Benoit Charette - Annuel automobile - CanadaMotorJobs.com.\" \/>\n<meta name=\"robots\" content=\"index, follow, max-snippet:-1, max-image-preview:large, max-video-preview:-1\" \/>\n<meta property=\"og:locale\" content=\"fr_CA\" \/>\n<meta property=\"og:type\" content=\"article\" \/>\n<meta property=\"og:title\" content=\"Les livraisons de Cadillac Lyriq sont interrompues en raison de probl\u00e8mes \u00e9lectroniques - CanadaMotorJobs.com\" \/>\n<meta property=\"og:description\" content=\"Les livraisons de Cadillac Lyriq sont interrompues en raison de probl\u00e8mes \u00e9lectroniques - Benoit Charette - Annuel automobile - CanadaMotorJobs.com.\" \/>\n<meta property=\"og:url\" content=\"https:\/\/news.canadamotorjobs.com\/fr\/les-livraisons-de-cadillac-lyriq-sont-interrompues-en-raison-de-problemes-electroniques\/\" \/>\n<meta property=\"og:site_name\" content=\"CanadaMotorJobs.com\" \/>\n<meta property=\"article:publisher\" content=\"https:\/\/www.facebook.com\/canadamotorjobs\/\" \/>\n<meta property=\"article:published_time\" content=\"2022-09-29T21:52:03+00:00\" \/>\n<meta property=\"article:modified_time\" content=\"2022-09-29T21:59:43+00:00\" \/>\n<meta property=\"og:image\" content=\"https:\/\/news.canadamotorjobs.com\/wp-content\/uploads\/2022\/09\/2023-Cadillac-LYRIQ-305-1.jpg\" \/>\n\t<meta property=\"og:image:width\" content=\"1500\" \/>\n\t<meta property=\"og:image:height\" content=\"1000\" \/>\n\t<meta property=\"og:image:type\" content=\"image\/jpeg\" \/>\n<meta name=\"author\" content=\"Benoit Charette\" \/>\n<meta name=\"twitter:card\" content=\"summary_large_image\" \/>\n<meta name=\"twitter:creator\" content=\"@canadamotorjobs\" \/>\n<meta name=\"twitter:site\" content=\"@canadamotorjobs\" \/>\n<meta name=\"twitter:label1\" content=\"\u00c9crit par\" \/>\n\t<meta name=\"twitter:data1\" content=\"Benoit Charette\" \/>\n\t<meta name=\"twitter:label2\" content=\"Estimation du temps de lecture\" \/>\n\t<meta name=\"twitter:data2\" content=\"1 minute\" \/>\n<!-- \/ Yoast SEO plugin. -->","yoast_head_json":{"title":"Les livraisons de Cadillac Lyriq sont interrompues en raison de probl\u00e8mes \u00e9lectroniques - CanadaMotorJobs.com","description":"Les livraisons de Cadillac Lyriq sont interrompues en raison de probl\u00e8mes \u00e9lectroniques - Benoit Charette - Annuel automobile - CanadaMotorJobs.com.","robots":{"index":"index","follow":"follow","max-snippet":"max-snippet:-1","max-image-preview":"max-image-preview:large","max-video-preview":"max-video-preview:-1"},"og_locale":"fr_CA","og_type":"article","og_title":"Les livraisons de Cadillac Lyriq sont interrompues en raison de probl\u00e8mes \u00e9lectroniques - CanadaMotorJobs.com","og_description":"Les livraisons de Cadillac Lyriq sont interrompues en raison de probl\u00e8mes \u00e9lectroniques - Benoit Charette - Annuel automobile - CanadaMotorJobs.com.","og_url":"https:\/\/news.canadamotorjobs.com\/fr\/les-livraisons-de-cadillac-lyriq-sont-interrompues-en-raison-de-problemes-electroniques\/","og_site_name":"CanadaMotorJobs.com","article_publisher":"https:\/\/www.facebook.com\/canadamotorjobs\/","article_published_time":"2022-09-29T21:52:03+00:00","article_modified_time":"2022-09-29T21:59:43+00:00","og_image":[{"width":1500,"height":1000,"url":"https:\/\/news.canadamotorjobs.com\/wp-content\/uploads\/2022\/09\/2023-Cadillac-LYRIQ-305-1.jpg","type":"image\/jpeg"}],"author":"Benoit Charette","twitter_card":"summary_large_image","twitter_creator":"@canadamotorjobs","twitter_site":"@canadamotorjobs","twitter_misc":{"\u00c9crit par":"Benoit Charette","Estimation du temps de lecture":"1 minute"},"schema":{"@context":"https:\/\/schema.org","@graph":[{"@type":"Article","@id":"https:\/\/news.canadamotorjobs.com\/fr\/les-livraisons-de-cadillac-lyriq-sont-interrompues-en-raison-de-problemes-electroniques\/#article","isPartOf":{"@id":"https:\/\/news.canadamotorjobs.com\/fr\/les-livraisons-de-cadillac-lyriq-sont-interrompues-en-raison-de-problemes-electroniques\/"},"author":{"name":"Benoit Charette","@id":"https:\/\/news.canadamotorjobs.com\/#\/schema\/person\/51793d1f87d44011d7bcc2ed99269a90"},"headline":"Les livraisons de Cadillac Lyriq sont interrompues en raison de probl\u00e8mes \u00e9lectroniques","datePublished":"2022-09-29T21:52:03+00:00","dateModified":"2022-09-29T21:59:43+00:00","mainEntityOfPage":{"@id":"https:\/\/news.canadamotorjobs.com\/fr\/les-livraisons-de-cadillac-lyriq-sont-interrompues-en-raison-de-problemes-electroniques\/"},"wordCount":316,"publisher":{"@id":"https:\/\/news.canadamotorjobs.com\/#organization"},"image":{"@id":"https:\/\/news.canadamotorjobs.com\/fr\/les-livraisons-de-cadillac-lyriq-sont-interrompues-en-raison-de-problemes-electroniques\/#primaryimage"},"thumbnailUrl":"https:\/\/news.canadamotorjobs.com\/wp-content\/uploads\/2022\/09\/2023-Cadillac-LYRIQ-305-1.jpg","articleSection":["Annuel automobile"],"inLanguage":"fr-CA"},{"@type":"WebPage","@id":"https:\/\/news.canadamotorjobs.com\/fr\/les-livraisons-de-cadillac-lyriq-sont-interrompues-en-raison-de-problemes-electroniques\/","url":"https:\/\/news.canadamotorjobs.com\/fr\/les-livraisons-de-cadillac-lyriq-sont-interrompues-en-raison-de-problemes-electroniques\/","name":"Les livraisons de Cadillac Lyriq sont interrompues en raison de probl\u00e8mes \u00e9lectroniques - CanadaMotorJobs.com","isPartOf":{"@id":"https:\/\/news.canadamotorjobs.com\/#website"},"primaryImageOfPage":{"@id":"https:\/\/news.canadamotorjobs.com\/fr\/les-livraisons-de-cadillac-lyriq-sont-interrompues-en-raison-de-problemes-electroniques\/#primaryimage"},"image":{"@id":"https:\/\/news.canadamotorjobs.com\/fr\/les-livraisons-de-cadillac-lyriq-sont-interrompues-en-raison-de-problemes-electroniques\/#primaryimage"},"thumbnailUrl":"https:\/\/news.canadamotorjobs.com\/wp-content\/uploads\/2022\/09\/2023-Cadillac-LYRIQ-305-1.jpg","datePublished":"2022-09-29T21:52:03+00:00","dateModified":"2022-09-29T21:59:43+00:00","description":"Les livraisons de Cadillac Lyriq sont interrompues en raison de probl\u00e8mes \u00e9lectroniques - Benoit Charette - Annuel automobile - CanadaMotorJobs.com.","breadcrumb":{"@id":"https:\/\/news.canadamotorjobs.com\/fr\/les-livraisons-de-cadillac-lyriq-sont-interrompues-en-raison-de-problemes-electroniques\/#breadcrumb"},"inLanguage":"fr-CA","potentialAction":[{"@type":"ReadAction","target":["https:\/\/news.canadamotorjobs.com\/fr\/les-livraisons-de-cadillac-lyriq-sont-interrompues-en-raison-de-problemes-electroniques\/"]}]},{"@type":"ImageObject","inLanguage":"fr-CA","@id":"https:\/\/news.canadamotorjobs.com\/fr\/les-livraisons-de-cadillac-lyriq-sont-interrompues-en-raison-de-problemes-electroniques\/#primaryimage","url":"https:\/\/news.canadamotorjobs.com\/wp-content\/uploads\/2022\/09\/2023-Cadillac-LYRIQ-305-1.jpg","contentUrl":"https:\/\/news.canadamotorjobs.com\/wp-content\/uploads\/2022\/09\/2023-Cadillac-LYRIQ-305-1.jpg","width":1500,"height":1000},{"@type":"BreadcrumbList","@id":"https:\/\/news.canadamotorjobs.com\/fr\/les-livraisons-de-cadillac-lyriq-sont-interrompues-en-raison-de-problemes-electroniques\/#breadcrumb","itemListElement":[{"@type":"ListItem","position":1,"name":"Home","item":"https:\/\/news.canadamotorjobs.com\/fr\/blog\/"},{"@type":"ListItem","position":2,"name":"Les livraisons de Cadillac Lyriq sont interrompues en raison de probl\u00e8mes \u00e9lectroniques"}]},{"@type":"WebSite","@id":"https:\/\/news.canadamotorjobs.com\/#website","url":"https:\/\/news.canadamotorjobs.com\/","name":"CanadaMotorJobs.com","description":"Automotive Jobs","publisher":{"@id":"https:\/\/news.canadamotorjobs.com\/#organization"},"potentialAction":[{"@type":"SearchAction","target":{"@type":"EntryPoint","urlTemplate":"https:\/\/news.canadamotorjobs.com\/?s={search_term_string}"},"query-input":"required name=search_term_string"}],"inLanguage":"fr-CA"},{"@type":"Organization","@id":"https:\/\/news.canadamotorjobs.com\/#organization","name":"Canada Motor Jobs","url":"https:\/\/news.canadamotorjobs.com\/","logo":{"@type":"ImageObject","inLanguage":"fr-CA","@id":"https:\/\/news.canadamotorjobs.com\/#\/schema\/logo\/image\/","url":"https:\/\/news.canadamotorjobs.com\/wp-content\/uploads\/2022\/10\/logo-canada-motor-jobs-1.png","contentUrl":"https:\/\/news.canadamotorjobs.com\/wp-content\/uploads\/2022\/10\/logo-canada-motor-jobs-1.png","width":800,"height":400,"caption":"Canada Motor Jobs"},"image":{"@id":"https:\/\/news.canadamotorjobs.com\/#\/schema\/logo\/image\/"},"sameAs":["https:\/\/www.facebook.com\/canadamotorjobs\/","https:\/\/x.com\/canadamotorjobs","https:\/\/www.instagram.com\/canadamotorjobs\/","https:\/\/www.linkedin.com\/company\/canadamotorjobs"]},{"@type":"Person","@id":"https:\/\/news.canadamotorjobs.com\/#\/schema\/person\/51793d1f87d44011d7bcc2ed99269a90","name":"Benoit Charette","image":{"@type":"ImageObject","inLanguage":"fr-CA","@id":"https:\/\/news.canadamotorjobs.com\/#\/schema\/person\/image\/","url":"https:\/\/secure.gravatar.com\/avatar\/45f3d2eebcccd909668d7ce7ea7267b6?s=96&d=mm&r=g","contentUrl":"https:\/\/secure.gravatar.com\/avatar\/45f3d2eebcccd909668d7ce7ea7267b6?s=96&d=mm&r=g","caption":"Benoit Charette"},"description":"Benoit Charette \/ Propri\u00e9taire et r\u00e9dacteur en chef Benoit Charette pratique le journalisme automobile depuis bient\u00f4t 30 ans. Il a fait ses classes au c\u00f4t\u00e9 de Daniel H\u00e9raud et au Carnet de route de 1992 \u00e0 2001. Il est fondateur, copropri\u00e9taire et r\u00e9dacteur en chef de L\u2019Annuel de l\u2019automobile, qu\u2019il publie depuis 2001. Il a anim\u00e9 les \u00e9missions RPM et RPM+ sur V et les L\u00e9gendes de la route sur Historia. \u00c0 la radio depuis 1986, il reprend l\u2019antenne cette ann\u00e9e sur les ondes de Cogeco et participe pour la deuxi\u00e8me ann\u00e9e \u00e0 l\u2019\u00e9mission Passion Auto sur RDS en plus de mettre en ligne le site Web officiel de L\u2019Annuel de l\u2019automobile sur annuelauto.ca.","sameAs":["https:\/\/annuelauto.ca\/"],"url":"https:\/\/news.canadamotorjobs.com\/fr\/author\/benoit-charette\/"}]}},"_links":{"self":[{"href":"https:\/\/news.canadamotorjobs.com\/fr\/wp-json\/wp\/v2\/posts\/92187"}],"collection":[{"href":"https:\/\/news.canadamotorjobs.com\/fr\/wp-json\/wp\/v2\/posts"}],"about":[{"href":"https:\/\/news.canadamotorjobs.com\/fr\/wp-json\/wp\/v2\/types\/post"}],"author":[{"embeddable":true,"href":"https:\/\/news.canadamotorjobs.com\/fr\/wp-json\/wp\/v2\/users\/8"}],"replies":[{"embeddable":true,"href":"https:\/\/news.canadamotorjobs.com\/fr\/wp-json\/wp\/v2\/comments?post=92187"}],"version-history":[{"count":0,"href":"https:\/\/news.canadamotorjobs.com\/fr\/wp-json\/wp\/v2\/posts\/92187\/revisions"}],"wp:featuredmedia":[{"embeddable":true,"href":"https:\/\/news.canadamotorjobs.com\/fr\/wp-json\/wp\/v2\/media\/92191"}],"wp:attachment":[{"href":"https:\/\/news.canadamotorjobs.com\/fr\/wp-json\/wp\/v2\/media?parent=92187"}],"wp:term":[{"taxonomy":"category","embeddable":true,"href":"https:\/\/news.canadamotorjobs.com\/fr\/wp-json\/wp\/v2\/categories?post=92187"},{"taxonomy":"post_tag","embeddable":true,"href":"https:\/\/news.canadamotorjobs.com\/fr\/wp-json\/wp\/v2\/tags?post=92187"}],"curies":[{"name":"wp","href":"https:\/\/api.w.org\/{rel}","templated":true}]}}