{"id":86635,"date":"2022-09-28T21:33:36","date_gmt":"2022-09-29T01:33:36","guid":{"rendered":"https:\/\/blog.canadamotorjobs.com\/ferrari-presente-la-sp51-son-plus-recent-bolide-fabrique-en-exemplaire-unique\/"},"modified":"2022-09-28T21:44:40","modified_gmt":"2022-09-29T01:44:40","slug":"ferrari-presente-la-sp51-son-plus-recent-bolide-fabrique-en-exemplaire-unique","status":"publish","type":"post","link":"https:\/\/news.canadamotorjobs.com\/fr\/ferrari-presente-la-sp51-son-plus-recent-bolide-fabrique-en-exemplaire-unique\/","title":{"rendered":"Ferrari pr\u00e9sente la SP51, son plus r\u00e9cent bolide fabriqu\u00e9 en exemplaire unique"},"content":{"rendered":"<\/p>\n<p>La Ferrari SP51 est la derni\u00e8re-n\u00e9e d\u2019une famille de mod\u00e8les hors du commun puisqu\u2019ils sont tous uniques. Elle rejoint la cat\u00e9gorie la plus exclusive de la gamme de la marque au cheval cabr\u00e9 : celle de ses v\u00e9hicules con\u00e7us sur demande, selon les d\u00e9sirs du client. Des cr\u00e9ations qui mettent en \u00e9vidence le savoir-faire de <a href=\"https:\/\/annuelauto.ca\/ferrari-devoile-la-daytona-sp3-au-circuit-de-mugello\/\" target=\"_blank\" rel=\"noopener noreferrer\">Ferrari<\/a> en mati\u00e8re de personnalisation.<\/p>\n<p> R\u00e9alis\u00e9e par les artisans des ateliers du Centre de style de <a href=\"https:\/\/annuelauto.ca\/les-commandes-de-ferrari-purosangue-pourraient-etre-suspendues-suite-a-une-enorme-demande\/\" target=\"_blank\" rel=\"noopener noreferrer\">Ferrari<\/a> sous la direction de Flavio Manzoni, la SP51 partage le ch\u00e2ssis, le V12 atmosph\u00e9rique de 800\u00a0ch et la carrosserie d\u00e9couvrable de la <a href=\"https:\/\/annuelauto.ca\/ferrari-rappelle-presque-tous-ses-modeles-construits-depuis-2005\/\" target=\"_blank\" rel=\"noopener noreferrer\">812\u00a0GTS<\/a>.<\/p>\n<p> Gr\u00e2ce \u00e0 des simulations sur ordinateur, des essais en soufflerie et des essais dynamiques, le constructeur affirme que son habitacle d\u00e9couvert procure les sensations d\u2019une 812 GTS et son confort acoustique.<\/p>\n<p> Pour sa carrosserie, Ferrari a cr\u00e9\u00e9 une peinture trois couches unique appel\u00e9e <em>Rosso passionale<\/em> (rouge passionn\u00e9). Plus extravagante que celle d\u2019une 812\u00a0GTS, sa carrosserie se distingue par des phares au design unique, ses roues exclusives, des feux arri\u00e8re incorpor\u00e9s au d\u00e9flecteur et de nombreuses garnitures de fibre de carbone dont, entre autres, cette aile transversale qui dissimule habilement l\u2019arceau de s\u00e9curit\u00e9.<\/p>\n<p> \u00c0 l\u2019int\u00e9rieur, le <em>Rosso passionale<\/em> sert \u00e9galement \u00e0 la sellerie d\u2019<a href=\"https:\/\/annuelauto.ca\/le-volkswagen-id-xtreme-devoile-a-locarno-un-futur-baroudeur-dans-la-famille\/\" target=\"_blank\" rel=\"noopener noreferrer\">Alcantara<\/a>, qu\u2019on a rehauss\u00e9e de surpiq\u00fbres blanches et de galons bleus. L\u00e0 aussi, l\u2019ensemble se marie harmonieusement aux garnitures de fibre de carbone.<br \/> <strong>Des acheteurs qui restent g\u00e9n\u00e9ralement discrets<\/strong><br \/> La SP51 a \u00e9t\u00e9 construite \u00e0 la demande d\u2019un client de longue date vivant \u00e0 Ta\u00efwan; un des principaux collectionneurs<\/p>\n","protected":false},"excerpt":{"rendered":"<p>La Ferrari SP51 est la derni\u00e8re-n\u00e9e d\u2019une famille de mod\u00e8les hors du commun puisqu\u2019ils sont tous uniques. Elle rejoint la cat\u00e9gorie la plus exclusive de la gamme de la marque au cheval cabr\u00e9 : celle de ses v\u00e9hicules con\u00e7us sur demande, selon les d\u00e9sirs du client. Des cr\u00e9ations qui mettent en \u00e9vidence le savoir-faire de [&hellip;]<\/p>\n","protected":false},"author":8,"featured_media":86639,"comment_status":"close","ping_status":"closed","sticky":false,"template":"","format":"standard","meta":{"_monsterinsights_skip_tracking":false,"_monsterinsights_sitenote_active":false,"_monsterinsights_sitenote_note":"","_monsterinsights_sitenote_category":0,"footnotes":""},"categories":[101],"tags":[],"yoast_head":"<!-- This site is optimized with the Yoast SEO plugin v23.2 - https:\/\/yoast.com\/wordpress\/plugins\/seo\/ -->\n<title>Ferrari pr\u00e9sente la SP51, son plus r\u00e9cent bolide fabriqu\u00e9 en exemplaire unique - CanadaMotorJobs.com<\/title>\n<meta name=\"description\" content=\"Ferrari pr\u00e9sente la SP51, son plus r\u00e9cent bolide fabriqu\u00e9 en exemplaire unique - Benoit Charette - Annuel automobile - CanadaMotorJobs.com.\" \/>\n<meta name=\"robots\" content=\"index, follow, max-snippet:-1, max-image-preview:large, max-video-preview:-1\" \/>\n<meta property=\"og:locale\" content=\"fr_CA\" \/>\n<meta property=\"og:type\" content=\"article\" \/>\n<meta property=\"og:title\" content=\"Ferrari pr\u00e9sente la SP51, son plus r\u00e9cent bolide fabriqu\u00e9 en exemplaire unique - CanadaMotorJobs.com\" \/>\n<meta property=\"og:description\" content=\"Ferrari pr\u00e9sente la SP51, son plus r\u00e9cent bolide fabriqu\u00e9 en exemplaire unique - Benoit Charette - Annuel automobile - CanadaMotorJobs.com.\" \/>\n<meta property=\"og:url\" content=\"https:\/\/news.canadamotorjobs.com\/fr\/ferrari-presente-la-sp51-son-plus-recent-bolide-fabrique-en-exemplaire-unique\/\" \/>\n<meta property=\"og:site_name\" content=\"CanadaMotorJobs.com\" \/>\n<meta property=\"article:publisher\" content=\"https:\/\/www.facebook.com\/canadamotorjobs\/\" \/>\n<meta property=\"article:published_time\" content=\"2022-09-29T01:33:36+00:00\" \/>\n<meta property=\"article:modified_time\" content=\"2022-09-29T01:44:40+00:00\" \/>\n<meta property=\"og:image\" content=\"https:\/\/news.canadamotorjobs.com\/wp-content\/uploads\/2022\/09\/Ferrari-SP51-2022-7-1.jpg\" \/>\n\t<meta property=\"og:image:width\" content=\"1500\" \/>\n\t<meta property=\"og:image:height\" content=\"1000\" \/>\n\t<meta property=\"og:image:type\" content=\"image\/jpeg\" \/>\n<meta name=\"author\" content=\"Benoit Charette\" \/>\n<meta name=\"twitter:card\" content=\"summary_large_image\" \/>\n<meta name=\"twitter:creator\" content=\"@canadamotorjobs\" \/>\n<meta name=\"twitter:site\" content=\"@canadamotorjobs\" \/>\n<meta name=\"twitter:label1\" content=\"\u00c9crit par\" \/>\n\t<meta name=\"twitter:data1\" content=\"Benoit Charette\" \/>\n\t<meta name=\"twitter:label2\" content=\"Estimation du temps de lecture\" \/>\n\t<meta name=\"twitter:data2\" content=\"1 minute\" \/>\n<!-- \/ Yoast SEO plugin. -->","yoast_head_json":{"title":"Ferrari pr\u00e9sente la SP51, son plus r\u00e9cent bolide fabriqu\u00e9 en exemplaire unique - CanadaMotorJobs.com","description":"Ferrari pr\u00e9sente la SP51, son plus r\u00e9cent bolide fabriqu\u00e9 en exemplaire unique - Benoit Charette - Annuel automobile - CanadaMotorJobs.com.","robots":{"index":"index","follow":"follow","max-snippet":"max-snippet:-1","max-image-preview":"max-image-preview:large","max-video-preview":"max-video-preview:-1"},"og_locale":"fr_CA","og_type":"article","og_title":"Ferrari pr\u00e9sente la SP51, son plus r\u00e9cent bolide fabriqu\u00e9 en exemplaire unique - CanadaMotorJobs.com","og_description":"Ferrari pr\u00e9sente la SP51, son plus r\u00e9cent bolide fabriqu\u00e9 en exemplaire unique - Benoit Charette - Annuel automobile - CanadaMotorJobs.com.","og_url":"https:\/\/news.canadamotorjobs.com\/fr\/ferrari-presente-la-sp51-son-plus-recent-bolide-fabrique-en-exemplaire-unique\/","og_site_name":"CanadaMotorJobs.com","article_publisher":"https:\/\/www.facebook.com\/canadamotorjobs\/","article_published_time":"2022-09-29T01:33:36+00:00","article_modified_time":"2022-09-29T01:44:40+00:00","og_image":[{"width":1500,"height":1000,"url":"https:\/\/news.canadamotorjobs.com\/wp-content\/uploads\/2022\/09\/Ferrari-SP51-2022-7-1.jpg","type":"image\/jpeg"}],"author":"Benoit Charette","twitter_card":"summary_large_image","twitter_creator":"@canadamotorjobs","twitter_site":"@canadamotorjobs","twitter_misc":{"\u00c9crit par":"Benoit Charette","Estimation du temps de lecture":"1 minute"},"schema":{"@context":"https:\/\/schema.org","@graph":[{"@type":"Article","@id":"https:\/\/news.canadamotorjobs.com\/fr\/ferrari-presente-la-sp51-son-plus-recent-bolide-fabrique-en-exemplaire-unique\/#article","isPartOf":{"@id":"https:\/\/news.canadamotorjobs.com\/fr\/ferrari-presente-la-sp51-son-plus-recent-bolide-fabrique-en-exemplaire-unique\/"},"author":{"name":"Benoit Charette","@id":"https:\/\/news.canadamotorjobs.com\/#\/schema\/person\/51793d1f87d44011d7bcc2ed99269a90"},"headline":"Ferrari pr\u00e9sente la SP51, son plus r\u00e9cent bolide fabriqu\u00e9 en exemplaire unique","datePublished":"2022-09-29T01:33:36+00:00","dateModified":"2022-09-29T01:44:40+00:00","mainEntityOfPage":{"@id":"https:\/\/news.canadamotorjobs.com\/fr\/ferrari-presente-la-sp51-son-plus-recent-bolide-fabrique-en-exemplaire-unique\/"},"wordCount":290,"publisher":{"@id":"https:\/\/news.canadamotorjobs.com\/#organization"},"image":{"@id":"https:\/\/news.canadamotorjobs.com\/fr\/ferrari-presente-la-sp51-son-plus-recent-bolide-fabrique-en-exemplaire-unique\/#primaryimage"},"thumbnailUrl":"https:\/\/news.canadamotorjobs.com\/wp-content\/uploads\/2022\/09\/Ferrari-SP51-2022-7-1.jpg","articleSection":["Annuel automobile"],"inLanguage":"fr-CA"},{"@type":"WebPage","@id":"https:\/\/news.canadamotorjobs.com\/fr\/ferrari-presente-la-sp51-son-plus-recent-bolide-fabrique-en-exemplaire-unique\/","url":"https:\/\/news.canadamotorjobs.com\/fr\/ferrari-presente-la-sp51-son-plus-recent-bolide-fabrique-en-exemplaire-unique\/","name":"Ferrari pr\u00e9sente la SP51, son plus r\u00e9cent bolide fabriqu\u00e9 en exemplaire unique - CanadaMotorJobs.com","isPartOf":{"@id":"https:\/\/news.canadamotorjobs.com\/#website"},"primaryImageOfPage":{"@id":"https:\/\/news.canadamotorjobs.com\/fr\/ferrari-presente-la-sp51-son-plus-recent-bolide-fabrique-en-exemplaire-unique\/#primaryimage"},"image":{"@id":"https:\/\/news.canadamotorjobs.com\/fr\/ferrari-presente-la-sp51-son-plus-recent-bolide-fabrique-en-exemplaire-unique\/#primaryimage"},"thumbnailUrl":"https:\/\/news.canadamotorjobs.com\/wp-content\/uploads\/2022\/09\/Ferrari-SP51-2022-7-1.jpg","datePublished":"2022-09-29T01:33:36+00:00","dateModified":"2022-09-29T01:44:40+00:00","description":"Ferrari pr\u00e9sente la SP51, son plus r\u00e9cent bolide fabriqu\u00e9 en exemplaire unique - Benoit Charette - Annuel automobile - CanadaMotorJobs.com.","breadcrumb":{"@id":"https:\/\/news.canadamotorjobs.com\/fr\/ferrari-presente-la-sp51-son-plus-recent-bolide-fabrique-en-exemplaire-unique\/#breadcrumb"},"inLanguage":"fr-CA","potentialAction":[{"@type":"ReadAction","target":["https:\/\/news.canadamotorjobs.com\/fr\/ferrari-presente-la-sp51-son-plus-recent-bolide-fabrique-en-exemplaire-unique\/"]}]},{"@type":"ImageObject","inLanguage":"fr-CA","@id":"https:\/\/news.canadamotorjobs.com\/fr\/ferrari-presente-la-sp51-son-plus-recent-bolide-fabrique-en-exemplaire-unique\/#primaryimage","url":"https:\/\/news.canadamotorjobs.com\/wp-content\/uploads\/2022\/09\/Ferrari-SP51-2022-7-1.jpg","contentUrl":"https:\/\/news.canadamotorjobs.com\/wp-content\/uploads\/2022\/09\/Ferrari-SP51-2022-7-1.jpg","width":1500,"height":1000},{"@type":"BreadcrumbList","@id":"https:\/\/news.canadamotorjobs.com\/fr\/ferrari-presente-la-sp51-son-plus-recent-bolide-fabrique-en-exemplaire-unique\/#breadcrumb","itemListElement":[{"@type":"ListItem","position":1,"name":"Home","item":"https:\/\/news.canadamotorjobs.com\/fr\/blog\/"},{"@type":"ListItem","position":2,"name":"Ferrari pr\u00e9sente la SP51, son plus r\u00e9cent bolide fabriqu\u00e9 en exemplaire unique"}]},{"@type":"WebSite","@id":"https:\/\/news.canadamotorjobs.com\/#website","url":"https:\/\/news.canadamotorjobs.com\/","name":"CanadaMotorJobs.com","description":"Automotive Jobs","publisher":{"@id":"https:\/\/news.canadamotorjobs.com\/#organization"},"potentialAction":[{"@type":"SearchAction","target":{"@type":"EntryPoint","urlTemplate":"https:\/\/news.canadamotorjobs.com\/?s={search_term_string}"},"query-input":"required name=search_term_string"}],"inLanguage":"fr-CA"},{"@type":"Organization","@id":"https:\/\/news.canadamotorjobs.com\/#organization","name":"Canada Motor Jobs","url":"https:\/\/news.canadamotorjobs.com\/","logo":{"@type":"ImageObject","inLanguage":"fr-CA","@id":"https:\/\/news.canadamotorjobs.com\/#\/schema\/logo\/image\/","url":"https:\/\/news.canadamotorjobs.com\/wp-content\/uploads\/2022\/10\/logo-canada-motor-jobs-1.png","contentUrl":"https:\/\/news.canadamotorjobs.com\/wp-content\/uploads\/2022\/10\/logo-canada-motor-jobs-1.png","width":800,"height":400,"caption":"Canada Motor Jobs"},"image":{"@id":"https:\/\/news.canadamotorjobs.com\/#\/schema\/logo\/image\/"},"sameAs":["https:\/\/www.facebook.com\/canadamotorjobs\/","https:\/\/x.com\/canadamotorjobs","https:\/\/www.instagram.com\/canadamotorjobs\/","https:\/\/www.linkedin.com\/company\/canadamotorjobs"]},{"@type":"Person","@id":"https:\/\/news.canadamotorjobs.com\/#\/schema\/person\/51793d1f87d44011d7bcc2ed99269a90","name":"Benoit Charette","image":{"@type":"ImageObject","inLanguage":"fr-CA","@id":"https:\/\/news.canadamotorjobs.com\/#\/schema\/person\/image\/","url":"https:\/\/secure.gravatar.com\/avatar\/45f3d2eebcccd909668d7ce7ea7267b6?s=96&d=mm&r=g","contentUrl":"https:\/\/secure.gravatar.com\/avatar\/45f3d2eebcccd909668d7ce7ea7267b6?s=96&d=mm&r=g","caption":"Benoit Charette"},"description":"Benoit Charette \/ Propri\u00e9taire et r\u00e9dacteur en chef Benoit Charette pratique le journalisme automobile depuis bient\u00f4t 30 ans. Il a fait ses classes au c\u00f4t\u00e9 de Daniel H\u00e9raud et au Carnet de route de 1992 \u00e0 2001. Il est fondateur, copropri\u00e9taire et r\u00e9dacteur en chef de L\u2019Annuel de l\u2019automobile, qu\u2019il publie depuis 2001. Il a anim\u00e9 les \u00e9missions RPM et RPM+ sur V et les L\u00e9gendes de la route sur Historia. \u00c0 la radio depuis 1986, il reprend l\u2019antenne cette ann\u00e9e sur les ondes de Cogeco et participe pour la deuxi\u00e8me ann\u00e9e \u00e0 l\u2019\u00e9mission Passion Auto sur RDS en plus de mettre en ligne le site Web officiel de L\u2019Annuel de l\u2019automobile sur annuelauto.ca.","sameAs":["https:\/\/annuelauto.ca\/"],"url":"https:\/\/news.canadamotorjobs.com\/fr\/author\/benoit-charette\/"}]}},"_links":{"self":[{"href":"https:\/\/news.canadamotorjobs.com\/fr\/wp-json\/wp\/v2\/posts\/86635"}],"collection":[{"href":"https:\/\/news.canadamotorjobs.com\/fr\/wp-json\/wp\/v2\/posts"}],"about":[{"href":"https:\/\/news.canadamotorjobs.com\/fr\/wp-json\/wp\/v2\/types\/post"}],"author":[{"embeddable":true,"href":"https:\/\/news.canadamotorjobs.com\/fr\/wp-json\/wp\/v2\/users\/8"}],"replies":[{"embeddable":true,"href":"https:\/\/news.canadamotorjobs.com\/fr\/wp-json\/wp\/v2\/comments?post=86635"}],"version-history":[{"count":0,"href":"https:\/\/news.canadamotorjobs.com\/fr\/wp-json\/wp\/v2\/posts\/86635\/revisions"}],"wp:featuredmedia":[{"embeddable":true,"href":"https:\/\/news.canadamotorjobs.com\/fr\/wp-json\/wp\/v2\/media\/86639"}],"wp:attachment":[{"href":"https:\/\/news.canadamotorjobs.com\/fr\/wp-json\/wp\/v2\/media?parent=86635"}],"wp:term":[{"taxonomy":"category","embeddable":true,"href":"https:\/\/news.canadamotorjobs.com\/fr\/wp-json\/wp\/v2\/categories?post=86635"},{"taxonomy":"post_tag","embeddable":true,"href":"https:\/\/news.canadamotorjobs.com\/fr\/wp-json\/wp\/v2\/tags?post=86635"}],"curies":[{"name":"wp","href":"https:\/\/api.w.org\/{rel}","templated":true}]}}