{"id":84683,"date":"2022-09-28T14:55:36","date_gmt":"2022-09-28T18:55:36","guid":{"rendered":"https:\/\/blog.canadamotorjobs.com\/volkswagen-prepare-un-rappel-pour-10-000-id-4\/"},"modified":"2022-09-28T14:59:35","modified_gmt":"2022-09-28T18:59:35","slug":"volkswagen-prepare-un-rappel-pour-10-000-id-4","status":"publish","type":"post","link":"https:\/\/news.canadamotorjobs.com\/fr\/volkswagen-prepare-un-rappel-pour-10-000-id-4\/","title":{"rendered":"Volkswagen pr\u00e9pare un rappel pour 10\u00a0000 ID.4"},"content":{"rendered":"<\/p>\n<p>Un d\u00e9faut de fabrication a \u00e9t\u00e9 d\u00e9couvert dans certaines cellules de batterie. Volkswagen estime que ce rappel concernera 10 000 v\u00e9hicules ID.3 et ID.4 dans le monde.<br \/> Une batterie qui se d\u00e9charge trop rapidement<br \/> L&#8217;annonce officielle n&#8217;a pas encore \u00e9t\u00e9 faite par VW, mais une soci\u00e9t\u00e9 de location de voitures \u00e9lectriques a d\u00e9clar\u00e9 avoir \u00e9t\u00e9 inform\u00e9e du probl\u00e8me. Selon le constructeur automobile, un d\u00e9faut de fabrication de certaines cellules de batterie pourrait entra\u00eener une d\u00e9charge plus rapide que d&#8217;habitude.<br \/> Autonomie diminu\u00e9e<br \/> Cela peut entra\u00eener une autonomie plus courte que celle annonc\u00e9e, la batterie ne disposant pas de toute sa capacit\u00e9. De plus, les v\u00e9hicules qui sont stationn\u00e9s pendant quelques jours sans \u00eatre recharg\u00e9s pourraient subir une perte d&#8217;\u00e9nergie plus prononc\u00e9e que pr\u00e9vu. La compagnie de location a ajout\u00e9 que dans certains cas,,un message d&#8217;avertissement s\u2019affiche si la tension de la batterie tombe en dessous du seuil acceptable et, dans un cas, le v\u00e9hicule a perdu de la puissance alors qu&#8217;il roulait avec une batterie presque vide.<br \/> Deux mod\u00e8les vis\u00e9s<br \/> Les cellules de batterie d\u00e9fectueuses auraient \u00e9t\u00e9 install\u00e9es dans l&#8217;ID.3 (en Europe) et l&#8217;ID.4 pendant une p\u00e9riode limit\u00e9e, ce qui signifie que le probl\u00e8me a d\u00e9j\u00e0 \u00e9t\u00e9 corrig\u00e9 sur les mod\u00e8les plus r\u00e9cents. Comme le rappel n&#8217;est pas encore officiel, le nombre exact de chaque mod\u00e8le rappel\u00e9 sur chaque march\u00e9 n&#8217;a pas \u00e9t\u00e9 r\u00e9v\u00e9l\u00e9, \u00e0 l&#8217;exception de l&#8217;Allemagne, qui verra 3 000 voitures retourner chez les concessionnaires. En outre, nous ne savons toujours pas si les v\u00e9hicules au Canada et aux<\/p>\n","protected":false},"excerpt":{"rendered":"<p>Un d\u00e9faut de fabrication a \u00e9t\u00e9 d\u00e9couvert dans certaines cellules de batterie. Volkswagen estime que ce rappel concernera 10 000 v\u00e9hicules ID.3 et ID.4 dans le monde. Une batterie qui se d\u00e9charge trop rapidement L&#8217;annonce officielle n&#8217;a pas encore \u00e9t\u00e9 faite par VW, mais une soci\u00e9t\u00e9 de location de voitures \u00e9lectriques a d\u00e9clar\u00e9 avoir \u00e9t\u00e9 [&hellip;]<\/p>\n","protected":false},"author":8,"featured_media":84687,"comment_status":"close","ping_status":"closed","sticky":false,"template":"","format":"standard","meta":{"_monsterinsights_skip_tracking":false,"_monsterinsights_sitenote_active":false,"_monsterinsights_sitenote_note":"","_monsterinsights_sitenote_category":0,"footnotes":""},"categories":[101],"tags":[],"yoast_head":"<!-- This site is optimized with the Yoast SEO plugin v23.2 - https:\/\/yoast.com\/wordpress\/plugins\/seo\/ -->\n<title>Volkswagen pr\u00e9pare un rappel pour 10\u00a0000 ID.4 - CanadaMotorJobs.com<\/title>\n<meta name=\"description\" content=\"Volkswagen pr\u00e9pare un rappel pour 10\u00a0000 ID.4 - Benoit Charette - Annuel automobile - CanadaMotorJobs.com.\" \/>\n<meta name=\"robots\" content=\"index, follow, max-snippet:-1, max-image-preview:large, max-video-preview:-1\" \/>\n<meta property=\"og:locale\" content=\"fr_CA\" \/>\n<meta property=\"og:type\" content=\"article\" \/>\n<meta property=\"og:title\" content=\"Volkswagen pr\u00e9pare un rappel pour 10\u00a0000 ID.4 - CanadaMotorJobs.com\" \/>\n<meta property=\"og:description\" content=\"Volkswagen pr\u00e9pare un rappel pour 10\u00a0000 ID.4 - Benoit Charette - Annuel automobile - CanadaMotorJobs.com.\" \/>\n<meta property=\"og:url\" content=\"https:\/\/news.canadamotorjobs.com\/fr\/volkswagen-prepare-un-rappel-pour-10-000-id-4\/\" \/>\n<meta property=\"og:site_name\" content=\"CanadaMotorJobs.com\" \/>\n<meta property=\"article:publisher\" content=\"https:\/\/www.facebook.com\/canadamotorjobs\/\" \/>\n<meta property=\"article:published_time\" content=\"2022-09-28T18:55:36+00:00\" \/>\n<meta property=\"article:modified_time\" content=\"2022-09-28T18:59:35+00:00\" \/>\n<meta property=\"og:image\" content=\"https:\/\/news.canadamotorjobs.com\/wp-content\/uploads\/2022\/09\/DB2020AU01871_medium-1.jpg\" \/>\n\t<meta property=\"og:image:width\" content=\"1795\" \/>\n\t<meta property=\"og:image:height\" content=\"1197\" \/>\n\t<meta property=\"og:image:type\" content=\"image\/jpeg\" \/>\n<meta name=\"author\" content=\"Benoit Charette\" \/>\n<meta name=\"twitter:card\" content=\"summary_large_image\" \/>\n<meta name=\"twitter:creator\" content=\"@canadamotorjobs\" \/>\n<meta name=\"twitter:site\" content=\"@canadamotorjobs\" \/>\n<meta name=\"twitter:label1\" content=\"\u00c9crit par\" \/>\n\t<meta name=\"twitter:data1\" content=\"Benoit Charette\" \/>\n\t<meta name=\"twitter:label2\" content=\"Estimation du temps de lecture\" \/>\n\t<meta name=\"twitter:data2\" content=\"1 minute\" \/>\n<!-- \/ Yoast SEO plugin. -->","yoast_head_json":{"title":"Volkswagen pr\u00e9pare un rappel pour 10\u00a0000 ID.4 - CanadaMotorJobs.com","description":"Volkswagen pr\u00e9pare un rappel pour 10\u00a0000 ID.4 - Benoit Charette - Annuel automobile - CanadaMotorJobs.com.","robots":{"index":"index","follow":"follow","max-snippet":"max-snippet:-1","max-image-preview":"max-image-preview:large","max-video-preview":"max-video-preview:-1"},"og_locale":"fr_CA","og_type":"article","og_title":"Volkswagen pr\u00e9pare un rappel pour 10\u00a0000 ID.4 - CanadaMotorJobs.com","og_description":"Volkswagen pr\u00e9pare un rappel pour 10\u00a0000 ID.4 - Benoit Charette - Annuel automobile - CanadaMotorJobs.com.","og_url":"https:\/\/news.canadamotorjobs.com\/fr\/volkswagen-prepare-un-rappel-pour-10-000-id-4\/","og_site_name":"CanadaMotorJobs.com","article_publisher":"https:\/\/www.facebook.com\/canadamotorjobs\/","article_published_time":"2022-09-28T18:55:36+00:00","article_modified_time":"2022-09-28T18:59:35+00:00","og_image":[{"width":1795,"height":1197,"url":"https:\/\/news.canadamotorjobs.com\/wp-content\/uploads\/2022\/09\/DB2020AU01871_medium-1.jpg","type":"image\/jpeg"}],"author":"Benoit Charette","twitter_card":"summary_large_image","twitter_creator":"@canadamotorjobs","twitter_site":"@canadamotorjobs","twitter_misc":{"\u00c9crit par":"Benoit Charette","Estimation du temps de lecture":"1 minute"},"schema":{"@context":"https:\/\/schema.org","@graph":[{"@type":"Article","@id":"https:\/\/news.canadamotorjobs.com\/fr\/volkswagen-prepare-un-rappel-pour-10-000-id-4\/#article","isPartOf":{"@id":"https:\/\/news.canadamotorjobs.com\/fr\/volkswagen-prepare-un-rappel-pour-10-000-id-4\/"},"author":{"name":"Benoit Charette","@id":"https:\/\/news.canadamotorjobs.com\/#\/schema\/person\/51793d1f87d44011d7bcc2ed99269a90"},"headline":"Volkswagen pr\u00e9pare un rappel pour 10\u00a0000 ID.4","datePublished":"2022-09-28T18:55:36+00:00","dateModified":"2022-09-28T18:59:35+00:00","mainEntityOfPage":{"@id":"https:\/\/news.canadamotorjobs.com\/fr\/volkswagen-prepare-un-rappel-pour-10-000-id-4\/"},"wordCount":300,"publisher":{"@id":"https:\/\/news.canadamotorjobs.com\/#organization"},"image":{"@id":"https:\/\/news.canadamotorjobs.com\/fr\/volkswagen-prepare-un-rappel-pour-10-000-id-4\/#primaryimage"},"thumbnailUrl":"https:\/\/news.canadamotorjobs.com\/wp-content\/uploads\/2022\/09\/DB2020AU01871_medium-1.jpg","articleSection":["Annuel automobile"],"inLanguage":"fr-CA"},{"@type":"WebPage","@id":"https:\/\/news.canadamotorjobs.com\/fr\/volkswagen-prepare-un-rappel-pour-10-000-id-4\/","url":"https:\/\/news.canadamotorjobs.com\/fr\/volkswagen-prepare-un-rappel-pour-10-000-id-4\/","name":"Volkswagen pr\u00e9pare un rappel pour 10\u00a0000 ID.4 - CanadaMotorJobs.com","isPartOf":{"@id":"https:\/\/news.canadamotorjobs.com\/#website"},"primaryImageOfPage":{"@id":"https:\/\/news.canadamotorjobs.com\/fr\/volkswagen-prepare-un-rappel-pour-10-000-id-4\/#primaryimage"},"image":{"@id":"https:\/\/news.canadamotorjobs.com\/fr\/volkswagen-prepare-un-rappel-pour-10-000-id-4\/#primaryimage"},"thumbnailUrl":"https:\/\/news.canadamotorjobs.com\/wp-content\/uploads\/2022\/09\/DB2020AU01871_medium-1.jpg","datePublished":"2022-09-28T18:55:36+00:00","dateModified":"2022-09-28T18:59:35+00:00","description":"Volkswagen pr\u00e9pare un rappel pour 10\u00a0000 ID.4 - Benoit Charette - Annuel automobile - CanadaMotorJobs.com.","breadcrumb":{"@id":"https:\/\/news.canadamotorjobs.com\/fr\/volkswagen-prepare-un-rappel-pour-10-000-id-4\/#breadcrumb"},"inLanguage":"fr-CA","potentialAction":[{"@type":"ReadAction","target":["https:\/\/news.canadamotorjobs.com\/fr\/volkswagen-prepare-un-rappel-pour-10-000-id-4\/"]}]},{"@type":"ImageObject","inLanguage":"fr-CA","@id":"https:\/\/news.canadamotorjobs.com\/fr\/volkswagen-prepare-un-rappel-pour-10-000-id-4\/#primaryimage","url":"https:\/\/news.canadamotorjobs.com\/wp-content\/uploads\/2022\/09\/DB2020AU01871_medium-1.jpg","contentUrl":"https:\/\/news.canadamotorjobs.com\/wp-content\/uploads\/2022\/09\/DB2020AU01871_medium-1.jpg","width":1795,"height":1197},{"@type":"BreadcrumbList","@id":"https:\/\/news.canadamotorjobs.com\/fr\/volkswagen-prepare-un-rappel-pour-10-000-id-4\/#breadcrumb","itemListElement":[{"@type":"ListItem","position":1,"name":"Home","item":"https:\/\/news.canadamotorjobs.com\/fr\/blog\/"},{"@type":"ListItem","position":2,"name":"Volkswagen pr\u00e9pare un rappel pour 10\u00a0000 ID.4"}]},{"@type":"WebSite","@id":"https:\/\/news.canadamotorjobs.com\/#website","url":"https:\/\/news.canadamotorjobs.com\/","name":"CanadaMotorJobs.com","description":"Automotive Jobs","publisher":{"@id":"https:\/\/news.canadamotorjobs.com\/#organization"},"potentialAction":[{"@type":"SearchAction","target":{"@type":"EntryPoint","urlTemplate":"https:\/\/news.canadamotorjobs.com\/?s={search_term_string}"},"query-input":"required name=search_term_string"}],"inLanguage":"fr-CA"},{"@type":"Organization","@id":"https:\/\/news.canadamotorjobs.com\/#organization","name":"Canada Motor Jobs","url":"https:\/\/news.canadamotorjobs.com\/","logo":{"@type":"ImageObject","inLanguage":"fr-CA","@id":"https:\/\/news.canadamotorjobs.com\/#\/schema\/logo\/image\/","url":"https:\/\/news.canadamotorjobs.com\/wp-content\/uploads\/2022\/10\/logo-canada-motor-jobs-1.png","contentUrl":"https:\/\/news.canadamotorjobs.com\/wp-content\/uploads\/2022\/10\/logo-canada-motor-jobs-1.png","width":800,"height":400,"caption":"Canada Motor Jobs"},"image":{"@id":"https:\/\/news.canadamotorjobs.com\/#\/schema\/logo\/image\/"},"sameAs":["https:\/\/www.facebook.com\/canadamotorjobs\/","https:\/\/x.com\/canadamotorjobs","https:\/\/www.instagram.com\/canadamotorjobs\/","https:\/\/www.linkedin.com\/company\/canadamotorjobs"]},{"@type":"Person","@id":"https:\/\/news.canadamotorjobs.com\/#\/schema\/person\/51793d1f87d44011d7bcc2ed99269a90","name":"Benoit Charette","image":{"@type":"ImageObject","inLanguage":"fr-CA","@id":"https:\/\/news.canadamotorjobs.com\/#\/schema\/person\/image\/","url":"https:\/\/secure.gravatar.com\/avatar\/45f3d2eebcccd909668d7ce7ea7267b6?s=96&d=mm&r=g","contentUrl":"https:\/\/secure.gravatar.com\/avatar\/45f3d2eebcccd909668d7ce7ea7267b6?s=96&d=mm&r=g","caption":"Benoit Charette"},"description":"Benoit Charette \/ Propri\u00e9taire et r\u00e9dacteur en chef Benoit Charette pratique le journalisme automobile depuis bient\u00f4t 30 ans. Il a fait ses classes au c\u00f4t\u00e9 de Daniel H\u00e9raud et au Carnet de route de 1992 \u00e0 2001. Il est fondateur, copropri\u00e9taire et r\u00e9dacteur en chef de L\u2019Annuel de l\u2019automobile, qu\u2019il publie depuis 2001. Il a anim\u00e9 les \u00e9missions RPM et RPM+ sur V et les L\u00e9gendes de la route sur Historia. \u00c0 la radio depuis 1986, il reprend l\u2019antenne cette ann\u00e9e sur les ondes de Cogeco et participe pour la deuxi\u00e8me ann\u00e9e \u00e0 l\u2019\u00e9mission Passion Auto sur RDS en plus de mettre en ligne le site Web officiel de L\u2019Annuel de l\u2019automobile sur annuelauto.ca.","sameAs":["https:\/\/annuelauto.ca\/"],"url":"https:\/\/news.canadamotorjobs.com\/fr\/author\/benoit-charette\/"}]}},"_links":{"self":[{"href":"https:\/\/news.canadamotorjobs.com\/fr\/wp-json\/wp\/v2\/posts\/84683"}],"collection":[{"href":"https:\/\/news.canadamotorjobs.com\/fr\/wp-json\/wp\/v2\/posts"}],"about":[{"href":"https:\/\/news.canadamotorjobs.com\/fr\/wp-json\/wp\/v2\/types\/post"}],"author":[{"embeddable":true,"href":"https:\/\/news.canadamotorjobs.com\/fr\/wp-json\/wp\/v2\/users\/8"}],"replies":[{"embeddable":true,"href":"https:\/\/news.canadamotorjobs.com\/fr\/wp-json\/wp\/v2\/comments?post=84683"}],"version-history":[{"count":0,"href":"https:\/\/news.canadamotorjobs.com\/fr\/wp-json\/wp\/v2\/posts\/84683\/revisions"}],"wp:featuredmedia":[{"embeddable":true,"href":"https:\/\/news.canadamotorjobs.com\/fr\/wp-json\/wp\/v2\/media\/84687"}],"wp:attachment":[{"href":"https:\/\/news.canadamotorjobs.com\/fr\/wp-json\/wp\/v2\/media?parent=84683"}],"wp:term":[{"taxonomy":"category","embeddable":true,"href":"https:\/\/news.canadamotorjobs.com\/fr\/wp-json\/wp\/v2\/categories?post=84683"},{"taxonomy":"post_tag","embeddable":true,"href":"https:\/\/news.canadamotorjobs.com\/fr\/wp-json\/wp\/v2\/tags?post=84683"}],"curies":[{"name":"wp","href":"https:\/\/api.w.org\/{rel}","templated":true}]}}