{"id":82739,"date":"2022-09-28T07:44:18","date_gmt":"2022-09-28T11:44:18","guid":{"rendered":"https:\/\/blog.canadamotorjobs.com\/mercedes-benz-devoilera-une-voiture-virtuelle-prete-pour-le-metavers\/"},"modified":"2022-09-28T07:59:25","modified_gmt":"2022-09-28T11:59:25","slug":"mercedes-benz-devoilera-une-voiture-virtuelle-prete-pour-le-metavers","status":"publish","type":"post","link":"https:\/\/news.canadamotorjobs.com\/fr\/mercedes-benz-devoilera-une-voiture-virtuelle-prete-pour-le-metavers\/","title":{"rendered":"Mercedes-Benz d\u00e9voilera une voiture virtuelle pr\u00eate pour\u2026 le m\u00e9tavers"},"content":{"rendered":"<\/p>\n<p>Ah, le m\u00e9tavers! Que voil\u00e0 un excellent \u00ab\u00a0buzzword\u00a0\u00bb \u00e0 placer dans une conversation mondaine avec vos amis un tant soit peu branch\u00e9s durant un de ces coquetels mondains qui sont de retour, maintenant que la pand\u00e9mie semble derri\u00e8re nous. Et d\u2019ailleurs, les ing\u00e9nieurs de Mercedes-Benz ont pris bonne note de l\u2019existence de ce mot, car ils pr\u00e9parent en ce moment m\u00eame un v\u00e9hicule concept qui pourrait bient\u00f4t \u00eatre mis sur la route, tout \u00e0 fait virtuelle, de l\u2019environnement du jeu vid\u00e9o League of Legends.<\/p>\n<p> En fait, ce qui se passe, c\u2019est que Mercedes-Benz est le commanditaire principal du Championnat annuel de League of Legends, une comp\u00e9tition de ce qu\u2019on appelle du \u00ab\u00a0e-sport\u00a0\u00bb, ou \u00absport \u00e9lectronique\u00a0\u00bb , dont l\u2019\u00e9dition 2022 aura lieu cette fin de semaine.<\/p>\n<p> L\u2019an dernier, Mercedes a remis aux gagnants du championnat des bagues \u00e0 l\u2019effigie \u00e0 la fois du jeu vid\u00e9o et de la marque automobile dans laquelle \u00e9taient incrust\u00e9s de petits diamants synth\u00e9tiques faits \u00e0 partir de carbone capt\u00e9 dans l\u2019atmosph\u00e8re.<\/p>\n<p> Cette ann\u00e9e, on risque de demeurer dans le virtuel. C\u2019est le designer en chef du groupe allemand, Gorden Wagener, qui a publi\u00e9 sur Twitter une image du prototype en question, lequel est cach\u00e9 sous une toile semi-transparente. On voit que le v\u00e9hicule a la forme d\u2019un coup\u00e9 aux proportions assez particuli\u00e8res, et qui ne serait probablement jamais capable de tenir sur une route normale. Sur une route virtuelle, c\u2019est une autre histoire.<\/p>\n<p> Et pour vrai, Mercedes-Benz esp\u00e8re avec ce geste \u00abconqu\u00e9rir<\/p>\n","protected":false},"excerpt":{"rendered":"<p>Ah, le m\u00e9tavers! Que voil\u00e0 un excellent \u00ab\u00a0buzzword\u00a0\u00bb \u00e0 placer dans une conversation mondaine avec vos amis un tant soit peu branch\u00e9s durant un de ces coquetels mondains qui sont de retour, maintenant que la pand\u00e9mie semble derri\u00e8re nous. Et d\u2019ailleurs, les ing\u00e9nieurs de Mercedes-Benz ont pris bonne note de l\u2019existence de ce mot, car [&hellip;]<\/p>\n","protected":false},"author":8,"featured_media":82743,"comment_status":"close","ping_status":"closed","sticky":false,"template":"","format":"standard","meta":{"_monsterinsights_skip_tracking":false,"_monsterinsights_sitenote_active":false,"_monsterinsights_sitenote_note":"","_monsterinsights_sitenote_category":0,"footnotes":""},"categories":[101],"tags":[],"yoast_head":"<!-- This site is optimized with the Yoast SEO plugin v23.2 - https:\/\/yoast.com\/wordpress\/plugins\/seo\/ -->\n<title>Mercedes-Benz d\u00e9voilera une voiture virtuelle pr\u00eate pour\u2026 le m\u00e9tavers - CanadaMotorJobs.com<\/title>\n<meta name=\"description\" content=\"Mercedes-Benz d\u00e9voilera une voiture virtuelle pr\u00eate pour\u2026 le m\u00e9tavers - Benoit Charette - Annuel automobile - CanadaMotorJobs.com.\" \/>\n<meta name=\"robots\" content=\"index, follow, max-snippet:-1, max-image-preview:large, max-video-preview:-1\" \/>\n<meta property=\"og:locale\" content=\"fr_CA\" \/>\n<meta property=\"og:type\" content=\"article\" \/>\n<meta property=\"og:title\" content=\"Mercedes-Benz d\u00e9voilera une voiture virtuelle pr\u00eate pour\u2026 le m\u00e9tavers - CanadaMotorJobs.com\" \/>\n<meta property=\"og:description\" content=\"Mercedes-Benz d\u00e9voilera une voiture virtuelle pr\u00eate pour\u2026 le m\u00e9tavers - Benoit Charette - Annuel automobile - CanadaMotorJobs.com.\" \/>\n<meta property=\"og:url\" content=\"https:\/\/news.canadamotorjobs.com\/fr\/mercedes-benz-devoilera-une-voiture-virtuelle-prete-pour-le-metavers\/\" \/>\n<meta property=\"og:site_name\" content=\"CanadaMotorJobs.com\" \/>\n<meta property=\"article:publisher\" content=\"https:\/\/www.facebook.com\/canadamotorjobs\/\" \/>\n<meta property=\"article:published_time\" content=\"2022-09-28T11:44:18+00:00\" \/>\n<meta property=\"article:modified_time\" content=\"2022-09-28T11:59:25+00:00\" \/>\n<meta property=\"og:image\" content=\"https:\/\/news.canadamotorjobs.com\/wp-content\/uploads\/2022\/09\/mercedes-benz-virtual-showcar-1.jpg\" \/>\n\t<meta property=\"og:image:width\" content=\"1920\" \/>\n\t<meta property=\"og:image:height\" content=\"1080\" \/>\n\t<meta property=\"og:image:type\" content=\"image\/jpeg\" \/>\n<meta name=\"author\" content=\"Benoit Charette\" \/>\n<meta name=\"twitter:card\" content=\"summary_large_image\" \/>\n<meta name=\"twitter:creator\" content=\"@canadamotorjobs\" \/>\n<meta name=\"twitter:site\" content=\"@canadamotorjobs\" \/>\n<meta name=\"twitter:label1\" content=\"\u00c9crit par\" \/>\n\t<meta name=\"twitter:data1\" content=\"Benoit Charette\" \/>\n\t<meta name=\"twitter:label2\" content=\"Estimation du temps de lecture\" \/>\n\t<meta name=\"twitter:data2\" content=\"1 minute\" \/>\n<!-- \/ Yoast SEO plugin. -->","yoast_head_json":{"title":"Mercedes-Benz d\u00e9voilera une voiture virtuelle pr\u00eate pour\u2026 le m\u00e9tavers - CanadaMotorJobs.com","description":"Mercedes-Benz d\u00e9voilera une voiture virtuelle pr\u00eate pour\u2026 le m\u00e9tavers - Benoit Charette - Annuel automobile - CanadaMotorJobs.com.","robots":{"index":"index","follow":"follow","max-snippet":"max-snippet:-1","max-image-preview":"max-image-preview:large","max-video-preview":"max-video-preview:-1"},"og_locale":"fr_CA","og_type":"article","og_title":"Mercedes-Benz d\u00e9voilera une voiture virtuelle pr\u00eate pour\u2026 le m\u00e9tavers - CanadaMotorJobs.com","og_description":"Mercedes-Benz d\u00e9voilera une voiture virtuelle pr\u00eate pour\u2026 le m\u00e9tavers - Benoit Charette - Annuel automobile - CanadaMotorJobs.com.","og_url":"https:\/\/news.canadamotorjobs.com\/fr\/mercedes-benz-devoilera-une-voiture-virtuelle-prete-pour-le-metavers\/","og_site_name":"CanadaMotorJobs.com","article_publisher":"https:\/\/www.facebook.com\/canadamotorjobs\/","article_published_time":"2022-09-28T11:44:18+00:00","article_modified_time":"2022-09-28T11:59:25+00:00","og_image":[{"width":1920,"height":1080,"url":"https:\/\/news.canadamotorjobs.com\/wp-content\/uploads\/2022\/09\/mercedes-benz-virtual-showcar-1.jpg","type":"image\/jpeg"}],"author":"Benoit Charette","twitter_card":"summary_large_image","twitter_creator":"@canadamotorjobs","twitter_site":"@canadamotorjobs","twitter_misc":{"\u00c9crit par":"Benoit Charette","Estimation du temps de lecture":"1 minute"},"schema":{"@context":"https:\/\/schema.org","@graph":[{"@type":"Article","@id":"https:\/\/news.canadamotorjobs.com\/fr\/mercedes-benz-devoilera-une-voiture-virtuelle-prete-pour-le-metavers\/#article","isPartOf":{"@id":"https:\/\/news.canadamotorjobs.com\/fr\/mercedes-benz-devoilera-une-voiture-virtuelle-prete-pour-le-metavers\/"},"author":{"name":"Benoit Charette","@id":"https:\/\/news.canadamotorjobs.com\/#\/schema\/person\/51793d1f87d44011d7bcc2ed99269a90"},"headline":"Mercedes-Benz d\u00e9voilera une voiture virtuelle pr\u00eate pour\u2026 le m\u00e9tavers","datePublished":"2022-09-28T11:44:18+00:00","dateModified":"2022-09-28T11:59:25+00:00","mainEntityOfPage":{"@id":"https:\/\/news.canadamotorjobs.com\/fr\/mercedes-benz-devoilera-une-voiture-virtuelle-prete-pour-le-metavers\/"},"wordCount":283,"publisher":{"@id":"https:\/\/news.canadamotorjobs.com\/#organization"},"image":{"@id":"https:\/\/news.canadamotorjobs.com\/fr\/mercedes-benz-devoilera-une-voiture-virtuelle-prete-pour-le-metavers\/#primaryimage"},"thumbnailUrl":"https:\/\/news.canadamotorjobs.com\/wp-content\/uploads\/2022\/09\/mercedes-benz-virtual-showcar-1.jpg","articleSection":["Annuel automobile"],"inLanguage":"fr-CA"},{"@type":"WebPage","@id":"https:\/\/news.canadamotorjobs.com\/fr\/mercedes-benz-devoilera-une-voiture-virtuelle-prete-pour-le-metavers\/","url":"https:\/\/news.canadamotorjobs.com\/fr\/mercedes-benz-devoilera-une-voiture-virtuelle-prete-pour-le-metavers\/","name":"Mercedes-Benz d\u00e9voilera une voiture virtuelle pr\u00eate pour\u2026 le m\u00e9tavers - CanadaMotorJobs.com","isPartOf":{"@id":"https:\/\/news.canadamotorjobs.com\/#website"},"primaryImageOfPage":{"@id":"https:\/\/news.canadamotorjobs.com\/fr\/mercedes-benz-devoilera-une-voiture-virtuelle-prete-pour-le-metavers\/#primaryimage"},"image":{"@id":"https:\/\/news.canadamotorjobs.com\/fr\/mercedes-benz-devoilera-une-voiture-virtuelle-prete-pour-le-metavers\/#primaryimage"},"thumbnailUrl":"https:\/\/news.canadamotorjobs.com\/wp-content\/uploads\/2022\/09\/mercedes-benz-virtual-showcar-1.jpg","datePublished":"2022-09-28T11:44:18+00:00","dateModified":"2022-09-28T11:59:25+00:00","description":"Mercedes-Benz d\u00e9voilera une voiture virtuelle pr\u00eate pour\u2026 le m\u00e9tavers - Benoit Charette - Annuel automobile - CanadaMotorJobs.com.","breadcrumb":{"@id":"https:\/\/news.canadamotorjobs.com\/fr\/mercedes-benz-devoilera-une-voiture-virtuelle-prete-pour-le-metavers\/#breadcrumb"},"inLanguage":"fr-CA","potentialAction":[{"@type":"ReadAction","target":["https:\/\/news.canadamotorjobs.com\/fr\/mercedes-benz-devoilera-une-voiture-virtuelle-prete-pour-le-metavers\/"]}]},{"@type":"ImageObject","inLanguage":"fr-CA","@id":"https:\/\/news.canadamotorjobs.com\/fr\/mercedes-benz-devoilera-une-voiture-virtuelle-prete-pour-le-metavers\/#primaryimage","url":"https:\/\/news.canadamotorjobs.com\/wp-content\/uploads\/2022\/09\/mercedes-benz-virtual-showcar-1.jpg","contentUrl":"https:\/\/news.canadamotorjobs.com\/wp-content\/uploads\/2022\/09\/mercedes-benz-virtual-showcar-1.jpg","width":1920,"height":1080},{"@type":"BreadcrumbList","@id":"https:\/\/news.canadamotorjobs.com\/fr\/mercedes-benz-devoilera-une-voiture-virtuelle-prete-pour-le-metavers\/#breadcrumb","itemListElement":[{"@type":"ListItem","position":1,"name":"Home","item":"https:\/\/news.canadamotorjobs.com\/fr\/blog\/"},{"@type":"ListItem","position":2,"name":"Mercedes-Benz d\u00e9voilera une voiture virtuelle pr\u00eate pour\u2026 le m\u00e9tavers"}]},{"@type":"WebSite","@id":"https:\/\/news.canadamotorjobs.com\/#website","url":"https:\/\/news.canadamotorjobs.com\/","name":"CanadaMotorJobs.com","description":"Automotive Jobs","publisher":{"@id":"https:\/\/news.canadamotorjobs.com\/#organization"},"potentialAction":[{"@type":"SearchAction","target":{"@type":"EntryPoint","urlTemplate":"https:\/\/news.canadamotorjobs.com\/?s={search_term_string}"},"query-input":"required name=search_term_string"}],"inLanguage":"fr-CA"},{"@type":"Organization","@id":"https:\/\/news.canadamotorjobs.com\/#organization","name":"Canada Motor Jobs","url":"https:\/\/news.canadamotorjobs.com\/","logo":{"@type":"ImageObject","inLanguage":"fr-CA","@id":"https:\/\/news.canadamotorjobs.com\/#\/schema\/logo\/image\/","url":"https:\/\/news.canadamotorjobs.com\/wp-content\/uploads\/2022\/10\/logo-canada-motor-jobs-1.png","contentUrl":"https:\/\/news.canadamotorjobs.com\/wp-content\/uploads\/2022\/10\/logo-canada-motor-jobs-1.png","width":800,"height":400,"caption":"Canada Motor Jobs"},"image":{"@id":"https:\/\/news.canadamotorjobs.com\/#\/schema\/logo\/image\/"},"sameAs":["https:\/\/www.facebook.com\/canadamotorjobs\/","https:\/\/x.com\/canadamotorjobs","https:\/\/www.instagram.com\/canadamotorjobs\/","https:\/\/www.linkedin.com\/company\/canadamotorjobs"]},{"@type":"Person","@id":"https:\/\/news.canadamotorjobs.com\/#\/schema\/person\/51793d1f87d44011d7bcc2ed99269a90","name":"Benoit Charette","image":{"@type":"ImageObject","inLanguage":"fr-CA","@id":"https:\/\/news.canadamotorjobs.com\/#\/schema\/person\/image\/","url":"https:\/\/secure.gravatar.com\/avatar\/45f3d2eebcccd909668d7ce7ea7267b6?s=96&d=mm&r=g","contentUrl":"https:\/\/secure.gravatar.com\/avatar\/45f3d2eebcccd909668d7ce7ea7267b6?s=96&d=mm&r=g","caption":"Benoit Charette"},"description":"Benoit Charette \/ Propri\u00e9taire et r\u00e9dacteur en chef Benoit Charette pratique le journalisme automobile depuis bient\u00f4t 30 ans. Il a fait ses classes au c\u00f4t\u00e9 de Daniel H\u00e9raud et au Carnet de route de 1992 \u00e0 2001. Il est fondateur, copropri\u00e9taire et r\u00e9dacteur en chef de L\u2019Annuel de l\u2019automobile, qu\u2019il publie depuis 2001. Il a anim\u00e9 les \u00e9missions RPM et RPM+ sur V et les L\u00e9gendes de la route sur Historia. \u00c0 la radio depuis 1986, il reprend l\u2019antenne cette ann\u00e9e sur les ondes de Cogeco et participe pour la deuxi\u00e8me ann\u00e9e \u00e0 l\u2019\u00e9mission Passion Auto sur RDS en plus de mettre en ligne le site Web officiel de L\u2019Annuel de l\u2019automobile sur annuelauto.ca.","sameAs":["https:\/\/annuelauto.ca\/"],"url":"https:\/\/news.canadamotorjobs.com\/fr\/author\/benoit-charette\/"}]}},"_links":{"self":[{"href":"https:\/\/news.canadamotorjobs.com\/fr\/wp-json\/wp\/v2\/posts\/82739"}],"collection":[{"href":"https:\/\/news.canadamotorjobs.com\/fr\/wp-json\/wp\/v2\/posts"}],"about":[{"href":"https:\/\/news.canadamotorjobs.com\/fr\/wp-json\/wp\/v2\/types\/post"}],"author":[{"embeddable":true,"href":"https:\/\/news.canadamotorjobs.com\/fr\/wp-json\/wp\/v2\/users\/8"}],"replies":[{"embeddable":true,"href":"https:\/\/news.canadamotorjobs.com\/fr\/wp-json\/wp\/v2\/comments?post=82739"}],"version-history":[{"count":0,"href":"https:\/\/news.canadamotorjobs.com\/fr\/wp-json\/wp\/v2\/posts\/82739\/revisions"}],"wp:featuredmedia":[{"embeddable":true,"href":"https:\/\/news.canadamotorjobs.com\/fr\/wp-json\/wp\/v2\/media\/82743"}],"wp:attachment":[{"href":"https:\/\/news.canadamotorjobs.com\/fr\/wp-json\/wp\/v2\/media?parent=82739"}],"wp:term":[{"taxonomy":"category","embeddable":true,"href":"https:\/\/news.canadamotorjobs.com\/fr\/wp-json\/wp\/v2\/categories?post=82739"},{"taxonomy":"post_tag","embeddable":true,"href":"https:\/\/news.canadamotorjobs.com\/fr\/wp-json\/wp\/v2\/tags?post=82739"}],"curies":[{"name":"wp","href":"https:\/\/api.w.org\/{rel}","templated":true}]}}