{"id":74865,"date":"2022-09-26T14:50:03","date_gmt":"2022-09-26T18:50:03","guid":{"rendered":"https:\/\/blog.canadamotorjobs.com\/maman-jai-retreci-la-city-transformer\/"},"modified":"2022-09-26T14:59:33","modified_gmt":"2022-09-26T18:59:33","slug":"maman-jai-retreci-la-city-transformer","status":"publish","type":"post","link":"https:\/\/news.canadamotorjobs.com\/fr\/maman-jai-retreci-la-city-transformer\/","title":{"rendered":"Maman, j\u2019ai r\u00e9tr\u00e9ci la City Transformer\u00a0!"},"content":{"rendered":"<\/p>\n<p>La microvoiture transformable City Transformer CT-1 sera en vedette au Mondial de l\u2019automobile \u00e0 <a href=\"https:\/\/annuelauto.ca\/cafe-renault-sur-la-champs-elysees-pour-se-mettre-du-renault-sous-la-dent\/\" target=\"_blank\" rel=\"noopener noreferrer\">Paris<\/a>, en octobre. Ce sera la premi\u00e8re fois que cette citadine de conception isra\u00e9lienne sera pr\u00e9sent\u00e9e au public fran\u00e7ais.<\/p>\n<p> La CT-1 est une <a href=\"https:\/\/annuelauto.ca\/les-premieres-microlino-2-0-lisetta-du-21e-siecle-seront-livrees-cet-ete\/\" target=\"_blank\" rel=\"noopener noreferrer\">voiturette urbaine<\/a> \u00e0 motorisation \u00e9lectrique qui se distingue par son ch\u00e2ssis \u00e0 voie variable. Selon les besoins du moment, le conducteur peut adapter la largeur de sa voiturette en modifiant l\u2019\u00e9cart entre les roues.<\/p>\n<p> En mode \u00ab\u00a0performance\u00a0\u00bb, la voie des roues avant et arri\u00e8re atteint 1,4\u00a0m. La CT-1 b\u00e9n\u00e9ficie alors d\u2019un roulement s\u00fbr et confortable, comparable \u00e0 celui d\u2019une petite voiture, affirme le constructeur. En mode \u00ab\u00a0ville\u00a0\u00bb, la voie diminue \u00e0 1\u00a0m et rend la voiturette aussi agile qu\u2019une moto et facilite les d\u00e9placements dans un centre-ville congestionn\u00e9, en plus de faciliter les manoeuvres de stationnement.<br \/> <strong>Conduisez une auto et garez une moto<\/strong><br \/> Fond\u00e9e \u00e0 Tel-Aviv en 2014, la soci\u00e9t\u00e9 City Transformer d\u00e9crit la CT-1 en affirmant\u00a0: \u00ab\u00a0conduisez une auto et garez une moto\u00a0\u00bb. Longue de 2,5\u00a0m (une Mitsubishi <a href=\"https:\/\/annuelauto.ca\/quelques-retouches-au-mitsubishi-mirage-pour-202\/\" target=\"_blank\" rel=\"noopener noreferrer\">Mirage<\/a> mesure 3,9\u00a0m), la CT-1 peut \u00eatre gar\u00e9e de travers, comme une moto, entre deux automobiles de taille normale. De plus, puisqu\u2019en mode \u00ab\u00a0ville\u00a0\u00bb, elle ne fait que 1\u00a0m de large, il serait possible d\u2019en garer jusqu\u2019\u00e0 quatre c\u00f4te \u00e0 c\u00f4te dans un espace de stationnement, le long du trottoir\u00a0!<\/p>\n<p> Son habitacle a \u00e9t\u00e9 con\u00e7u de sorte \u00e0 s\u2019adapter \u00e0 diff\u00e9rents usages. Le constructeur a imagin\u00e9 des am\u00e9nagements int\u00e9rieurs convenant \u00e0 deux adultes assis en tandem ou \u00e0 un<\/p>\n","protected":false},"excerpt":{"rendered":"<p>La microvoiture transformable City Transformer CT-1 sera en vedette au Mondial de l\u2019automobile \u00e0 Paris, en octobre. Ce sera la premi\u00e8re fois que cette citadine de conception isra\u00e9lienne sera pr\u00e9sent\u00e9e au public fran\u00e7ais. La CT-1 est une voiturette urbaine \u00e0 motorisation \u00e9lectrique qui se distingue par son ch\u00e2ssis \u00e0 voie variable. Selon les besoins du [&hellip;]<\/p>\n","protected":false},"author":8,"featured_media":74869,"comment_status":"close","ping_status":"closed","sticky":false,"template":"","format":"standard","meta":{"_monsterinsights_skip_tracking":false,"_monsterinsights_sitenote_active":false,"_monsterinsights_sitenote_note":"","_monsterinsights_sitenote_category":0,"footnotes":""},"categories":[101],"tags":[],"yoast_head":"<!-- This site is optimized with the Yoast SEO plugin v23.2 - https:\/\/yoast.com\/wordpress\/plugins\/seo\/ -->\n<title>Maman, j\u2019ai r\u00e9tr\u00e9ci la City Transformer\u00a0! - CanadaMotorJobs.com<\/title>\n<meta name=\"description\" content=\"Maman, j\u2019ai r\u00e9tr\u00e9ci la City Transformer\u00a0! - Benoit Charette - Annuel automobile - CanadaMotorJobs.com.\" \/>\n<meta name=\"robots\" content=\"index, follow, max-snippet:-1, max-image-preview:large, max-video-preview:-1\" \/>\n<meta property=\"og:locale\" content=\"fr_CA\" \/>\n<meta property=\"og:type\" content=\"article\" \/>\n<meta property=\"og:title\" content=\"Maman, j\u2019ai r\u00e9tr\u00e9ci la City Transformer\u00a0! - CanadaMotorJobs.com\" \/>\n<meta property=\"og:description\" content=\"Maman, j\u2019ai r\u00e9tr\u00e9ci la City Transformer\u00a0! - Benoit Charette - Annuel automobile - CanadaMotorJobs.com.\" \/>\n<meta property=\"og:url\" content=\"https:\/\/news.canadamotorjobs.com\/fr\/maman-jai-retreci-la-city-transformer\/\" \/>\n<meta property=\"og:site_name\" content=\"CanadaMotorJobs.com\" \/>\n<meta property=\"article:publisher\" content=\"https:\/\/www.facebook.com\/canadamotorjobs\/\" \/>\n<meta property=\"article:published_time\" content=\"2022-09-26T18:50:03+00:00\" \/>\n<meta property=\"article:modified_time\" content=\"2022-09-26T18:59:33+00:00\" \/>\n<meta property=\"og:image\" content=\"https:\/\/news.canadamotorjobs.com\/wp-content\/uploads\/2022\/09\/City-Transformer-CT-1-1-1.jpg\" \/>\n\t<meta property=\"og:image:width\" content=\"1500\" \/>\n\t<meta property=\"og:image:height\" content=\"1000\" \/>\n\t<meta property=\"og:image:type\" content=\"image\/jpeg\" \/>\n<meta name=\"author\" content=\"Benoit Charette\" \/>\n<meta name=\"twitter:card\" content=\"summary_large_image\" \/>\n<meta name=\"twitter:creator\" content=\"@canadamotorjobs\" \/>\n<meta name=\"twitter:site\" content=\"@canadamotorjobs\" \/>\n<meta name=\"twitter:label1\" content=\"\u00c9crit par\" \/>\n\t<meta name=\"twitter:data1\" content=\"Benoit Charette\" \/>\n\t<meta name=\"twitter:label2\" content=\"Estimation du temps de lecture\" \/>\n\t<meta name=\"twitter:data2\" content=\"1 minute\" \/>\n<!-- \/ Yoast SEO plugin. -->","yoast_head_json":{"title":"Maman, j\u2019ai r\u00e9tr\u00e9ci la City Transformer\u00a0! - CanadaMotorJobs.com","description":"Maman, j\u2019ai r\u00e9tr\u00e9ci la City Transformer\u00a0! - Benoit Charette - Annuel automobile - CanadaMotorJobs.com.","robots":{"index":"index","follow":"follow","max-snippet":"max-snippet:-1","max-image-preview":"max-image-preview:large","max-video-preview":"max-video-preview:-1"},"og_locale":"fr_CA","og_type":"article","og_title":"Maman, j\u2019ai r\u00e9tr\u00e9ci la City Transformer\u00a0! - CanadaMotorJobs.com","og_description":"Maman, j\u2019ai r\u00e9tr\u00e9ci la City Transformer\u00a0! - Benoit Charette - Annuel automobile - CanadaMotorJobs.com.","og_url":"https:\/\/news.canadamotorjobs.com\/fr\/maman-jai-retreci-la-city-transformer\/","og_site_name":"CanadaMotorJobs.com","article_publisher":"https:\/\/www.facebook.com\/canadamotorjobs\/","article_published_time":"2022-09-26T18:50:03+00:00","article_modified_time":"2022-09-26T18:59:33+00:00","og_image":[{"width":1500,"height":1000,"url":"https:\/\/news.canadamotorjobs.com\/wp-content\/uploads\/2022\/09\/City-Transformer-CT-1-1-1.jpg","type":"image\/jpeg"}],"author":"Benoit Charette","twitter_card":"summary_large_image","twitter_creator":"@canadamotorjobs","twitter_site":"@canadamotorjobs","twitter_misc":{"\u00c9crit par":"Benoit Charette","Estimation du temps de lecture":"1 minute"},"schema":{"@context":"https:\/\/schema.org","@graph":[{"@type":"Article","@id":"https:\/\/news.canadamotorjobs.com\/fr\/maman-jai-retreci-la-city-transformer\/#article","isPartOf":{"@id":"https:\/\/news.canadamotorjobs.com\/fr\/maman-jai-retreci-la-city-transformer\/"},"author":{"name":"Benoit Charette","@id":"https:\/\/news.canadamotorjobs.com\/#\/schema\/person\/51793d1f87d44011d7bcc2ed99269a90"},"headline":"Maman, j\u2019ai r\u00e9tr\u00e9ci la City Transformer\u00a0!","datePublished":"2022-09-26T18:50:03+00:00","dateModified":"2022-09-26T18:59:33+00:00","mainEntityOfPage":{"@id":"https:\/\/news.canadamotorjobs.com\/fr\/maman-jai-retreci-la-city-transformer\/"},"wordCount":271,"publisher":{"@id":"https:\/\/news.canadamotorjobs.com\/#organization"},"image":{"@id":"https:\/\/news.canadamotorjobs.com\/fr\/maman-jai-retreci-la-city-transformer\/#primaryimage"},"thumbnailUrl":"https:\/\/news.canadamotorjobs.com\/wp-content\/uploads\/2022\/09\/City-Transformer-CT-1-1-1.jpg","articleSection":["Annuel automobile"],"inLanguage":"fr-CA"},{"@type":"WebPage","@id":"https:\/\/news.canadamotorjobs.com\/fr\/maman-jai-retreci-la-city-transformer\/","url":"https:\/\/news.canadamotorjobs.com\/fr\/maman-jai-retreci-la-city-transformer\/","name":"Maman, j\u2019ai r\u00e9tr\u00e9ci la City Transformer\u00a0! - CanadaMotorJobs.com","isPartOf":{"@id":"https:\/\/news.canadamotorjobs.com\/#website"},"primaryImageOfPage":{"@id":"https:\/\/news.canadamotorjobs.com\/fr\/maman-jai-retreci-la-city-transformer\/#primaryimage"},"image":{"@id":"https:\/\/news.canadamotorjobs.com\/fr\/maman-jai-retreci-la-city-transformer\/#primaryimage"},"thumbnailUrl":"https:\/\/news.canadamotorjobs.com\/wp-content\/uploads\/2022\/09\/City-Transformer-CT-1-1-1.jpg","datePublished":"2022-09-26T18:50:03+00:00","dateModified":"2022-09-26T18:59:33+00:00","description":"Maman, j\u2019ai r\u00e9tr\u00e9ci la City Transformer\u00a0! - Benoit Charette - Annuel automobile - CanadaMotorJobs.com.","breadcrumb":{"@id":"https:\/\/news.canadamotorjobs.com\/fr\/maman-jai-retreci-la-city-transformer\/#breadcrumb"},"inLanguage":"fr-CA","potentialAction":[{"@type":"ReadAction","target":["https:\/\/news.canadamotorjobs.com\/fr\/maman-jai-retreci-la-city-transformer\/"]}]},{"@type":"ImageObject","inLanguage":"fr-CA","@id":"https:\/\/news.canadamotorjobs.com\/fr\/maman-jai-retreci-la-city-transformer\/#primaryimage","url":"https:\/\/news.canadamotorjobs.com\/wp-content\/uploads\/2022\/09\/City-Transformer-CT-1-1-1.jpg","contentUrl":"https:\/\/news.canadamotorjobs.com\/wp-content\/uploads\/2022\/09\/City-Transformer-CT-1-1-1.jpg","width":1500,"height":1000},{"@type":"BreadcrumbList","@id":"https:\/\/news.canadamotorjobs.com\/fr\/maman-jai-retreci-la-city-transformer\/#breadcrumb","itemListElement":[{"@type":"ListItem","position":1,"name":"Home","item":"https:\/\/news.canadamotorjobs.com\/fr\/blog\/"},{"@type":"ListItem","position":2,"name":"Maman, j\u2019ai r\u00e9tr\u00e9ci la City Transformer\u00a0!"}]},{"@type":"WebSite","@id":"https:\/\/news.canadamotorjobs.com\/#website","url":"https:\/\/news.canadamotorjobs.com\/","name":"CanadaMotorJobs.com","description":"Automotive Jobs","publisher":{"@id":"https:\/\/news.canadamotorjobs.com\/#organization"},"potentialAction":[{"@type":"SearchAction","target":{"@type":"EntryPoint","urlTemplate":"https:\/\/news.canadamotorjobs.com\/?s={search_term_string}"},"query-input":"required name=search_term_string"}],"inLanguage":"fr-CA"},{"@type":"Organization","@id":"https:\/\/news.canadamotorjobs.com\/#organization","name":"Canada Motor Jobs","url":"https:\/\/news.canadamotorjobs.com\/","logo":{"@type":"ImageObject","inLanguage":"fr-CA","@id":"https:\/\/news.canadamotorjobs.com\/#\/schema\/logo\/image\/","url":"https:\/\/news.canadamotorjobs.com\/wp-content\/uploads\/2022\/10\/logo-canada-motor-jobs-1.png","contentUrl":"https:\/\/news.canadamotorjobs.com\/wp-content\/uploads\/2022\/10\/logo-canada-motor-jobs-1.png","width":800,"height":400,"caption":"Canada Motor Jobs"},"image":{"@id":"https:\/\/news.canadamotorjobs.com\/#\/schema\/logo\/image\/"},"sameAs":["https:\/\/www.facebook.com\/canadamotorjobs\/","https:\/\/x.com\/canadamotorjobs","https:\/\/www.instagram.com\/canadamotorjobs\/","https:\/\/www.linkedin.com\/company\/canadamotorjobs"]},{"@type":"Person","@id":"https:\/\/news.canadamotorjobs.com\/#\/schema\/person\/51793d1f87d44011d7bcc2ed99269a90","name":"Benoit Charette","image":{"@type":"ImageObject","inLanguage":"fr-CA","@id":"https:\/\/news.canadamotorjobs.com\/#\/schema\/person\/image\/","url":"https:\/\/secure.gravatar.com\/avatar\/45f3d2eebcccd909668d7ce7ea7267b6?s=96&d=mm&r=g","contentUrl":"https:\/\/secure.gravatar.com\/avatar\/45f3d2eebcccd909668d7ce7ea7267b6?s=96&d=mm&r=g","caption":"Benoit Charette"},"description":"Benoit Charette \/ Propri\u00e9taire et r\u00e9dacteur en chef Benoit Charette pratique le journalisme automobile depuis bient\u00f4t 30 ans. Il a fait ses classes au c\u00f4t\u00e9 de Daniel H\u00e9raud et au Carnet de route de 1992 \u00e0 2001. Il est fondateur, copropri\u00e9taire et r\u00e9dacteur en chef de L\u2019Annuel de l\u2019automobile, qu\u2019il publie depuis 2001. Il a anim\u00e9 les \u00e9missions RPM et RPM+ sur V et les L\u00e9gendes de la route sur Historia. \u00c0 la radio depuis 1986, il reprend l\u2019antenne cette ann\u00e9e sur les ondes de Cogeco et participe pour la deuxi\u00e8me ann\u00e9e \u00e0 l\u2019\u00e9mission Passion Auto sur RDS en plus de mettre en ligne le site Web officiel de L\u2019Annuel de l\u2019automobile sur annuelauto.ca.","sameAs":["https:\/\/annuelauto.ca\/"],"url":"https:\/\/news.canadamotorjobs.com\/fr\/author\/benoit-charette\/"}]}},"_links":{"self":[{"href":"https:\/\/news.canadamotorjobs.com\/fr\/wp-json\/wp\/v2\/posts\/74865"}],"collection":[{"href":"https:\/\/news.canadamotorjobs.com\/fr\/wp-json\/wp\/v2\/posts"}],"about":[{"href":"https:\/\/news.canadamotorjobs.com\/fr\/wp-json\/wp\/v2\/types\/post"}],"author":[{"embeddable":true,"href":"https:\/\/news.canadamotorjobs.com\/fr\/wp-json\/wp\/v2\/users\/8"}],"replies":[{"embeddable":true,"href":"https:\/\/news.canadamotorjobs.com\/fr\/wp-json\/wp\/v2\/comments?post=74865"}],"version-history":[{"count":0,"href":"https:\/\/news.canadamotorjobs.com\/fr\/wp-json\/wp\/v2\/posts\/74865\/revisions"}],"wp:featuredmedia":[{"embeddable":true,"href":"https:\/\/news.canadamotorjobs.com\/fr\/wp-json\/wp\/v2\/media\/74869"}],"wp:attachment":[{"href":"https:\/\/news.canadamotorjobs.com\/fr\/wp-json\/wp\/v2\/media?parent=74865"}],"wp:term":[{"taxonomy":"category","embeddable":true,"href":"https:\/\/news.canadamotorjobs.com\/fr\/wp-json\/wp\/v2\/categories?post=74865"},{"taxonomy":"post_tag","embeddable":true,"href":"https:\/\/news.canadamotorjobs.com\/fr\/wp-json\/wp\/v2\/tags?post=74865"}],"curies":[{"name":"wp","href":"https:\/\/api.w.org\/{rel}","templated":true}]}}