{"id":74341,"date":"2022-09-26T10:17:04","date_gmt":"2022-09-26T14:17:04","guid":{"rendered":"https:\/\/blog.canadamotorjobs.com\/ram-prepare-le-retour-dun-pick-up-intermediaire\/"},"modified":"2022-09-26T10:29:54","modified_gmt":"2022-09-26T14:29:54","slug":"ram-prepare-le-retour-dun-pick-up-intermediaire","status":"publish","type":"post","link":"https:\/\/news.canadamotorjobs.com\/fr\/ram-prepare-le-retour-dun-pick-up-intermediaire\/","title":{"rendered":"Ram pr\u00e9pare le retour d\u2019un pick-up interm\u00e9diaire"},"content":{"rendered":"<\/p>\n<p>Ram est absent du segment des camionnettes de tailles moyennes depuis le d\u00e9p\u00e2rt6 du Dodge Dakota en 2011 qui avait mis fin \u00e0 25 ans de pr\u00e9sence sur le march\u00e9. Depuis le retour r\u00e9cent du duo, Colorado\/Canyon, du Ranger et le r\u00e9cent renouvellement du Nissan Frontier, ce segment conna\u00eet une recrudescence. Il ne faut pas oublier le Toyota Tacoma qui domine encore ce segment chez nos voisins du sud.<br \/> Est-ce que Ram va ramener le nom de Dakota ?<br \/> Cette question demeure encore sans r\u00e9ponse apr\u00e8s des ann\u00e9es de sp\u00e9culation. L&#8217;ancien PDG de Fiat Chrysler Automobiles, Mike Manley, a d\u00e9clar\u00e9 en 2019 que le constructeur automobile \u00e9tait concentr\u00e9 sur une &#8220;solution de camion interm\u00e9diaire d\u2019une tonne m\u00e9trique.&#8221; Bien que l&#8217;entreprise venait de commencer \u00e0 vendre le pick-up Jeep Gladiator de taille moyenne, Manley a d\u00e9clar\u00e9 que le tout-terrain ne comblait pas le trou de la taille moyenne parce qu&#8217;il remplissait &#8220;une mission diff\u00e9rente.&#8221; Des rapports ont ensuite \u00e9merg\u00e9 en 2020 selon lesquels FCA avait d\u00e9pos\u00e9 une nouvelle marque pour le nom Dakota.<br \/> On s\u2019inspirera du Ram<br \/> Des sources \u00e0 l\u2019interne chez Ram confirment que ce nouveau Ram va sans doute tirer quelques le\u00e7ons du populaire mod\u00e8le 1500. Ram a aussi l\u2019intention d\u2019offrir un large \u00e9ventail de mod\u00e8les. On pourrait m\u00eame penser \u00e0 une version Dakota TRX, pourquoi pas.<\/p>\n<p> &nbsp;<\/p>\n<p> Avec des renseignements d\u2019Automotive News<\/p>\n<p> &nbsp;<\/p>\n<p>Le texte <a rel=\"nofollow\" href=\"https:\/\/annuelauto.ca\/ram-prepare-le-retour-dun-pick-up-intermediaire\/\">Ram pr\u00e9pare le retour d\u2019un pick-up interm\u00e9diaire<\/a> provient de <a rel=\"nofollow\" href=\"https:\/\/annuelauto.ca\">L&#039;annuel de l&#039;automobile &#8211; Actualit\u00e9 automobile<\/a><\/p>\n<p> <\/p>\n","protected":false},"excerpt":{"rendered":"<p>Ram est absent du segment des camionnettes de tailles moyennes depuis le d\u00e9p\u00e2rt6 du Dodge Dakota en 2011 qui avait mis fin \u00e0 25 ans de pr\u00e9sence sur le march\u00e9. Depuis le retour r\u00e9cent du duo, Colorado\/Canyon, du Ranger et le r\u00e9cent renouvellement du Nissan Frontier, ce segment conna\u00eet une recrudescence. Il ne faut pas [&hellip;]<\/p>\n","protected":false},"author":8,"featured_media":74345,"comment_status":"close","ping_status":"closed","sticky":false,"template":"","format":"standard","meta":{"_monsterinsights_skip_tracking":false,"_monsterinsights_sitenote_active":false,"_monsterinsights_sitenote_note":"","_monsterinsights_sitenote_category":0,"footnotes":""},"categories":[101],"tags":[],"yoast_head":"<!-- This site is optimized with the Yoast SEO plugin v23.2 - https:\/\/yoast.com\/wordpress\/plugins\/seo\/ -->\n<title>Ram pr\u00e9pare le retour d\u2019un pick-up interm\u00e9diaire - CanadaMotorJobs.com<\/title>\n<meta name=\"description\" content=\"Ram pr\u00e9pare le retour d\u2019un pick-up interm\u00e9diaire - Benoit Charette - Annuel automobile - CanadaMotorJobs.com.\" \/>\n<meta name=\"robots\" content=\"index, follow, max-snippet:-1, max-image-preview:large, max-video-preview:-1\" \/>\n<meta property=\"og:locale\" content=\"fr_CA\" \/>\n<meta property=\"og:type\" content=\"article\" \/>\n<meta property=\"og:title\" content=\"Ram pr\u00e9pare le retour d\u2019un pick-up interm\u00e9diaire - CanadaMotorJobs.com\" \/>\n<meta property=\"og:description\" content=\"Ram pr\u00e9pare le retour d\u2019un pick-up interm\u00e9diaire - Benoit Charette - Annuel automobile - CanadaMotorJobs.com.\" \/>\n<meta property=\"og:url\" content=\"https:\/\/news.canadamotorjobs.com\/fr\/ram-prepare-le-retour-dun-pick-up-intermediaire\/\" \/>\n<meta property=\"og:site_name\" content=\"CanadaMotorJobs.com\" \/>\n<meta property=\"article:publisher\" content=\"https:\/\/www.facebook.com\/canadamotorjobs\/\" \/>\n<meta property=\"article:published_time\" content=\"2022-09-26T14:17:04+00:00\" \/>\n<meta property=\"article:modified_time\" content=\"2022-09-26T14:29:54+00:00\" \/>\n<meta property=\"og:image\" content=\"https:\/\/news.canadamotorjobs.com\/wp-content\/uploads\/2022\/09\/418b3312e9382291a8d5692ac0b3dbe7-1.jpg\" \/>\n\t<meta property=\"og:image:width\" content=\"1024\" \/>\n\t<meta property=\"og:image:height\" content=\"768\" \/>\n\t<meta property=\"og:image:type\" content=\"image\/jpeg\" \/>\n<meta name=\"author\" content=\"Benoit Charette\" \/>\n<meta name=\"twitter:card\" content=\"summary_large_image\" \/>\n<meta name=\"twitter:creator\" content=\"@canadamotorjobs\" \/>\n<meta name=\"twitter:site\" content=\"@canadamotorjobs\" \/>\n<meta name=\"twitter:label1\" content=\"\u00c9crit par\" \/>\n\t<meta name=\"twitter:data1\" content=\"Benoit Charette\" \/>\n\t<meta name=\"twitter:label2\" content=\"Estimation du temps de lecture\" \/>\n\t<meta name=\"twitter:data2\" content=\"1 minute\" \/>\n<!-- \/ Yoast SEO plugin. -->","yoast_head_json":{"title":"Ram pr\u00e9pare le retour d\u2019un pick-up interm\u00e9diaire - CanadaMotorJobs.com","description":"Ram pr\u00e9pare le retour d\u2019un pick-up interm\u00e9diaire - Benoit Charette - Annuel automobile - CanadaMotorJobs.com.","robots":{"index":"index","follow":"follow","max-snippet":"max-snippet:-1","max-image-preview":"max-image-preview:large","max-video-preview":"max-video-preview:-1"},"og_locale":"fr_CA","og_type":"article","og_title":"Ram pr\u00e9pare le retour d\u2019un pick-up interm\u00e9diaire - CanadaMotorJobs.com","og_description":"Ram pr\u00e9pare le retour d\u2019un pick-up interm\u00e9diaire - Benoit Charette - Annuel automobile - CanadaMotorJobs.com.","og_url":"https:\/\/news.canadamotorjobs.com\/fr\/ram-prepare-le-retour-dun-pick-up-intermediaire\/","og_site_name":"CanadaMotorJobs.com","article_publisher":"https:\/\/www.facebook.com\/canadamotorjobs\/","article_published_time":"2022-09-26T14:17:04+00:00","article_modified_time":"2022-09-26T14:29:54+00:00","og_image":[{"width":1024,"height":768,"url":"https:\/\/news.canadamotorjobs.com\/wp-content\/uploads\/2022\/09\/418b3312e9382291a8d5692ac0b3dbe7-1.jpg","type":"image\/jpeg"}],"author":"Benoit Charette","twitter_card":"summary_large_image","twitter_creator":"@canadamotorjobs","twitter_site":"@canadamotorjobs","twitter_misc":{"\u00c9crit par":"Benoit Charette","Estimation du temps de lecture":"1 minute"},"schema":{"@context":"https:\/\/schema.org","@graph":[{"@type":"Article","@id":"https:\/\/news.canadamotorjobs.com\/fr\/ram-prepare-le-retour-dun-pick-up-intermediaire\/#article","isPartOf":{"@id":"https:\/\/news.canadamotorjobs.com\/fr\/ram-prepare-le-retour-dun-pick-up-intermediaire\/"},"author":{"name":"Benoit Charette","@id":"https:\/\/news.canadamotorjobs.com\/#\/schema\/person\/51793d1f87d44011d7bcc2ed99269a90"},"headline":"Ram pr\u00e9pare le retour d\u2019un pick-up interm\u00e9diaire","datePublished":"2022-09-26T14:17:04+00:00","dateModified":"2022-09-26T14:29:54+00:00","mainEntityOfPage":{"@id":"https:\/\/news.canadamotorjobs.com\/fr\/ram-prepare-le-retour-dun-pick-up-intermediaire\/"},"wordCount":277,"publisher":{"@id":"https:\/\/news.canadamotorjobs.com\/#organization"},"image":{"@id":"https:\/\/news.canadamotorjobs.com\/fr\/ram-prepare-le-retour-dun-pick-up-intermediaire\/#primaryimage"},"thumbnailUrl":"https:\/\/news.canadamotorjobs.com\/wp-content\/uploads\/2022\/09\/418b3312e9382291a8d5692ac0b3dbe7-1.jpg","articleSection":["Annuel automobile"],"inLanguage":"fr-CA"},{"@type":"WebPage","@id":"https:\/\/news.canadamotorjobs.com\/fr\/ram-prepare-le-retour-dun-pick-up-intermediaire\/","url":"https:\/\/news.canadamotorjobs.com\/fr\/ram-prepare-le-retour-dun-pick-up-intermediaire\/","name":"Ram pr\u00e9pare le retour d\u2019un pick-up interm\u00e9diaire - CanadaMotorJobs.com","isPartOf":{"@id":"https:\/\/news.canadamotorjobs.com\/#website"},"primaryImageOfPage":{"@id":"https:\/\/news.canadamotorjobs.com\/fr\/ram-prepare-le-retour-dun-pick-up-intermediaire\/#primaryimage"},"image":{"@id":"https:\/\/news.canadamotorjobs.com\/fr\/ram-prepare-le-retour-dun-pick-up-intermediaire\/#primaryimage"},"thumbnailUrl":"https:\/\/news.canadamotorjobs.com\/wp-content\/uploads\/2022\/09\/418b3312e9382291a8d5692ac0b3dbe7-1.jpg","datePublished":"2022-09-26T14:17:04+00:00","dateModified":"2022-09-26T14:29:54+00:00","description":"Ram pr\u00e9pare le retour d\u2019un pick-up interm\u00e9diaire - Benoit Charette - Annuel automobile - CanadaMotorJobs.com.","breadcrumb":{"@id":"https:\/\/news.canadamotorjobs.com\/fr\/ram-prepare-le-retour-dun-pick-up-intermediaire\/#breadcrumb"},"inLanguage":"fr-CA","potentialAction":[{"@type":"ReadAction","target":["https:\/\/news.canadamotorjobs.com\/fr\/ram-prepare-le-retour-dun-pick-up-intermediaire\/"]}]},{"@type":"ImageObject","inLanguage":"fr-CA","@id":"https:\/\/news.canadamotorjobs.com\/fr\/ram-prepare-le-retour-dun-pick-up-intermediaire\/#primaryimage","url":"https:\/\/news.canadamotorjobs.com\/wp-content\/uploads\/2022\/09\/418b3312e9382291a8d5692ac0b3dbe7-1.jpg","contentUrl":"https:\/\/news.canadamotorjobs.com\/wp-content\/uploads\/2022\/09\/418b3312e9382291a8d5692ac0b3dbe7-1.jpg","width":1024,"height":768},{"@type":"BreadcrumbList","@id":"https:\/\/news.canadamotorjobs.com\/fr\/ram-prepare-le-retour-dun-pick-up-intermediaire\/#breadcrumb","itemListElement":[{"@type":"ListItem","position":1,"name":"Home","item":"https:\/\/news.canadamotorjobs.com\/fr\/blog\/"},{"@type":"ListItem","position":2,"name":"Ram pr\u00e9pare le retour d\u2019un pick-up interm\u00e9diaire"}]},{"@type":"WebSite","@id":"https:\/\/news.canadamotorjobs.com\/#website","url":"https:\/\/news.canadamotorjobs.com\/","name":"CanadaMotorJobs.com","description":"Automotive Jobs","publisher":{"@id":"https:\/\/news.canadamotorjobs.com\/#organization"},"potentialAction":[{"@type":"SearchAction","target":{"@type":"EntryPoint","urlTemplate":"https:\/\/news.canadamotorjobs.com\/?s={search_term_string}"},"query-input":"required name=search_term_string"}],"inLanguage":"fr-CA"},{"@type":"Organization","@id":"https:\/\/news.canadamotorjobs.com\/#organization","name":"Canada Motor Jobs","url":"https:\/\/news.canadamotorjobs.com\/","logo":{"@type":"ImageObject","inLanguage":"fr-CA","@id":"https:\/\/news.canadamotorjobs.com\/#\/schema\/logo\/image\/","url":"https:\/\/news.canadamotorjobs.com\/wp-content\/uploads\/2022\/10\/logo-canada-motor-jobs-1.png","contentUrl":"https:\/\/news.canadamotorjobs.com\/wp-content\/uploads\/2022\/10\/logo-canada-motor-jobs-1.png","width":800,"height":400,"caption":"Canada Motor Jobs"},"image":{"@id":"https:\/\/news.canadamotorjobs.com\/#\/schema\/logo\/image\/"},"sameAs":["https:\/\/www.facebook.com\/canadamotorjobs\/","https:\/\/x.com\/canadamotorjobs","https:\/\/www.instagram.com\/canadamotorjobs\/","https:\/\/www.linkedin.com\/company\/canadamotorjobs"]},{"@type":"Person","@id":"https:\/\/news.canadamotorjobs.com\/#\/schema\/person\/51793d1f87d44011d7bcc2ed99269a90","name":"Benoit Charette","image":{"@type":"ImageObject","inLanguage":"fr-CA","@id":"https:\/\/news.canadamotorjobs.com\/#\/schema\/person\/image\/","url":"https:\/\/secure.gravatar.com\/avatar\/45f3d2eebcccd909668d7ce7ea7267b6?s=96&d=mm&r=g","contentUrl":"https:\/\/secure.gravatar.com\/avatar\/45f3d2eebcccd909668d7ce7ea7267b6?s=96&d=mm&r=g","caption":"Benoit Charette"},"description":"Benoit Charette \/ Propri\u00e9taire et r\u00e9dacteur en chef Benoit Charette pratique le journalisme automobile depuis bient\u00f4t 30 ans. Il a fait ses classes au c\u00f4t\u00e9 de Daniel H\u00e9raud et au Carnet de route de 1992 \u00e0 2001. Il est fondateur, copropri\u00e9taire et r\u00e9dacteur en chef de L\u2019Annuel de l\u2019automobile, qu\u2019il publie depuis 2001. Il a anim\u00e9 les \u00e9missions RPM et RPM+ sur V et les L\u00e9gendes de la route sur Historia. \u00c0 la radio depuis 1986, il reprend l\u2019antenne cette ann\u00e9e sur les ondes de Cogeco et participe pour la deuxi\u00e8me ann\u00e9e \u00e0 l\u2019\u00e9mission Passion Auto sur RDS en plus de mettre en ligne le site Web officiel de L\u2019Annuel de l\u2019automobile sur annuelauto.ca.","sameAs":["https:\/\/annuelauto.ca\/"],"url":"https:\/\/news.canadamotorjobs.com\/fr\/author\/benoit-charette\/"}]}},"_links":{"self":[{"href":"https:\/\/news.canadamotorjobs.com\/fr\/wp-json\/wp\/v2\/posts\/74341"}],"collection":[{"href":"https:\/\/news.canadamotorjobs.com\/fr\/wp-json\/wp\/v2\/posts"}],"about":[{"href":"https:\/\/news.canadamotorjobs.com\/fr\/wp-json\/wp\/v2\/types\/post"}],"author":[{"embeddable":true,"href":"https:\/\/news.canadamotorjobs.com\/fr\/wp-json\/wp\/v2\/users\/8"}],"replies":[{"embeddable":true,"href":"https:\/\/news.canadamotorjobs.com\/fr\/wp-json\/wp\/v2\/comments?post=74341"}],"version-history":[{"count":0,"href":"https:\/\/news.canadamotorjobs.com\/fr\/wp-json\/wp\/v2\/posts\/74341\/revisions"}],"wp:featuredmedia":[{"embeddable":true,"href":"https:\/\/news.canadamotorjobs.com\/fr\/wp-json\/wp\/v2\/media\/74345"}],"wp:attachment":[{"href":"https:\/\/news.canadamotorjobs.com\/fr\/wp-json\/wp\/v2\/media?parent=74341"}],"wp:term":[{"taxonomy":"category","embeddable":true,"href":"https:\/\/news.canadamotorjobs.com\/fr\/wp-json\/wp\/v2\/categories?post=74341"},{"taxonomy":"post_tag","embeddable":true,"href":"https:\/\/news.canadamotorjobs.com\/fr\/wp-json\/wp\/v2\/tags?post=74341"}],"curies":[{"name":"wp","href":"https:\/\/api.w.org\/{rel}","templated":true}]}}