{"id":74205,"date":"2022-09-26T08:45:00","date_gmt":"2022-09-26T12:45:00","guid":{"rendered":"https:\/\/blog.canadamotorjobs.com\/un-nouvel-adaptateur-de-charge-tesla-vous-permet-de-vous-recharger-nimporte-ou\/"},"modified":"2022-09-26T08:45:12","modified_gmt":"2022-09-26T12:45:12","slug":"un-nouvel-adaptateur-de-charge-tesla-vous-permet-de-vous-recharger-nimporte-ou","status":"publish","type":"post","link":"https:\/\/news.canadamotorjobs.com\/fr\/un-nouvel-adaptateur-de-charge-tesla-vous-permet-de-vous-recharger-nimporte-ou\/","title":{"rendered":"Un nouvel adaptateur de charge Tesla vous permet de vous recharger n\u2019importe o\u00f9"},"content":{"rendered":"<\/p>\n<p>Apr\u00e8s un lancement en Cor\u00e9e du Sud en octobre de l&#8217;ann\u00e9e derni\u00e8re, le tr\u00e8s attendu adaptateur CCS Combo 1 (CCS1) est enfin disponible sur la boutique en ligne de Tesla. Vous pouvez d\u00e9sormais commander l&#8217;adaptateur pour 250 dollars am\u00e9ricains. En fonction de la production, le prix de l&#8217;adaptateur Tesla est en moyenne l\u00e9g\u00e8rement sup\u00e9rieur \u00e0 celui des solutions similaires du march\u00e9 secondaire.<br \/> Pour les mod\u00e8les 2020 et plus r\u00e9cents<br \/> L\u2019adaptateur fonctionne sur les Model 3 , Y, S et X pour les mod\u00e8les construits entre\u00a02020 et maintenant. Tesla affirme que l&#8217;exp\u00e9dition commencera dans les deux semaines suivant la commande. Nous nous attendons \u00e0 ce que la demande soit \u00e9lev\u00e9e, car les propri\u00e9taires de Tesla r\u00e9clament cette fonctionnalit\u00e9 depuis que Musk a rachet\u00e9 la soci\u00e9t\u00e9. Tesla affirme que l&#8217;adaptateur pourra charger jusqu&#8217;\u00e0 250 kW \u00e0 partir de n&#8217;importe quel r\u00e9seau tiers utilisant le CCS1. Vous n&#8217;aurez plus \u00e0 payer pour avoir \u00e0 la fois un chargeur Tesla et un chargeur d&#8217;une autre marque \u00e0 votre domicile si vous poss\u00e9dez deux V\u00c9 diff\u00e9rents.<br \/> Des mises \u00e0 jour \u00e0 venir pour la compatibilit\u00e9 des mod\u00e8les les plus anciens<br \/> Tesla s&#8217;efforce de faire entrer dans le giron les voitures ant\u00e9rieures \u00e0 2020. \u00c0 terme, Tesla ajoutera la possibilit\u00e9 de r\u00e9\u00e9quiper les chargeurs des anciens mod\u00e8les S, X, 3 et Y. Pour l&#8217;instant, Tesla a d\u00e9clar\u00e9 que la mise \u00e0 niveau sera disponible au d\u00e9but de 2023. Si vous devez v\u00e9rifier que votre voiture peut utiliser l&#8217;adaptateur, vous pouvez le trouver dans le menu &#8220;Informations<\/p>\n","protected":false},"excerpt":{"rendered":"<p>Apr\u00e8s un lancement en Cor\u00e9e du Sud en octobre de l&#8217;ann\u00e9e derni\u00e8re, le tr\u00e8s attendu adaptateur CCS Combo 1 (CCS1) est enfin disponible sur la boutique en ligne de Tesla. Vous pouvez d\u00e9sormais commander l&#8217;adaptateur pour 250 dollars am\u00e9ricains. En fonction de la production, le prix de l&#8217;adaptateur Tesla est en moyenne l\u00e9g\u00e8rement sup\u00e9rieur \u00e0 [&hellip;]<\/p>\n","protected":false},"author":8,"featured_media":74209,"comment_status":"close","ping_status":"closed","sticky":false,"template":"","format":"standard","meta":{"_monsterinsights_skip_tracking":false,"_monsterinsights_sitenote_active":false,"_monsterinsights_sitenote_note":"","_monsterinsights_sitenote_category":0,"footnotes":""},"categories":[101],"tags":[],"yoast_head":"<!-- This site is optimized with the Yoast SEO plugin v23.2 - https:\/\/yoast.com\/wordpress\/plugins\/seo\/ -->\n<title>Un nouvel adaptateur de charge Tesla vous permet de vous recharger n\u2019importe o\u00f9 - CanadaMotorJobs.com<\/title>\n<meta name=\"description\" content=\"Un nouvel adaptateur de charge Tesla vous permet de vous recharger n\u2019importe o\u00f9 - Benoit Charette - Annuel automobile - CanadaMotorJobs.com.\" \/>\n<meta name=\"robots\" content=\"index, follow, max-snippet:-1, max-image-preview:large, max-video-preview:-1\" \/>\n<meta property=\"og:locale\" content=\"fr_CA\" \/>\n<meta property=\"og:type\" content=\"article\" \/>\n<meta property=\"og:title\" content=\"Un nouvel adaptateur de charge Tesla vous permet de vous recharger n\u2019importe o\u00f9 - CanadaMotorJobs.com\" \/>\n<meta property=\"og:description\" content=\"Un nouvel adaptateur de charge Tesla vous permet de vous recharger n\u2019importe o\u00f9 - Benoit Charette - Annuel automobile - CanadaMotorJobs.com.\" \/>\n<meta property=\"og:url\" content=\"https:\/\/news.canadamotorjobs.com\/fr\/un-nouvel-adaptateur-de-charge-tesla-vous-permet-de-vous-recharger-nimporte-ou\/\" \/>\n<meta property=\"og:site_name\" content=\"CanadaMotorJobs.com\" \/>\n<meta property=\"article:publisher\" content=\"https:\/\/www.facebook.com\/canadamotorjobs\/\" \/>\n<meta property=\"article:published_time\" content=\"2022-09-26T12:45:00+00:00\" \/>\n<meta property=\"article:modified_time\" content=\"2022-09-26T12:45:12+00:00\" \/>\n<meta property=\"og:image\" content=\"https:\/\/news.canadamotorjobs.com\/wp-content\/uploads\/2022\/09\/photo_2021-05-20_14-43-341622209043.5379.jpg-1.jpeg\" \/>\n\t<meta property=\"og:image:width\" content=\"1280\" \/>\n\t<meta property=\"og:image:height\" content=\"960\" \/>\n\t<meta property=\"og:image:type\" content=\"image\/jpeg\" \/>\n<meta name=\"author\" content=\"Benoit Charette\" \/>\n<meta name=\"twitter:card\" content=\"summary_large_image\" \/>\n<meta name=\"twitter:creator\" content=\"@canadamotorjobs\" \/>\n<meta name=\"twitter:site\" content=\"@canadamotorjobs\" \/>\n<meta name=\"twitter:label1\" content=\"\u00c9crit par\" \/>\n\t<meta name=\"twitter:data1\" content=\"Benoit Charette\" \/>\n\t<meta name=\"twitter:label2\" content=\"Estimation du temps de lecture\" \/>\n\t<meta name=\"twitter:data2\" content=\"1 minute\" \/>\n<!-- \/ Yoast SEO plugin. -->","yoast_head_json":{"title":"Un nouvel adaptateur de charge Tesla vous permet de vous recharger n\u2019importe o\u00f9 - CanadaMotorJobs.com","description":"Un nouvel adaptateur de charge Tesla vous permet de vous recharger n\u2019importe o\u00f9 - Benoit Charette - Annuel automobile - CanadaMotorJobs.com.","robots":{"index":"index","follow":"follow","max-snippet":"max-snippet:-1","max-image-preview":"max-image-preview:large","max-video-preview":"max-video-preview:-1"},"og_locale":"fr_CA","og_type":"article","og_title":"Un nouvel adaptateur de charge Tesla vous permet de vous recharger n\u2019importe o\u00f9 - CanadaMotorJobs.com","og_description":"Un nouvel adaptateur de charge Tesla vous permet de vous recharger n\u2019importe o\u00f9 - Benoit Charette - Annuel automobile - CanadaMotorJobs.com.","og_url":"https:\/\/news.canadamotorjobs.com\/fr\/un-nouvel-adaptateur-de-charge-tesla-vous-permet-de-vous-recharger-nimporte-ou\/","og_site_name":"CanadaMotorJobs.com","article_publisher":"https:\/\/www.facebook.com\/canadamotorjobs\/","article_published_time":"2022-09-26T12:45:00+00:00","article_modified_time":"2022-09-26T12:45:12+00:00","og_image":[{"width":1280,"height":960,"url":"https:\/\/news.canadamotorjobs.com\/wp-content\/uploads\/2022\/09\/photo_2021-05-20_14-43-341622209043.5379.jpg-1.jpeg","type":"image\/jpeg"}],"author":"Benoit Charette","twitter_card":"summary_large_image","twitter_creator":"@canadamotorjobs","twitter_site":"@canadamotorjobs","twitter_misc":{"\u00c9crit par":"Benoit Charette","Estimation du temps de lecture":"1 minute"},"schema":{"@context":"https:\/\/schema.org","@graph":[{"@type":"Article","@id":"https:\/\/news.canadamotorjobs.com\/fr\/un-nouvel-adaptateur-de-charge-tesla-vous-permet-de-vous-recharger-nimporte-ou\/#article","isPartOf":{"@id":"https:\/\/news.canadamotorjobs.com\/fr\/un-nouvel-adaptateur-de-charge-tesla-vous-permet-de-vous-recharger-nimporte-ou\/"},"author":{"name":"Benoit Charette","@id":"https:\/\/news.canadamotorjobs.com\/#\/schema\/person\/51793d1f87d44011d7bcc2ed99269a90"},"headline":"Un nouvel adaptateur de charge Tesla vous permet de vous recharger n\u2019importe o\u00f9","datePublished":"2022-09-26T12:45:00+00:00","dateModified":"2022-09-26T12:45:12+00:00","mainEntityOfPage":{"@id":"https:\/\/news.canadamotorjobs.com\/fr\/un-nouvel-adaptateur-de-charge-tesla-vous-permet-de-vous-recharger-nimporte-ou\/"},"wordCount":284,"publisher":{"@id":"https:\/\/news.canadamotorjobs.com\/#organization"},"image":{"@id":"https:\/\/news.canadamotorjobs.com\/fr\/un-nouvel-adaptateur-de-charge-tesla-vous-permet-de-vous-recharger-nimporte-ou\/#primaryimage"},"thumbnailUrl":"https:\/\/news.canadamotorjobs.com\/wp-content\/uploads\/2022\/09\/photo_2021-05-20_14-43-341622209043.5379.jpg-1.jpeg","articleSection":["Annuel automobile"],"inLanguage":"fr-CA"},{"@type":"WebPage","@id":"https:\/\/news.canadamotorjobs.com\/fr\/un-nouvel-adaptateur-de-charge-tesla-vous-permet-de-vous-recharger-nimporte-ou\/","url":"https:\/\/news.canadamotorjobs.com\/fr\/un-nouvel-adaptateur-de-charge-tesla-vous-permet-de-vous-recharger-nimporte-ou\/","name":"Un nouvel adaptateur de charge Tesla vous permet de vous recharger n\u2019importe o\u00f9 - CanadaMotorJobs.com","isPartOf":{"@id":"https:\/\/news.canadamotorjobs.com\/#website"},"primaryImageOfPage":{"@id":"https:\/\/news.canadamotorjobs.com\/fr\/un-nouvel-adaptateur-de-charge-tesla-vous-permet-de-vous-recharger-nimporte-ou\/#primaryimage"},"image":{"@id":"https:\/\/news.canadamotorjobs.com\/fr\/un-nouvel-adaptateur-de-charge-tesla-vous-permet-de-vous-recharger-nimporte-ou\/#primaryimage"},"thumbnailUrl":"https:\/\/news.canadamotorjobs.com\/wp-content\/uploads\/2022\/09\/photo_2021-05-20_14-43-341622209043.5379.jpg-1.jpeg","datePublished":"2022-09-26T12:45:00+00:00","dateModified":"2022-09-26T12:45:12+00:00","description":"Un nouvel adaptateur de charge Tesla vous permet de vous recharger n\u2019importe o\u00f9 - Benoit Charette - Annuel automobile - CanadaMotorJobs.com.","breadcrumb":{"@id":"https:\/\/news.canadamotorjobs.com\/fr\/un-nouvel-adaptateur-de-charge-tesla-vous-permet-de-vous-recharger-nimporte-ou\/#breadcrumb"},"inLanguage":"fr-CA","potentialAction":[{"@type":"ReadAction","target":["https:\/\/news.canadamotorjobs.com\/fr\/un-nouvel-adaptateur-de-charge-tesla-vous-permet-de-vous-recharger-nimporte-ou\/"]}]},{"@type":"ImageObject","inLanguage":"fr-CA","@id":"https:\/\/news.canadamotorjobs.com\/fr\/un-nouvel-adaptateur-de-charge-tesla-vous-permet-de-vous-recharger-nimporte-ou\/#primaryimage","url":"https:\/\/news.canadamotorjobs.com\/wp-content\/uploads\/2022\/09\/photo_2021-05-20_14-43-341622209043.5379.jpg-1.jpeg","contentUrl":"https:\/\/news.canadamotorjobs.com\/wp-content\/uploads\/2022\/09\/photo_2021-05-20_14-43-341622209043.5379.jpg-1.jpeg","width":1280,"height":960},{"@type":"BreadcrumbList","@id":"https:\/\/news.canadamotorjobs.com\/fr\/un-nouvel-adaptateur-de-charge-tesla-vous-permet-de-vous-recharger-nimporte-ou\/#breadcrumb","itemListElement":[{"@type":"ListItem","position":1,"name":"Home","item":"https:\/\/news.canadamotorjobs.com\/fr\/blog\/"},{"@type":"ListItem","position":2,"name":"Un nouvel adaptateur de charge Tesla vous permet de vous recharger n\u2019importe o\u00f9"}]},{"@type":"WebSite","@id":"https:\/\/news.canadamotorjobs.com\/#website","url":"https:\/\/news.canadamotorjobs.com\/","name":"CanadaMotorJobs.com","description":"Automotive Jobs","publisher":{"@id":"https:\/\/news.canadamotorjobs.com\/#organization"},"potentialAction":[{"@type":"SearchAction","target":{"@type":"EntryPoint","urlTemplate":"https:\/\/news.canadamotorjobs.com\/?s={search_term_string}"},"query-input":"required name=search_term_string"}],"inLanguage":"fr-CA"},{"@type":"Organization","@id":"https:\/\/news.canadamotorjobs.com\/#organization","name":"Canada Motor Jobs","url":"https:\/\/news.canadamotorjobs.com\/","logo":{"@type":"ImageObject","inLanguage":"fr-CA","@id":"https:\/\/news.canadamotorjobs.com\/#\/schema\/logo\/image\/","url":"https:\/\/news.canadamotorjobs.com\/wp-content\/uploads\/2022\/10\/logo-canada-motor-jobs-1.png","contentUrl":"https:\/\/news.canadamotorjobs.com\/wp-content\/uploads\/2022\/10\/logo-canada-motor-jobs-1.png","width":800,"height":400,"caption":"Canada Motor Jobs"},"image":{"@id":"https:\/\/news.canadamotorjobs.com\/#\/schema\/logo\/image\/"},"sameAs":["https:\/\/www.facebook.com\/canadamotorjobs\/","https:\/\/x.com\/canadamotorjobs","https:\/\/www.instagram.com\/canadamotorjobs\/","https:\/\/www.linkedin.com\/company\/canadamotorjobs"]},{"@type":"Person","@id":"https:\/\/news.canadamotorjobs.com\/#\/schema\/person\/51793d1f87d44011d7bcc2ed99269a90","name":"Benoit Charette","image":{"@type":"ImageObject","inLanguage":"fr-CA","@id":"https:\/\/news.canadamotorjobs.com\/#\/schema\/person\/image\/","url":"https:\/\/secure.gravatar.com\/avatar\/45f3d2eebcccd909668d7ce7ea7267b6?s=96&d=mm&r=g","contentUrl":"https:\/\/secure.gravatar.com\/avatar\/45f3d2eebcccd909668d7ce7ea7267b6?s=96&d=mm&r=g","caption":"Benoit Charette"},"description":"Benoit Charette \/ Propri\u00e9taire et r\u00e9dacteur en chef Benoit Charette pratique le journalisme automobile depuis bient\u00f4t 30 ans. Il a fait ses classes au c\u00f4t\u00e9 de Daniel H\u00e9raud et au Carnet de route de 1992 \u00e0 2001. Il est fondateur, copropri\u00e9taire et r\u00e9dacteur en chef de L\u2019Annuel de l\u2019automobile, qu\u2019il publie depuis 2001. Il a anim\u00e9 les \u00e9missions RPM et RPM+ sur V et les L\u00e9gendes de la route sur Historia. \u00c0 la radio depuis 1986, il reprend l\u2019antenne cette ann\u00e9e sur les ondes de Cogeco et participe pour la deuxi\u00e8me ann\u00e9e \u00e0 l\u2019\u00e9mission Passion Auto sur RDS en plus de mettre en ligne le site Web officiel de L\u2019Annuel de l\u2019automobile sur annuelauto.ca.","sameAs":["https:\/\/annuelauto.ca\/"],"url":"https:\/\/news.canadamotorjobs.com\/fr\/author\/benoit-charette\/"}]}},"_links":{"self":[{"href":"https:\/\/news.canadamotorjobs.com\/fr\/wp-json\/wp\/v2\/posts\/74205"}],"collection":[{"href":"https:\/\/news.canadamotorjobs.com\/fr\/wp-json\/wp\/v2\/posts"}],"about":[{"href":"https:\/\/news.canadamotorjobs.com\/fr\/wp-json\/wp\/v2\/types\/post"}],"author":[{"embeddable":true,"href":"https:\/\/news.canadamotorjobs.com\/fr\/wp-json\/wp\/v2\/users\/8"}],"replies":[{"embeddable":true,"href":"https:\/\/news.canadamotorjobs.com\/fr\/wp-json\/wp\/v2\/comments?post=74205"}],"version-history":[{"count":0,"href":"https:\/\/news.canadamotorjobs.com\/fr\/wp-json\/wp\/v2\/posts\/74205\/revisions"}],"wp:featuredmedia":[{"embeddable":true,"href":"https:\/\/news.canadamotorjobs.com\/fr\/wp-json\/wp\/v2\/media\/74209"}],"wp:attachment":[{"href":"https:\/\/news.canadamotorjobs.com\/fr\/wp-json\/wp\/v2\/media?parent=74205"}],"wp:term":[{"taxonomy":"category","embeddable":true,"href":"https:\/\/news.canadamotorjobs.com\/fr\/wp-json\/wp\/v2\/categories?post=74205"},{"taxonomy":"post_tag","embeddable":true,"href":"https:\/\/news.canadamotorjobs.com\/fr\/wp-json\/wp\/v2\/tags?post=74205"}],"curies":[{"name":"wp","href":"https:\/\/api.w.org\/{rel}","templated":true}]}}