{"id":72217,"date":"2022-09-25T09:49:01","date_gmt":"2022-09-25T13:49:01","guid":{"rendered":"https:\/\/blog.canadamotorjobs.com\/volkswagen-songe-a-deplacer-sa-production-hors-de-lallemagne\/"},"modified":"2022-09-25T09:58:46","modified_gmt":"2022-09-25T13:58:46","slug":"volkswagen-songe-a-deplacer-sa-production-hors-de-lallemagne","status":"publish","type":"post","link":"https:\/\/news.canadamotorjobs.com\/fr\/volkswagen-songe-a-deplacer-sa-production-hors-de-lallemagne\/","title":{"rendered":"Volkswagen songe \u00e0 d\u00e9placer sa production hors de l\u2019Allemagne"},"content":{"rendered":"<\/p>\n<p>La d\u00e9cision de la Russie de restreindre l&#8217;approvisionnement en gaz de l&#8217;Europe fait craindre que l&#8217;Allemagne ne soit oblig\u00e9e de rationner son carburant. Le pays a confirm\u00e9 avoir assez de r\u00e9serves pour passer l\u2019hiver, mais songe \u00e0 d\u00e9placer une partie de sa production \u00e0 d\u2019autres pays d\u2019Europe moins affect\u00e9s par l\u2019approvisionnement russe en gaz naturel. Porsche, Audi et d&#8217;autres marques du groupe pourraient aussi \u00eatre touch\u00e9es.<br \/> Un casse-t\u00eate logistique<br \/> L&#8217;entreprise poss\u00e8de d&#8217;importantes usines en Allemagne, en R\u00e9publique tch\u00e8que et en Slovaquie, qui figurent parmi les pays europ\u00e9ens les plus d\u00e9pendants du gaz russe, ainsi que des installations dans le sud de l&#8217;Europe qui s&#8217;approvisionnent en \u00e9nergie ailleurs. L&#8217;Europe du Sud-Ouest ou les zones c\u00f4ti\u00e8res de l&#8217;Europe du Nord, qui ont toutes deux un meilleur acc\u00e8s aux cargaisons de gaz naturel liqu\u00e9fi\u00e9 par voie maritime, pourraient \u00eatre les b\u00e9n\u00e9ficiaires d&#8217;une \u00e9ventuelle r\u00e9orientation de la production, a d\u00e9clar\u00e9 un porte-parole de Volkswagen. Le groupe Volkswagen exploite d\u00e9j\u00e0 des usines automobiles au Portugal, en Espagne et en Belgique, pays qui abritent des terminaux GNL.<br \/> Obstacles li\u00e9s \u00e0 la main-d&#8217;\u0153uvre<br \/> Bien s\u00fbr, tout transfert majeur de la production hors de la plus grande \u00e9conomie d&#8217;Europe se heurterait \u00e0 des obstacles importants. VW emploie quelque 295\u00a0000 personnes en Allemagne et les repr\u00e9sentants des travailleurs repr\u00e9sentent environ la moiti\u00e9 des 20 membres du conseil de surveillance de l&#8217;entreprise. Toute r\u00e9orientation de la production impliquerait probablement un nombre limit\u00e9 de v\u00e9hicules plut\u00f4t que des fermetures totales d&#8217;usines. \u00ab En plus du gaz qui se fait rare, les<\/p>\n","protected":false},"excerpt":{"rendered":"<p>La d\u00e9cision de la Russie de restreindre l&#8217;approvisionnement en gaz de l&#8217;Europe fait craindre que l&#8217;Allemagne ne soit oblig\u00e9e de rationner son carburant. Le pays a confirm\u00e9 avoir assez de r\u00e9serves pour passer l\u2019hiver, mais songe \u00e0 d\u00e9placer une partie de sa production \u00e0 d\u2019autres pays d\u2019Europe moins affect\u00e9s par l\u2019approvisionnement russe en gaz naturel. [&hellip;]<\/p>\n","protected":false},"author":8,"featured_media":72221,"comment_status":"close","ping_status":"closed","sticky":false,"template":"","format":"standard","meta":{"_monsterinsights_skip_tracking":false,"_monsterinsights_sitenote_active":false,"_monsterinsights_sitenote_note":"","_monsterinsights_sitenote_category":0,"footnotes":""},"categories":[101],"tags":[],"yoast_head":"<!-- This site is optimized with the Yoast SEO plugin v23.2 - https:\/\/yoast.com\/wordpress\/plugins\/seo\/ -->\n<title>Volkswagen songe \u00e0 d\u00e9placer sa production hors de l\u2019Allemagne - CanadaMotorJobs.com<\/title>\n<meta name=\"description\" content=\"Volkswagen songe \u00e0 d\u00e9placer sa production hors de l\u2019Allemagne - Benoit Charette - Annuel automobile - CanadaMotorJobs.com.\" \/>\n<meta name=\"robots\" content=\"index, follow, max-snippet:-1, max-image-preview:large, max-video-preview:-1\" \/>\n<meta property=\"og:locale\" content=\"fr_CA\" \/>\n<meta property=\"og:type\" content=\"article\" \/>\n<meta property=\"og:title\" content=\"Volkswagen songe \u00e0 d\u00e9placer sa production hors de l\u2019Allemagne - CanadaMotorJobs.com\" \/>\n<meta property=\"og:description\" content=\"Volkswagen songe \u00e0 d\u00e9placer sa production hors de l\u2019Allemagne - Benoit Charette - Annuel automobile - CanadaMotorJobs.com.\" \/>\n<meta property=\"og:url\" content=\"https:\/\/news.canadamotorjobs.com\/fr\/volkswagen-songe-a-deplacer-sa-production-hors-de-lallemagne\/\" \/>\n<meta property=\"og:site_name\" content=\"CanadaMotorJobs.com\" \/>\n<meta property=\"article:publisher\" content=\"https:\/\/www.facebook.com\/canadamotorjobs\/\" \/>\n<meta property=\"article:published_time\" content=\"2022-09-25T13:49:01+00:00\" \/>\n<meta property=\"article:modified_time\" content=\"2022-09-25T13:58:46+00:00\" \/>\n<meta property=\"og:image\" content=\"https:\/\/news.canadamotorjobs.com\/wp-content\/uploads\/2022\/09\/VW_Wolfsburg-scaled-1-1.jpg\" \/>\n\t<meta property=\"og:image:width\" content=\"2560\" \/>\n\t<meta property=\"og:image:height\" content=\"1920\" \/>\n\t<meta property=\"og:image:type\" content=\"image\/jpeg\" \/>\n<meta name=\"author\" content=\"Benoit Charette\" \/>\n<meta name=\"twitter:card\" content=\"summary_large_image\" \/>\n<meta name=\"twitter:creator\" content=\"@canadamotorjobs\" \/>\n<meta name=\"twitter:site\" content=\"@canadamotorjobs\" \/>\n<meta name=\"twitter:label1\" content=\"\u00c9crit par\" \/>\n\t<meta name=\"twitter:data1\" content=\"Benoit Charette\" \/>\n\t<meta name=\"twitter:label2\" content=\"Estimation du temps de lecture\" \/>\n\t<meta name=\"twitter:data2\" content=\"1 minute\" \/>\n<!-- \/ Yoast SEO plugin. -->","yoast_head_json":{"title":"Volkswagen songe \u00e0 d\u00e9placer sa production hors de l\u2019Allemagne - CanadaMotorJobs.com","description":"Volkswagen songe \u00e0 d\u00e9placer sa production hors de l\u2019Allemagne - Benoit Charette - Annuel automobile - CanadaMotorJobs.com.","robots":{"index":"index","follow":"follow","max-snippet":"max-snippet:-1","max-image-preview":"max-image-preview:large","max-video-preview":"max-video-preview:-1"},"og_locale":"fr_CA","og_type":"article","og_title":"Volkswagen songe \u00e0 d\u00e9placer sa production hors de l\u2019Allemagne - CanadaMotorJobs.com","og_description":"Volkswagen songe \u00e0 d\u00e9placer sa production hors de l\u2019Allemagne - Benoit Charette - Annuel automobile - CanadaMotorJobs.com.","og_url":"https:\/\/news.canadamotorjobs.com\/fr\/volkswagen-songe-a-deplacer-sa-production-hors-de-lallemagne\/","og_site_name":"CanadaMotorJobs.com","article_publisher":"https:\/\/www.facebook.com\/canadamotorjobs\/","article_published_time":"2022-09-25T13:49:01+00:00","article_modified_time":"2022-09-25T13:58:46+00:00","og_image":[{"width":2560,"height":1920,"url":"https:\/\/news.canadamotorjobs.com\/wp-content\/uploads\/2022\/09\/VW_Wolfsburg-scaled-1-1.jpg","type":"image\/jpeg"}],"author":"Benoit Charette","twitter_card":"summary_large_image","twitter_creator":"@canadamotorjobs","twitter_site":"@canadamotorjobs","twitter_misc":{"\u00c9crit par":"Benoit Charette","Estimation du temps de lecture":"1 minute"},"schema":{"@context":"https:\/\/schema.org","@graph":[{"@type":"Article","@id":"https:\/\/news.canadamotorjobs.com\/fr\/volkswagen-songe-a-deplacer-sa-production-hors-de-lallemagne\/#article","isPartOf":{"@id":"https:\/\/news.canadamotorjobs.com\/fr\/volkswagen-songe-a-deplacer-sa-production-hors-de-lallemagne\/"},"author":{"name":"Benoit Charette","@id":"https:\/\/news.canadamotorjobs.com\/#\/schema\/person\/51793d1f87d44011d7bcc2ed99269a90"},"headline":"Volkswagen songe \u00e0 d\u00e9placer sa production hors de l\u2019Allemagne","datePublished":"2022-09-25T13:49:01+00:00","dateModified":"2022-09-25T13:58:46+00:00","mainEntityOfPage":{"@id":"https:\/\/news.canadamotorjobs.com\/fr\/volkswagen-songe-a-deplacer-sa-production-hors-de-lallemagne\/"},"wordCount":300,"publisher":{"@id":"https:\/\/news.canadamotorjobs.com\/#organization"},"image":{"@id":"https:\/\/news.canadamotorjobs.com\/fr\/volkswagen-songe-a-deplacer-sa-production-hors-de-lallemagne\/#primaryimage"},"thumbnailUrl":"https:\/\/news.canadamotorjobs.com\/wp-content\/uploads\/2022\/09\/VW_Wolfsburg-scaled-1-1.jpg","articleSection":["Annuel automobile"],"inLanguage":"fr-CA"},{"@type":"WebPage","@id":"https:\/\/news.canadamotorjobs.com\/fr\/volkswagen-songe-a-deplacer-sa-production-hors-de-lallemagne\/","url":"https:\/\/news.canadamotorjobs.com\/fr\/volkswagen-songe-a-deplacer-sa-production-hors-de-lallemagne\/","name":"Volkswagen songe \u00e0 d\u00e9placer sa production hors de l\u2019Allemagne - CanadaMotorJobs.com","isPartOf":{"@id":"https:\/\/news.canadamotorjobs.com\/#website"},"primaryImageOfPage":{"@id":"https:\/\/news.canadamotorjobs.com\/fr\/volkswagen-songe-a-deplacer-sa-production-hors-de-lallemagne\/#primaryimage"},"image":{"@id":"https:\/\/news.canadamotorjobs.com\/fr\/volkswagen-songe-a-deplacer-sa-production-hors-de-lallemagne\/#primaryimage"},"thumbnailUrl":"https:\/\/news.canadamotorjobs.com\/wp-content\/uploads\/2022\/09\/VW_Wolfsburg-scaled-1-1.jpg","datePublished":"2022-09-25T13:49:01+00:00","dateModified":"2022-09-25T13:58:46+00:00","description":"Volkswagen songe \u00e0 d\u00e9placer sa production hors de l\u2019Allemagne - Benoit Charette - Annuel automobile - CanadaMotorJobs.com.","breadcrumb":{"@id":"https:\/\/news.canadamotorjobs.com\/fr\/volkswagen-songe-a-deplacer-sa-production-hors-de-lallemagne\/#breadcrumb"},"inLanguage":"fr-CA","potentialAction":[{"@type":"ReadAction","target":["https:\/\/news.canadamotorjobs.com\/fr\/volkswagen-songe-a-deplacer-sa-production-hors-de-lallemagne\/"]}]},{"@type":"ImageObject","inLanguage":"fr-CA","@id":"https:\/\/news.canadamotorjobs.com\/fr\/volkswagen-songe-a-deplacer-sa-production-hors-de-lallemagne\/#primaryimage","url":"https:\/\/news.canadamotorjobs.com\/wp-content\/uploads\/2022\/09\/VW_Wolfsburg-scaled-1-1.jpg","contentUrl":"https:\/\/news.canadamotorjobs.com\/wp-content\/uploads\/2022\/09\/VW_Wolfsburg-scaled-1-1.jpg","width":2560,"height":1920},{"@type":"BreadcrumbList","@id":"https:\/\/news.canadamotorjobs.com\/fr\/volkswagen-songe-a-deplacer-sa-production-hors-de-lallemagne\/#breadcrumb","itemListElement":[{"@type":"ListItem","position":1,"name":"Home","item":"https:\/\/news.canadamotorjobs.com\/fr\/blog\/"},{"@type":"ListItem","position":2,"name":"Volkswagen songe \u00e0 d\u00e9placer sa production hors de l\u2019Allemagne"}]},{"@type":"WebSite","@id":"https:\/\/news.canadamotorjobs.com\/#website","url":"https:\/\/news.canadamotorjobs.com\/","name":"CanadaMotorJobs.com","description":"Automotive Jobs","publisher":{"@id":"https:\/\/news.canadamotorjobs.com\/#organization"},"potentialAction":[{"@type":"SearchAction","target":{"@type":"EntryPoint","urlTemplate":"https:\/\/news.canadamotorjobs.com\/?s={search_term_string}"},"query-input":"required name=search_term_string"}],"inLanguage":"fr-CA"},{"@type":"Organization","@id":"https:\/\/news.canadamotorjobs.com\/#organization","name":"Canada Motor Jobs","url":"https:\/\/news.canadamotorjobs.com\/","logo":{"@type":"ImageObject","inLanguage":"fr-CA","@id":"https:\/\/news.canadamotorjobs.com\/#\/schema\/logo\/image\/","url":"https:\/\/news.canadamotorjobs.com\/wp-content\/uploads\/2022\/10\/logo-canada-motor-jobs-1.png","contentUrl":"https:\/\/news.canadamotorjobs.com\/wp-content\/uploads\/2022\/10\/logo-canada-motor-jobs-1.png","width":800,"height":400,"caption":"Canada Motor Jobs"},"image":{"@id":"https:\/\/news.canadamotorjobs.com\/#\/schema\/logo\/image\/"},"sameAs":["https:\/\/www.facebook.com\/canadamotorjobs\/","https:\/\/x.com\/canadamotorjobs","https:\/\/www.instagram.com\/canadamotorjobs\/","https:\/\/www.linkedin.com\/company\/canadamotorjobs"]},{"@type":"Person","@id":"https:\/\/news.canadamotorjobs.com\/#\/schema\/person\/51793d1f87d44011d7bcc2ed99269a90","name":"Benoit Charette","image":{"@type":"ImageObject","inLanguage":"fr-CA","@id":"https:\/\/news.canadamotorjobs.com\/#\/schema\/person\/image\/","url":"https:\/\/secure.gravatar.com\/avatar\/45f3d2eebcccd909668d7ce7ea7267b6?s=96&d=mm&r=g","contentUrl":"https:\/\/secure.gravatar.com\/avatar\/45f3d2eebcccd909668d7ce7ea7267b6?s=96&d=mm&r=g","caption":"Benoit Charette"},"description":"Benoit Charette \/ Propri\u00e9taire et r\u00e9dacteur en chef Benoit Charette pratique le journalisme automobile depuis bient\u00f4t 30 ans. Il a fait ses classes au c\u00f4t\u00e9 de Daniel H\u00e9raud et au Carnet de route de 1992 \u00e0 2001. Il est fondateur, copropri\u00e9taire et r\u00e9dacteur en chef de L\u2019Annuel de l\u2019automobile, qu\u2019il publie depuis 2001. Il a anim\u00e9 les \u00e9missions RPM et RPM+ sur V et les L\u00e9gendes de la route sur Historia. \u00c0 la radio depuis 1986, il reprend l\u2019antenne cette ann\u00e9e sur les ondes de Cogeco et participe pour la deuxi\u00e8me ann\u00e9e \u00e0 l\u2019\u00e9mission Passion Auto sur RDS en plus de mettre en ligne le site Web officiel de L\u2019Annuel de l\u2019automobile sur annuelauto.ca.","sameAs":["https:\/\/annuelauto.ca\/"],"url":"https:\/\/news.canadamotorjobs.com\/fr\/author\/benoit-charette\/"}]}},"_links":{"self":[{"href":"https:\/\/news.canadamotorjobs.com\/fr\/wp-json\/wp\/v2\/posts\/72217"}],"collection":[{"href":"https:\/\/news.canadamotorjobs.com\/fr\/wp-json\/wp\/v2\/posts"}],"about":[{"href":"https:\/\/news.canadamotorjobs.com\/fr\/wp-json\/wp\/v2\/types\/post"}],"author":[{"embeddable":true,"href":"https:\/\/news.canadamotorjobs.com\/fr\/wp-json\/wp\/v2\/users\/8"}],"replies":[{"embeddable":true,"href":"https:\/\/news.canadamotorjobs.com\/fr\/wp-json\/wp\/v2\/comments?post=72217"}],"version-history":[{"count":0,"href":"https:\/\/news.canadamotorjobs.com\/fr\/wp-json\/wp\/v2\/posts\/72217\/revisions"}],"wp:featuredmedia":[{"embeddable":true,"href":"https:\/\/news.canadamotorjobs.com\/fr\/wp-json\/wp\/v2\/media\/72221"}],"wp:attachment":[{"href":"https:\/\/news.canadamotorjobs.com\/fr\/wp-json\/wp\/v2\/media?parent=72217"}],"wp:term":[{"taxonomy":"category","embeddable":true,"href":"https:\/\/news.canadamotorjobs.com\/fr\/wp-json\/wp\/v2\/categories?post=72217"},{"taxonomy":"post_tag","embeddable":true,"href":"https:\/\/news.canadamotorjobs.com\/fr\/wp-json\/wp\/v2\/tags?post=72217"}],"curies":[{"name":"wp","href":"https:\/\/api.w.org\/{rel}","templated":true}]}}