{"id":72129,"date":"2022-09-25T09:21:22","date_gmt":"2022-09-25T13:21:22","guid":{"rendered":"https:\/\/blog.canadamotorjobs.com\/gmc-ne-prend-plus-de-reservation-pour-ses-hummer-ev\/"},"modified":"2022-09-25T09:29:26","modified_gmt":"2022-09-25T13:29:26","slug":"gmc-ne-prend-plus-de-reservation-pour-ses-hummer-ev","status":"publish","type":"post","link":"https:\/\/news.canadamotorjobs.com\/fr\/gmc-ne-prend-plus-de-reservation-pour-ses-hummer-ev\/","title":{"rendered":"GMC ne prend plus de r\u00e9servation pour ses Hummer EV"},"content":{"rendered":"<\/p>\n<p>GM a d\u00e9j\u00e0 re\u00e7u 90\u00a0000 r\u00e9servations pour le Hummer EV en version pick-up et VUS et n\u2019est plus en mesure de r\u00e9pondre \u00e0 la demande. La compagnie a donc d\u00e9cid\u00e9 de prendre une pause dans les commandes jusqu&#8217;\u00e0 ce que la situation s&#8217;am\u00e9liore.<br \/> Un succ\u00e8s au-del\u00e0 des esp\u00e9rances<br \/> D\u00e8s la mise en vente, les mod\u00e8les Hummer se sont envol\u00e9s rapidement, m\u00eame \u00e0 plus de 100 000\u00a0$ l\u2019unit\u00e9. Les \u00e9ditions initiales des deux mod\u00e8les ont \u00e9t\u00e9 vendues en 10 minutes environ (pick-up en octobre 2020 et VUS en avril 2021). GM a enregistr\u00e9 pr\u00e8s de 59\u00a0000 r\u00e9servations en f\u00e9vrier 2022, qui sont pass\u00e9es \u00e0 plus de 65\u00a0000 \u00e0 la fin du mois de mars, \u00e0 environ 80\u00a0000 en juillet, et ont finalement d\u00e9pass\u00e9 les 90 000, approchant un niveau \u00e0 six chiffres en septembre.<br \/> Les livraisons sont repouss\u00e9es en 2024<br \/> Cet \u00e9lan de popularit\u00e9 a fait passer les d\u00e9lais d&#8217;attente au d\u00e9but de l\u2019ann\u00e9e 2024, soit un peu plus de 18 mois \u00e0 compter de maintenant. Il faut aussi consid\u00e9rer que bien des gens ont d\u00e9pos\u00e9 le 100 $ initial il y a d\u00e9j\u00e0 plusieurs mois. GMC doit maintenant se concentrer la cadence de production, car seulement 372 pick-up ont \u00e9t\u00e9 livr\u00e9s aux clients jusqu&#8217;\u00e0 la fin du mois de juin. Actuellement, les clients potentiels int\u00e9ress\u00e9s par les Hummers \u00e9lectriques peuvent uniquement s&#8217;inscrire pour recevoir des mises \u00e0 jour et ne peuvent pas commander de mod\u00e8les.<\/p>\n<p> GM n\u2019a pas pr\u00e9cis\u00e9 \u00e0 quel moment les gens pourront \u00e0 nouveau prendre des<\/p>\n","protected":false},"excerpt":{"rendered":"<p>GM a d\u00e9j\u00e0 re\u00e7u 90\u00a0000 r\u00e9servations pour le Hummer EV en version pick-up et VUS et n\u2019est plus en mesure de r\u00e9pondre \u00e0 la demande. La compagnie a donc d\u00e9cid\u00e9 de prendre une pause dans les commandes jusqu&#8217;\u00e0 ce que la situation s&#8217;am\u00e9liore. Un succ\u00e8s au-del\u00e0 des esp\u00e9rances D\u00e8s la mise en vente, les mod\u00e8les [&hellip;]<\/p>\n","protected":false},"author":8,"featured_media":72133,"comment_status":"close","ping_status":"closed","sticky":false,"template":"","format":"standard","meta":{"_monsterinsights_skip_tracking":false,"_monsterinsights_sitenote_active":false,"_monsterinsights_sitenote_note":"","_monsterinsights_sitenote_category":0,"footnotes":""},"categories":[101],"tags":[],"yoast_head":"<!-- This site is optimized with the Yoast SEO plugin v23.2 - https:\/\/yoast.com\/wordpress\/plugins\/seo\/ -->\n<title>GMC ne prend plus de r\u00e9servation pour ses Hummer EV - CanadaMotorJobs.com<\/title>\n<meta name=\"description\" content=\"GMC ne prend plus de r\u00e9servation pour ses Hummer EV - Benoit Charette - Annuel automobile - CanadaMotorJobs.com.\" \/>\n<meta name=\"robots\" content=\"index, follow, max-snippet:-1, max-image-preview:large, max-video-preview:-1\" \/>\n<meta property=\"og:locale\" content=\"fr_CA\" \/>\n<meta property=\"og:type\" content=\"article\" \/>\n<meta property=\"og:title\" content=\"GMC ne prend plus de r\u00e9servation pour ses Hummer EV - CanadaMotorJobs.com\" \/>\n<meta property=\"og:description\" content=\"GMC ne prend plus de r\u00e9servation pour ses Hummer EV - Benoit Charette - Annuel automobile - CanadaMotorJobs.com.\" \/>\n<meta property=\"og:url\" content=\"https:\/\/news.canadamotorjobs.com\/fr\/gmc-ne-prend-plus-de-reservation-pour-ses-hummer-ev\/\" \/>\n<meta property=\"og:site_name\" content=\"CanadaMotorJobs.com\" \/>\n<meta property=\"article:publisher\" content=\"https:\/\/www.facebook.com\/canadamotorjobs\/\" \/>\n<meta property=\"article:published_time\" content=\"2022-09-25T13:21:22+00:00\" \/>\n<meta property=\"article:modified_time\" content=\"2022-09-25T13:29:26+00:00\" \/>\n<meta property=\"og:image\" content=\"https:\/\/news.canadamotorjobs.com\/wp-content\/uploads\/2022\/09\/2022-GMC-HUMMER-EV-317-1.jpg\" \/>\n\t<meta property=\"og:image:width\" content=\"1500\" \/>\n\t<meta property=\"og:image:height\" content=\"1000\" \/>\n\t<meta property=\"og:image:type\" content=\"image\/jpeg\" \/>\n<meta name=\"author\" content=\"Benoit Charette\" \/>\n<meta name=\"twitter:card\" content=\"summary_large_image\" \/>\n<meta name=\"twitter:creator\" content=\"@canadamotorjobs\" \/>\n<meta name=\"twitter:site\" content=\"@canadamotorjobs\" \/>\n<meta name=\"twitter:label1\" content=\"\u00c9crit par\" \/>\n\t<meta name=\"twitter:data1\" content=\"Benoit Charette\" \/>\n\t<meta name=\"twitter:label2\" content=\"Estimation du temps de lecture\" \/>\n\t<meta name=\"twitter:data2\" content=\"1 minute\" \/>\n<!-- \/ Yoast SEO plugin. -->","yoast_head_json":{"title":"GMC ne prend plus de r\u00e9servation pour ses Hummer EV - CanadaMotorJobs.com","description":"GMC ne prend plus de r\u00e9servation pour ses Hummer EV - Benoit Charette - Annuel automobile - CanadaMotorJobs.com.","robots":{"index":"index","follow":"follow","max-snippet":"max-snippet:-1","max-image-preview":"max-image-preview:large","max-video-preview":"max-video-preview:-1"},"og_locale":"fr_CA","og_type":"article","og_title":"GMC ne prend plus de r\u00e9servation pour ses Hummer EV - CanadaMotorJobs.com","og_description":"GMC ne prend plus de r\u00e9servation pour ses Hummer EV - Benoit Charette - Annuel automobile - CanadaMotorJobs.com.","og_url":"https:\/\/news.canadamotorjobs.com\/fr\/gmc-ne-prend-plus-de-reservation-pour-ses-hummer-ev\/","og_site_name":"CanadaMotorJobs.com","article_publisher":"https:\/\/www.facebook.com\/canadamotorjobs\/","article_published_time":"2022-09-25T13:21:22+00:00","article_modified_time":"2022-09-25T13:29:26+00:00","og_image":[{"width":1500,"height":1000,"url":"https:\/\/news.canadamotorjobs.com\/wp-content\/uploads\/2022\/09\/2022-GMC-HUMMER-EV-317-1.jpg","type":"image\/jpeg"}],"author":"Benoit Charette","twitter_card":"summary_large_image","twitter_creator":"@canadamotorjobs","twitter_site":"@canadamotorjobs","twitter_misc":{"\u00c9crit par":"Benoit Charette","Estimation du temps de lecture":"1 minute"},"schema":{"@context":"https:\/\/schema.org","@graph":[{"@type":"Article","@id":"https:\/\/news.canadamotorjobs.com\/fr\/gmc-ne-prend-plus-de-reservation-pour-ses-hummer-ev\/#article","isPartOf":{"@id":"https:\/\/news.canadamotorjobs.com\/fr\/gmc-ne-prend-plus-de-reservation-pour-ses-hummer-ev\/"},"author":{"name":"Benoit Charette","@id":"https:\/\/news.canadamotorjobs.com\/#\/schema\/person\/51793d1f87d44011d7bcc2ed99269a90"},"headline":"GMC ne prend plus de r\u00e9servation pour ses Hummer EV","datePublished":"2022-09-25T13:21:22+00:00","dateModified":"2022-09-25T13:29:26+00:00","mainEntityOfPage":{"@id":"https:\/\/news.canadamotorjobs.com\/fr\/gmc-ne-prend-plus-de-reservation-pour-ses-hummer-ev\/"},"wordCount":269,"publisher":{"@id":"https:\/\/news.canadamotorjobs.com\/#organization"},"image":{"@id":"https:\/\/news.canadamotorjobs.com\/fr\/gmc-ne-prend-plus-de-reservation-pour-ses-hummer-ev\/#primaryimage"},"thumbnailUrl":"https:\/\/news.canadamotorjobs.com\/wp-content\/uploads\/2022\/09\/2022-GMC-HUMMER-EV-317-1.jpg","articleSection":["Annuel automobile"],"inLanguage":"fr-CA"},{"@type":"WebPage","@id":"https:\/\/news.canadamotorjobs.com\/fr\/gmc-ne-prend-plus-de-reservation-pour-ses-hummer-ev\/","url":"https:\/\/news.canadamotorjobs.com\/fr\/gmc-ne-prend-plus-de-reservation-pour-ses-hummer-ev\/","name":"GMC ne prend plus de r\u00e9servation pour ses Hummer EV - CanadaMotorJobs.com","isPartOf":{"@id":"https:\/\/news.canadamotorjobs.com\/#website"},"primaryImageOfPage":{"@id":"https:\/\/news.canadamotorjobs.com\/fr\/gmc-ne-prend-plus-de-reservation-pour-ses-hummer-ev\/#primaryimage"},"image":{"@id":"https:\/\/news.canadamotorjobs.com\/fr\/gmc-ne-prend-plus-de-reservation-pour-ses-hummer-ev\/#primaryimage"},"thumbnailUrl":"https:\/\/news.canadamotorjobs.com\/wp-content\/uploads\/2022\/09\/2022-GMC-HUMMER-EV-317-1.jpg","datePublished":"2022-09-25T13:21:22+00:00","dateModified":"2022-09-25T13:29:26+00:00","description":"GMC ne prend plus de r\u00e9servation pour ses Hummer EV - Benoit Charette - Annuel automobile - CanadaMotorJobs.com.","breadcrumb":{"@id":"https:\/\/news.canadamotorjobs.com\/fr\/gmc-ne-prend-plus-de-reservation-pour-ses-hummer-ev\/#breadcrumb"},"inLanguage":"fr-CA","potentialAction":[{"@type":"ReadAction","target":["https:\/\/news.canadamotorjobs.com\/fr\/gmc-ne-prend-plus-de-reservation-pour-ses-hummer-ev\/"]}]},{"@type":"ImageObject","inLanguage":"fr-CA","@id":"https:\/\/news.canadamotorjobs.com\/fr\/gmc-ne-prend-plus-de-reservation-pour-ses-hummer-ev\/#primaryimage","url":"https:\/\/news.canadamotorjobs.com\/wp-content\/uploads\/2022\/09\/2022-GMC-HUMMER-EV-317-1.jpg","contentUrl":"https:\/\/news.canadamotorjobs.com\/wp-content\/uploads\/2022\/09\/2022-GMC-HUMMER-EV-317-1.jpg","width":1500,"height":1000},{"@type":"BreadcrumbList","@id":"https:\/\/news.canadamotorjobs.com\/fr\/gmc-ne-prend-plus-de-reservation-pour-ses-hummer-ev\/#breadcrumb","itemListElement":[{"@type":"ListItem","position":1,"name":"Home","item":"https:\/\/news.canadamotorjobs.com\/fr\/blog\/"},{"@type":"ListItem","position":2,"name":"GMC ne prend plus de r\u00e9servation pour ses Hummer EV"}]},{"@type":"WebSite","@id":"https:\/\/news.canadamotorjobs.com\/#website","url":"https:\/\/news.canadamotorjobs.com\/","name":"CanadaMotorJobs.com","description":"Automotive Jobs","publisher":{"@id":"https:\/\/news.canadamotorjobs.com\/#organization"},"potentialAction":[{"@type":"SearchAction","target":{"@type":"EntryPoint","urlTemplate":"https:\/\/news.canadamotorjobs.com\/?s={search_term_string}"},"query-input":"required name=search_term_string"}],"inLanguage":"fr-CA"},{"@type":"Organization","@id":"https:\/\/news.canadamotorjobs.com\/#organization","name":"Canada Motor Jobs","url":"https:\/\/news.canadamotorjobs.com\/","logo":{"@type":"ImageObject","inLanguage":"fr-CA","@id":"https:\/\/news.canadamotorjobs.com\/#\/schema\/logo\/image\/","url":"https:\/\/news.canadamotorjobs.com\/wp-content\/uploads\/2022\/10\/logo-canada-motor-jobs-1.png","contentUrl":"https:\/\/news.canadamotorjobs.com\/wp-content\/uploads\/2022\/10\/logo-canada-motor-jobs-1.png","width":800,"height":400,"caption":"Canada Motor Jobs"},"image":{"@id":"https:\/\/news.canadamotorjobs.com\/#\/schema\/logo\/image\/"},"sameAs":["https:\/\/www.facebook.com\/canadamotorjobs\/","https:\/\/x.com\/canadamotorjobs","https:\/\/www.instagram.com\/canadamotorjobs\/","https:\/\/www.linkedin.com\/company\/canadamotorjobs"]},{"@type":"Person","@id":"https:\/\/news.canadamotorjobs.com\/#\/schema\/person\/51793d1f87d44011d7bcc2ed99269a90","name":"Benoit Charette","image":{"@type":"ImageObject","inLanguage":"fr-CA","@id":"https:\/\/news.canadamotorjobs.com\/#\/schema\/person\/image\/","url":"https:\/\/secure.gravatar.com\/avatar\/45f3d2eebcccd909668d7ce7ea7267b6?s=96&d=mm&r=g","contentUrl":"https:\/\/secure.gravatar.com\/avatar\/45f3d2eebcccd909668d7ce7ea7267b6?s=96&d=mm&r=g","caption":"Benoit Charette"},"description":"Benoit Charette \/ Propri\u00e9taire et r\u00e9dacteur en chef Benoit Charette pratique le journalisme automobile depuis bient\u00f4t 30 ans. Il a fait ses classes au c\u00f4t\u00e9 de Daniel H\u00e9raud et au Carnet de route de 1992 \u00e0 2001. Il est fondateur, copropri\u00e9taire et r\u00e9dacteur en chef de L\u2019Annuel de l\u2019automobile, qu\u2019il publie depuis 2001. Il a anim\u00e9 les \u00e9missions RPM et RPM+ sur V et les L\u00e9gendes de la route sur Historia. \u00c0 la radio depuis 1986, il reprend l\u2019antenne cette ann\u00e9e sur les ondes de Cogeco et participe pour la deuxi\u00e8me ann\u00e9e \u00e0 l\u2019\u00e9mission Passion Auto sur RDS en plus de mettre en ligne le site Web officiel de L\u2019Annuel de l\u2019automobile sur annuelauto.ca.","sameAs":["https:\/\/annuelauto.ca\/"],"url":"https:\/\/news.canadamotorjobs.com\/fr\/author\/benoit-charette\/"}]}},"_links":{"self":[{"href":"https:\/\/news.canadamotorjobs.com\/fr\/wp-json\/wp\/v2\/posts\/72129"}],"collection":[{"href":"https:\/\/news.canadamotorjobs.com\/fr\/wp-json\/wp\/v2\/posts"}],"about":[{"href":"https:\/\/news.canadamotorjobs.com\/fr\/wp-json\/wp\/v2\/types\/post"}],"author":[{"embeddable":true,"href":"https:\/\/news.canadamotorjobs.com\/fr\/wp-json\/wp\/v2\/users\/8"}],"replies":[{"embeddable":true,"href":"https:\/\/news.canadamotorjobs.com\/fr\/wp-json\/wp\/v2\/comments?post=72129"}],"version-history":[{"count":0,"href":"https:\/\/news.canadamotorjobs.com\/fr\/wp-json\/wp\/v2\/posts\/72129\/revisions"}],"wp:featuredmedia":[{"embeddable":true,"href":"https:\/\/news.canadamotorjobs.com\/fr\/wp-json\/wp\/v2\/media\/72133"}],"wp:attachment":[{"href":"https:\/\/news.canadamotorjobs.com\/fr\/wp-json\/wp\/v2\/media?parent=72129"}],"wp:term":[{"taxonomy":"category","embeddable":true,"href":"https:\/\/news.canadamotorjobs.com\/fr\/wp-json\/wp\/v2\/categories?post=72129"},{"taxonomy":"post_tag","embeddable":true,"href":"https:\/\/news.canadamotorjobs.com\/fr\/wp-json\/wp\/v2\/tags?post=72129"}],"curies":[{"name":"wp","href":"https:\/\/api.w.org\/{rel}","templated":true}]}}