{"id":72041,"date":"2022-09-25T08:57:14","date_gmt":"2022-09-25T12:57:14","guid":{"rendered":"https:\/\/blog.canadamotorjobs.com\/au-tour-de-mazda-de-songer-a-quitter-la-russie\/"},"modified":"2022-09-25T08:58:38","modified_gmt":"2022-09-25T12:58:38","slug":"au-tour-de-mazda-de-songer-a-quitter-la-russie","status":"publish","type":"post","link":"https:\/\/news.canadamotorjobs.com\/fr\/au-tour-de-mazda-de-songer-a-quitter-la-russie\/","title":{"rendered":"Au tour de Mazda de songer \u00e0 quitter la Russie"},"content":{"rendered":"<\/p>\n<p>Apr\u00e8s que Toyota a finalement d\u00e9cid\u00e9 de quitter la Russie, un autre constructeur japonais, Mazda, songe \u00e0 faire la m\u00eame chose. Une d\u00e9cision finale est encore \u00e0 venir, mais le petit constructeur d\u2019Hiroshima poss\u00e8de une usine en partenariat avec le constructeur russe Sollers \u00e0 Vladivostok, dans l&#8217;est de la Russie.<br \/> 30\u00a0000 unit\u00e9s vendues en 2021<br \/> Mazda qui a vendu 30\u00a0000 voitures en Russie l&#8217;ann\u00e9e derni\u00e8re, a d\u00e9clar\u00e9 en mars que les exportations de pi\u00e8ces d\u00e9tach\u00e9es vers l&#8217;usine allaient prendre fin et que la production cesserait lorsque les stocks seraient \u00e9puis\u00e9s. Mazda n&#8217;a pas pris de d\u00e9cision quant \u00e0 l&#8217;arr\u00eat des ventes de voitures et des op\u00e9rations d&#8217;entretien en Russie, pr\u00e9cise le journal Nikkei. Aucun calendrier n&#8217;a \u00e9t\u00e9 fix\u00e9 pour l&#8217;arr\u00eat de la production de l&#8217;usine de Vladivostok.<br \/> Les pi\u00e8ces et les \u00e9quipements se font rares<br \/> De nombreuses usines en Russie ont suspendu la production et licenci\u00e9 des travailleurs en raison de la p\u00e9nurie d&#8217;\u00e9quipements de haute technologie due aux sanctions et \u00e0 l&#8217;exode des fabricants occidentaux depuis que Moscou a envoy\u00e9 des forces arm\u00e9es en Ukraine le 24 f\u00e9vrier. La Russie devra vivre de plus en plus en autarcie.<\/p>\n<p> &nbsp;<\/p>\n<p> Avec des renseignements de Reuters<\/p>\n<p>Le texte <a rel=\"nofollow\" href=\"https:\/\/annuelauto.ca\/au-tour-de-mazda-de-songer-a-quitter-la-russie\/\">Au tour de Mazda de songer \u00e0 quitter la Russie<\/a> provient de <a rel=\"nofollow\" href=\"https:\/\/annuelauto.ca\">L&#039;annuel de l&#039;automobile &#8211; Actualit\u00e9 automobile<\/a><\/p>\n<p> <\/p>\n","protected":false},"excerpt":{"rendered":"<p>Apr\u00e8s que Toyota a finalement d\u00e9cid\u00e9 de quitter la Russie, un autre constructeur japonais, Mazda, songe \u00e0 faire la m\u00eame chose. Une d\u00e9cision finale est encore \u00e0 venir, mais le petit constructeur d\u2019Hiroshima poss\u00e8de une usine en partenariat avec le constructeur russe Sollers \u00e0 Vladivostok, dans l&#8217;est de la Russie. 30\u00a0000 unit\u00e9s vendues en 2021 [&hellip;]<\/p>\n","protected":false},"author":8,"featured_media":72045,"comment_status":"close","ping_status":"closed","sticky":false,"template":"","format":"standard","meta":{"_monsterinsights_skip_tracking":false,"_monsterinsights_sitenote_active":false,"_monsterinsights_sitenote_note":"","_monsterinsights_sitenote_category":0,"footnotes":""},"categories":[101],"tags":[],"yoast_head":"<!-- This site is optimized with the Yoast SEO plugin v23.2 - https:\/\/yoast.com\/wordpress\/plugins\/seo\/ -->\n<title>Au tour de Mazda de songer \u00e0 quitter la Russie - CanadaMotorJobs.com<\/title>\n<meta name=\"description\" content=\"Au tour de Mazda de songer \u00e0 quitter la Russie - Benoit Charette - Annuel automobile - CanadaMotorJobs.com.\" \/>\n<meta name=\"robots\" content=\"index, follow, max-snippet:-1, max-image-preview:large, max-video-preview:-1\" \/>\n<meta property=\"og:locale\" content=\"fr_CA\" \/>\n<meta property=\"og:type\" content=\"article\" \/>\n<meta property=\"og:title\" content=\"Au tour de Mazda de songer \u00e0 quitter la Russie - CanadaMotorJobs.com\" \/>\n<meta property=\"og:description\" content=\"Au tour de Mazda de songer \u00e0 quitter la Russie - Benoit Charette - Annuel automobile - CanadaMotorJobs.com.\" \/>\n<meta property=\"og:url\" content=\"https:\/\/news.canadamotorjobs.com\/fr\/au-tour-de-mazda-de-songer-a-quitter-la-russie\/\" \/>\n<meta property=\"og:site_name\" content=\"CanadaMotorJobs.com\" \/>\n<meta property=\"article:publisher\" content=\"https:\/\/www.facebook.com\/canadamotorjobs\/\" \/>\n<meta property=\"article:published_time\" content=\"2022-09-25T12:57:14+00:00\" \/>\n<meta property=\"article:modified_time\" content=\"2022-09-25T12:58:38+00:00\" \/>\n<meta property=\"og:image\" content=\"https:\/\/news.canadamotorjobs.com\/wp-content\/uploads\/2022\/09\/f61c9f5370fb86c086fb512adefb0ec1-1.jpg\" \/>\n\t<meta property=\"og:image:width\" content=\"1024\" \/>\n\t<meta property=\"og:image:height\" content=\"568\" \/>\n\t<meta property=\"og:image:type\" content=\"image\/jpeg\" \/>\n<meta name=\"author\" content=\"Benoit Charette\" \/>\n<meta name=\"twitter:card\" content=\"summary_large_image\" \/>\n<meta name=\"twitter:creator\" content=\"@canadamotorjobs\" \/>\n<meta name=\"twitter:site\" content=\"@canadamotorjobs\" \/>\n<meta name=\"twitter:label1\" content=\"\u00c9crit par\" \/>\n\t<meta name=\"twitter:data1\" content=\"Benoit Charette\" \/>\n\t<meta name=\"twitter:label2\" content=\"Estimation du temps de lecture\" \/>\n\t<meta name=\"twitter:data2\" content=\"1 minute\" \/>\n<!-- \/ Yoast SEO plugin. -->","yoast_head_json":{"title":"Au tour de Mazda de songer \u00e0 quitter la Russie - CanadaMotorJobs.com","description":"Au tour de Mazda de songer \u00e0 quitter la Russie - Benoit Charette - Annuel automobile - CanadaMotorJobs.com.","robots":{"index":"index","follow":"follow","max-snippet":"max-snippet:-1","max-image-preview":"max-image-preview:large","max-video-preview":"max-video-preview:-1"},"og_locale":"fr_CA","og_type":"article","og_title":"Au tour de Mazda de songer \u00e0 quitter la Russie - CanadaMotorJobs.com","og_description":"Au tour de Mazda de songer \u00e0 quitter la Russie - Benoit Charette - Annuel automobile - CanadaMotorJobs.com.","og_url":"https:\/\/news.canadamotorjobs.com\/fr\/au-tour-de-mazda-de-songer-a-quitter-la-russie\/","og_site_name":"CanadaMotorJobs.com","article_publisher":"https:\/\/www.facebook.com\/canadamotorjobs\/","article_published_time":"2022-09-25T12:57:14+00:00","article_modified_time":"2022-09-25T12:58:38+00:00","og_image":[{"width":1024,"height":568,"url":"https:\/\/news.canadamotorjobs.com\/wp-content\/uploads\/2022\/09\/f61c9f5370fb86c086fb512adefb0ec1-1.jpg","type":"image\/jpeg"}],"author":"Benoit Charette","twitter_card":"summary_large_image","twitter_creator":"@canadamotorjobs","twitter_site":"@canadamotorjobs","twitter_misc":{"\u00c9crit par":"Benoit Charette","Estimation du temps de lecture":"1 minute"},"schema":{"@context":"https:\/\/schema.org","@graph":[{"@type":"Article","@id":"https:\/\/news.canadamotorjobs.com\/fr\/au-tour-de-mazda-de-songer-a-quitter-la-russie\/#article","isPartOf":{"@id":"https:\/\/news.canadamotorjobs.com\/fr\/au-tour-de-mazda-de-songer-a-quitter-la-russie\/"},"author":{"name":"Benoit Charette","@id":"https:\/\/news.canadamotorjobs.com\/#\/schema\/person\/51793d1f87d44011d7bcc2ed99269a90"},"headline":"Au tour de Mazda de songer \u00e0 quitter la Russie","datePublished":"2022-09-25T12:57:14+00:00","dateModified":"2022-09-25T12:58:38+00:00","mainEntityOfPage":{"@id":"https:\/\/news.canadamotorjobs.com\/fr\/au-tour-de-mazda-de-songer-a-quitter-la-russie\/"},"wordCount":249,"publisher":{"@id":"https:\/\/news.canadamotorjobs.com\/#organization"},"image":{"@id":"https:\/\/news.canadamotorjobs.com\/fr\/au-tour-de-mazda-de-songer-a-quitter-la-russie\/#primaryimage"},"thumbnailUrl":"https:\/\/news.canadamotorjobs.com\/wp-content\/uploads\/2022\/09\/f61c9f5370fb86c086fb512adefb0ec1-1.jpg","articleSection":["Annuel automobile"],"inLanguage":"fr-CA"},{"@type":"WebPage","@id":"https:\/\/news.canadamotorjobs.com\/fr\/au-tour-de-mazda-de-songer-a-quitter-la-russie\/","url":"https:\/\/news.canadamotorjobs.com\/fr\/au-tour-de-mazda-de-songer-a-quitter-la-russie\/","name":"Au tour de Mazda de songer \u00e0 quitter la Russie - CanadaMotorJobs.com","isPartOf":{"@id":"https:\/\/news.canadamotorjobs.com\/#website"},"primaryImageOfPage":{"@id":"https:\/\/news.canadamotorjobs.com\/fr\/au-tour-de-mazda-de-songer-a-quitter-la-russie\/#primaryimage"},"image":{"@id":"https:\/\/news.canadamotorjobs.com\/fr\/au-tour-de-mazda-de-songer-a-quitter-la-russie\/#primaryimage"},"thumbnailUrl":"https:\/\/news.canadamotorjobs.com\/wp-content\/uploads\/2022\/09\/f61c9f5370fb86c086fb512adefb0ec1-1.jpg","datePublished":"2022-09-25T12:57:14+00:00","dateModified":"2022-09-25T12:58:38+00:00","description":"Au tour de Mazda de songer \u00e0 quitter la Russie - Benoit Charette - Annuel automobile - CanadaMotorJobs.com.","breadcrumb":{"@id":"https:\/\/news.canadamotorjobs.com\/fr\/au-tour-de-mazda-de-songer-a-quitter-la-russie\/#breadcrumb"},"inLanguage":"fr-CA","potentialAction":[{"@type":"ReadAction","target":["https:\/\/news.canadamotorjobs.com\/fr\/au-tour-de-mazda-de-songer-a-quitter-la-russie\/"]}]},{"@type":"ImageObject","inLanguage":"fr-CA","@id":"https:\/\/news.canadamotorjobs.com\/fr\/au-tour-de-mazda-de-songer-a-quitter-la-russie\/#primaryimage","url":"https:\/\/news.canadamotorjobs.com\/wp-content\/uploads\/2022\/09\/f61c9f5370fb86c086fb512adefb0ec1-1.jpg","contentUrl":"https:\/\/news.canadamotorjobs.com\/wp-content\/uploads\/2022\/09\/f61c9f5370fb86c086fb512adefb0ec1-1.jpg","width":1024,"height":568},{"@type":"BreadcrumbList","@id":"https:\/\/news.canadamotorjobs.com\/fr\/au-tour-de-mazda-de-songer-a-quitter-la-russie\/#breadcrumb","itemListElement":[{"@type":"ListItem","position":1,"name":"Home","item":"https:\/\/news.canadamotorjobs.com\/fr\/blog\/"},{"@type":"ListItem","position":2,"name":"Au tour de Mazda de songer \u00e0 quitter la Russie"}]},{"@type":"WebSite","@id":"https:\/\/news.canadamotorjobs.com\/#website","url":"https:\/\/news.canadamotorjobs.com\/","name":"CanadaMotorJobs.com","description":"Automotive Jobs","publisher":{"@id":"https:\/\/news.canadamotorjobs.com\/#organization"},"potentialAction":[{"@type":"SearchAction","target":{"@type":"EntryPoint","urlTemplate":"https:\/\/news.canadamotorjobs.com\/?s={search_term_string}"},"query-input":"required name=search_term_string"}],"inLanguage":"fr-CA"},{"@type":"Organization","@id":"https:\/\/news.canadamotorjobs.com\/#organization","name":"Canada Motor Jobs","url":"https:\/\/news.canadamotorjobs.com\/","logo":{"@type":"ImageObject","inLanguage":"fr-CA","@id":"https:\/\/news.canadamotorjobs.com\/#\/schema\/logo\/image\/","url":"https:\/\/news.canadamotorjobs.com\/wp-content\/uploads\/2022\/10\/logo-canada-motor-jobs-1.png","contentUrl":"https:\/\/news.canadamotorjobs.com\/wp-content\/uploads\/2022\/10\/logo-canada-motor-jobs-1.png","width":800,"height":400,"caption":"Canada Motor Jobs"},"image":{"@id":"https:\/\/news.canadamotorjobs.com\/#\/schema\/logo\/image\/"},"sameAs":["https:\/\/www.facebook.com\/canadamotorjobs\/","https:\/\/x.com\/canadamotorjobs","https:\/\/www.instagram.com\/canadamotorjobs\/","https:\/\/www.linkedin.com\/company\/canadamotorjobs"]},{"@type":"Person","@id":"https:\/\/news.canadamotorjobs.com\/#\/schema\/person\/51793d1f87d44011d7bcc2ed99269a90","name":"Benoit Charette","image":{"@type":"ImageObject","inLanguage":"fr-CA","@id":"https:\/\/news.canadamotorjobs.com\/#\/schema\/person\/image\/","url":"https:\/\/secure.gravatar.com\/avatar\/45f3d2eebcccd909668d7ce7ea7267b6?s=96&d=mm&r=g","contentUrl":"https:\/\/secure.gravatar.com\/avatar\/45f3d2eebcccd909668d7ce7ea7267b6?s=96&d=mm&r=g","caption":"Benoit Charette"},"description":"Benoit Charette \/ Propri\u00e9taire et r\u00e9dacteur en chef Benoit Charette pratique le journalisme automobile depuis bient\u00f4t 30 ans. Il a fait ses classes au c\u00f4t\u00e9 de Daniel H\u00e9raud et au Carnet de route de 1992 \u00e0 2001. Il est fondateur, copropri\u00e9taire et r\u00e9dacteur en chef de L\u2019Annuel de l\u2019automobile, qu\u2019il publie depuis 2001. Il a anim\u00e9 les \u00e9missions RPM et RPM+ sur V et les L\u00e9gendes de la route sur Historia. \u00c0 la radio depuis 1986, il reprend l\u2019antenne cette ann\u00e9e sur les ondes de Cogeco et participe pour la deuxi\u00e8me ann\u00e9e \u00e0 l\u2019\u00e9mission Passion Auto sur RDS en plus de mettre en ligne le site Web officiel de L\u2019Annuel de l\u2019automobile sur annuelauto.ca.","sameAs":["https:\/\/annuelauto.ca\/"],"url":"https:\/\/news.canadamotorjobs.com\/fr\/author\/benoit-charette\/"}]}},"_links":{"self":[{"href":"https:\/\/news.canadamotorjobs.com\/fr\/wp-json\/wp\/v2\/posts\/72041"}],"collection":[{"href":"https:\/\/news.canadamotorjobs.com\/fr\/wp-json\/wp\/v2\/posts"}],"about":[{"href":"https:\/\/news.canadamotorjobs.com\/fr\/wp-json\/wp\/v2\/types\/post"}],"author":[{"embeddable":true,"href":"https:\/\/news.canadamotorjobs.com\/fr\/wp-json\/wp\/v2\/users\/8"}],"replies":[{"embeddable":true,"href":"https:\/\/news.canadamotorjobs.com\/fr\/wp-json\/wp\/v2\/comments?post=72041"}],"version-history":[{"count":0,"href":"https:\/\/news.canadamotorjobs.com\/fr\/wp-json\/wp\/v2\/posts\/72041\/revisions"}],"wp:featuredmedia":[{"embeddable":true,"href":"https:\/\/news.canadamotorjobs.com\/fr\/wp-json\/wp\/v2\/media\/72045"}],"wp:attachment":[{"href":"https:\/\/news.canadamotorjobs.com\/fr\/wp-json\/wp\/v2\/media?parent=72041"}],"wp:term":[{"taxonomy":"category","embeddable":true,"href":"https:\/\/news.canadamotorjobs.com\/fr\/wp-json\/wp\/v2\/categories?post=72041"},{"taxonomy":"post_tag","embeddable":true,"href":"https:\/\/news.canadamotorjobs.com\/fr\/wp-json\/wp\/v2\/tags?post=72041"}],"curies":[{"name":"wp","href":"https:\/\/api.w.org\/{rel}","templated":true}]}}