{"id":68013,"date":"2022-09-24T09:25:41","date_gmt":"2022-09-24T13:25:41","guid":{"rendered":"https:\/\/blog.canadamotorjobs.com\/jaguar-i-pace-ev400-hse\/"},"modified":"2022-09-24T09:28:47","modified_gmt":"2022-09-24T13:28:47","slug":"jaguar-i-pace-ev400-hse","status":"publish","type":"post","link":"https:\/\/news.canadamotorjobs.com\/fr\/jaguar-i-pace-ev400-hse\/","title":{"rendered":"Jaguar i-Pace EV400 HSE"},"content":{"rendered":"<\/p>\n<p>Mine de rien, Jaguar a fait partie des premiers constructeurs \u00e0 vendre un VUS \u00e9lectrique au Canada, mais comme le i-Pace, le VUS \u00e9lectrique en question, n\u2019a pas vraiment chang\u00e9 depuis son arriv\u00e9e sur nos routes quelque part vers la fin 2018, je trouvais pertinent de repasser derri\u00e8re son volant pour voir comment il a vieilli.<br \/> Comme le bon vin<br \/> Et la bonne nouvelle, c\u2019est que que le i-Pace vieillit plut\u00f4t bien, m\u00eame si, on va se le dire, la concurrence elle a \u00e9volu\u00e9 pas mal plus vite que lui. Le VUS anglais a tout de m\u00eame droit \u00e0 quelques nouveaux \u00e9l\u00e9ments cette ann\u00e9e. \u00c7a comprend un tout nouveau syst\u00e8me multim\u00e9dia qui est \u00d4 combien plus agr\u00e9able \u00e0 utiliser que le syst\u00e8me pr\u00e9c\u00e9dent, et un affichage t\u00eate haute qui n\u2019est pas r\u00e9volutionnaire mais qui, quand on en a un dans sa voiture, est assez agr\u00e9able \u00e0 regarder de temps en temps.<br \/> Puissant et confortable<br \/> Il a aussi un r\u00e9gulateur de vitesse adaptatif et relativement intelligent qui peut prendre le volant \u00e0 votre place quand c\u2019est s\u00e9curitaire de le faire, par exemple, \u00e0 plein d\u2019endroits sur l\u2019autoroute, entre Montr\u00e9al et Qu\u00e9bec. Le i-Pace est un VUS \u00e9lectrique compact qui est vendu par Jaguar sous l\u2019angle du luxe et de la performance. Par exemple, on dit qu\u2019il peut boucler le 0-100 km\/h en 4,8 secondes, gr\u00e2ce surtout \u00e0 deux moteurs \u00e9lectriques capables d\u2019atteindre une puissance maximale de 394 chevaux. \u00c9videmment, comme tout v\u00e9hicule \u00e9lectrique, c\u2019est surtout le couple de 512 livres-pied qui<\/p>\n","protected":false},"excerpt":{"rendered":"<p>Mine de rien, Jaguar a fait partie des premiers constructeurs \u00e0 vendre un VUS \u00e9lectrique au Canada, mais comme le i-Pace, le VUS \u00e9lectrique en question, n\u2019a pas vraiment chang\u00e9 depuis son arriv\u00e9e sur nos routes quelque part vers la fin 2018, je trouvais pertinent de repasser derri\u00e8re son volant pour voir comment il a [&hellip;]<\/p>\n","protected":false},"author":8,"featured_media":68017,"comment_status":"close","ping_status":"closed","sticky":false,"template":"","format":"standard","meta":{"_monsterinsights_skip_tracking":false,"_monsterinsights_sitenote_active":false,"_monsterinsights_sitenote_note":"","_monsterinsights_sitenote_category":0,"footnotes":""},"categories":[101],"tags":[],"yoast_head":"<!-- This site is optimized with the Yoast SEO plugin v23.2 - https:\/\/yoast.com\/wordpress\/plugins\/seo\/ -->\n<title>Jaguar i-Pace EV400 HSE - CanadaMotorJobs.com<\/title>\n<meta name=\"description\" content=\"Jaguar i-Pace EV400 HSE - Benoit Charette - Annuel automobile - CanadaMotorJobs.com.\" \/>\n<meta name=\"robots\" content=\"index, follow, max-snippet:-1, max-image-preview:large, max-video-preview:-1\" \/>\n<meta property=\"og:locale\" content=\"fr_CA\" \/>\n<meta property=\"og:type\" content=\"article\" \/>\n<meta property=\"og:title\" content=\"Jaguar i-Pace EV400 HSE - CanadaMotorJobs.com\" \/>\n<meta property=\"og:description\" content=\"Jaguar i-Pace EV400 HSE - Benoit Charette - Annuel automobile - CanadaMotorJobs.com.\" \/>\n<meta property=\"og:url\" content=\"https:\/\/news.canadamotorjobs.com\/fr\/jaguar-i-pace-ev400-hse\/\" \/>\n<meta property=\"og:site_name\" content=\"CanadaMotorJobs.com\" \/>\n<meta property=\"article:publisher\" content=\"https:\/\/www.facebook.com\/canadamotorjobs\/\" \/>\n<meta property=\"article:published_time\" content=\"2022-09-24T13:25:41+00:00\" \/>\n<meta property=\"article:modified_time\" content=\"2022-09-24T13:28:47+00:00\" \/>\n<meta property=\"og:image\" content=\"https:\/\/news.canadamotorjobs.com\/wp-content\/uploads\/2022\/09\/Jag_22MY_I-PACE_9858_1011211-1.jpg\" \/>\n\t<meta property=\"og:image:width\" content=\"1024\" \/>\n\t<meta property=\"og:image:height\" content=\"683\" \/>\n\t<meta property=\"og:image:type\" content=\"image\/jpeg\" \/>\n<meta name=\"author\" content=\"Benoit Charette\" \/>\n<meta name=\"twitter:card\" content=\"summary_large_image\" \/>\n<meta name=\"twitter:creator\" content=\"@canadamotorjobs\" \/>\n<meta name=\"twitter:site\" content=\"@canadamotorjobs\" \/>\n<meta name=\"twitter:label1\" content=\"\u00c9crit par\" \/>\n\t<meta name=\"twitter:data1\" content=\"Benoit Charette\" \/>\n\t<meta name=\"twitter:label2\" content=\"Estimation du temps de lecture\" \/>\n\t<meta name=\"twitter:data2\" content=\"1 minute\" \/>\n<!-- \/ Yoast SEO plugin. -->","yoast_head_json":{"title":"Jaguar i-Pace EV400 HSE - CanadaMotorJobs.com","description":"Jaguar i-Pace EV400 HSE - Benoit Charette - Annuel automobile - CanadaMotorJobs.com.","robots":{"index":"index","follow":"follow","max-snippet":"max-snippet:-1","max-image-preview":"max-image-preview:large","max-video-preview":"max-video-preview:-1"},"og_locale":"fr_CA","og_type":"article","og_title":"Jaguar i-Pace EV400 HSE - CanadaMotorJobs.com","og_description":"Jaguar i-Pace EV400 HSE - Benoit Charette - Annuel automobile - CanadaMotorJobs.com.","og_url":"https:\/\/news.canadamotorjobs.com\/fr\/jaguar-i-pace-ev400-hse\/","og_site_name":"CanadaMotorJobs.com","article_publisher":"https:\/\/www.facebook.com\/canadamotorjobs\/","article_published_time":"2022-09-24T13:25:41+00:00","article_modified_time":"2022-09-24T13:28:47+00:00","og_image":[{"width":1024,"height":683,"url":"https:\/\/news.canadamotorjobs.com\/wp-content\/uploads\/2022\/09\/Jag_22MY_I-PACE_9858_1011211-1.jpg","type":"image\/jpeg"}],"author":"Benoit Charette","twitter_card":"summary_large_image","twitter_creator":"@canadamotorjobs","twitter_site":"@canadamotorjobs","twitter_misc":{"\u00c9crit par":"Benoit Charette","Estimation du temps de lecture":"1 minute"},"schema":{"@context":"https:\/\/schema.org","@graph":[{"@type":"Article","@id":"https:\/\/news.canadamotorjobs.com\/fr\/jaguar-i-pace-ev400-hse\/#article","isPartOf":{"@id":"https:\/\/news.canadamotorjobs.com\/fr\/jaguar-i-pace-ev400-hse\/"},"author":{"name":"Benoit Charette","@id":"https:\/\/news.canadamotorjobs.com\/#\/schema\/person\/51793d1f87d44011d7bcc2ed99269a90"},"headline":"Jaguar i-Pace EV400 HSE","datePublished":"2022-09-24T13:25:41+00:00","dateModified":"2022-09-24T13:28:47+00:00","mainEntityOfPage":{"@id":"https:\/\/news.canadamotorjobs.com\/fr\/jaguar-i-pace-ev400-hse\/"},"wordCount":275,"publisher":{"@id":"https:\/\/news.canadamotorjobs.com\/#organization"},"image":{"@id":"https:\/\/news.canadamotorjobs.com\/fr\/jaguar-i-pace-ev400-hse\/#primaryimage"},"thumbnailUrl":"https:\/\/news.canadamotorjobs.com\/wp-content\/uploads\/2022\/09\/Jag_22MY_I-PACE_9858_1011211-1.jpg","articleSection":["Annuel automobile"],"inLanguage":"fr-CA"},{"@type":"WebPage","@id":"https:\/\/news.canadamotorjobs.com\/fr\/jaguar-i-pace-ev400-hse\/","url":"https:\/\/news.canadamotorjobs.com\/fr\/jaguar-i-pace-ev400-hse\/","name":"Jaguar i-Pace EV400 HSE - CanadaMotorJobs.com","isPartOf":{"@id":"https:\/\/news.canadamotorjobs.com\/#website"},"primaryImageOfPage":{"@id":"https:\/\/news.canadamotorjobs.com\/fr\/jaguar-i-pace-ev400-hse\/#primaryimage"},"image":{"@id":"https:\/\/news.canadamotorjobs.com\/fr\/jaguar-i-pace-ev400-hse\/#primaryimage"},"thumbnailUrl":"https:\/\/news.canadamotorjobs.com\/wp-content\/uploads\/2022\/09\/Jag_22MY_I-PACE_9858_1011211-1.jpg","datePublished":"2022-09-24T13:25:41+00:00","dateModified":"2022-09-24T13:28:47+00:00","description":"Jaguar i-Pace EV400 HSE - Benoit Charette - Annuel automobile - CanadaMotorJobs.com.","breadcrumb":{"@id":"https:\/\/news.canadamotorjobs.com\/fr\/jaguar-i-pace-ev400-hse\/#breadcrumb"},"inLanguage":"fr-CA","potentialAction":[{"@type":"ReadAction","target":["https:\/\/news.canadamotorjobs.com\/fr\/jaguar-i-pace-ev400-hse\/"]}]},{"@type":"ImageObject","inLanguage":"fr-CA","@id":"https:\/\/news.canadamotorjobs.com\/fr\/jaguar-i-pace-ev400-hse\/#primaryimage","url":"https:\/\/news.canadamotorjobs.com\/wp-content\/uploads\/2022\/09\/Jag_22MY_I-PACE_9858_1011211-1.jpg","contentUrl":"https:\/\/news.canadamotorjobs.com\/wp-content\/uploads\/2022\/09\/Jag_22MY_I-PACE_9858_1011211-1.jpg","width":1024,"height":683},{"@type":"BreadcrumbList","@id":"https:\/\/news.canadamotorjobs.com\/fr\/jaguar-i-pace-ev400-hse\/#breadcrumb","itemListElement":[{"@type":"ListItem","position":1,"name":"Home","item":"https:\/\/news.canadamotorjobs.com\/fr\/blog\/"},{"@type":"ListItem","position":2,"name":"Jaguar i-Pace EV400 HSE"}]},{"@type":"WebSite","@id":"https:\/\/news.canadamotorjobs.com\/#website","url":"https:\/\/news.canadamotorjobs.com\/","name":"CanadaMotorJobs.com","description":"Automotive Jobs","publisher":{"@id":"https:\/\/news.canadamotorjobs.com\/#organization"},"potentialAction":[{"@type":"SearchAction","target":{"@type":"EntryPoint","urlTemplate":"https:\/\/news.canadamotorjobs.com\/?s={search_term_string}"},"query-input":"required name=search_term_string"}],"inLanguage":"fr-CA"},{"@type":"Organization","@id":"https:\/\/news.canadamotorjobs.com\/#organization","name":"Canada Motor Jobs","url":"https:\/\/news.canadamotorjobs.com\/","logo":{"@type":"ImageObject","inLanguage":"fr-CA","@id":"https:\/\/news.canadamotorjobs.com\/#\/schema\/logo\/image\/","url":"https:\/\/news.canadamotorjobs.com\/wp-content\/uploads\/2022\/10\/logo-canada-motor-jobs-1.png","contentUrl":"https:\/\/news.canadamotorjobs.com\/wp-content\/uploads\/2022\/10\/logo-canada-motor-jobs-1.png","width":800,"height":400,"caption":"Canada Motor Jobs"},"image":{"@id":"https:\/\/news.canadamotorjobs.com\/#\/schema\/logo\/image\/"},"sameAs":["https:\/\/www.facebook.com\/canadamotorjobs\/","https:\/\/x.com\/canadamotorjobs","https:\/\/www.instagram.com\/canadamotorjobs\/","https:\/\/www.linkedin.com\/company\/canadamotorjobs"]},{"@type":"Person","@id":"https:\/\/news.canadamotorjobs.com\/#\/schema\/person\/51793d1f87d44011d7bcc2ed99269a90","name":"Benoit Charette","image":{"@type":"ImageObject","inLanguage":"fr-CA","@id":"https:\/\/news.canadamotorjobs.com\/#\/schema\/person\/image\/","url":"https:\/\/secure.gravatar.com\/avatar\/45f3d2eebcccd909668d7ce7ea7267b6?s=96&d=mm&r=g","contentUrl":"https:\/\/secure.gravatar.com\/avatar\/45f3d2eebcccd909668d7ce7ea7267b6?s=96&d=mm&r=g","caption":"Benoit Charette"},"description":"Benoit Charette \/ Propri\u00e9taire et r\u00e9dacteur en chef Benoit Charette pratique le journalisme automobile depuis bient\u00f4t 30 ans. Il a fait ses classes au c\u00f4t\u00e9 de Daniel H\u00e9raud et au Carnet de route de 1992 \u00e0 2001. Il est fondateur, copropri\u00e9taire et r\u00e9dacteur en chef de L\u2019Annuel de l\u2019automobile, qu\u2019il publie depuis 2001. Il a anim\u00e9 les \u00e9missions RPM et RPM+ sur V et les L\u00e9gendes de la route sur Historia. \u00c0 la radio depuis 1986, il reprend l\u2019antenne cette ann\u00e9e sur les ondes de Cogeco et participe pour la deuxi\u00e8me ann\u00e9e \u00e0 l\u2019\u00e9mission Passion Auto sur RDS en plus de mettre en ligne le site Web officiel de L\u2019Annuel de l\u2019automobile sur annuelauto.ca.","sameAs":["https:\/\/annuelauto.ca\/"],"url":"https:\/\/news.canadamotorjobs.com\/fr\/author\/benoit-charette\/"}]}},"_links":{"self":[{"href":"https:\/\/news.canadamotorjobs.com\/fr\/wp-json\/wp\/v2\/posts\/68013"}],"collection":[{"href":"https:\/\/news.canadamotorjobs.com\/fr\/wp-json\/wp\/v2\/posts"}],"about":[{"href":"https:\/\/news.canadamotorjobs.com\/fr\/wp-json\/wp\/v2\/types\/post"}],"author":[{"embeddable":true,"href":"https:\/\/news.canadamotorjobs.com\/fr\/wp-json\/wp\/v2\/users\/8"}],"replies":[{"embeddable":true,"href":"https:\/\/news.canadamotorjobs.com\/fr\/wp-json\/wp\/v2\/comments?post=68013"}],"version-history":[{"count":0,"href":"https:\/\/news.canadamotorjobs.com\/fr\/wp-json\/wp\/v2\/posts\/68013\/revisions"}],"wp:featuredmedia":[{"embeddable":true,"href":"https:\/\/news.canadamotorjobs.com\/fr\/wp-json\/wp\/v2\/media\/68017"}],"wp:attachment":[{"href":"https:\/\/news.canadamotorjobs.com\/fr\/wp-json\/wp\/v2\/media?parent=68013"}],"wp:term":[{"taxonomy":"category","embeddable":true,"href":"https:\/\/news.canadamotorjobs.com\/fr\/wp-json\/wp\/v2\/categories?post=68013"},{"taxonomy":"post_tag","embeddable":true,"href":"https:\/\/news.canadamotorjobs.com\/fr\/wp-json\/wp\/v2\/tags?post=68013"}],"curies":[{"name":"wp","href":"https:\/\/api.w.org\/{rel}","templated":true}]}}