{"id":67953,"date":"2022-09-24T09:08:27","date_gmt":"2022-09-24T13:08:27","guid":{"rendered":"https:\/\/blog.canadamotorjobs.com\/ford-retarde-les-livraisons-de-f-150-en-raison-dune-penurie-dinsignes-de-lovale-bleu\/"},"modified":"2022-09-24T09:13:50","modified_gmt":"2022-09-24T13:13:50","slug":"ford-retarde-les-livraisons-de-f-150-en-raison-dune-penurie-dinsignes-de-lovale-bleu","status":"publish","type":"post","link":"https:\/\/news.canadamotorjobs.com\/fr\/ford-retarde-les-livraisons-de-f-150-en-raison-dune-penurie-dinsignes-de-lovale-bleu\/","title":{"rendered":"Ford retarde les livraisons de F-150 en raison d\u2019une p\u00e9nurie d\u2019insignes de l\u2019ovale bleu"},"content":{"rendered":"<\/p>\n<p>Voil\u00e0 un probl\u00e8me qui est nouveau. Nous avions entendu parler de la p\u00e9nurie de puces \u00e9lectroniques, de pi\u00e8ces essentielles, mais le manque d\u2019insignes de l\u2019ovale bleu et de plaques d\u2019identifications du mod\u00e8le, \u00e7a c\u2019est nouveau.<br \/> Des retards de livraison un peu g\u00eanants<br \/> Selon le Wall Street Journal, Ford a rencontr\u00e9 des contraintes d&#8217;approvisionnement en ce qui concerne les logos de marque et les plaques d\u2019identifications qui sp\u00e9cifient le mod\u00e8le. Ces deux pi\u00e8ces sont appos\u00e9es sur l&#8217;ext\u00e9rieur du v\u00e9hicule et constituent des identifiants importants pour les produits du constructeur automobile. Un porte-parole de la soci\u00e9t\u00e9 a confirm\u00e9 qu\u2019un certain nombre de v\u00e9hicules sont retenus simplement en raison de ces deux logos manquants. On parle surtout de F-150, le mod\u00e8le le plus populaire chez Ford.<br \/> D\u2019autres solutions envisag\u00e9es<br \/> Les dirigeants de Ford ont envisag\u00e9 certaines solutions de rechange, comme l&#8217;impression en 3D des insignes jusqu&#8217;\u00e0 ce que les insignes permanents puissent \u00eatre obtenus, ont indiqu\u00e9 certaines des personnes interrog\u00e9es. Mais ils ont estim\u00e9 que les substitutions imprim\u00e9es ne r\u00e9pondraient pas aux crit\u00e8res de qualit\u00e9, ont ajout\u00e9 ces personnes. Le porte-parole de Ford a d\u00e9clar\u00e9 que la soci\u00e9t\u00e9 construisait et exp\u00e9diait des camions avec les insignes ovales bleus et qu&#8217;elle adaptait ceux qui n&#8217;avaient pas le logo Ford et les livrait aux concessionnaires. La soci\u00e9t\u00e9 a refus\u00e9 de commenter la proposition d&#8217;impression en 3D.<br \/> Des probl\u00e8mes avec le fournisseur<br \/> Le Wall Street Journal sugg\u00e8re que ce retard pourrait \u00eatre d\u00fb \u00e0 de r\u00e9cents probl\u00e8mes de production impliquant un fournisseur de Ford : Tribar<\/p>\n","protected":false},"excerpt":{"rendered":"<p>Voil\u00e0 un probl\u00e8me qui est nouveau. Nous avions entendu parler de la p\u00e9nurie de puces \u00e9lectroniques, de pi\u00e8ces essentielles, mais le manque d\u2019insignes de l\u2019ovale bleu et de plaques d\u2019identifications du mod\u00e8le, \u00e7a c\u2019est nouveau. Des retards de livraison un peu g\u00eanants Selon le Wall Street Journal, Ford a rencontr\u00e9 des contraintes d&#8217;approvisionnement en ce [&hellip;]<\/p>\n","protected":false},"author":8,"featured_media":67957,"comment_status":"close","ping_status":"closed","sticky":false,"template":"","format":"standard","meta":{"_monsterinsights_skip_tracking":false,"_monsterinsights_sitenote_active":false,"_monsterinsights_sitenote_note":"","_monsterinsights_sitenote_category":0,"footnotes":""},"categories":[101],"tags":[],"yoast_head":"<!-- This site is optimized with the Yoast SEO plugin v23.2 - https:\/\/yoast.com\/wordpress\/plugins\/seo\/ -->\n<title>Ford retarde les livraisons de F-150 en raison d\u2019une p\u00e9nurie d\u2019insignes de l\u2019ovale bleu - CanadaMotorJobs.com<\/title>\n<meta name=\"description\" content=\"Ford retarde les livraisons de F-150 en raison d\u2019une p\u00e9nurie d\u2019insignes de l\u2019ovale bleu - Benoit Charette - Annuel automobile - CanadaMotorJobs.com.\" \/>\n<meta name=\"robots\" content=\"index, follow, max-snippet:-1, max-image-preview:large, max-video-preview:-1\" \/>\n<meta property=\"og:locale\" content=\"fr_CA\" \/>\n<meta property=\"og:type\" content=\"article\" \/>\n<meta property=\"og:title\" content=\"Ford retarde les livraisons de F-150 en raison d\u2019une p\u00e9nurie d\u2019insignes de l\u2019ovale bleu - CanadaMotorJobs.com\" \/>\n<meta property=\"og:description\" content=\"Ford retarde les livraisons de F-150 en raison d\u2019une p\u00e9nurie d\u2019insignes de l\u2019ovale bleu - Benoit Charette - Annuel automobile - CanadaMotorJobs.com.\" \/>\n<meta property=\"og:url\" content=\"https:\/\/news.canadamotorjobs.com\/fr\/ford-retarde-les-livraisons-de-f-150-en-raison-dune-penurie-dinsignes-de-lovale-bleu\/\" \/>\n<meta property=\"og:site_name\" content=\"CanadaMotorJobs.com\" \/>\n<meta property=\"article:publisher\" content=\"https:\/\/www.facebook.com\/canadamotorjobs\/\" \/>\n<meta property=\"article:published_time\" content=\"2022-09-24T13:08:27+00:00\" \/>\n<meta property=\"article:modified_time\" content=\"2022-09-24T13:13:50+00:00\" \/>\n<meta property=\"og:image\" content=\"https:\/\/news.canadamotorjobs.com\/wp-content\/uploads\/2022\/09\/f150_emblem-1-1.jpg\" \/>\n\t<meta property=\"og:image:width\" content=\"1428\" \/>\n\t<meta property=\"og:image:height\" content=\"870\" \/>\n\t<meta property=\"og:image:type\" content=\"image\/jpeg\" \/>\n<meta name=\"author\" content=\"Benoit Charette\" \/>\n<meta name=\"twitter:card\" content=\"summary_large_image\" \/>\n<meta name=\"twitter:creator\" content=\"@canadamotorjobs\" \/>\n<meta name=\"twitter:site\" content=\"@canadamotorjobs\" \/>\n<meta name=\"twitter:label1\" content=\"\u00c9crit par\" \/>\n\t<meta name=\"twitter:data1\" content=\"Benoit Charette\" \/>\n\t<meta name=\"twitter:label2\" content=\"Estimation du temps de lecture\" \/>\n\t<meta name=\"twitter:data2\" content=\"1 minute\" \/>\n<!-- \/ Yoast SEO plugin. -->","yoast_head_json":{"title":"Ford retarde les livraisons de F-150 en raison d\u2019une p\u00e9nurie d\u2019insignes de l\u2019ovale bleu - CanadaMotorJobs.com","description":"Ford retarde les livraisons de F-150 en raison d\u2019une p\u00e9nurie d\u2019insignes de l\u2019ovale bleu - Benoit Charette - Annuel automobile - CanadaMotorJobs.com.","robots":{"index":"index","follow":"follow","max-snippet":"max-snippet:-1","max-image-preview":"max-image-preview:large","max-video-preview":"max-video-preview:-1"},"og_locale":"fr_CA","og_type":"article","og_title":"Ford retarde les livraisons de F-150 en raison d\u2019une p\u00e9nurie d\u2019insignes de l\u2019ovale bleu - CanadaMotorJobs.com","og_description":"Ford retarde les livraisons de F-150 en raison d\u2019une p\u00e9nurie d\u2019insignes de l\u2019ovale bleu - Benoit Charette - Annuel automobile - CanadaMotorJobs.com.","og_url":"https:\/\/news.canadamotorjobs.com\/fr\/ford-retarde-les-livraisons-de-f-150-en-raison-dune-penurie-dinsignes-de-lovale-bleu\/","og_site_name":"CanadaMotorJobs.com","article_publisher":"https:\/\/www.facebook.com\/canadamotorjobs\/","article_published_time":"2022-09-24T13:08:27+00:00","article_modified_time":"2022-09-24T13:13:50+00:00","og_image":[{"width":1428,"height":870,"url":"https:\/\/news.canadamotorjobs.com\/wp-content\/uploads\/2022\/09\/f150_emblem-1-1.jpg","type":"image\/jpeg"}],"author":"Benoit Charette","twitter_card":"summary_large_image","twitter_creator":"@canadamotorjobs","twitter_site":"@canadamotorjobs","twitter_misc":{"\u00c9crit par":"Benoit Charette","Estimation du temps de lecture":"1 minute"},"schema":{"@context":"https:\/\/schema.org","@graph":[{"@type":"Article","@id":"https:\/\/news.canadamotorjobs.com\/fr\/ford-retarde-les-livraisons-de-f-150-en-raison-dune-penurie-dinsignes-de-lovale-bleu\/#article","isPartOf":{"@id":"https:\/\/news.canadamotorjobs.com\/fr\/ford-retarde-les-livraisons-de-f-150-en-raison-dune-penurie-dinsignes-de-lovale-bleu\/"},"author":{"name":"Benoit Charette","@id":"https:\/\/news.canadamotorjobs.com\/#\/schema\/person\/51793d1f87d44011d7bcc2ed99269a90"},"headline":"Ford retarde les livraisons de F-150 en raison d\u2019une p\u00e9nurie d\u2019insignes de l\u2019ovale bleu","datePublished":"2022-09-24T13:08:27+00:00","dateModified":"2022-09-24T13:13:50+00:00","mainEntityOfPage":{"@id":"https:\/\/news.canadamotorjobs.com\/fr\/ford-retarde-les-livraisons-de-f-150-en-raison-dune-penurie-dinsignes-de-lovale-bleu\/"},"wordCount":306,"publisher":{"@id":"https:\/\/news.canadamotorjobs.com\/#organization"},"image":{"@id":"https:\/\/news.canadamotorjobs.com\/fr\/ford-retarde-les-livraisons-de-f-150-en-raison-dune-penurie-dinsignes-de-lovale-bleu\/#primaryimage"},"thumbnailUrl":"https:\/\/news.canadamotorjobs.com\/wp-content\/uploads\/2022\/09\/f150_emblem-1-1.jpg","articleSection":["Annuel automobile"],"inLanguage":"fr-CA"},{"@type":"WebPage","@id":"https:\/\/news.canadamotorjobs.com\/fr\/ford-retarde-les-livraisons-de-f-150-en-raison-dune-penurie-dinsignes-de-lovale-bleu\/","url":"https:\/\/news.canadamotorjobs.com\/fr\/ford-retarde-les-livraisons-de-f-150-en-raison-dune-penurie-dinsignes-de-lovale-bleu\/","name":"Ford retarde les livraisons de F-150 en raison d\u2019une p\u00e9nurie d\u2019insignes de l\u2019ovale bleu - CanadaMotorJobs.com","isPartOf":{"@id":"https:\/\/news.canadamotorjobs.com\/#website"},"primaryImageOfPage":{"@id":"https:\/\/news.canadamotorjobs.com\/fr\/ford-retarde-les-livraisons-de-f-150-en-raison-dune-penurie-dinsignes-de-lovale-bleu\/#primaryimage"},"image":{"@id":"https:\/\/news.canadamotorjobs.com\/fr\/ford-retarde-les-livraisons-de-f-150-en-raison-dune-penurie-dinsignes-de-lovale-bleu\/#primaryimage"},"thumbnailUrl":"https:\/\/news.canadamotorjobs.com\/wp-content\/uploads\/2022\/09\/f150_emblem-1-1.jpg","datePublished":"2022-09-24T13:08:27+00:00","dateModified":"2022-09-24T13:13:50+00:00","description":"Ford retarde les livraisons de F-150 en raison d\u2019une p\u00e9nurie d\u2019insignes de l\u2019ovale bleu - Benoit Charette - Annuel automobile - CanadaMotorJobs.com.","breadcrumb":{"@id":"https:\/\/news.canadamotorjobs.com\/fr\/ford-retarde-les-livraisons-de-f-150-en-raison-dune-penurie-dinsignes-de-lovale-bleu\/#breadcrumb"},"inLanguage":"fr-CA","potentialAction":[{"@type":"ReadAction","target":["https:\/\/news.canadamotorjobs.com\/fr\/ford-retarde-les-livraisons-de-f-150-en-raison-dune-penurie-dinsignes-de-lovale-bleu\/"]}]},{"@type":"ImageObject","inLanguage":"fr-CA","@id":"https:\/\/news.canadamotorjobs.com\/fr\/ford-retarde-les-livraisons-de-f-150-en-raison-dune-penurie-dinsignes-de-lovale-bleu\/#primaryimage","url":"https:\/\/news.canadamotorjobs.com\/wp-content\/uploads\/2022\/09\/f150_emblem-1-1.jpg","contentUrl":"https:\/\/news.canadamotorjobs.com\/wp-content\/uploads\/2022\/09\/f150_emblem-1-1.jpg","width":1428,"height":870},{"@type":"BreadcrumbList","@id":"https:\/\/news.canadamotorjobs.com\/fr\/ford-retarde-les-livraisons-de-f-150-en-raison-dune-penurie-dinsignes-de-lovale-bleu\/#breadcrumb","itemListElement":[{"@type":"ListItem","position":1,"name":"Home","item":"https:\/\/news.canadamotorjobs.com\/fr\/blog\/"},{"@type":"ListItem","position":2,"name":"Ford retarde les livraisons de F-150 en raison d\u2019une p\u00e9nurie d\u2019insignes de l\u2019ovale bleu"}]},{"@type":"WebSite","@id":"https:\/\/news.canadamotorjobs.com\/#website","url":"https:\/\/news.canadamotorjobs.com\/","name":"CanadaMotorJobs.com","description":"Automotive Jobs","publisher":{"@id":"https:\/\/news.canadamotorjobs.com\/#organization"},"potentialAction":[{"@type":"SearchAction","target":{"@type":"EntryPoint","urlTemplate":"https:\/\/news.canadamotorjobs.com\/?s={search_term_string}"},"query-input":"required name=search_term_string"}],"inLanguage":"fr-CA"},{"@type":"Organization","@id":"https:\/\/news.canadamotorjobs.com\/#organization","name":"Canada Motor Jobs","url":"https:\/\/news.canadamotorjobs.com\/","logo":{"@type":"ImageObject","inLanguage":"fr-CA","@id":"https:\/\/news.canadamotorjobs.com\/#\/schema\/logo\/image\/","url":"https:\/\/news.canadamotorjobs.com\/wp-content\/uploads\/2022\/10\/logo-canada-motor-jobs-1.png","contentUrl":"https:\/\/news.canadamotorjobs.com\/wp-content\/uploads\/2022\/10\/logo-canada-motor-jobs-1.png","width":800,"height":400,"caption":"Canada Motor Jobs"},"image":{"@id":"https:\/\/news.canadamotorjobs.com\/#\/schema\/logo\/image\/"},"sameAs":["https:\/\/www.facebook.com\/canadamotorjobs\/","https:\/\/x.com\/canadamotorjobs","https:\/\/www.instagram.com\/canadamotorjobs\/","https:\/\/www.linkedin.com\/company\/canadamotorjobs"]},{"@type":"Person","@id":"https:\/\/news.canadamotorjobs.com\/#\/schema\/person\/51793d1f87d44011d7bcc2ed99269a90","name":"Benoit Charette","image":{"@type":"ImageObject","inLanguage":"fr-CA","@id":"https:\/\/news.canadamotorjobs.com\/#\/schema\/person\/image\/","url":"https:\/\/secure.gravatar.com\/avatar\/45f3d2eebcccd909668d7ce7ea7267b6?s=96&d=mm&r=g","contentUrl":"https:\/\/secure.gravatar.com\/avatar\/45f3d2eebcccd909668d7ce7ea7267b6?s=96&d=mm&r=g","caption":"Benoit Charette"},"description":"Benoit Charette \/ Propri\u00e9taire et r\u00e9dacteur en chef Benoit Charette pratique le journalisme automobile depuis bient\u00f4t 30 ans. Il a fait ses classes au c\u00f4t\u00e9 de Daniel H\u00e9raud et au Carnet de route de 1992 \u00e0 2001. Il est fondateur, copropri\u00e9taire et r\u00e9dacteur en chef de L\u2019Annuel de l\u2019automobile, qu\u2019il publie depuis 2001. Il a anim\u00e9 les \u00e9missions RPM et RPM+ sur V et les L\u00e9gendes de la route sur Historia. \u00c0 la radio depuis 1986, il reprend l\u2019antenne cette ann\u00e9e sur les ondes de Cogeco et participe pour la deuxi\u00e8me ann\u00e9e \u00e0 l\u2019\u00e9mission Passion Auto sur RDS en plus de mettre en ligne le site Web officiel de L\u2019Annuel de l\u2019automobile sur annuelauto.ca.","sameAs":["https:\/\/annuelauto.ca\/"],"url":"https:\/\/news.canadamotorjobs.com\/fr\/author\/benoit-charette\/"}]}},"_links":{"self":[{"href":"https:\/\/news.canadamotorjobs.com\/fr\/wp-json\/wp\/v2\/posts\/67953"}],"collection":[{"href":"https:\/\/news.canadamotorjobs.com\/fr\/wp-json\/wp\/v2\/posts"}],"about":[{"href":"https:\/\/news.canadamotorjobs.com\/fr\/wp-json\/wp\/v2\/types\/post"}],"author":[{"embeddable":true,"href":"https:\/\/news.canadamotorjobs.com\/fr\/wp-json\/wp\/v2\/users\/8"}],"replies":[{"embeddable":true,"href":"https:\/\/news.canadamotorjobs.com\/fr\/wp-json\/wp\/v2\/comments?post=67953"}],"version-history":[{"count":0,"href":"https:\/\/news.canadamotorjobs.com\/fr\/wp-json\/wp\/v2\/posts\/67953\/revisions"}],"wp:featuredmedia":[{"embeddable":true,"href":"https:\/\/news.canadamotorjobs.com\/fr\/wp-json\/wp\/v2\/media\/67957"}],"wp:attachment":[{"href":"https:\/\/news.canadamotorjobs.com\/fr\/wp-json\/wp\/v2\/media?parent=67953"}],"wp:term":[{"taxonomy":"category","embeddable":true,"href":"https:\/\/news.canadamotorjobs.com\/fr\/wp-json\/wp\/v2\/categories?post=67953"},{"taxonomy":"post_tag","embeddable":true,"href":"https:\/\/news.canadamotorjobs.com\/fr\/wp-json\/wp\/v2\/tags?post=67953"}],"curies":[{"name":"wp","href":"https:\/\/api.w.org\/{rel}","templated":true}]}}