{"id":63001,"date":"2022-09-23T08:07:29","date_gmt":"2022-09-23T12:07:29","guid":{"rendered":"https:\/\/blog.canadamotorjobs.com\/un-14e-rappel-pour-tesla-cette-annee\/"},"modified":"2022-09-23T08:13:43","modified_gmt":"2022-09-23T12:13:43","slug":"un-14e-rappel-pour-tesla-cette-annee","status":"publish","type":"post","link":"https:\/\/news.canadamotorjobs.com\/fr\/un-14e-rappel-pour-tesla-cette-annee\/","title":{"rendered":"Un 14e rappel pour Tesla cette ann\u00e9e"},"content":{"rendered":"<\/p>\n<p>Ce plus r\u00e9cent rappel touche plus d\u2019un million de v\u00e9hicules (seulement aux \u00c9tats-Unis) et un nombre ind\u00e9termin\u00e9 au Canada pour des vitres \u00e0 commande \u00e9lectrique qui pourraient ne pas r\u00e9agir correctement apr\u00e8s avoir d\u00e9tect\u00e9 un objet (ou un doigt), ce qui pourrait pincer un occupant et augmenter le risque de blessure.<br \/> Les mod\u00e8les concern\u00e9s<br \/> Le rappel concerne les mod\u00e8les 3 2017-22, les mod\u00e8les Y 2020-21 et le mod\u00e8le S et mod\u00e8le X 2021-22. Les v\u00e9hicules ne sont pas conformes aux exigences de la norme f\u00e9d\u00e9rale de s\u00e9curit\u00e9 des v\u00e9hicules automobiles n\u00b0 118 pour les syst\u00e8mes de l\u00e8ve-vitres \u00e0 commande \u00e9lectrique, selon la NHTSA. Dans un rapport de rappel de s\u00e9curit\u00e9 d\u00e9pos\u00e9 lundi, Tesla a d\u00e9clar\u00e9 au principal organisme de r\u00e9glementation de la s\u00e9curit\u00e9 automobile am\u00e9ricain qu&#8217;\u00e0 la date du 16 septembre, elle n&#8217;avait connaissance d&#8217;aucune r\u00e9clamation au titre de la garantie, d&#8217;aucun rapport de terrain, d&#8217;aucun accident, d&#8217;aucune blessure ni d&#8217;aucun d\u00e9c\u00e8s li\u00e9s \u00e0 ce d\u00e9faut.<br \/> Une simple mise \u00e0 jour de logiciel<br \/> Depuis le 13 septembre, les v\u00e9hicules en production et en confinement de pr\u00e9-livraison ont re\u00e7u une mise \u00e0 jour logicielle qui met les vitres \u00e9lectriques en conformit\u00e9 avec les exigences sp\u00e9cifi\u00e9es dans la norme de s\u00e9curit\u00e9. Tesla va \u00e9galement d\u00e9ployer la mise \u00e0 jour logicielle hertzienne pour le reste des v\u00e9hicules concern\u00e9s afin d&#8217;assurer la conformit\u00e9. Depuis le d\u00e9but de l&#8217;ann\u00e9e, Tesla a \u00e9mis 14 rappels concernant plus de 3,3 millions de v\u00e9hicules, selon les donn\u00e9es de la NHTSA. Certains de ces v\u00e9hicules peuvent faire l&#8217;objet de<\/p>\n","protected":false},"excerpt":{"rendered":"<p>Ce plus r\u00e9cent rappel touche plus d\u2019un million de v\u00e9hicules (seulement aux \u00c9tats-Unis) et un nombre ind\u00e9termin\u00e9 au Canada pour des vitres \u00e0 commande \u00e9lectrique qui pourraient ne pas r\u00e9agir correctement apr\u00e8s avoir d\u00e9tect\u00e9 un objet (ou un doigt), ce qui pourrait pincer un occupant et augmenter le risque de blessure. Les mod\u00e8les concern\u00e9s Le [&hellip;]<\/p>\n","protected":false},"author":8,"featured_media":63005,"comment_status":"close","ping_status":"closed","sticky":false,"template":"","format":"standard","meta":{"_monsterinsights_skip_tracking":false,"_monsterinsights_sitenote_active":false,"_monsterinsights_sitenote_note":"","_monsterinsights_sitenote_category":0,"footnotes":""},"categories":[101],"tags":[],"yoast_head":"<!-- This site is optimized with the Yoast SEO plugin v23.2 - https:\/\/yoast.com\/wordpress\/plugins\/seo\/ -->\n<title>Un 14e rappel pour Tesla cette ann\u00e9e - CanadaMotorJobs.com<\/title>\n<meta name=\"description\" content=\"Un 14e rappel pour Tesla cette ann\u00e9e - Benoit Charette - Annuel automobile - CanadaMotorJobs.com.\" \/>\n<meta name=\"robots\" content=\"index, follow, max-snippet:-1, max-image-preview:large, max-video-preview:-1\" \/>\n<meta property=\"og:locale\" content=\"fr_CA\" \/>\n<meta property=\"og:type\" content=\"article\" \/>\n<meta property=\"og:title\" content=\"Un 14e rappel pour Tesla cette ann\u00e9e - CanadaMotorJobs.com\" \/>\n<meta property=\"og:description\" content=\"Un 14e rappel pour Tesla cette ann\u00e9e - Benoit Charette - Annuel automobile - CanadaMotorJobs.com.\" \/>\n<meta property=\"og:url\" content=\"https:\/\/news.canadamotorjobs.com\/fr\/un-14e-rappel-pour-tesla-cette-annee\/\" \/>\n<meta property=\"og:site_name\" content=\"CanadaMotorJobs.com\" \/>\n<meta property=\"article:publisher\" content=\"https:\/\/www.facebook.com\/canadamotorjobs\/\" \/>\n<meta property=\"article:published_time\" content=\"2022-09-23T12:07:29+00:00\" \/>\n<meta property=\"article:modified_time\" content=\"2022-09-23T12:13:43+00:00\" \/>\n<meta property=\"og:image\" content=\"https:\/\/news.canadamotorjobs.com\/wp-content\/uploads\/2022\/09\/2022-Tesla-Group-2-1024x555-1-1.jpg\" \/>\n\t<meta property=\"og:image:width\" content=\"1024\" \/>\n\t<meta property=\"og:image:height\" content=\"555\" \/>\n\t<meta property=\"og:image:type\" content=\"image\/jpeg\" \/>\n<meta name=\"author\" content=\"Benoit Charette\" \/>\n<meta name=\"twitter:card\" content=\"summary_large_image\" \/>\n<meta name=\"twitter:creator\" content=\"@canadamotorjobs\" \/>\n<meta name=\"twitter:site\" content=\"@canadamotorjobs\" \/>\n<meta name=\"twitter:label1\" content=\"\u00c9crit par\" \/>\n\t<meta name=\"twitter:data1\" content=\"Benoit Charette\" \/>\n\t<meta name=\"twitter:label2\" content=\"Estimation du temps de lecture\" \/>\n\t<meta name=\"twitter:data2\" content=\"1 minute\" \/>\n<!-- \/ Yoast SEO plugin. -->","yoast_head_json":{"title":"Un 14e rappel pour Tesla cette ann\u00e9e - CanadaMotorJobs.com","description":"Un 14e rappel pour Tesla cette ann\u00e9e - Benoit Charette - Annuel automobile - CanadaMotorJobs.com.","robots":{"index":"index","follow":"follow","max-snippet":"max-snippet:-1","max-image-preview":"max-image-preview:large","max-video-preview":"max-video-preview:-1"},"og_locale":"fr_CA","og_type":"article","og_title":"Un 14e rappel pour Tesla cette ann\u00e9e - CanadaMotorJobs.com","og_description":"Un 14e rappel pour Tesla cette ann\u00e9e - Benoit Charette - Annuel automobile - CanadaMotorJobs.com.","og_url":"https:\/\/news.canadamotorjobs.com\/fr\/un-14e-rappel-pour-tesla-cette-annee\/","og_site_name":"CanadaMotorJobs.com","article_publisher":"https:\/\/www.facebook.com\/canadamotorjobs\/","article_published_time":"2022-09-23T12:07:29+00:00","article_modified_time":"2022-09-23T12:13:43+00:00","og_image":[{"width":1024,"height":555,"url":"https:\/\/news.canadamotorjobs.com\/wp-content\/uploads\/2022\/09\/2022-Tesla-Group-2-1024x555-1-1.jpg","type":"image\/jpeg"}],"author":"Benoit Charette","twitter_card":"summary_large_image","twitter_creator":"@canadamotorjobs","twitter_site":"@canadamotorjobs","twitter_misc":{"\u00c9crit par":"Benoit Charette","Estimation du temps de lecture":"1 minute"},"schema":{"@context":"https:\/\/schema.org","@graph":[{"@type":"Article","@id":"https:\/\/news.canadamotorjobs.com\/fr\/un-14e-rappel-pour-tesla-cette-annee\/#article","isPartOf":{"@id":"https:\/\/news.canadamotorjobs.com\/fr\/un-14e-rappel-pour-tesla-cette-annee\/"},"author":{"name":"Benoit Charette","@id":"https:\/\/news.canadamotorjobs.com\/#\/schema\/person\/51793d1f87d44011d7bcc2ed99269a90"},"headline":"Un 14e rappel pour Tesla cette ann\u00e9e","datePublished":"2022-09-23T12:07:29+00:00","dateModified":"2022-09-23T12:13:43+00:00","mainEntityOfPage":{"@id":"https:\/\/news.canadamotorjobs.com\/fr\/un-14e-rappel-pour-tesla-cette-annee\/"},"wordCount":300,"publisher":{"@id":"https:\/\/news.canadamotorjobs.com\/#organization"},"image":{"@id":"https:\/\/news.canadamotorjobs.com\/fr\/un-14e-rappel-pour-tesla-cette-annee\/#primaryimage"},"thumbnailUrl":"https:\/\/news.canadamotorjobs.com\/wp-content\/uploads\/2022\/09\/2022-Tesla-Group-2-1024x555-1-1.jpg","articleSection":["Annuel automobile"],"inLanguage":"fr-CA"},{"@type":"WebPage","@id":"https:\/\/news.canadamotorjobs.com\/fr\/un-14e-rappel-pour-tesla-cette-annee\/","url":"https:\/\/news.canadamotorjobs.com\/fr\/un-14e-rappel-pour-tesla-cette-annee\/","name":"Un 14e rappel pour Tesla cette ann\u00e9e - CanadaMotorJobs.com","isPartOf":{"@id":"https:\/\/news.canadamotorjobs.com\/#website"},"primaryImageOfPage":{"@id":"https:\/\/news.canadamotorjobs.com\/fr\/un-14e-rappel-pour-tesla-cette-annee\/#primaryimage"},"image":{"@id":"https:\/\/news.canadamotorjobs.com\/fr\/un-14e-rappel-pour-tesla-cette-annee\/#primaryimage"},"thumbnailUrl":"https:\/\/news.canadamotorjobs.com\/wp-content\/uploads\/2022\/09\/2022-Tesla-Group-2-1024x555-1-1.jpg","datePublished":"2022-09-23T12:07:29+00:00","dateModified":"2022-09-23T12:13:43+00:00","description":"Un 14e rappel pour Tesla cette ann\u00e9e - Benoit Charette - Annuel automobile - CanadaMotorJobs.com.","breadcrumb":{"@id":"https:\/\/news.canadamotorjobs.com\/fr\/un-14e-rappel-pour-tesla-cette-annee\/#breadcrumb"},"inLanguage":"fr-CA","potentialAction":[{"@type":"ReadAction","target":["https:\/\/news.canadamotorjobs.com\/fr\/un-14e-rappel-pour-tesla-cette-annee\/"]}]},{"@type":"ImageObject","inLanguage":"fr-CA","@id":"https:\/\/news.canadamotorjobs.com\/fr\/un-14e-rappel-pour-tesla-cette-annee\/#primaryimage","url":"https:\/\/news.canadamotorjobs.com\/wp-content\/uploads\/2022\/09\/2022-Tesla-Group-2-1024x555-1-1.jpg","contentUrl":"https:\/\/news.canadamotorjobs.com\/wp-content\/uploads\/2022\/09\/2022-Tesla-Group-2-1024x555-1-1.jpg","width":1024,"height":555},{"@type":"BreadcrumbList","@id":"https:\/\/news.canadamotorjobs.com\/fr\/un-14e-rappel-pour-tesla-cette-annee\/#breadcrumb","itemListElement":[{"@type":"ListItem","position":1,"name":"Home","item":"https:\/\/news.canadamotorjobs.com\/fr\/blog\/"},{"@type":"ListItem","position":2,"name":"Un 14e rappel pour Tesla cette ann\u00e9e"}]},{"@type":"WebSite","@id":"https:\/\/news.canadamotorjobs.com\/#website","url":"https:\/\/news.canadamotorjobs.com\/","name":"CanadaMotorJobs.com","description":"Automotive Jobs","publisher":{"@id":"https:\/\/news.canadamotorjobs.com\/#organization"},"potentialAction":[{"@type":"SearchAction","target":{"@type":"EntryPoint","urlTemplate":"https:\/\/news.canadamotorjobs.com\/?s={search_term_string}"},"query-input":"required name=search_term_string"}],"inLanguage":"fr-CA"},{"@type":"Organization","@id":"https:\/\/news.canadamotorjobs.com\/#organization","name":"Canada Motor Jobs","url":"https:\/\/news.canadamotorjobs.com\/","logo":{"@type":"ImageObject","inLanguage":"fr-CA","@id":"https:\/\/news.canadamotorjobs.com\/#\/schema\/logo\/image\/","url":"https:\/\/news.canadamotorjobs.com\/wp-content\/uploads\/2022\/10\/logo-canada-motor-jobs-1.png","contentUrl":"https:\/\/news.canadamotorjobs.com\/wp-content\/uploads\/2022\/10\/logo-canada-motor-jobs-1.png","width":800,"height":400,"caption":"Canada Motor Jobs"},"image":{"@id":"https:\/\/news.canadamotorjobs.com\/#\/schema\/logo\/image\/"},"sameAs":["https:\/\/www.facebook.com\/canadamotorjobs\/","https:\/\/x.com\/canadamotorjobs","https:\/\/www.instagram.com\/canadamotorjobs\/","https:\/\/www.linkedin.com\/company\/canadamotorjobs"]},{"@type":"Person","@id":"https:\/\/news.canadamotorjobs.com\/#\/schema\/person\/51793d1f87d44011d7bcc2ed99269a90","name":"Benoit Charette","image":{"@type":"ImageObject","inLanguage":"fr-CA","@id":"https:\/\/news.canadamotorjobs.com\/#\/schema\/person\/image\/","url":"https:\/\/secure.gravatar.com\/avatar\/45f3d2eebcccd909668d7ce7ea7267b6?s=96&d=mm&r=g","contentUrl":"https:\/\/secure.gravatar.com\/avatar\/45f3d2eebcccd909668d7ce7ea7267b6?s=96&d=mm&r=g","caption":"Benoit Charette"},"description":"Benoit Charette \/ Propri\u00e9taire et r\u00e9dacteur en chef Benoit Charette pratique le journalisme automobile depuis bient\u00f4t 30 ans. Il a fait ses classes au c\u00f4t\u00e9 de Daniel H\u00e9raud et au Carnet de route de 1992 \u00e0 2001. Il est fondateur, copropri\u00e9taire et r\u00e9dacteur en chef de L\u2019Annuel de l\u2019automobile, qu\u2019il publie depuis 2001. Il a anim\u00e9 les \u00e9missions RPM et RPM+ sur V et les L\u00e9gendes de la route sur Historia. \u00c0 la radio depuis 1986, il reprend l\u2019antenne cette ann\u00e9e sur les ondes de Cogeco et participe pour la deuxi\u00e8me ann\u00e9e \u00e0 l\u2019\u00e9mission Passion Auto sur RDS en plus de mettre en ligne le site Web officiel de L\u2019Annuel de l\u2019automobile sur annuelauto.ca.","sameAs":["https:\/\/annuelauto.ca\/"],"url":"https:\/\/news.canadamotorjobs.com\/fr\/author\/benoit-charette\/"}]}},"_links":{"self":[{"href":"https:\/\/news.canadamotorjobs.com\/fr\/wp-json\/wp\/v2\/posts\/63001"}],"collection":[{"href":"https:\/\/news.canadamotorjobs.com\/fr\/wp-json\/wp\/v2\/posts"}],"about":[{"href":"https:\/\/news.canadamotorjobs.com\/fr\/wp-json\/wp\/v2\/types\/post"}],"author":[{"embeddable":true,"href":"https:\/\/news.canadamotorjobs.com\/fr\/wp-json\/wp\/v2\/users\/8"}],"replies":[{"embeddable":true,"href":"https:\/\/news.canadamotorjobs.com\/fr\/wp-json\/wp\/v2\/comments?post=63001"}],"version-history":[{"count":0,"href":"https:\/\/news.canadamotorjobs.com\/fr\/wp-json\/wp\/v2\/posts\/63001\/revisions"}],"wp:featuredmedia":[{"embeddable":true,"href":"https:\/\/news.canadamotorjobs.com\/fr\/wp-json\/wp\/v2\/media\/63005"}],"wp:attachment":[{"href":"https:\/\/news.canadamotorjobs.com\/fr\/wp-json\/wp\/v2\/media?parent=63001"}],"wp:term":[{"taxonomy":"category","embeddable":true,"href":"https:\/\/news.canadamotorjobs.com\/fr\/wp-json\/wp\/v2\/categories?post=63001"},{"taxonomy":"post_tag","embeddable":true,"href":"https:\/\/news.canadamotorjobs.com\/fr\/wp-json\/wp\/v2\/tags?post=63001"}],"curies":[{"name":"wp","href":"https:\/\/api.w.org\/{rel}","templated":true}]}}