{"id":60749,"date":"2022-09-22T19:06:20","date_gmt":"2022-09-22T23:06:20","guid":{"rendered":"https:\/\/blog.canadamotorjobs.com\/le-nouveau-constructeur-aehra-leve-un-peu-le-voile-sur-son-futur-vus-electrique\/"},"modified":"2022-09-22T19:29:13","modified_gmt":"2022-09-22T23:29:13","slug":"le-nouveau-constructeur-aehra-leve-un-peu-le-voile-sur-son-futur-vus-electrique","status":"publish","type":"post","link":"https:\/\/news.canadamotorjobs.com\/fr\/le-nouveau-constructeur-aehra-leve-un-peu-le-voile-sur-son-futur-vus-electrique\/","title":{"rendered":"Le nouveau constructeur Aehra l\u00e8ve un peu le voile sur son futur VUS \u00e9lectrique"},"content":{"rendered":"<\/p>\n<p>Voici les premi\u00e8res images de l\u2019utilitaire d\u2019Aehra, une nouvelle marque italienne de v\u00e9hicules \u00e9lectriques qui promet d\u2019entrer en production d\u00e8s 2025. Une autre marque de V\u00c9. <em>Ben oui<\/em>&#8230;<\/p>\n<p> L\u2019\u00e9lectrification des v\u00e9hicules a engendr\u00e9 une v\u00e9ritable ru\u00e9e d\u2019entrepreneurs de tous acabits, plus ou moins connus et plus ou moins li\u00e9s aux grands constructeurs, qui tentent d\u2019accaparer une part, si petite soit-elle, d\u2019un march\u00e9 qui se redessine \u00e0 la vitesse grand\u00a0V.<br \/> <strong>D\u2019une soufflerie pour chute libre int\u00e9rieure aux V\u00c9<\/strong><br \/> C\u2019est le cas de Hazim Nada. N\u00e9 aux \u00c9tats-Unis, il a grandi en <a href=\"https:\/\/annuelauto.ca\/premiere-mondiale-de-la-pagani-utopia\/\" target=\"_blank\" rel=\"noopener noreferrer\">Italie<\/a> pour, ensuite, faire des \u00e9tudes en Angleterre\u00a0: en physique th\u00e9orique \u00e0 Cambridge, d\u2019abord, ce qui lui a valu une ma\u00eetrise, puis en math\u00e9matiques appliqu\u00e9es \u00e0 l\u2019Imperial College de Londres, o\u00f9 il a re\u00e7u un doctorat.<\/p>\n<p> En juin dernier, il a fond\u00e9 Aehra inc. \u00e0 Milan avec un partenaire d\u2019affaires de longue date\u00a0: l\u2019Italien Sandro Andreotti. Ces deux passionn\u00e9s de parachutisme avaient fond\u00e9 Aero\u00a0Gravity en 2015. C\u2019est la plus grande <a href=\"https:\/\/annuelauto.ca\/la-soufflerie-de-pininfarina-celebre-ses-50-ans\/\" target=\"_blank\" rel=\"noopener noreferrer\">soufflerie<\/a> de loisirs d\u2019Europe; un lieu o\u00f9 l\u2019on pratique la chute libre int\u00e9rieure (ou le vol humain, si vous pr\u00e9f\u00e9rez).<\/p>\n<p> Rien \u00e0 voir avec la fabrication d\u2019automobiles. Pas plus que le nom Aehra. On l\u2019a invent\u00e9 en s\u2019inspirant du mot latin <em>aera<\/em> qui signifie <em>\u00e9re<\/em>, <em>\u00e9poque<\/em>, entre autres choses. Une nouvelle \u00e8re. Vous avez tout compris&#8230;<br \/> <strong>Entour\u00e9s de sp\u00e9cialistes de l\u2019industrie<\/strong><br \/> Bref, pour se lancer dans cette aventure, le duo a d\u00fb s\u2019entourer de sp\u00e9cialistes issus, entre autres, de l\u2019industrie automobile. Des professionnels comme les ex-designers de<\/p>\n","protected":false},"excerpt":{"rendered":"<p>Voici les premi\u00e8res images de l\u2019utilitaire d\u2019Aehra, une nouvelle marque italienne de v\u00e9hicules \u00e9lectriques qui promet d\u2019entrer en production d\u00e8s 2025. Une autre marque de V\u00c9. Ben oui&#8230; L\u2019\u00e9lectrification des v\u00e9hicules a engendr\u00e9 une v\u00e9ritable ru\u00e9e d\u2019entrepreneurs de tous acabits, plus ou moins connus et plus ou moins li\u00e9s aux grands constructeurs, qui tentent d\u2019accaparer [&hellip;]<\/p>\n","protected":false},"author":8,"featured_media":60753,"comment_status":"close","ping_status":"closed","sticky":false,"template":"","format":"standard","meta":{"_monsterinsights_skip_tracking":false,"_monsterinsights_sitenote_active":false,"_monsterinsights_sitenote_note":"","_monsterinsights_sitenote_category":0,"footnotes":""},"categories":[101],"tags":[],"yoast_head":"<!-- This site is optimized with the Yoast SEO plugin v23.2 - https:\/\/yoast.com\/wordpress\/plugins\/seo\/ -->\n<title>Le nouveau constructeur Aehra l\u00e8ve un peu le voile sur son futur VUS \u00e9lectrique - CanadaMotorJobs.com<\/title>\n<meta name=\"description\" content=\"Le nouveau constructeur Aehra l\u00e8ve un peu le voile sur son futur VUS \u00e9lectrique - Benoit Charette - Annuel automobile - CanadaMotorJobs.com.\" \/>\n<meta name=\"robots\" content=\"index, follow, max-snippet:-1, max-image-preview:large, max-video-preview:-1\" \/>\n<meta property=\"og:locale\" content=\"fr_CA\" \/>\n<meta property=\"og:type\" content=\"article\" \/>\n<meta property=\"og:title\" content=\"Le nouveau constructeur Aehra l\u00e8ve un peu le voile sur son futur VUS \u00e9lectrique - CanadaMotorJobs.com\" \/>\n<meta property=\"og:description\" content=\"Le nouveau constructeur Aehra l\u00e8ve un peu le voile sur son futur VUS \u00e9lectrique - Benoit Charette - Annuel automobile - CanadaMotorJobs.com.\" \/>\n<meta property=\"og:url\" content=\"https:\/\/news.canadamotorjobs.com\/fr\/le-nouveau-constructeur-aehra-leve-un-peu-le-voile-sur-son-futur-vus-electrique\/\" \/>\n<meta property=\"og:site_name\" content=\"CanadaMotorJobs.com\" \/>\n<meta property=\"article:publisher\" content=\"https:\/\/www.facebook.com\/canadamotorjobs\/\" \/>\n<meta property=\"article:published_time\" content=\"2022-09-22T23:06:20+00:00\" \/>\n<meta property=\"article:modified_time\" content=\"2022-09-22T23:29:13+00:00\" \/>\n<meta property=\"og:image\" content=\"https:\/\/news.canadamotorjobs.com\/wp-content\/uploads\/2022\/09\/Aehra-VUS-2025-3-1.jpg\" \/>\n\t<meta property=\"og:image:width\" content=\"1500\" \/>\n\t<meta property=\"og:image:height\" content=\"1000\" \/>\n\t<meta property=\"og:image:type\" content=\"image\/jpeg\" \/>\n<meta name=\"author\" content=\"Benoit Charette\" \/>\n<meta name=\"twitter:card\" content=\"summary_large_image\" \/>\n<meta name=\"twitter:creator\" content=\"@canadamotorjobs\" \/>\n<meta name=\"twitter:site\" content=\"@canadamotorjobs\" \/>\n<meta name=\"twitter:label1\" content=\"\u00c9crit par\" \/>\n\t<meta name=\"twitter:data1\" content=\"Benoit Charette\" \/>\n\t<meta name=\"twitter:label2\" content=\"Estimation du temps de lecture\" \/>\n\t<meta name=\"twitter:data2\" content=\"1 minute\" \/>\n<!-- \/ Yoast SEO plugin. -->","yoast_head_json":{"title":"Le nouveau constructeur Aehra l\u00e8ve un peu le voile sur son futur VUS \u00e9lectrique - CanadaMotorJobs.com","description":"Le nouveau constructeur Aehra l\u00e8ve un peu le voile sur son futur VUS \u00e9lectrique - Benoit Charette - Annuel automobile - CanadaMotorJobs.com.","robots":{"index":"index","follow":"follow","max-snippet":"max-snippet:-1","max-image-preview":"max-image-preview:large","max-video-preview":"max-video-preview:-1"},"og_locale":"fr_CA","og_type":"article","og_title":"Le nouveau constructeur Aehra l\u00e8ve un peu le voile sur son futur VUS \u00e9lectrique - CanadaMotorJobs.com","og_description":"Le nouveau constructeur Aehra l\u00e8ve un peu le voile sur son futur VUS \u00e9lectrique - Benoit Charette - Annuel automobile - CanadaMotorJobs.com.","og_url":"https:\/\/news.canadamotorjobs.com\/fr\/le-nouveau-constructeur-aehra-leve-un-peu-le-voile-sur-son-futur-vus-electrique\/","og_site_name":"CanadaMotorJobs.com","article_publisher":"https:\/\/www.facebook.com\/canadamotorjobs\/","article_published_time":"2022-09-22T23:06:20+00:00","article_modified_time":"2022-09-22T23:29:13+00:00","og_image":[{"width":1500,"height":1000,"url":"https:\/\/news.canadamotorjobs.com\/wp-content\/uploads\/2022\/09\/Aehra-VUS-2025-3-1.jpg","type":"image\/jpeg"}],"author":"Benoit Charette","twitter_card":"summary_large_image","twitter_creator":"@canadamotorjobs","twitter_site":"@canadamotorjobs","twitter_misc":{"\u00c9crit par":"Benoit Charette","Estimation du temps de lecture":"1 minute"},"schema":{"@context":"https:\/\/schema.org","@graph":[{"@type":"Article","@id":"https:\/\/news.canadamotorjobs.com\/fr\/le-nouveau-constructeur-aehra-leve-un-peu-le-voile-sur-son-futur-vus-electrique\/#article","isPartOf":{"@id":"https:\/\/news.canadamotorjobs.com\/fr\/le-nouveau-constructeur-aehra-leve-un-peu-le-voile-sur-son-futur-vus-electrique\/"},"author":{"name":"Benoit Charette","@id":"https:\/\/news.canadamotorjobs.com\/#\/schema\/person\/51793d1f87d44011d7bcc2ed99269a90"},"headline":"Le nouveau constructeur Aehra l\u00e8ve un peu le voile sur son futur VUS \u00e9lectrique","datePublished":"2022-09-22T23:06:20+00:00","dateModified":"2022-09-22T23:29:13+00:00","mainEntityOfPage":{"@id":"https:\/\/news.canadamotorjobs.com\/fr\/le-nouveau-constructeur-aehra-leve-un-peu-le-voile-sur-son-futur-vus-electrique\/"},"wordCount":299,"publisher":{"@id":"https:\/\/news.canadamotorjobs.com\/#organization"},"image":{"@id":"https:\/\/news.canadamotorjobs.com\/fr\/le-nouveau-constructeur-aehra-leve-un-peu-le-voile-sur-son-futur-vus-electrique\/#primaryimage"},"thumbnailUrl":"https:\/\/news.canadamotorjobs.com\/wp-content\/uploads\/2022\/09\/Aehra-VUS-2025-3-1.jpg","articleSection":["Annuel automobile"],"inLanguage":"fr-CA"},{"@type":"WebPage","@id":"https:\/\/news.canadamotorjobs.com\/fr\/le-nouveau-constructeur-aehra-leve-un-peu-le-voile-sur-son-futur-vus-electrique\/","url":"https:\/\/news.canadamotorjobs.com\/fr\/le-nouveau-constructeur-aehra-leve-un-peu-le-voile-sur-son-futur-vus-electrique\/","name":"Le nouveau constructeur Aehra l\u00e8ve un peu le voile sur son futur VUS \u00e9lectrique - CanadaMotorJobs.com","isPartOf":{"@id":"https:\/\/news.canadamotorjobs.com\/#website"},"primaryImageOfPage":{"@id":"https:\/\/news.canadamotorjobs.com\/fr\/le-nouveau-constructeur-aehra-leve-un-peu-le-voile-sur-son-futur-vus-electrique\/#primaryimage"},"image":{"@id":"https:\/\/news.canadamotorjobs.com\/fr\/le-nouveau-constructeur-aehra-leve-un-peu-le-voile-sur-son-futur-vus-electrique\/#primaryimage"},"thumbnailUrl":"https:\/\/news.canadamotorjobs.com\/wp-content\/uploads\/2022\/09\/Aehra-VUS-2025-3-1.jpg","datePublished":"2022-09-22T23:06:20+00:00","dateModified":"2022-09-22T23:29:13+00:00","description":"Le nouveau constructeur Aehra l\u00e8ve un peu le voile sur son futur VUS \u00e9lectrique - Benoit Charette - Annuel automobile - CanadaMotorJobs.com.","breadcrumb":{"@id":"https:\/\/news.canadamotorjobs.com\/fr\/le-nouveau-constructeur-aehra-leve-un-peu-le-voile-sur-son-futur-vus-electrique\/#breadcrumb"},"inLanguage":"fr-CA","potentialAction":[{"@type":"ReadAction","target":["https:\/\/news.canadamotorjobs.com\/fr\/le-nouveau-constructeur-aehra-leve-un-peu-le-voile-sur-son-futur-vus-electrique\/"]}]},{"@type":"ImageObject","inLanguage":"fr-CA","@id":"https:\/\/news.canadamotorjobs.com\/fr\/le-nouveau-constructeur-aehra-leve-un-peu-le-voile-sur-son-futur-vus-electrique\/#primaryimage","url":"https:\/\/news.canadamotorjobs.com\/wp-content\/uploads\/2022\/09\/Aehra-VUS-2025-3-1.jpg","contentUrl":"https:\/\/news.canadamotorjobs.com\/wp-content\/uploads\/2022\/09\/Aehra-VUS-2025-3-1.jpg","width":1500,"height":1000},{"@type":"BreadcrumbList","@id":"https:\/\/news.canadamotorjobs.com\/fr\/le-nouveau-constructeur-aehra-leve-un-peu-le-voile-sur-son-futur-vus-electrique\/#breadcrumb","itemListElement":[{"@type":"ListItem","position":1,"name":"Home","item":"https:\/\/news.canadamotorjobs.com\/fr\/blog\/"},{"@type":"ListItem","position":2,"name":"Le nouveau constructeur Aehra l\u00e8ve un peu le voile sur son futur VUS \u00e9lectrique"}]},{"@type":"WebSite","@id":"https:\/\/news.canadamotorjobs.com\/#website","url":"https:\/\/news.canadamotorjobs.com\/","name":"CanadaMotorJobs.com","description":"Automotive Jobs","publisher":{"@id":"https:\/\/news.canadamotorjobs.com\/#organization"},"potentialAction":[{"@type":"SearchAction","target":{"@type":"EntryPoint","urlTemplate":"https:\/\/news.canadamotorjobs.com\/?s={search_term_string}"},"query-input":"required name=search_term_string"}],"inLanguage":"fr-CA"},{"@type":"Organization","@id":"https:\/\/news.canadamotorjobs.com\/#organization","name":"Canada Motor Jobs","url":"https:\/\/news.canadamotorjobs.com\/","logo":{"@type":"ImageObject","inLanguage":"fr-CA","@id":"https:\/\/news.canadamotorjobs.com\/#\/schema\/logo\/image\/","url":"https:\/\/news.canadamotorjobs.com\/wp-content\/uploads\/2022\/10\/logo-canada-motor-jobs-1.png","contentUrl":"https:\/\/news.canadamotorjobs.com\/wp-content\/uploads\/2022\/10\/logo-canada-motor-jobs-1.png","width":800,"height":400,"caption":"Canada Motor Jobs"},"image":{"@id":"https:\/\/news.canadamotorjobs.com\/#\/schema\/logo\/image\/"},"sameAs":["https:\/\/www.facebook.com\/canadamotorjobs\/","https:\/\/x.com\/canadamotorjobs","https:\/\/www.instagram.com\/canadamotorjobs\/","https:\/\/www.linkedin.com\/company\/canadamotorjobs"]},{"@type":"Person","@id":"https:\/\/news.canadamotorjobs.com\/#\/schema\/person\/51793d1f87d44011d7bcc2ed99269a90","name":"Benoit Charette","image":{"@type":"ImageObject","inLanguage":"fr-CA","@id":"https:\/\/news.canadamotorjobs.com\/#\/schema\/person\/image\/","url":"https:\/\/secure.gravatar.com\/avatar\/45f3d2eebcccd909668d7ce7ea7267b6?s=96&d=mm&r=g","contentUrl":"https:\/\/secure.gravatar.com\/avatar\/45f3d2eebcccd909668d7ce7ea7267b6?s=96&d=mm&r=g","caption":"Benoit Charette"},"description":"Benoit Charette \/ Propri\u00e9taire et r\u00e9dacteur en chef Benoit Charette pratique le journalisme automobile depuis bient\u00f4t 30 ans. Il a fait ses classes au c\u00f4t\u00e9 de Daniel H\u00e9raud et au Carnet de route de 1992 \u00e0 2001. Il est fondateur, copropri\u00e9taire et r\u00e9dacteur en chef de L\u2019Annuel de l\u2019automobile, qu\u2019il publie depuis 2001. Il a anim\u00e9 les \u00e9missions RPM et RPM+ sur V et les L\u00e9gendes de la route sur Historia. \u00c0 la radio depuis 1986, il reprend l\u2019antenne cette ann\u00e9e sur les ondes de Cogeco et participe pour la deuxi\u00e8me ann\u00e9e \u00e0 l\u2019\u00e9mission Passion Auto sur RDS en plus de mettre en ligne le site Web officiel de L\u2019Annuel de l\u2019automobile sur annuelauto.ca.","sameAs":["https:\/\/annuelauto.ca\/"],"url":"https:\/\/news.canadamotorjobs.com\/fr\/author\/benoit-charette\/"}]}},"_links":{"self":[{"href":"https:\/\/news.canadamotorjobs.com\/fr\/wp-json\/wp\/v2\/posts\/60749"}],"collection":[{"href":"https:\/\/news.canadamotorjobs.com\/fr\/wp-json\/wp\/v2\/posts"}],"about":[{"href":"https:\/\/news.canadamotorjobs.com\/fr\/wp-json\/wp\/v2\/types\/post"}],"author":[{"embeddable":true,"href":"https:\/\/news.canadamotorjobs.com\/fr\/wp-json\/wp\/v2\/users\/8"}],"replies":[{"embeddable":true,"href":"https:\/\/news.canadamotorjobs.com\/fr\/wp-json\/wp\/v2\/comments?post=60749"}],"version-history":[{"count":0,"href":"https:\/\/news.canadamotorjobs.com\/fr\/wp-json\/wp\/v2\/posts\/60749\/revisions"}],"wp:featuredmedia":[{"embeddable":true,"href":"https:\/\/news.canadamotorjobs.com\/fr\/wp-json\/wp\/v2\/media\/60753"}],"wp:attachment":[{"href":"https:\/\/news.canadamotorjobs.com\/fr\/wp-json\/wp\/v2\/media?parent=60749"}],"wp:term":[{"taxonomy":"category","embeddable":true,"href":"https:\/\/news.canadamotorjobs.com\/fr\/wp-json\/wp\/v2\/categories?post=60749"},{"taxonomy":"post_tag","embeddable":true,"href":"https:\/\/news.canadamotorjobs.com\/fr\/wp-json\/wp\/v2\/tags?post=60749"}],"curies":[{"name":"wp","href":"https:\/\/api.w.org\/{rel}","templated":true}]}}