{"id":58112,"date":"2022-09-22T06:15:41","date_gmt":"2022-09-22T10:15:41","guid":{"rendered":"https:\/\/blog.canadamotorjobs.com\/les-etats-unis-reverront-les-normes-antipollution-pour-les-vehicules-lourds\/"},"modified":"2022-09-22T06:29:51","modified_gmt":"2022-09-22T10:29:51","slug":"les-etats-unis-reverront-les-normes-antipollution-pour-les-vehicules-lourds","status":"publish","type":"post","link":"https:\/\/news.canadamotorjobs.com\/fr\/les-etats-unis-reverront-les-normes-antipollution-pour-les-vehicules-lourds\/","title":{"rendered":"Les \u00c9tats-Unis reverront les normes antipollution pour les v\u00e9hicules lourds"},"content":{"rendered":"<\/p>\n<p>Voil\u00e0 une excellente nouvelle non seulement pour la lutte contre les gaz \u00e0 effet de serre en g\u00e9n\u00e9ral, mais aussi pour l\u2019industrie qu\u00e9b\u00e9coise du transport en particulier qui mise fort sur l\u2019\u00e9lectrification des v\u00e9hicules lourds, les camions de livraison et les autobus, pour assurer sa croissance au cours des dix prochaines ann\u00e9es.<br \/> Une initiative de L&#8217;EPA<br \/> L\u2019Agence environnementale f\u00e9d\u00e9rale am\u00e9ricaine, l\u2019EPA, veut revoir ses normes sur les \u00e9missions polluantes des v\u00e9hicules lourds pour les rendre plus s\u00e9v\u00e8res, et surtout, pour qu\u2019elles acc\u00e9l\u00e8rent la transition vers des technologies propres, comme les moteurs \u00e9lectriques en particulier. C\u2019est l\u2019adoption de la Loi sur la r\u00e9duction de l\u2019inflation du pr\u00e9sident Joe Biden ces derniers jours qui a d\u00e9clench\u00e9 au sein de l\u2019EPA le besoin de resserrer ses normes. Et \u00e7a va venir vite\u00a0: l\u2019EPA veut voir de nouveaux plafonds entrer en vigueur pour la p\u00e9riode\u00a02027 \u00e0 2029, soit dans cinq ans. Son objectif est de r\u00e9duire de 25\u00a0% d\u2019ici la fin de la d\u00e9cennie les \u00e9missions de gaz \u00e0 effet de serre produites par les v\u00e9hicules lourds, par rapport \u00e0 ce qu\u2019elles sont aujourd\u2019hui.<br \/> Un cr\u00e9dit de taxe de 40 000$<br \/> L\u2019EPA travaille de concert avec le gouvernement f\u00e9d\u00e9ral am\u00e9ricain dans ce projet. Washington a l\u2019intention de remettre un cr\u00e9dit de taxe de 40 000 $ aux acheteurs d\u2019un camion lourd \u00e0 moteur \u00e9lectrique ce qui, selon ce qu\u2019on dit l\u00e0-bas, rendrait l\u2019achat ainsi que l\u2019op\u00e9ration d\u2019un camion \u00e9lectrique plus abordable que celle d\u2019un camion \u00e0 moteur diesel. Aux \u00c9tats-Unis, comme au Qu\u00e9bec, le<\/p>\n","protected":false},"excerpt":{"rendered":"<p>Voil\u00e0 une excellente nouvelle non seulement pour la lutte contre les gaz \u00e0 effet de serre en g\u00e9n\u00e9ral, mais aussi pour l\u2019industrie qu\u00e9b\u00e9coise du transport en particulier qui mise fort sur l\u2019\u00e9lectrification des v\u00e9hicules lourds, les camions de livraison et les autobus, pour assurer sa croissance au cours des dix prochaines ann\u00e9es. Une initiative de [&hellip;]<\/p>\n","protected":false},"author":8,"featured_media":58116,"comment_status":"close","ping_status":"closed","sticky":false,"template":"","format":"standard","meta":{"_monsterinsights_skip_tracking":false,"_monsterinsights_sitenote_active":false,"_monsterinsights_sitenote_note":"","_monsterinsights_sitenote_category":0,"footnotes":""},"categories":[101],"tags":[],"yoast_head":"<!-- This site is optimized with the Yoast SEO plugin v23.2 - https:\/\/yoast.com\/wordpress\/plugins\/seo\/ -->\n<title>Les \u00c9tats-Unis reverront les normes antipollution pour les v\u00e9hicules lourds - CanadaMotorJobs.com<\/title>\n<meta name=\"description\" content=\"Les \u00c9tats-Unis reverront les normes antipollution pour les v\u00e9hicules lourds - Benoit Charette - Annuel automobile - CanadaMotorJobs.com.\" \/>\n<meta name=\"robots\" content=\"index, follow, max-snippet:-1, max-image-preview:large, max-video-preview:-1\" \/>\n<meta property=\"og:locale\" content=\"fr_CA\" \/>\n<meta property=\"og:type\" content=\"article\" \/>\n<meta property=\"og:title\" content=\"Les \u00c9tats-Unis reverront les normes antipollution pour les v\u00e9hicules lourds - CanadaMotorJobs.com\" \/>\n<meta property=\"og:description\" content=\"Les \u00c9tats-Unis reverront les normes antipollution pour les v\u00e9hicules lourds - Benoit Charette - Annuel automobile - CanadaMotorJobs.com.\" \/>\n<meta property=\"og:url\" content=\"https:\/\/news.canadamotorjobs.com\/fr\/les-etats-unis-reverront-les-normes-antipollution-pour-les-vehicules-lourds\/\" \/>\n<meta property=\"og:site_name\" content=\"CanadaMotorJobs.com\" \/>\n<meta property=\"article:publisher\" content=\"https:\/\/www.facebook.com\/canadamotorjobs\/\" \/>\n<meta property=\"article:published_time\" content=\"2022-09-22T10:15:41+00:00\" \/>\n<meta property=\"article:modified_time\" content=\"2022-09-22T10:29:51+00:00\" \/>\n<meta property=\"og:image\" content=\"https:\/\/news.canadamotorjobs.com\/wp-content\/uploads\/2022\/09\/WP-Cover-Images-5-1-1030x515.png\" \/>\n\t<meta property=\"og:image:width\" content=\"1030\" \/>\n\t<meta property=\"og:image:height\" content=\"515\" \/>\n\t<meta property=\"og:image:type\" content=\"image\/png\" \/>\n<meta name=\"author\" content=\"Benoit Charette\" \/>\n<meta name=\"twitter:card\" content=\"summary_large_image\" \/>\n<meta name=\"twitter:creator\" content=\"@canadamotorjobs\" \/>\n<meta name=\"twitter:site\" content=\"@canadamotorjobs\" \/>\n<meta name=\"twitter:label1\" content=\"\u00c9crit par\" \/>\n\t<meta name=\"twitter:data1\" content=\"Benoit Charette\" \/>\n\t<meta name=\"twitter:label2\" content=\"Estimation du temps de lecture\" \/>\n\t<meta name=\"twitter:data2\" content=\"1 minute\" \/>\n<!-- \/ Yoast SEO plugin. -->","yoast_head_json":{"title":"Les \u00c9tats-Unis reverront les normes antipollution pour les v\u00e9hicules lourds - CanadaMotorJobs.com","description":"Les \u00c9tats-Unis reverront les normes antipollution pour les v\u00e9hicules lourds - Benoit Charette - Annuel automobile - CanadaMotorJobs.com.","robots":{"index":"index","follow":"follow","max-snippet":"max-snippet:-1","max-image-preview":"max-image-preview:large","max-video-preview":"max-video-preview:-1"},"og_locale":"fr_CA","og_type":"article","og_title":"Les \u00c9tats-Unis reverront les normes antipollution pour les v\u00e9hicules lourds - CanadaMotorJobs.com","og_description":"Les \u00c9tats-Unis reverront les normes antipollution pour les v\u00e9hicules lourds - Benoit Charette - Annuel automobile - CanadaMotorJobs.com.","og_url":"https:\/\/news.canadamotorjobs.com\/fr\/les-etats-unis-reverront-les-normes-antipollution-pour-les-vehicules-lourds\/","og_site_name":"CanadaMotorJobs.com","article_publisher":"https:\/\/www.facebook.com\/canadamotorjobs\/","article_published_time":"2022-09-22T10:15:41+00:00","article_modified_time":"2022-09-22T10:29:51+00:00","og_image":[{"width":1030,"height":515,"url":"https:\/\/news.canadamotorjobs.com\/wp-content\/uploads\/2022\/09\/WP-Cover-Images-5-1-1030x515.png","type":"image\/png"}],"author":"Benoit Charette","twitter_card":"summary_large_image","twitter_creator":"@canadamotorjobs","twitter_site":"@canadamotorjobs","twitter_misc":{"\u00c9crit par":"Benoit Charette","Estimation du temps de lecture":"1 minute"},"schema":{"@context":"https:\/\/schema.org","@graph":[{"@type":"Article","@id":"https:\/\/news.canadamotorjobs.com\/fr\/les-etats-unis-reverront-les-normes-antipollution-pour-les-vehicules-lourds\/#article","isPartOf":{"@id":"https:\/\/news.canadamotorjobs.com\/fr\/les-etats-unis-reverront-les-normes-antipollution-pour-les-vehicules-lourds\/"},"author":{"name":"Benoit Charette","@id":"https:\/\/news.canadamotorjobs.com\/#\/schema\/person\/51793d1f87d44011d7bcc2ed99269a90"},"headline":"Les \u00c9tats-Unis reverront les normes antipollution pour les v\u00e9hicules lourds","datePublished":"2022-09-22T10:15:41+00:00","dateModified":"2022-09-22T10:29:51+00:00","mainEntityOfPage":{"@id":"https:\/\/news.canadamotorjobs.com\/fr\/les-etats-unis-reverront-les-normes-antipollution-pour-les-vehicules-lourds\/"},"wordCount":299,"publisher":{"@id":"https:\/\/news.canadamotorjobs.com\/#organization"},"image":{"@id":"https:\/\/news.canadamotorjobs.com\/fr\/les-etats-unis-reverront-les-normes-antipollution-pour-les-vehicules-lourds\/#primaryimage"},"thumbnailUrl":"https:\/\/news.canadamotorjobs.com\/wp-content\/uploads\/2022\/09\/WP-Cover-Images-5-1.png","articleSection":["Annuel automobile"],"inLanguage":"fr-CA"},{"@type":"WebPage","@id":"https:\/\/news.canadamotorjobs.com\/fr\/les-etats-unis-reverront-les-normes-antipollution-pour-les-vehicules-lourds\/","url":"https:\/\/news.canadamotorjobs.com\/fr\/les-etats-unis-reverront-les-normes-antipollution-pour-les-vehicules-lourds\/","name":"Les \u00c9tats-Unis reverront les normes antipollution pour les v\u00e9hicules lourds - CanadaMotorJobs.com","isPartOf":{"@id":"https:\/\/news.canadamotorjobs.com\/#website"},"primaryImageOfPage":{"@id":"https:\/\/news.canadamotorjobs.com\/fr\/les-etats-unis-reverront-les-normes-antipollution-pour-les-vehicules-lourds\/#primaryimage"},"image":{"@id":"https:\/\/news.canadamotorjobs.com\/fr\/les-etats-unis-reverront-les-normes-antipollution-pour-les-vehicules-lourds\/#primaryimage"},"thumbnailUrl":"https:\/\/news.canadamotorjobs.com\/wp-content\/uploads\/2022\/09\/WP-Cover-Images-5-1.png","datePublished":"2022-09-22T10:15:41+00:00","dateModified":"2022-09-22T10:29:51+00:00","description":"Les \u00c9tats-Unis reverront les normes antipollution pour les v\u00e9hicules lourds - Benoit Charette - Annuel automobile - CanadaMotorJobs.com.","breadcrumb":{"@id":"https:\/\/news.canadamotorjobs.com\/fr\/les-etats-unis-reverront-les-normes-antipollution-pour-les-vehicules-lourds\/#breadcrumb"},"inLanguage":"fr-CA","potentialAction":[{"@type":"ReadAction","target":["https:\/\/news.canadamotorjobs.com\/fr\/les-etats-unis-reverront-les-normes-antipollution-pour-les-vehicules-lourds\/"]}]},{"@type":"ImageObject","inLanguage":"fr-CA","@id":"https:\/\/news.canadamotorjobs.com\/fr\/les-etats-unis-reverront-les-normes-antipollution-pour-les-vehicules-lourds\/#primaryimage","url":"https:\/\/news.canadamotorjobs.com\/wp-content\/uploads\/2022\/09\/WP-Cover-Images-5-1.png","contentUrl":"https:\/\/news.canadamotorjobs.com\/wp-content\/uploads\/2022\/09\/WP-Cover-Images-5-1.png","width":1600,"height":800},{"@type":"BreadcrumbList","@id":"https:\/\/news.canadamotorjobs.com\/fr\/les-etats-unis-reverront-les-normes-antipollution-pour-les-vehicules-lourds\/#breadcrumb","itemListElement":[{"@type":"ListItem","position":1,"name":"Home","item":"https:\/\/news.canadamotorjobs.com\/fr\/blog\/"},{"@type":"ListItem","position":2,"name":"Les \u00c9tats-Unis reverront les normes antipollution pour les v\u00e9hicules lourds"}]},{"@type":"WebSite","@id":"https:\/\/news.canadamotorjobs.com\/#website","url":"https:\/\/news.canadamotorjobs.com\/","name":"CanadaMotorJobs.com","description":"Automotive Jobs","publisher":{"@id":"https:\/\/news.canadamotorjobs.com\/#organization"},"potentialAction":[{"@type":"SearchAction","target":{"@type":"EntryPoint","urlTemplate":"https:\/\/news.canadamotorjobs.com\/?s={search_term_string}"},"query-input":"required name=search_term_string"}],"inLanguage":"fr-CA"},{"@type":"Organization","@id":"https:\/\/news.canadamotorjobs.com\/#organization","name":"Canada Motor Jobs","url":"https:\/\/news.canadamotorjobs.com\/","logo":{"@type":"ImageObject","inLanguage":"fr-CA","@id":"https:\/\/news.canadamotorjobs.com\/#\/schema\/logo\/image\/","url":"https:\/\/news.canadamotorjobs.com\/wp-content\/uploads\/2022\/10\/logo-canada-motor-jobs-1.png","contentUrl":"https:\/\/news.canadamotorjobs.com\/wp-content\/uploads\/2022\/10\/logo-canada-motor-jobs-1.png","width":800,"height":400,"caption":"Canada Motor Jobs"},"image":{"@id":"https:\/\/news.canadamotorjobs.com\/#\/schema\/logo\/image\/"},"sameAs":["https:\/\/www.facebook.com\/canadamotorjobs\/","https:\/\/x.com\/canadamotorjobs","https:\/\/www.instagram.com\/canadamotorjobs\/","https:\/\/www.linkedin.com\/company\/canadamotorjobs"]},{"@type":"Person","@id":"https:\/\/news.canadamotorjobs.com\/#\/schema\/person\/51793d1f87d44011d7bcc2ed99269a90","name":"Benoit Charette","image":{"@type":"ImageObject","inLanguage":"fr-CA","@id":"https:\/\/news.canadamotorjobs.com\/#\/schema\/person\/image\/","url":"https:\/\/secure.gravatar.com\/avatar\/45f3d2eebcccd909668d7ce7ea7267b6?s=96&d=mm&r=g","contentUrl":"https:\/\/secure.gravatar.com\/avatar\/45f3d2eebcccd909668d7ce7ea7267b6?s=96&d=mm&r=g","caption":"Benoit Charette"},"description":"Benoit Charette \/ Propri\u00e9taire et r\u00e9dacteur en chef Benoit Charette pratique le journalisme automobile depuis bient\u00f4t 30 ans. Il a fait ses classes au c\u00f4t\u00e9 de Daniel H\u00e9raud et au Carnet de route de 1992 \u00e0 2001. Il est fondateur, copropri\u00e9taire et r\u00e9dacteur en chef de L\u2019Annuel de l\u2019automobile, qu\u2019il publie depuis 2001. Il a anim\u00e9 les \u00e9missions RPM et RPM+ sur V et les L\u00e9gendes de la route sur Historia. \u00c0 la radio depuis 1986, il reprend l\u2019antenne cette ann\u00e9e sur les ondes de Cogeco et participe pour la deuxi\u00e8me ann\u00e9e \u00e0 l\u2019\u00e9mission Passion Auto sur RDS en plus de mettre en ligne le site Web officiel de L\u2019Annuel de l\u2019automobile sur annuelauto.ca.","sameAs":["https:\/\/annuelauto.ca\/"],"url":"https:\/\/news.canadamotorjobs.com\/fr\/author\/benoit-charette\/"}]}},"_links":{"self":[{"href":"https:\/\/news.canadamotorjobs.com\/fr\/wp-json\/wp\/v2\/posts\/58112"}],"collection":[{"href":"https:\/\/news.canadamotorjobs.com\/fr\/wp-json\/wp\/v2\/posts"}],"about":[{"href":"https:\/\/news.canadamotorjobs.com\/fr\/wp-json\/wp\/v2\/types\/post"}],"author":[{"embeddable":true,"href":"https:\/\/news.canadamotorjobs.com\/fr\/wp-json\/wp\/v2\/users\/8"}],"replies":[{"embeddable":true,"href":"https:\/\/news.canadamotorjobs.com\/fr\/wp-json\/wp\/v2\/comments?post=58112"}],"version-history":[{"count":0,"href":"https:\/\/news.canadamotorjobs.com\/fr\/wp-json\/wp\/v2\/posts\/58112\/revisions"}],"wp:featuredmedia":[{"embeddable":true,"href":"https:\/\/news.canadamotorjobs.com\/fr\/wp-json\/wp\/v2\/media\/58116"}],"wp:attachment":[{"href":"https:\/\/news.canadamotorjobs.com\/fr\/wp-json\/wp\/v2\/media?parent=58112"}],"wp:term":[{"taxonomy":"category","embeddable":true,"href":"https:\/\/news.canadamotorjobs.com\/fr\/wp-json\/wp\/v2\/categories?post=58112"},{"taxonomy":"post_tag","embeddable":true,"href":"https:\/\/news.canadamotorjobs.com\/fr\/wp-json\/wp\/v2\/tags?post=58112"}],"curies":[{"name":"wp","href":"https:\/\/api.w.org\/{rel}","templated":true}]}}