{"id":58104,"date":"2022-09-22T06:27:55","date_gmt":"2022-09-22T10:27:55","guid":{"rendered":"https:\/\/blog.canadamotorjobs.com\/plus-de-la-moitie-des-vehicules-neufs-vendus-aux-etats-unis-en-2030-seront-electriques\/"},"modified":"2022-09-22T11:36:31","modified_gmt":"2022-09-22T15:36:31","slug":"plus-de-la-moitie-des-vehicules-neufs-vendus-aux-etats-unis-en-2030-seront-electriques","status":"publish","type":"post","link":"https:\/\/news.canadamotorjobs.com\/fr\/plus-de-la-moitie-des-vehicules-neufs-vendus-aux-etats-unis-en-2030-seront-electriques\/","title":{"rendered":"Plus de la moiti\u00e9 des v\u00e9hicules neufs vendus aux \u00c9tats-Unis en 2030 seront \u00e9lectriques"},"content":{"rendered":"<p>C\u2019est le genre de statistique qui devrait faire r\u00e9agir les gouvernements du Qu\u00e9bec et du Canada, \u00e9tant donn\u00e9 qu\u2019avec une demande plus forte et un march\u00e9 plus important, les \u00c9tats-Unis risquent de s\u2019accaparer la part du lion des nouveaux v\u00e9hicules \u00e9lectriques. Nous pourrions nous retrouver chez nous avec une moins grande disponibilit\u00e9 de ces v\u00e9hicules-l\u00e0 et donc, plus d\u2019attente, et des prix plus \u00e9lev\u00e9s.<\/p>\n<h3>Une nouvelle loi<\/h3>\n<p>L&#8217;adoption toute r\u00e9cente d\u2019une loi f\u00e9d\u00e9rale aux \u00c9tats-Unis va permettre aux acheteurs d\u2019un v\u00e9hicule \u00e9lectrique de recevoir une aide \u00e0 l\u2019achat de 7500 $. \u00c9videmment, \u00e7a va acc\u00e9l\u00e9rer la transition \u00e9lectrique chez nos voisins du sud. Selon la firme Bloomberg, gr\u00e2ce \u00e0 cette aide, la part des automobilistes qui ach\u00e8teront un v\u00e9hicule \u00e9lectrique va \u00eatre plus importante qu\u2019on le calculait jusqu\u2019ici. \u00c9videmment, le changement va se faire sentir d\u00e8s cette ann\u00e9e, \u00e9tant donn\u00e9 que l\u2019aide en question entre en vigueur d\u00e8s maintenant.<\/p>\n<h3>Plus de 50 % en 2030<\/h3>\n<p>Mais du c\u00f4t\u00e9 de Bloomberg, qui regarde un peu plus loin dans le temps, on calcule qu\u2019en 2030, la part des ventes de v\u00e9hicules \u00e9lectriques sera de 52 % du march\u00e9 des v\u00e9hicules neufs l\u00e9gers. Sans l\u2019aide \u00e0 l\u2019achat, elle aurait \u00e9t\u00e9 de 43 %. Aux \u00c9tats-Unis, comme au Canada d\u2019ailleurs, l\u2019objectif ultime est que 100\u00a0% des v\u00e9hicules l\u00e9gers neufs vendus en 2035 soient \u00e9lectriques, ou en tout cas, \u00e0 z\u00e9ro \u00e9mission.<\/p>\n<h3>Doit-on r\u00e9agir chez-nous ?<\/h3>\n<p>Il y a l\u00e0 une le\u00e7on int\u00e9ressante \u00e0 retenir pour les gouvernements du Qu\u00e9bec et du Canada. \u00c0 Ottawa&#8230;<\/p>\n","protected":false},"excerpt":{"rendered":"<p>C\u2019est le genre de statistique qui devrait faire r\u00e9agir les gouvernements du Qu\u00e9bec et du Canada, \u00e9tant donn\u00e9 qu\u2019avec une demande plus forte et un march\u00e9 plus important, les \u00c9tats-Unis risquent de s\u2019accaparer la part du lion des nouveaux v\u00e9hicules \u00e9lectriques. Nous pourrions nous retrouver chez nous avec une moins grande disponibilit\u00e9 de ces v\u00e9hicules-l\u00e0 [&hellip;]<\/p>\n","protected":false},"author":8,"featured_media":58108,"comment_status":"close","ping_status":"closed","sticky":false,"template":"","format":"standard","meta":{"_monsterinsights_skip_tracking":false,"_monsterinsights_sitenote_active":false,"_monsterinsights_sitenote_note":"","_monsterinsights_sitenote_category":0,"footnotes":""},"categories":[101],"tags":[131],"yoast_head":"<!-- This site is optimized with the Yoast SEO plugin v23.2 - https:\/\/yoast.com\/wordpress\/plugins\/seo\/ -->\n<title>Plus de la moiti\u00e9 des v\u00e9hicules neufs vendus aux \u00c9tats-Unis en 2030 seront \u00e9lectriques - CanadaMotorJobs.com<\/title>\n<meta name=\"description\" content=\"Plus de la moiti\u00e9 des v\u00e9hicules neufs vendus aux \u00c9tats-Unis en 2030 seront \u00e9lectriques - Benoit Charette - Annuel automobile - CanadaMotorJobs.com.\" \/>\n<meta name=\"robots\" content=\"index, follow, max-snippet:-1, max-image-preview:large, max-video-preview:-1\" \/>\n<meta property=\"og:locale\" content=\"fr_CA\" \/>\n<meta property=\"og:type\" content=\"article\" \/>\n<meta property=\"og:title\" content=\"Plus de la moiti\u00e9 des v\u00e9hicules neufs vendus aux \u00c9tats-Unis en 2030 seront \u00e9lectriques - CanadaMotorJobs.com\" \/>\n<meta property=\"og:description\" content=\"Plus de la moiti\u00e9 des v\u00e9hicules neufs vendus aux \u00c9tats-Unis en 2030 seront \u00e9lectriques - Benoit Charette - Annuel automobile - CanadaMotorJobs.com.\" \/>\n<meta property=\"og:url\" content=\"https:\/\/news.canadamotorjobs.com\/fr\/plus-de-la-moitie-des-vehicules-neufs-vendus-aux-etats-unis-en-2030-seront-electriques\/\" \/>\n<meta property=\"og:site_name\" content=\"CanadaMotorJobs.com\" \/>\n<meta property=\"article:publisher\" content=\"https:\/\/www.facebook.com\/canadamotorjobs\/\" \/>\n<meta property=\"article:published_time\" content=\"2022-09-22T10:27:55+00:00\" \/>\n<meta property=\"article:modified_time\" content=\"2022-09-22T15:36:31+00:00\" \/>\n<meta property=\"og:image\" content=\"https:\/\/news.canadamotorjobs.com\/wp-content\/uploads\/2022\/09\/540580-chevrolet-equinox-ev-2024-1.jpg\" \/>\n\t<meta property=\"og:image:width\" content=\"1024\" \/>\n\t<meta property=\"og:image:height\" content=\"640\" \/>\n\t<meta property=\"og:image:type\" content=\"image\/jpeg\" \/>\n<meta name=\"author\" content=\"Benoit Charette\" \/>\n<meta name=\"twitter:card\" content=\"summary_large_image\" \/>\n<meta name=\"twitter:creator\" content=\"@canadamotorjobs\" \/>\n<meta name=\"twitter:site\" content=\"@canadamotorjobs\" \/>\n<meta name=\"twitter:label1\" content=\"\u00c9crit par\" \/>\n\t<meta name=\"twitter:data1\" content=\"Benoit Charette\" \/>\n\t<meta name=\"twitter:label2\" content=\"Estimation du temps de lecture\" \/>\n\t<meta name=\"twitter:data2\" content=\"2 minutes\" \/>\n<!-- \/ Yoast SEO plugin. -->","yoast_head_json":{"title":"Plus de la moiti\u00e9 des v\u00e9hicules neufs vendus aux \u00c9tats-Unis en 2030 seront \u00e9lectriques - CanadaMotorJobs.com","description":"Plus de la moiti\u00e9 des v\u00e9hicules neufs vendus aux \u00c9tats-Unis en 2030 seront \u00e9lectriques - Benoit Charette - Annuel automobile - CanadaMotorJobs.com.","robots":{"index":"index","follow":"follow","max-snippet":"max-snippet:-1","max-image-preview":"max-image-preview:large","max-video-preview":"max-video-preview:-1"},"og_locale":"fr_CA","og_type":"article","og_title":"Plus de la moiti\u00e9 des v\u00e9hicules neufs vendus aux \u00c9tats-Unis en 2030 seront \u00e9lectriques - CanadaMotorJobs.com","og_description":"Plus de la moiti\u00e9 des v\u00e9hicules neufs vendus aux \u00c9tats-Unis en 2030 seront \u00e9lectriques - Benoit Charette - Annuel automobile - CanadaMotorJobs.com.","og_url":"https:\/\/news.canadamotorjobs.com\/fr\/plus-de-la-moitie-des-vehicules-neufs-vendus-aux-etats-unis-en-2030-seront-electriques\/","og_site_name":"CanadaMotorJobs.com","article_publisher":"https:\/\/www.facebook.com\/canadamotorjobs\/","article_published_time":"2022-09-22T10:27:55+00:00","article_modified_time":"2022-09-22T15:36:31+00:00","og_image":[{"width":1024,"height":640,"url":"https:\/\/news.canadamotorjobs.com\/wp-content\/uploads\/2022\/09\/540580-chevrolet-equinox-ev-2024-1.jpg","type":"image\/jpeg"}],"author":"Benoit Charette","twitter_card":"summary_large_image","twitter_creator":"@canadamotorjobs","twitter_site":"@canadamotorjobs","twitter_misc":{"\u00c9crit par":"Benoit Charette","Estimation du temps de lecture":"2 minutes"},"schema":{"@context":"https:\/\/schema.org","@graph":[{"@type":"Article","@id":"https:\/\/news.canadamotorjobs.com\/fr\/plus-de-la-moitie-des-vehicules-neufs-vendus-aux-etats-unis-en-2030-seront-electriques\/#article","isPartOf":{"@id":"https:\/\/news.canadamotorjobs.com\/fr\/plus-de-la-moitie-des-vehicules-neufs-vendus-aux-etats-unis-en-2030-seront-electriques\/"},"author":{"name":"Benoit Charette","@id":"https:\/\/news.canadamotorjobs.com\/#\/schema\/person\/51793d1f87d44011d7bcc2ed99269a90"},"headline":"Plus de la moiti\u00e9 des v\u00e9hicules neufs vendus aux \u00c9tats-Unis en 2030 seront \u00e9lectriques","datePublished":"2022-09-22T10:27:55+00:00","dateModified":"2022-09-22T15:36:31+00:00","mainEntityOfPage":{"@id":"https:\/\/news.canadamotorjobs.com\/fr\/plus-de-la-moitie-des-vehicules-neufs-vendus-aux-etats-unis-en-2030-seront-electriques\/"},"wordCount":289,"publisher":{"@id":"https:\/\/news.canadamotorjobs.com\/#organization"},"image":{"@id":"https:\/\/news.canadamotorjobs.com\/fr\/plus-de-la-moitie-des-vehicules-neufs-vendus-aux-etats-unis-en-2030-seront-electriques\/#primaryimage"},"thumbnailUrl":"https:\/\/news.canadamotorjobs.com\/wp-content\/uploads\/2022\/09\/540580-chevrolet-equinox-ev-2024-1.jpg","keywords":["Newsletter"],"articleSection":["Annuel automobile"],"inLanguage":"fr-CA"},{"@type":"WebPage","@id":"https:\/\/news.canadamotorjobs.com\/fr\/plus-de-la-moitie-des-vehicules-neufs-vendus-aux-etats-unis-en-2030-seront-electriques\/","url":"https:\/\/news.canadamotorjobs.com\/fr\/plus-de-la-moitie-des-vehicules-neufs-vendus-aux-etats-unis-en-2030-seront-electriques\/","name":"Plus de la moiti\u00e9 des v\u00e9hicules neufs vendus aux \u00c9tats-Unis en 2030 seront \u00e9lectriques - CanadaMotorJobs.com","isPartOf":{"@id":"https:\/\/news.canadamotorjobs.com\/#website"},"primaryImageOfPage":{"@id":"https:\/\/news.canadamotorjobs.com\/fr\/plus-de-la-moitie-des-vehicules-neufs-vendus-aux-etats-unis-en-2030-seront-electriques\/#primaryimage"},"image":{"@id":"https:\/\/news.canadamotorjobs.com\/fr\/plus-de-la-moitie-des-vehicules-neufs-vendus-aux-etats-unis-en-2030-seront-electriques\/#primaryimage"},"thumbnailUrl":"https:\/\/news.canadamotorjobs.com\/wp-content\/uploads\/2022\/09\/540580-chevrolet-equinox-ev-2024-1.jpg","datePublished":"2022-09-22T10:27:55+00:00","dateModified":"2022-09-22T15:36:31+00:00","description":"Plus de la moiti\u00e9 des v\u00e9hicules neufs vendus aux \u00c9tats-Unis en 2030 seront \u00e9lectriques - Benoit Charette - Annuel automobile - CanadaMotorJobs.com.","breadcrumb":{"@id":"https:\/\/news.canadamotorjobs.com\/fr\/plus-de-la-moitie-des-vehicules-neufs-vendus-aux-etats-unis-en-2030-seront-electriques\/#breadcrumb"},"inLanguage":"fr-CA","potentialAction":[{"@type":"ReadAction","target":["https:\/\/news.canadamotorjobs.com\/fr\/plus-de-la-moitie-des-vehicules-neufs-vendus-aux-etats-unis-en-2030-seront-electriques\/"]}]},{"@type":"ImageObject","inLanguage":"fr-CA","@id":"https:\/\/news.canadamotorjobs.com\/fr\/plus-de-la-moitie-des-vehicules-neufs-vendus-aux-etats-unis-en-2030-seront-electriques\/#primaryimage","url":"https:\/\/news.canadamotorjobs.com\/wp-content\/uploads\/2022\/09\/540580-chevrolet-equinox-ev-2024-1.jpg","contentUrl":"https:\/\/news.canadamotorjobs.com\/wp-content\/uploads\/2022\/09\/540580-chevrolet-equinox-ev-2024-1.jpg","width":1024,"height":640},{"@type":"BreadcrumbList","@id":"https:\/\/news.canadamotorjobs.com\/fr\/plus-de-la-moitie-des-vehicules-neufs-vendus-aux-etats-unis-en-2030-seront-electriques\/#breadcrumb","itemListElement":[{"@type":"ListItem","position":1,"name":"Home","item":"https:\/\/news.canadamotorjobs.com\/fr\/blog\/"},{"@type":"ListItem","position":2,"name":"Plus de la moiti\u00e9 des v\u00e9hicules neufs vendus aux \u00c9tats-Unis en 2030 seront \u00e9lectriques"}]},{"@type":"WebSite","@id":"https:\/\/news.canadamotorjobs.com\/#website","url":"https:\/\/news.canadamotorjobs.com\/","name":"CanadaMotorJobs.com","description":"Automotive Jobs","publisher":{"@id":"https:\/\/news.canadamotorjobs.com\/#organization"},"potentialAction":[{"@type":"SearchAction","target":{"@type":"EntryPoint","urlTemplate":"https:\/\/news.canadamotorjobs.com\/?s={search_term_string}"},"query-input":"required name=search_term_string"}],"inLanguage":"fr-CA"},{"@type":"Organization","@id":"https:\/\/news.canadamotorjobs.com\/#organization","name":"Canada Motor Jobs","url":"https:\/\/news.canadamotorjobs.com\/","logo":{"@type":"ImageObject","inLanguage":"fr-CA","@id":"https:\/\/news.canadamotorjobs.com\/#\/schema\/logo\/image\/","url":"https:\/\/news.canadamotorjobs.com\/wp-content\/uploads\/2022\/10\/logo-canada-motor-jobs-1.png","contentUrl":"https:\/\/news.canadamotorjobs.com\/wp-content\/uploads\/2022\/10\/logo-canada-motor-jobs-1.png","width":800,"height":400,"caption":"Canada Motor Jobs"},"image":{"@id":"https:\/\/news.canadamotorjobs.com\/#\/schema\/logo\/image\/"},"sameAs":["https:\/\/www.facebook.com\/canadamotorjobs\/","https:\/\/x.com\/canadamotorjobs","https:\/\/www.instagram.com\/canadamotorjobs\/","https:\/\/www.linkedin.com\/company\/canadamotorjobs"]},{"@type":"Person","@id":"https:\/\/news.canadamotorjobs.com\/#\/schema\/person\/51793d1f87d44011d7bcc2ed99269a90","name":"Benoit Charette","image":{"@type":"ImageObject","inLanguage":"fr-CA","@id":"https:\/\/news.canadamotorjobs.com\/#\/schema\/person\/image\/","url":"https:\/\/secure.gravatar.com\/avatar\/45f3d2eebcccd909668d7ce7ea7267b6?s=96&d=mm&r=g","contentUrl":"https:\/\/secure.gravatar.com\/avatar\/45f3d2eebcccd909668d7ce7ea7267b6?s=96&d=mm&r=g","caption":"Benoit Charette"},"description":"Benoit Charette \/ Propri\u00e9taire et r\u00e9dacteur en chef Benoit Charette pratique le journalisme automobile depuis bient\u00f4t 30 ans. Il a fait ses classes au c\u00f4t\u00e9 de Daniel H\u00e9raud et au Carnet de route de 1992 \u00e0 2001. Il est fondateur, copropri\u00e9taire et r\u00e9dacteur en chef de L\u2019Annuel de l\u2019automobile, qu\u2019il publie depuis 2001. Il a anim\u00e9 les \u00e9missions RPM et RPM+ sur V et les L\u00e9gendes de la route sur Historia. \u00c0 la radio depuis 1986, il reprend l\u2019antenne cette ann\u00e9e sur les ondes de Cogeco et participe pour la deuxi\u00e8me ann\u00e9e \u00e0 l\u2019\u00e9mission Passion Auto sur RDS en plus de mettre en ligne le site Web officiel de L\u2019Annuel de l\u2019automobile sur annuelauto.ca.","sameAs":["https:\/\/annuelauto.ca\/"],"url":"https:\/\/news.canadamotorjobs.com\/fr\/author\/benoit-charette\/"}]}},"_links":{"self":[{"href":"https:\/\/news.canadamotorjobs.com\/fr\/wp-json\/wp\/v2\/posts\/58104"}],"collection":[{"href":"https:\/\/news.canadamotorjobs.com\/fr\/wp-json\/wp\/v2\/posts"}],"about":[{"href":"https:\/\/news.canadamotorjobs.com\/fr\/wp-json\/wp\/v2\/types\/post"}],"author":[{"embeddable":true,"href":"https:\/\/news.canadamotorjobs.com\/fr\/wp-json\/wp\/v2\/users\/8"}],"replies":[{"embeddable":true,"href":"https:\/\/news.canadamotorjobs.com\/fr\/wp-json\/wp\/v2\/comments?post=58104"}],"version-history":[{"count":0,"href":"https:\/\/news.canadamotorjobs.com\/fr\/wp-json\/wp\/v2\/posts\/58104\/revisions"}],"wp:featuredmedia":[{"embeddable":true,"href":"https:\/\/news.canadamotorjobs.com\/fr\/wp-json\/wp\/v2\/media\/58108"}],"wp:attachment":[{"href":"https:\/\/news.canadamotorjobs.com\/fr\/wp-json\/wp\/v2\/media?parent=58104"}],"wp:term":[{"taxonomy":"category","embeddable":true,"href":"https:\/\/news.canadamotorjobs.com\/fr\/wp-json\/wp\/v2\/categories?post=58104"},{"taxonomy":"post_tag","embeddable":true,"href":"https:\/\/news.canadamotorjobs.com\/fr\/wp-json\/wp\/v2\/tags?post=58104"}],"curies":[{"name":"wp","href":"https:\/\/api.w.org\/{rel}","templated":true}]}}