{"id":53313,"date":"2022-09-21T06:03:16","date_gmt":"2022-09-21T10:03:16","guid":{"rendered":"https:\/\/blog.canadamotorjobs.com\/la-production-des-dodge-charger-et-challenger-pourrait-etre-transferee-a-windsor\/"},"modified":"2022-09-21T15:52:51","modified_gmt":"2022-09-21T19:52:51","slug":"la-production-des-dodge-charger-et-challenger-pourrait-etre-transferee-a-windsor","status":"publish","type":"post","link":"https:\/\/news.canadamotorjobs.com\/fr\/la-production-des-dodge-charger-et-challenger-pourrait-etre-transferee-a-windsor\/","title":{"rendered":"La production des Dodge Charger et Challenger pourrait \u00eatre transf\u00e9r\u00e9e \u00e0 Windsor"},"content":{"rendered":"<p>Alors que l\u2019usine de Brampton va cesser sa production actuelle pour accueillir la construction de produit Jeep \u00e9lectrique, la production des Dodge Charger et Challenger pourrait d\u00e9m\u00e9nager \u00e0 l\u2019usine de Windsor selon la soci\u00e9t\u00e9 AutoForecast.<\/p>\n<h3>Une bonne nouvelle pour l\u2019Ontario<\/h3>\n<p>Stellantis avait d\u00e9j\u00e0 confirm\u00e9 que l\u2019usine de Windsor accueillerait la nouvelle plateforme STLA Large, destin\u00e9e principalement aux v\u00e9hicules \u00e9lectriques \u00e0 batterie. Autoforecast Solutions avait initialement pr\u00e9vu que la Charger et la Challenger seraient construites \u00e0 l&#8217;usine d&#8217;assemblage de Belvidere, en Illinois, apr\u00e8s 2024, mais des d\u00e9veloppements r\u00e9cents ont redirig\u00e9 les deux programmes vers Windsor. Dans le m\u00eame souffle, AFS ajoute que l\u2019Usine de Brampton va accueillir la production d\u2019un nouveau Jeep \u00e9lectrifi\u00e9 sans pr\u00e9ciser le mod\u00e8le.<\/p>\n<h3>Quelques choix chez Jeep<\/h3>\n<p>Jeep a offert un premier coup d\u2019\u0153il sur deux produits enti\u00e8rement \u00e9lectriques de la marque plus t\u00f4t ce mois-ci. La Recon inspir\u00e9e du Wrangler, ainsi qu&#8217;un multisegment interm\u00e9diaire appel\u00e9 Wagoneer S, marque le d\u00e9but de l&#8217;\u00e8re des v\u00e9hicules \u00e9lectriques pour Jeep en Am\u00e9rique du Nord. Deux autres mod\u00e8les suivront d&#8217;ici 2024. Jim Morrison, chef de la marque Jeep en Am\u00e9rique du Nord, a d\u00e9clar\u00e9 lors d&#8217;une conf\u00e9rence de presse le 7 septembre que les deux nouveaux mod\u00e8les seront construits en Am\u00e9rique du Nord, mais n&#8217;a pas voulu \u00eatre plus pr\u00e9cis.<\/p>\n<h3>Usine de batteries en Ontario<\/h3>\n<p>En mars, Stellantis et LG Energy Solution ont annonc\u00e9 leur intention de construire une usine de cellules de batterie de 5 milliards de dollars \u00e0 Windsor. Et en mai, le constructeur automobile a d\u00e9clar\u00e9 qu&#8217;il<\/p>\n","protected":false},"excerpt":{"rendered":"<p>Alors que l\u2019usine de Brampton va cesser sa production actuelle pour accueillir la construction de produit Jeep \u00e9lectrique, la production des Dodge Charger et Challenger pourrait d\u00e9m\u00e9nager \u00e0 l\u2019usine de Windsor selon la soci\u00e9t\u00e9 AutoForecast. Une bonne nouvelle pour l\u2019Ontario Stellantis avait d\u00e9j\u00e0 confirm\u00e9 que l\u2019usine de Windsor accueillerait la nouvelle plateforme STLA Large, destin\u00e9e [&hellip;]<\/p>\n","protected":false},"author":8,"featured_media":53317,"comment_status":"close","ping_status":"closed","sticky":false,"template":"","format":"standard","meta":{"_monsterinsights_skip_tracking":false,"_monsterinsights_sitenote_active":false,"_monsterinsights_sitenote_note":"","_monsterinsights_sitenote_category":0,"footnotes":""},"categories":[101],"tags":[131],"yoast_head":"<!-- This site is optimized with the Yoast SEO plugin v23.2 - https:\/\/yoast.com\/wordpress\/plugins\/seo\/ -->\n<title>La production des Dodge Charger et Challenger pourrait \u00eatre transf\u00e9r\u00e9e \u00e0 Windsor - CanadaMotorJobs.com<\/title>\n<meta name=\"description\" content=\"La production des Dodge Charger et Challenger pourrait \u00eatre transf\u00e9r\u00e9e \u00e0 Windsor - Benoit Charette - Annuel automobile - CanadaMotorJobs.com.\" \/>\n<meta name=\"robots\" content=\"index, follow, max-snippet:-1, max-image-preview:large, max-video-preview:-1\" \/>\n<meta property=\"og:locale\" content=\"fr_CA\" \/>\n<meta property=\"og:type\" content=\"article\" \/>\n<meta property=\"og:title\" content=\"La production des Dodge Charger et Challenger pourrait \u00eatre transf\u00e9r\u00e9e \u00e0 Windsor - CanadaMotorJobs.com\" \/>\n<meta property=\"og:description\" content=\"La production des Dodge Charger et Challenger pourrait \u00eatre transf\u00e9r\u00e9e \u00e0 Windsor - Benoit Charette - Annuel automobile - CanadaMotorJobs.com.\" \/>\n<meta property=\"og:url\" content=\"https:\/\/news.canadamotorjobs.com\/fr\/la-production-des-dodge-charger-et-challenger-pourrait-etre-transferee-a-windsor\/\" \/>\n<meta property=\"og:site_name\" content=\"CanadaMotorJobs.com\" \/>\n<meta property=\"article:publisher\" content=\"https:\/\/www.facebook.com\/canadamotorjobs\/\" \/>\n<meta property=\"article:published_time\" content=\"2022-09-21T10:03:16+00:00\" \/>\n<meta property=\"article:modified_time\" content=\"2022-09-21T19:52:51+00:00\" \/>\n<meta property=\"og:image\" content=\"https:\/\/news.canadamotorjobs.com\/wp-content\/uploads\/2022\/09\/dodge_100851847_h-1.jpg\" \/>\n\t<meta property=\"og:image:width\" content=\"1980\" \/>\n\t<meta property=\"og:image:height\" content=\"1337\" \/>\n\t<meta property=\"og:image:type\" content=\"image\/jpeg\" \/>\n<meta name=\"author\" content=\"Benoit Charette\" \/>\n<meta name=\"twitter:card\" content=\"summary_large_image\" \/>\n<meta name=\"twitter:creator\" content=\"@canadamotorjobs\" \/>\n<meta name=\"twitter:site\" content=\"@canadamotorjobs\" \/>\n<meta name=\"twitter:label1\" content=\"\u00c9crit par\" \/>\n\t<meta name=\"twitter:data1\" content=\"Benoit Charette\" \/>\n\t<meta name=\"twitter:label2\" content=\"Estimation du temps de lecture\" \/>\n\t<meta name=\"twitter:data2\" content=\"2 minutes\" \/>\n<!-- \/ Yoast SEO plugin. -->","yoast_head_json":{"title":"La production des Dodge Charger et Challenger pourrait \u00eatre transf\u00e9r\u00e9e \u00e0 Windsor - CanadaMotorJobs.com","description":"La production des Dodge Charger et Challenger pourrait \u00eatre transf\u00e9r\u00e9e \u00e0 Windsor - Benoit Charette - Annuel automobile - CanadaMotorJobs.com.","robots":{"index":"index","follow":"follow","max-snippet":"max-snippet:-1","max-image-preview":"max-image-preview:large","max-video-preview":"max-video-preview:-1"},"og_locale":"fr_CA","og_type":"article","og_title":"La production des Dodge Charger et Challenger pourrait \u00eatre transf\u00e9r\u00e9e \u00e0 Windsor - CanadaMotorJobs.com","og_description":"La production des Dodge Charger et Challenger pourrait \u00eatre transf\u00e9r\u00e9e \u00e0 Windsor - Benoit Charette - Annuel automobile - CanadaMotorJobs.com.","og_url":"https:\/\/news.canadamotorjobs.com\/fr\/la-production-des-dodge-charger-et-challenger-pourrait-etre-transferee-a-windsor\/","og_site_name":"CanadaMotorJobs.com","article_publisher":"https:\/\/www.facebook.com\/canadamotorjobs\/","article_published_time":"2022-09-21T10:03:16+00:00","article_modified_time":"2022-09-21T19:52:51+00:00","og_image":[{"width":1980,"height":1337,"url":"https:\/\/news.canadamotorjobs.com\/wp-content\/uploads\/2022\/09\/dodge_100851847_h-1.jpg","type":"image\/jpeg"}],"author":"Benoit Charette","twitter_card":"summary_large_image","twitter_creator":"@canadamotorjobs","twitter_site":"@canadamotorjobs","twitter_misc":{"\u00c9crit par":"Benoit Charette","Estimation du temps de lecture":"2 minutes"},"schema":{"@context":"https:\/\/schema.org","@graph":[{"@type":"Article","@id":"https:\/\/news.canadamotorjobs.com\/fr\/la-production-des-dodge-charger-et-challenger-pourrait-etre-transferee-a-windsor\/#article","isPartOf":{"@id":"https:\/\/news.canadamotorjobs.com\/fr\/la-production-des-dodge-charger-et-challenger-pourrait-etre-transferee-a-windsor\/"},"author":{"name":"Benoit Charette","@id":"https:\/\/news.canadamotorjobs.com\/#\/schema\/person\/51793d1f87d44011d7bcc2ed99269a90"},"headline":"La production des Dodge Charger et Challenger pourrait \u00eatre transf\u00e9r\u00e9e \u00e0 Windsor","datePublished":"2022-09-21T10:03:16+00:00","dateModified":"2022-09-21T19:52:51+00:00","mainEntityOfPage":{"@id":"https:\/\/news.canadamotorjobs.com\/fr\/la-production-des-dodge-charger-et-challenger-pourrait-etre-transferee-a-windsor\/"},"wordCount":298,"publisher":{"@id":"https:\/\/news.canadamotorjobs.com\/#organization"},"image":{"@id":"https:\/\/news.canadamotorjobs.com\/fr\/la-production-des-dodge-charger-et-challenger-pourrait-etre-transferee-a-windsor\/#primaryimage"},"thumbnailUrl":"https:\/\/news.canadamotorjobs.com\/wp-content\/uploads\/2022\/09\/dodge_100851847_h-1.jpg","keywords":["Newsletter"],"articleSection":["Annuel automobile"],"inLanguage":"fr-CA"},{"@type":"WebPage","@id":"https:\/\/news.canadamotorjobs.com\/fr\/la-production-des-dodge-charger-et-challenger-pourrait-etre-transferee-a-windsor\/","url":"https:\/\/news.canadamotorjobs.com\/fr\/la-production-des-dodge-charger-et-challenger-pourrait-etre-transferee-a-windsor\/","name":"La production des Dodge Charger et Challenger pourrait \u00eatre transf\u00e9r\u00e9e \u00e0 Windsor - CanadaMotorJobs.com","isPartOf":{"@id":"https:\/\/news.canadamotorjobs.com\/#website"},"primaryImageOfPage":{"@id":"https:\/\/news.canadamotorjobs.com\/fr\/la-production-des-dodge-charger-et-challenger-pourrait-etre-transferee-a-windsor\/#primaryimage"},"image":{"@id":"https:\/\/news.canadamotorjobs.com\/fr\/la-production-des-dodge-charger-et-challenger-pourrait-etre-transferee-a-windsor\/#primaryimage"},"thumbnailUrl":"https:\/\/news.canadamotorjobs.com\/wp-content\/uploads\/2022\/09\/dodge_100851847_h-1.jpg","datePublished":"2022-09-21T10:03:16+00:00","dateModified":"2022-09-21T19:52:51+00:00","description":"La production des Dodge Charger et Challenger pourrait \u00eatre transf\u00e9r\u00e9e \u00e0 Windsor - Benoit Charette - Annuel automobile - CanadaMotorJobs.com.","breadcrumb":{"@id":"https:\/\/news.canadamotorjobs.com\/fr\/la-production-des-dodge-charger-et-challenger-pourrait-etre-transferee-a-windsor\/#breadcrumb"},"inLanguage":"fr-CA","potentialAction":[{"@type":"ReadAction","target":["https:\/\/news.canadamotorjobs.com\/fr\/la-production-des-dodge-charger-et-challenger-pourrait-etre-transferee-a-windsor\/"]}]},{"@type":"ImageObject","inLanguage":"fr-CA","@id":"https:\/\/news.canadamotorjobs.com\/fr\/la-production-des-dodge-charger-et-challenger-pourrait-etre-transferee-a-windsor\/#primaryimage","url":"https:\/\/news.canadamotorjobs.com\/wp-content\/uploads\/2022\/09\/dodge_100851847_h-1.jpg","contentUrl":"https:\/\/news.canadamotorjobs.com\/wp-content\/uploads\/2022\/09\/dodge_100851847_h-1.jpg","width":1980,"height":1337},{"@type":"BreadcrumbList","@id":"https:\/\/news.canadamotorjobs.com\/fr\/la-production-des-dodge-charger-et-challenger-pourrait-etre-transferee-a-windsor\/#breadcrumb","itemListElement":[{"@type":"ListItem","position":1,"name":"Home","item":"https:\/\/news.canadamotorjobs.com\/fr\/blog\/"},{"@type":"ListItem","position":2,"name":"La production des Dodge Charger et Challenger pourrait \u00eatre transf\u00e9r\u00e9e \u00e0 Windsor"}]},{"@type":"WebSite","@id":"https:\/\/news.canadamotorjobs.com\/#website","url":"https:\/\/news.canadamotorjobs.com\/","name":"CanadaMotorJobs.com","description":"Automotive Jobs","publisher":{"@id":"https:\/\/news.canadamotorjobs.com\/#organization"},"potentialAction":[{"@type":"SearchAction","target":{"@type":"EntryPoint","urlTemplate":"https:\/\/news.canadamotorjobs.com\/?s={search_term_string}"},"query-input":"required name=search_term_string"}],"inLanguage":"fr-CA"},{"@type":"Organization","@id":"https:\/\/news.canadamotorjobs.com\/#organization","name":"Canada Motor Jobs","url":"https:\/\/news.canadamotorjobs.com\/","logo":{"@type":"ImageObject","inLanguage":"fr-CA","@id":"https:\/\/news.canadamotorjobs.com\/#\/schema\/logo\/image\/","url":"https:\/\/news.canadamotorjobs.com\/wp-content\/uploads\/2022\/10\/logo-canada-motor-jobs-1.png","contentUrl":"https:\/\/news.canadamotorjobs.com\/wp-content\/uploads\/2022\/10\/logo-canada-motor-jobs-1.png","width":800,"height":400,"caption":"Canada Motor Jobs"},"image":{"@id":"https:\/\/news.canadamotorjobs.com\/#\/schema\/logo\/image\/"},"sameAs":["https:\/\/www.facebook.com\/canadamotorjobs\/","https:\/\/x.com\/canadamotorjobs","https:\/\/www.instagram.com\/canadamotorjobs\/","https:\/\/www.linkedin.com\/company\/canadamotorjobs"]},{"@type":"Person","@id":"https:\/\/news.canadamotorjobs.com\/#\/schema\/person\/51793d1f87d44011d7bcc2ed99269a90","name":"Benoit Charette","image":{"@type":"ImageObject","inLanguage":"fr-CA","@id":"https:\/\/news.canadamotorjobs.com\/#\/schema\/person\/image\/","url":"https:\/\/secure.gravatar.com\/avatar\/45f3d2eebcccd909668d7ce7ea7267b6?s=96&d=mm&r=g","contentUrl":"https:\/\/secure.gravatar.com\/avatar\/45f3d2eebcccd909668d7ce7ea7267b6?s=96&d=mm&r=g","caption":"Benoit Charette"},"description":"Benoit Charette \/ Propri\u00e9taire et r\u00e9dacteur en chef Benoit Charette pratique le journalisme automobile depuis bient\u00f4t 30 ans. Il a fait ses classes au c\u00f4t\u00e9 de Daniel H\u00e9raud et au Carnet de route de 1992 \u00e0 2001. Il est fondateur, copropri\u00e9taire et r\u00e9dacteur en chef de L\u2019Annuel de l\u2019automobile, qu\u2019il publie depuis 2001. Il a anim\u00e9 les \u00e9missions RPM et RPM+ sur V et les L\u00e9gendes de la route sur Historia. \u00c0 la radio depuis 1986, il reprend l\u2019antenne cette ann\u00e9e sur les ondes de Cogeco et participe pour la deuxi\u00e8me ann\u00e9e \u00e0 l\u2019\u00e9mission Passion Auto sur RDS en plus de mettre en ligne le site Web officiel de L\u2019Annuel de l\u2019automobile sur annuelauto.ca.","sameAs":["https:\/\/annuelauto.ca\/"],"url":"https:\/\/news.canadamotorjobs.com\/fr\/author\/benoit-charette\/"}]}},"_links":{"self":[{"href":"https:\/\/news.canadamotorjobs.com\/fr\/wp-json\/wp\/v2\/posts\/53313"}],"collection":[{"href":"https:\/\/news.canadamotorjobs.com\/fr\/wp-json\/wp\/v2\/posts"}],"about":[{"href":"https:\/\/news.canadamotorjobs.com\/fr\/wp-json\/wp\/v2\/types\/post"}],"author":[{"embeddable":true,"href":"https:\/\/news.canadamotorjobs.com\/fr\/wp-json\/wp\/v2\/users\/8"}],"replies":[{"embeddable":true,"href":"https:\/\/news.canadamotorjobs.com\/fr\/wp-json\/wp\/v2\/comments?post=53313"}],"version-history":[{"count":0,"href":"https:\/\/news.canadamotorjobs.com\/fr\/wp-json\/wp\/v2\/posts\/53313\/revisions"}],"wp:featuredmedia":[{"embeddable":true,"href":"https:\/\/news.canadamotorjobs.com\/fr\/wp-json\/wp\/v2\/media\/53317"}],"wp:attachment":[{"href":"https:\/\/news.canadamotorjobs.com\/fr\/wp-json\/wp\/v2\/media?parent=53313"}],"wp:term":[{"taxonomy":"category","embeddable":true,"href":"https:\/\/news.canadamotorjobs.com\/fr\/wp-json\/wp\/v2\/categories?post=53313"},{"taxonomy":"post_tag","embeddable":true,"href":"https:\/\/news.canadamotorjobs.com\/fr\/wp-json\/wp\/v2\/tags?post=53313"}],"curies":[{"name":"wp","href":"https:\/\/api.w.org\/{rel}","templated":true}]}}