{"id":50669,"date":"2022-09-20T07:09:21","date_gmt":"2022-09-20T11:09:21","guid":{"rendered":"https:\/\/blog.canadamotorjobs.com\/uber-nautorisera-plus-les-voitures-a-moteur-a-combustion-interne-sur-sa-plateforme-a-partir-de-2030\/"},"modified":"2022-09-20T07:14:01","modified_gmt":"2022-09-20T11:14:01","slug":"uber-nautorisera-plus-les-voitures-a-moteur-a-combustion-interne-sur-sa-plateforme-a-partir-de-2030","status":"publish","type":"post","link":"https:\/\/news.canadamotorjobs.com\/fr\/uber-nautorisera-plus-les-voitures-a-moteur-a-combustion-interne-sur-sa-plateforme-a-partir-de-2030\/","title":{"rendered":"Uber n\u2019autorisera plus les voitures \u00e0 moteur \u00e0 combustion interne sur sa plateforme \u00e0 partir de 2030"},"content":{"rendered":"<\/p>\n<p>Il semble que ce soit la fin des trajets en voiture \u00e0 moteur \u00e0 combustion interne pour Uber, car Dara Khosrowshahi, le PDG de la soci\u00e9t\u00e9, souhaite que les chauffeurs adoptent les v\u00e9hicules \u00e9lectriques. Le passage de la soci\u00e9t\u00e9 \u00e0 l&#8217;\u00e9nergie \u00e9lectrique est envisag\u00e9 depuis un certain temps, mais M. Khosrowshahi a apparemment fix\u00e9 la date limite de 2030 pour que les utilisateurs de la plateforme s&#8217;y mettent, sous peine d&#8217;\u00eatre abandonn\u00e9s par Uber.<br \/> L\u2019option confort \u00e9lectrique<br \/> L\u2019objectif est au 100 % \u00e9lectrique d&#8217;ici la fin de la d\u00e9cennie aux \u00c9tats-Unis, au Canada et en Europe. Uber proposera plus tard cette semaine une option permettant aux usagers de choisir une voiture \u00e0 batterie pour leur trajet. Connu sous le nom d&#8217;option Confort Electric d&#8217;Uber, le programme sera disponible dans 25 villes et \u00c9tats diff\u00e9rents d&#8217;Am\u00e9rique du Nord.<br \/> Encore un faible pourcentage sur la route<br \/> Avec seulement 25\u00a0000 v\u00e9hicules \u00e9lectriques sur sa plateforme, sur un total estim\u00e9 \u00e0 un million de conducteurs, l&#8217;entreprise a beaucoup \u00e0 faire pour passer \u00e0 l&#8217;action. Le plan de M. Khosrowshahi pr\u00e9voit notamment de doubler le nombre de v\u00e9hicules \u00e9lectriques disponibles d&#8217;ici 2023 et d&#8217;allouer 800 millions de dollars pour compenser le co\u00fbt d&#8217;achat initial plus \u00e9lev\u00e9 d&#8217;un v\u00e9hicule \u00e9lectrique par rapport \u00e0 un v\u00e9hicule \u00e0 moteur \u00e0 combustion interne.<br \/> Un plus gros versement aux conducteurs<br \/> Uber verse aux conducteurs de V\u00c9 un dollar suppl\u00e9mentaire pour chaque trajet qu&#8217;ils effectuent, et offre \u00e9galement des r\u00e9ductions sur la recharge. En outre, Uber s&#8217;est associ\u00e9 \u00e0 Hertz pour<\/p>\n","protected":false},"excerpt":{"rendered":"<p>Il semble que ce soit la fin des trajets en voiture \u00e0 moteur \u00e0 combustion interne pour Uber, car Dara Khosrowshahi, le PDG de la soci\u00e9t\u00e9, souhaite que les chauffeurs adoptent les v\u00e9hicules \u00e9lectriques. Le passage de la soci\u00e9t\u00e9 \u00e0 l&#8217;\u00e9nergie \u00e9lectrique est envisag\u00e9 depuis un certain temps, mais M. Khosrowshahi a apparemment fix\u00e9 la [&hellip;]<\/p>\n","protected":false},"author":8,"featured_media":50673,"comment_status":"close","ping_status":"closed","sticky":false,"template":"","format":"standard","meta":{"_monsterinsights_skip_tracking":false,"_monsterinsights_sitenote_active":false,"_monsterinsights_sitenote_note":"","_monsterinsights_sitenote_category":0,"footnotes":""},"categories":[101],"tags":[],"yoast_head":"<!-- This site is optimized with the Yoast SEO plugin v23.2 - https:\/\/yoast.com\/wordpress\/plugins\/seo\/ -->\n<title>Uber n\u2019autorisera plus les voitures \u00e0 moteur \u00e0 combustion interne sur sa plateforme \u00e0 partir de 2030 - CanadaMotorJobs.com<\/title>\n<meta name=\"description\" content=\"Uber n\u2019autorisera plus les voitures \u00e0 moteur \u00e0 combustion interne sur sa plateforme \u00e0 partir de 2030 - Benoit Charette - Annuel automobile - CanadaMotorJobs.com.\" \/>\n<meta name=\"robots\" content=\"index, follow, max-snippet:-1, max-image-preview:large, max-video-preview:-1\" \/>\n<meta property=\"og:locale\" content=\"fr_CA\" \/>\n<meta property=\"og:type\" content=\"article\" \/>\n<meta property=\"og:title\" content=\"Uber n\u2019autorisera plus les voitures \u00e0 moteur \u00e0 combustion interne sur sa plateforme \u00e0 partir de 2030 - CanadaMotorJobs.com\" \/>\n<meta property=\"og:description\" content=\"Uber n\u2019autorisera plus les voitures \u00e0 moteur \u00e0 combustion interne sur sa plateforme \u00e0 partir de 2030 - Benoit Charette - Annuel automobile - CanadaMotorJobs.com.\" \/>\n<meta property=\"og:url\" content=\"https:\/\/news.canadamotorjobs.com\/fr\/uber-nautorisera-plus-les-voitures-a-moteur-a-combustion-interne-sur-sa-plateforme-a-partir-de-2030\/\" \/>\n<meta property=\"og:site_name\" content=\"CanadaMotorJobs.com\" \/>\n<meta property=\"article:publisher\" content=\"https:\/\/www.facebook.com\/canadamotorjobs\/\" \/>\n<meta property=\"article:published_time\" content=\"2022-09-20T11:09:21+00:00\" \/>\n<meta property=\"article:modified_time\" content=\"2022-09-20T11:14:01+00:00\" \/>\n<meta property=\"og:image\" content=\"https:\/\/news.canadamotorjobs.com\/wp-content\/uploads\/2022\/09\/Beat-Tesla-Service_4-1.jpg\" \/>\n\t<meta property=\"og:image:width\" content=\"1200\" \/>\n\t<meta property=\"og:image:height\" content=\"800\" \/>\n\t<meta property=\"og:image:type\" content=\"image\/jpeg\" \/>\n<meta name=\"author\" content=\"Benoit Charette\" \/>\n<meta name=\"twitter:card\" content=\"summary_large_image\" \/>\n<meta name=\"twitter:creator\" content=\"@canadamotorjobs\" \/>\n<meta name=\"twitter:site\" content=\"@canadamotorjobs\" \/>\n<meta name=\"twitter:label1\" content=\"\u00c9crit par\" \/>\n\t<meta name=\"twitter:data1\" content=\"Benoit Charette\" \/>\n\t<meta name=\"twitter:label2\" content=\"Estimation du temps de lecture\" \/>\n\t<meta name=\"twitter:data2\" content=\"1 minute\" \/>\n<!-- \/ Yoast SEO plugin. -->","yoast_head_json":{"title":"Uber n\u2019autorisera plus les voitures \u00e0 moteur \u00e0 combustion interne sur sa plateforme \u00e0 partir de 2030 - CanadaMotorJobs.com","description":"Uber n\u2019autorisera plus les voitures \u00e0 moteur \u00e0 combustion interne sur sa plateforme \u00e0 partir de 2030 - Benoit Charette - Annuel automobile - CanadaMotorJobs.com.","robots":{"index":"index","follow":"follow","max-snippet":"max-snippet:-1","max-image-preview":"max-image-preview:large","max-video-preview":"max-video-preview:-1"},"og_locale":"fr_CA","og_type":"article","og_title":"Uber n\u2019autorisera plus les voitures \u00e0 moteur \u00e0 combustion interne sur sa plateforme \u00e0 partir de 2030 - CanadaMotorJobs.com","og_description":"Uber n\u2019autorisera plus les voitures \u00e0 moteur \u00e0 combustion interne sur sa plateforme \u00e0 partir de 2030 - Benoit Charette - Annuel automobile - CanadaMotorJobs.com.","og_url":"https:\/\/news.canadamotorjobs.com\/fr\/uber-nautorisera-plus-les-voitures-a-moteur-a-combustion-interne-sur-sa-plateforme-a-partir-de-2030\/","og_site_name":"CanadaMotorJobs.com","article_publisher":"https:\/\/www.facebook.com\/canadamotorjobs\/","article_published_time":"2022-09-20T11:09:21+00:00","article_modified_time":"2022-09-20T11:14:01+00:00","og_image":[{"width":1200,"height":800,"url":"https:\/\/news.canadamotorjobs.com\/wp-content\/uploads\/2022\/09\/Beat-Tesla-Service_4-1.jpg","type":"image\/jpeg"}],"author":"Benoit Charette","twitter_card":"summary_large_image","twitter_creator":"@canadamotorjobs","twitter_site":"@canadamotorjobs","twitter_misc":{"\u00c9crit par":"Benoit Charette","Estimation du temps de lecture":"1 minute"},"schema":{"@context":"https:\/\/schema.org","@graph":[{"@type":"Article","@id":"https:\/\/news.canadamotorjobs.com\/fr\/uber-nautorisera-plus-les-voitures-a-moteur-a-combustion-interne-sur-sa-plateforme-a-partir-de-2030\/#article","isPartOf":{"@id":"https:\/\/news.canadamotorjobs.com\/fr\/uber-nautorisera-plus-les-voitures-a-moteur-a-combustion-interne-sur-sa-plateforme-a-partir-de-2030\/"},"author":{"name":"Benoit Charette","@id":"https:\/\/news.canadamotorjobs.com\/#\/schema\/person\/51793d1f87d44011d7bcc2ed99269a90"},"headline":"Uber n\u2019autorisera plus les voitures \u00e0 moteur \u00e0 combustion interne sur sa plateforme \u00e0 partir de 2030","datePublished":"2022-09-20T11:09:21+00:00","dateModified":"2022-09-20T11:14:01+00:00","mainEntityOfPage":{"@id":"https:\/\/news.canadamotorjobs.com\/fr\/uber-nautorisera-plus-les-voitures-a-moteur-a-combustion-interne-sur-sa-plateforme-a-partir-de-2030\/"},"wordCount":278,"publisher":{"@id":"https:\/\/news.canadamotorjobs.com\/#organization"},"image":{"@id":"https:\/\/news.canadamotorjobs.com\/fr\/uber-nautorisera-plus-les-voitures-a-moteur-a-combustion-interne-sur-sa-plateforme-a-partir-de-2030\/#primaryimage"},"thumbnailUrl":"https:\/\/news.canadamotorjobs.com\/wp-content\/uploads\/2022\/09\/Beat-Tesla-Service_4-1.jpg","articleSection":["Annuel automobile"],"inLanguage":"fr-CA"},{"@type":"WebPage","@id":"https:\/\/news.canadamotorjobs.com\/fr\/uber-nautorisera-plus-les-voitures-a-moteur-a-combustion-interne-sur-sa-plateforme-a-partir-de-2030\/","url":"https:\/\/news.canadamotorjobs.com\/fr\/uber-nautorisera-plus-les-voitures-a-moteur-a-combustion-interne-sur-sa-plateforme-a-partir-de-2030\/","name":"Uber n\u2019autorisera plus les voitures \u00e0 moteur \u00e0 combustion interne sur sa plateforme \u00e0 partir de 2030 - CanadaMotorJobs.com","isPartOf":{"@id":"https:\/\/news.canadamotorjobs.com\/#website"},"primaryImageOfPage":{"@id":"https:\/\/news.canadamotorjobs.com\/fr\/uber-nautorisera-plus-les-voitures-a-moteur-a-combustion-interne-sur-sa-plateforme-a-partir-de-2030\/#primaryimage"},"image":{"@id":"https:\/\/news.canadamotorjobs.com\/fr\/uber-nautorisera-plus-les-voitures-a-moteur-a-combustion-interne-sur-sa-plateforme-a-partir-de-2030\/#primaryimage"},"thumbnailUrl":"https:\/\/news.canadamotorjobs.com\/wp-content\/uploads\/2022\/09\/Beat-Tesla-Service_4-1.jpg","datePublished":"2022-09-20T11:09:21+00:00","dateModified":"2022-09-20T11:14:01+00:00","description":"Uber n\u2019autorisera plus les voitures \u00e0 moteur \u00e0 combustion interne sur sa plateforme \u00e0 partir de 2030 - Benoit Charette - Annuel automobile - CanadaMotorJobs.com.","breadcrumb":{"@id":"https:\/\/news.canadamotorjobs.com\/fr\/uber-nautorisera-plus-les-voitures-a-moteur-a-combustion-interne-sur-sa-plateforme-a-partir-de-2030\/#breadcrumb"},"inLanguage":"fr-CA","potentialAction":[{"@type":"ReadAction","target":["https:\/\/news.canadamotorjobs.com\/fr\/uber-nautorisera-plus-les-voitures-a-moteur-a-combustion-interne-sur-sa-plateforme-a-partir-de-2030\/"]}]},{"@type":"ImageObject","inLanguage":"fr-CA","@id":"https:\/\/news.canadamotorjobs.com\/fr\/uber-nautorisera-plus-les-voitures-a-moteur-a-combustion-interne-sur-sa-plateforme-a-partir-de-2030\/#primaryimage","url":"https:\/\/news.canadamotorjobs.com\/wp-content\/uploads\/2022\/09\/Beat-Tesla-Service_4-1.jpg","contentUrl":"https:\/\/news.canadamotorjobs.com\/wp-content\/uploads\/2022\/09\/Beat-Tesla-Service_4-1.jpg","width":1200,"height":800},{"@type":"BreadcrumbList","@id":"https:\/\/news.canadamotorjobs.com\/fr\/uber-nautorisera-plus-les-voitures-a-moteur-a-combustion-interne-sur-sa-plateforme-a-partir-de-2030\/#breadcrumb","itemListElement":[{"@type":"ListItem","position":1,"name":"Home","item":"https:\/\/news.canadamotorjobs.com\/fr\/blog\/"},{"@type":"ListItem","position":2,"name":"Uber n\u2019autorisera plus les voitures \u00e0 moteur \u00e0 combustion interne sur sa plateforme \u00e0 partir de 2030"}]},{"@type":"WebSite","@id":"https:\/\/news.canadamotorjobs.com\/#website","url":"https:\/\/news.canadamotorjobs.com\/","name":"CanadaMotorJobs.com","description":"Automotive Jobs","publisher":{"@id":"https:\/\/news.canadamotorjobs.com\/#organization"},"potentialAction":[{"@type":"SearchAction","target":{"@type":"EntryPoint","urlTemplate":"https:\/\/news.canadamotorjobs.com\/?s={search_term_string}"},"query-input":"required name=search_term_string"}],"inLanguage":"fr-CA"},{"@type":"Organization","@id":"https:\/\/news.canadamotorjobs.com\/#organization","name":"Canada Motor Jobs","url":"https:\/\/news.canadamotorjobs.com\/","logo":{"@type":"ImageObject","inLanguage":"fr-CA","@id":"https:\/\/news.canadamotorjobs.com\/#\/schema\/logo\/image\/","url":"https:\/\/news.canadamotorjobs.com\/wp-content\/uploads\/2022\/10\/logo-canada-motor-jobs-1.png","contentUrl":"https:\/\/news.canadamotorjobs.com\/wp-content\/uploads\/2022\/10\/logo-canada-motor-jobs-1.png","width":800,"height":400,"caption":"Canada Motor Jobs"},"image":{"@id":"https:\/\/news.canadamotorjobs.com\/#\/schema\/logo\/image\/"},"sameAs":["https:\/\/www.facebook.com\/canadamotorjobs\/","https:\/\/x.com\/canadamotorjobs","https:\/\/www.instagram.com\/canadamotorjobs\/","https:\/\/www.linkedin.com\/company\/canadamotorjobs"]},{"@type":"Person","@id":"https:\/\/news.canadamotorjobs.com\/#\/schema\/person\/51793d1f87d44011d7bcc2ed99269a90","name":"Benoit Charette","image":{"@type":"ImageObject","inLanguage":"fr-CA","@id":"https:\/\/news.canadamotorjobs.com\/#\/schema\/person\/image\/","url":"https:\/\/secure.gravatar.com\/avatar\/45f3d2eebcccd909668d7ce7ea7267b6?s=96&d=mm&r=g","contentUrl":"https:\/\/secure.gravatar.com\/avatar\/45f3d2eebcccd909668d7ce7ea7267b6?s=96&d=mm&r=g","caption":"Benoit Charette"},"description":"Benoit Charette \/ Propri\u00e9taire et r\u00e9dacteur en chef Benoit Charette pratique le journalisme automobile depuis bient\u00f4t 30 ans. Il a fait ses classes au c\u00f4t\u00e9 de Daniel H\u00e9raud et au Carnet de route de 1992 \u00e0 2001. Il est fondateur, copropri\u00e9taire et r\u00e9dacteur en chef de L\u2019Annuel de l\u2019automobile, qu\u2019il publie depuis 2001. Il a anim\u00e9 les \u00e9missions RPM et RPM+ sur V et les L\u00e9gendes de la route sur Historia. \u00c0 la radio depuis 1986, il reprend l\u2019antenne cette ann\u00e9e sur les ondes de Cogeco et participe pour la deuxi\u00e8me ann\u00e9e \u00e0 l\u2019\u00e9mission Passion Auto sur RDS en plus de mettre en ligne le site Web officiel de L\u2019Annuel de l\u2019automobile sur annuelauto.ca.","sameAs":["https:\/\/annuelauto.ca\/"],"url":"https:\/\/news.canadamotorjobs.com\/fr\/author\/benoit-charette\/"}]}},"_links":{"self":[{"href":"https:\/\/news.canadamotorjobs.com\/fr\/wp-json\/wp\/v2\/posts\/50669"}],"collection":[{"href":"https:\/\/news.canadamotorjobs.com\/fr\/wp-json\/wp\/v2\/posts"}],"about":[{"href":"https:\/\/news.canadamotorjobs.com\/fr\/wp-json\/wp\/v2\/types\/post"}],"author":[{"embeddable":true,"href":"https:\/\/news.canadamotorjobs.com\/fr\/wp-json\/wp\/v2\/users\/8"}],"replies":[{"embeddable":true,"href":"https:\/\/news.canadamotorjobs.com\/fr\/wp-json\/wp\/v2\/comments?post=50669"}],"version-history":[{"count":0,"href":"https:\/\/news.canadamotorjobs.com\/fr\/wp-json\/wp\/v2\/posts\/50669\/revisions"}],"wp:featuredmedia":[{"embeddable":true,"href":"https:\/\/news.canadamotorjobs.com\/fr\/wp-json\/wp\/v2\/media\/50673"}],"wp:attachment":[{"href":"https:\/\/news.canadamotorjobs.com\/fr\/wp-json\/wp\/v2\/media?parent=50669"}],"wp:term":[{"taxonomy":"category","embeddable":true,"href":"https:\/\/news.canadamotorjobs.com\/fr\/wp-json\/wp\/v2\/categories?post=50669"},{"taxonomy":"post_tag","embeddable":true,"href":"https:\/\/news.canadamotorjobs.com\/fr\/wp-json\/wp\/v2\/tags?post=50669"}],"curies":[{"name":"wp","href":"https:\/\/api.w.org\/{rel}","templated":true}]}}