{"id":50133,"date":"2022-09-19T22:11:34","date_gmt":"2022-09-20T02:11:34","guid":{"rendered":"https:\/\/blog.canadamotorjobs.com\/des-argentins-reeditent-avec-des-3cv-la-traversee-du-sahara-dandre-citroen-de-1922\/"},"modified":"2022-09-19T22:59:34","modified_gmt":"2022-09-20T02:59:34","slug":"des-argentins-reeditent-avec-des-3cv-la-traversee-du-sahara-dandre-citroen-de-1922","status":"publish","type":"post","link":"https:\/\/news.canadamotorjobs.com\/fr\/des-argentins-reeditent-avec-des-3cv-la-traversee-du-sahara-dandre-citroen-de-1922\/","title":{"rendered":"Des Argentins r\u00e9\u00e9ditent avec des 3CV la travers\u00e9e du Sahara d\u2019Andr\u00e9 Citro\u00ebn de 1922"},"content":{"rendered":"<\/p>\n<p>En 1922, Andr\u00e9 Citro\u00ebn organisait avec succ\u00e8s la premi\u00e8re travers\u00e9e en automobile du Sahara organis\u00e9e par <a href=\"https:\/\/annuelauto.ca\/5-fevrier-1878-naissance-dandre-citroen\/\" target=\"_blank\" rel=\"noopener noreferrer\">Andr\u00e9 Citro\u00ebn<\/a>. Cent ans plus tard, des Argentins vont renouveler cet exploit avec l&#8217;exp\u00e9dition Travesia Sahara 2022. Cependant, plut\u00f4t que d\u2019utiliser des autochenilles Citro\u00ebn-K\u00e9gresse K1 comme \u00e0 l\u2019\u00e9poque, ils le feront au volant de petites <a href=\"https:\/\/annuelauto.ca\/la-citroen-sm-de-robert-opron-son-createur-senvole-pour-126-000\/\" target=\"_blank\" rel=\"noopener noreferrer\">Citro\u00ebn<\/a>\u00a03CV.<\/p>\n<p> Vous avez bien lu\u00a0: 3CV. Il s\u2019agit d\u2019une variante de la Citro\u00ebn 2CV qui a \u00e9t\u00e9 fabriqu\u00e9e en Argentine entre 1960 et 1990, d\u2019abord par Citro\u00ebn et ensuite par la soci\u00e9t\u00e9 IES (Industrias Eduardo Sal-Lari).<\/p>\n<p> Cette voiture que les Argentins surnommaient affectueusement <em>Rana<\/em> (grenouille) se distingue de la \u00ab Deuche \u00bb par son bicylindre de 602 cc. Il lui procure un surcro\u00eet puissance comparativement au moteur de 425 cc bien connu des Fran\u00e7ais (32 ch plut\u00f4t que 18 ch). \u00c0 cela s\u2019ajoutent, entre autres diff\u00e9rences, un pare-chocs avant plus enveloppant, des suspensions plus robuste et un hayon facilitant l\u2019acc\u00e8s au coffre.<\/p>\n<p> Jos\u00e9 Izquierdo, un des organisateurs de cette exp\u00e9dition, explique qu\u2019elle vise d\u2019abord \u00e0 comm\u00e9morer les 100 ans de la premi\u00e8re travers\u00e9e du \u00ab grand d\u00e9sert \u00bb. Dans la jeune soixantaine, cet ing\u00e9nieur qu\u2019on d\u00e9crit comme un athl\u00e8te infatigable et grand sp\u00e9cialiste de la 3CV ajoute : \u00ab nous souhaitons aussi d\u00e9couvrir des territoires exotiques et m\u00e9connus, tout en soulignant le 60e anniversaire de l&#8217;ind\u00e9pendance de l\u2019Alg\u00e9rie. Tout cela encadr\u00e9 par la volont\u00e9 de partager notre culture avec nos ch\u00e8res 3CV. \u00bb Des 3CV 1973 et 1974 nomm\u00e9es Apolo, Mafalda et Le Petit Prince pour<\/p>\n","protected":false},"excerpt":{"rendered":"<p>En 1922, Andr\u00e9 Citro\u00ebn organisait avec succ\u00e8s la premi\u00e8re travers\u00e9e en automobile du Sahara organis\u00e9e par Andr\u00e9 Citro\u00ebn. Cent ans plus tard, des Argentins vont renouveler cet exploit avec l&#8217;exp\u00e9dition Travesia Sahara 2022. Cependant, plut\u00f4t que d\u2019utiliser des autochenilles Citro\u00ebn-K\u00e9gresse K1 comme \u00e0 l\u2019\u00e9poque, ils le feront au volant de petites Citro\u00ebn\u00a03CV. Vous avez bien [&hellip;]<\/p>\n","protected":false},"author":8,"featured_media":50137,"comment_status":"close","ping_status":"closed","sticky":false,"template":"","format":"standard","meta":{"_monsterinsights_skip_tracking":false,"_monsterinsights_sitenote_active":false,"_monsterinsights_sitenote_note":"","_monsterinsights_sitenote_category":0,"footnotes":""},"categories":[101],"tags":[],"yoast_head":"<!-- This site is optimized with the Yoast SEO plugin v23.2 - https:\/\/yoast.com\/wordpress\/plugins\/seo\/ -->\n<title>Des Argentins r\u00e9\u00e9ditent avec des 3CV la travers\u00e9e du Sahara d\u2019Andr\u00e9 Citro\u00ebn de 1922 - CanadaMotorJobs.com<\/title>\n<meta name=\"description\" content=\"Des Argentins r\u00e9\u00e9ditent avec des 3CV la travers\u00e9e du Sahara d\u2019Andr\u00e9 Citro\u00ebn de 1922 - Benoit Charette - Annuel automobile - CanadaMotorJobs.com.\" \/>\n<meta name=\"robots\" content=\"index, follow, max-snippet:-1, max-image-preview:large, max-video-preview:-1\" \/>\n<meta property=\"og:locale\" content=\"fr_CA\" \/>\n<meta property=\"og:type\" content=\"article\" \/>\n<meta property=\"og:title\" content=\"Des Argentins r\u00e9\u00e9ditent avec des 3CV la travers\u00e9e du Sahara d\u2019Andr\u00e9 Citro\u00ebn de 1922 - CanadaMotorJobs.com\" \/>\n<meta property=\"og:description\" content=\"Des Argentins r\u00e9\u00e9ditent avec des 3CV la travers\u00e9e du Sahara d\u2019Andr\u00e9 Citro\u00ebn de 1922 - Benoit Charette - Annuel automobile - CanadaMotorJobs.com.\" \/>\n<meta property=\"og:url\" content=\"https:\/\/news.canadamotorjobs.com\/fr\/des-argentins-reeditent-avec-des-3cv-la-traversee-du-sahara-dandre-citroen-de-1922\/\" \/>\n<meta property=\"og:site_name\" content=\"CanadaMotorJobs.com\" \/>\n<meta property=\"article:publisher\" content=\"https:\/\/www.facebook.com\/canadamotorjobs\/\" \/>\n<meta property=\"article:published_time\" content=\"2022-09-20T02:11:34+00:00\" \/>\n<meta property=\"article:modified_time\" content=\"2022-09-20T02:59:34+00:00\" \/>\n<meta property=\"og:image\" content=\"https:\/\/news.canadamotorjobs.com\/wp-content\/uploads\/2022\/09\/Travesia-Sahara-2022-8-1.jpg\" \/>\n\t<meta property=\"og:image:width\" content=\"1500\" \/>\n\t<meta property=\"og:image:height\" content=\"1000\" \/>\n\t<meta property=\"og:image:type\" content=\"image\/jpeg\" \/>\n<meta name=\"author\" content=\"Benoit Charette\" \/>\n<meta name=\"twitter:card\" content=\"summary_large_image\" \/>\n<meta name=\"twitter:creator\" content=\"@canadamotorjobs\" \/>\n<meta name=\"twitter:site\" content=\"@canadamotorjobs\" \/>\n<meta name=\"twitter:label1\" content=\"\u00c9crit par\" \/>\n\t<meta name=\"twitter:data1\" content=\"Benoit Charette\" \/>\n\t<meta name=\"twitter:label2\" content=\"Estimation du temps de lecture\" \/>\n\t<meta name=\"twitter:data2\" content=\"1 minute\" \/>\n<!-- \/ Yoast SEO plugin. -->","yoast_head_json":{"title":"Des Argentins r\u00e9\u00e9ditent avec des 3CV la travers\u00e9e du Sahara d\u2019Andr\u00e9 Citro\u00ebn de 1922 - CanadaMotorJobs.com","description":"Des Argentins r\u00e9\u00e9ditent avec des 3CV la travers\u00e9e du Sahara d\u2019Andr\u00e9 Citro\u00ebn de 1922 - Benoit Charette - Annuel automobile - CanadaMotorJobs.com.","robots":{"index":"index","follow":"follow","max-snippet":"max-snippet:-1","max-image-preview":"max-image-preview:large","max-video-preview":"max-video-preview:-1"},"og_locale":"fr_CA","og_type":"article","og_title":"Des Argentins r\u00e9\u00e9ditent avec des 3CV la travers\u00e9e du Sahara d\u2019Andr\u00e9 Citro\u00ebn de 1922 - CanadaMotorJobs.com","og_description":"Des Argentins r\u00e9\u00e9ditent avec des 3CV la travers\u00e9e du Sahara d\u2019Andr\u00e9 Citro\u00ebn de 1922 - Benoit Charette - Annuel automobile - CanadaMotorJobs.com.","og_url":"https:\/\/news.canadamotorjobs.com\/fr\/des-argentins-reeditent-avec-des-3cv-la-traversee-du-sahara-dandre-citroen-de-1922\/","og_site_name":"CanadaMotorJobs.com","article_publisher":"https:\/\/www.facebook.com\/canadamotorjobs\/","article_published_time":"2022-09-20T02:11:34+00:00","article_modified_time":"2022-09-20T02:59:34+00:00","og_image":[{"width":1500,"height":1000,"url":"https:\/\/news.canadamotorjobs.com\/wp-content\/uploads\/2022\/09\/Travesia-Sahara-2022-8-1.jpg","type":"image\/jpeg"}],"author":"Benoit Charette","twitter_card":"summary_large_image","twitter_creator":"@canadamotorjobs","twitter_site":"@canadamotorjobs","twitter_misc":{"\u00c9crit par":"Benoit Charette","Estimation du temps de lecture":"1 minute"},"schema":{"@context":"https:\/\/schema.org","@graph":[{"@type":"Article","@id":"https:\/\/news.canadamotorjobs.com\/fr\/des-argentins-reeditent-avec-des-3cv-la-traversee-du-sahara-dandre-citroen-de-1922\/#article","isPartOf":{"@id":"https:\/\/news.canadamotorjobs.com\/fr\/des-argentins-reeditent-avec-des-3cv-la-traversee-du-sahara-dandre-citroen-de-1922\/"},"author":{"name":"Benoit Charette","@id":"https:\/\/news.canadamotorjobs.com\/#\/schema\/person\/51793d1f87d44011d7bcc2ed99269a90"},"headline":"Des Argentins r\u00e9\u00e9ditent avec des 3CV la travers\u00e9e du Sahara d\u2019Andr\u00e9 Citro\u00ebn de 1922","datePublished":"2022-09-20T02:11:34+00:00","dateModified":"2022-09-20T02:59:34+00:00","mainEntityOfPage":{"@id":"https:\/\/news.canadamotorjobs.com\/fr\/des-argentins-reeditent-avec-des-3cv-la-traversee-du-sahara-dandre-citroen-de-1922\/"},"wordCount":292,"publisher":{"@id":"https:\/\/news.canadamotorjobs.com\/#organization"},"image":{"@id":"https:\/\/news.canadamotorjobs.com\/fr\/des-argentins-reeditent-avec-des-3cv-la-traversee-du-sahara-dandre-citroen-de-1922\/#primaryimage"},"thumbnailUrl":"https:\/\/news.canadamotorjobs.com\/wp-content\/uploads\/2022\/09\/Travesia-Sahara-2022-8-1.jpg","articleSection":["Annuel automobile"],"inLanguage":"fr-CA"},{"@type":"WebPage","@id":"https:\/\/news.canadamotorjobs.com\/fr\/des-argentins-reeditent-avec-des-3cv-la-traversee-du-sahara-dandre-citroen-de-1922\/","url":"https:\/\/news.canadamotorjobs.com\/fr\/des-argentins-reeditent-avec-des-3cv-la-traversee-du-sahara-dandre-citroen-de-1922\/","name":"Des Argentins r\u00e9\u00e9ditent avec des 3CV la travers\u00e9e du Sahara d\u2019Andr\u00e9 Citro\u00ebn de 1922 - CanadaMotorJobs.com","isPartOf":{"@id":"https:\/\/news.canadamotorjobs.com\/#website"},"primaryImageOfPage":{"@id":"https:\/\/news.canadamotorjobs.com\/fr\/des-argentins-reeditent-avec-des-3cv-la-traversee-du-sahara-dandre-citroen-de-1922\/#primaryimage"},"image":{"@id":"https:\/\/news.canadamotorjobs.com\/fr\/des-argentins-reeditent-avec-des-3cv-la-traversee-du-sahara-dandre-citroen-de-1922\/#primaryimage"},"thumbnailUrl":"https:\/\/news.canadamotorjobs.com\/wp-content\/uploads\/2022\/09\/Travesia-Sahara-2022-8-1.jpg","datePublished":"2022-09-20T02:11:34+00:00","dateModified":"2022-09-20T02:59:34+00:00","description":"Des Argentins r\u00e9\u00e9ditent avec des 3CV la travers\u00e9e du Sahara d\u2019Andr\u00e9 Citro\u00ebn de 1922 - Benoit Charette - Annuel automobile - CanadaMotorJobs.com.","breadcrumb":{"@id":"https:\/\/news.canadamotorjobs.com\/fr\/des-argentins-reeditent-avec-des-3cv-la-traversee-du-sahara-dandre-citroen-de-1922\/#breadcrumb"},"inLanguage":"fr-CA","potentialAction":[{"@type":"ReadAction","target":["https:\/\/news.canadamotorjobs.com\/fr\/des-argentins-reeditent-avec-des-3cv-la-traversee-du-sahara-dandre-citroen-de-1922\/"]}]},{"@type":"ImageObject","inLanguage":"fr-CA","@id":"https:\/\/news.canadamotorjobs.com\/fr\/des-argentins-reeditent-avec-des-3cv-la-traversee-du-sahara-dandre-citroen-de-1922\/#primaryimage","url":"https:\/\/news.canadamotorjobs.com\/wp-content\/uploads\/2022\/09\/Travesia-Sahara-2022-8-1.jpg","contentUrl":"https:\/\/news.canadamotorjobs.com\/wp-content\/uploads\/2022\/09\/Travesia-Sahara-2022-8-1.jpg","width":1500,"height":1000},{"@type":"BreadcrumbList","@id":"https:\/\/news.canadamotorjobs.com\/fr\/des-argentins-reeditent-avec-des-3cv-la-traversee-du-sahara-dandre-citroen-de-1922\/#breadcrumb","itemListElement":[{"@type":"ListItem","position":1,"name":"Home","item":"https:\/\/news.canadamotorjobs.com\/fr\/blog\/"},{"@type":"ListItem","position":2,"name":"Des Argentins r\u00e9\u00e9ditent avec des 3CV la travers\u00e9e du Sahara d\u2019Andr\u00e9 Citro\u00ebn de 1922"}]},{"@type":"WebSite","@id":"https:\/\/news.canadamotorjobs.com\/#website","url":"https:\/\/news.canadamotorjobs.com\/","name":"CanadaMotorJobs.com","description":"Automotive Jobs","publisher":{"@id":"https:\/\/news.canadamotorjobs.com\/#organization"},"potentialAction":[{"@type":"SearchAction","target":{"@type":"EntryPoint","urlTemplate":"https:\/\/news.canadamotorjobs.com\/?s={search_term_string}"},"query-input":"required name=search_term_string"}],"inLanguage":"fr-CA"},{"@type":"Organization","@id":"https:\/\/news.canadamotorjobs.com\/#organization","name":"Canada Motor Jobs","url":"https:\/\/news.canadamotorjobs.com\/","logo":{"@type":"ImageObject","inLanguage":"fr-CA","@id":"https:\/\/news.canadamotorjobs.com\/#\/schema\/logo\/image\/","url":"https:\/\/news.canadamotorjobs.com\/wp-content\/uploads\/2022\/10\/logo-canada-motor-jobs-1.png","contentUrl":"https:\/\/news.canadamotorjobs.com\/wp-content\/uploads\/2022\/10\/logo-canada-motor-jobs-1.png","width":800,"height":400,"caption":"Canada Motor Jobs"},"image":{"@id":"https:\/\/news.canadamotorjobs.com\/#\/schema\/logo\/image\/"},"sameAs":["https:\/\/www.facebook.com\/canadamotorjobs\/","https:\/\/x.com\/canadamotorjobs","https:\/\/www.instagram.com\/canadamotorjobs\/","https:\/\/www.linkedin.com\/company\/canadamotorjobs"]},{"@type":"Person","@id":"https:\/\/news.canadamotorjobs.com\/#\/schema\/person\/51793d1f87d44011d7bcc2ed99269a90","name":"Benoit Charette","image":{"@type":"ImageObject","inLanguage":"fr-CA","@id":"https:\/\/news.canadamotorjobs.com\/#\/schema\/person\/image\/","url":"https:\/\/secure.gravatar.com\/avatar\/45f3d2eebcccd909668d7ce7ea7267b6?s=96&d=mm&r=g","contentUrl":"https:\/\/secure.gravatar.com\/avatar\/45f3d2eebcccd909668d7ce7ea7267b6?s=96&d=mm&r=g","caption":"Benoit Charette"},"description":"Benoit Charette \/ Propri\u00e9taire et r\u00e9dacteur en chef Benoit Charette pratique le journalisme automobile depuis bient\u00f4t 30 ans. Il a fait ses classes au c\u00f4t\u00e9 de Daniel H\u00e9raud et au Carnet de route de 1992 \u00e0 2001. Il est fondateur, copropri\u00e9taire et r\u00e9dacteur en chef de L\u2019Annuel de l\u2019automobile, qu\u2019il publie depuis 2001. Il a anim\u00e9 les \u00e9missions RPM et RPM+ sur V et les L\u00e9gendes de la route sur Historia. \u00c0 la radio depuis 1986, il reprend l\u2019antenne cette ann\u00e9e sur les ondes de Cogeco et participe pour la deuxi\u00e8me ann\u00e9e \u00e0 l\u2019\u00e9mission Passion Auto sur RDS en plus de mettre en ligne le site Web officiel de L\u2019Annuel de l\u2019automobile sur annuelauto.ca.","sameAs":["https:\/\/annuelauto.ca\/"],"url":"https:\/\/news.canadamotorjobs.com\/fr\/author\/benoit-charette\/"}]}},"_links":{"self":[{"href":"https:\/\/news.canadamotorjobs.com\/fr\/wp-json\/wp\/v2\/posts\/50133"}],"collection":[{"href":"https:\/\/news.canadamotorjobs.com\/fr\/wp-json\/wp\/v2\/posts"}],"about":[{"href":"https:\/\/news.canadamotorjobs.com\/fr\/wp-json\/wp\/v2\/types\/post"}],"author":[{"embeddable":true,"href":"https:\/\/news.canadamotorjobs.com\/fr\/wp-json\/wp\/v2\/users\/8"}],"replies":[{"embeddable":true,"href":"https:\/\/news.canadamotorjobs.com\/fr\/wp-json\/wp\/v2\/comments?post=50133"}],"version-history":[{"count":0,"href":"https:\/\/news.canadamotorjobs.com\/fr\/wp-json\/wp\/v2\/posts\/50133\/revisions"}],"wp:featuredmedia":[{"embeddable":true,"href":"https:\/\/news.canadamotorjobs.com\/fr\/wp-json\/wp\/v2\/media\/50137"}],"wp:attachment":[{"href":"https:\/\/news.canadamotorjobs.com\/fr\/wp-json\/wp\/v2\/media?parent=50133"}],"wp:term":[{"taxonomy":"category","embeddable":true,"href":"https:\/\/news.canadamotorjobs.com\/fr\/wp-json\/wp\/v2\/categories?post=50133"},{"taxonomy":"post_tag","embeddable":true,"href":"https:\/\/news.canadamotorjobs.com\/fr\/wp-json\/wp\/v2\/tags?post=50133"}],"curies":[{"name":"wp","href":"https:\/\/api.w.org\/{rel}","templated":true}]}}