{"id":49313,"date":"2022-09-19T07:06:01","date_gmt":"2022-09-19T11:06:01","guid":{"rendered":"https:\/\/blog.canadamotorjobs.com\/des-batteries-de-1-000-km-dautonomie-chez-bmw-dici-2025\/"},"modified":"2022-09-19T07:13:59","modified_gmt":"2022-09-19T11:13:59","slug":"des-batteries-de-1-000-km-dautonomie-chez-bmw-dici-2025","status":"publish","type":"post","link":"https:\/\/news.canadamotorjobs.com\/fr\/des-batteries-de-1-000-km-dautonomie-chez-bmw-dici-2025\/","title":{"rendered":"Des batteries de 1 000\u00a0km d\u2019autonomie chez BMW d\u2019ici 2025"},"content":{"rendered":"<\/p>\n<p>\u00c0 l\u2019image de Tesla, BMW va passer \u00e0 des batteries cylindres dans des formats 4695 et 46120 (d&#8217;un diam\u00e8tre de 46 millim\u00e8tres et d&#8217;une hauteur respective de 95 et 120 mm). On pr\u00e9voit utiliser ces piles d\u2019ici 2025 dans la Neue Klasse pour les mod\u00e8les iX ou i4. Ces nouvelles batteries devraient \u00eatre en mesure de donner un rendement de 1000 kilom\u00e8tres d\u2019autonomie.<br \/> 30\u00a0% de mieux que l\u2019actuelle g\u00e9n\u00e9ration<br \/> Une am\u00e9lioration de 30\u00a0% face \u00e0 la cinqui\u00e8me g\u00e9n\u00e9ration de piles chez BMW. Selon les informations recueillies par le site britannique Autocar, la charge rapide devrait\u00a0\u00eatre possible avec\u00a0environ 270\u00a0kW. La Neue Klasse re\u00e7oit un syst\u00e8me de 800 volts. Selon BMW, les nouvelles cellules ont une chimie NMC et on utilise moins de cobalt, mais plus de nickel ce qui devrait faire diminuer le co\u00fbt de fabrication.<br \/> Une piles plus facile \u00e0 refroidir<br \/> Cette pile plus grande sera plus facile \u00e0 refroidir selon les experts de BMW. Par contre la firme allemande n\u2019a pas voulu pr\u00e9ciser si elle va utiliser une bande de refroidissement comme Tesla ou une plaque au-dessus ou en dessous des cellules. La bo\u00eete des cellules de cette sixi\u00e8me g\u00e9n\u00e9ration de piles sera en acier comparativement \u00e0 l\u2019aluminium en ce moment. On dit que l\u2019acier est plus stable et prot\u00e8ge mieux. Les cellules sont d\u00e9sormais directement int\u00e9gr\u00e9es dans le groupe de batteries sans passer par des modules.<\/p>\n<p> Avec des renseignements de Inside EV\u2019s<\/p>\n<p>Le texte <a rel=\"nofollow\" href=\"https:\/\/annuelauto.ca\/des-batteries-de-1-000-km-dautonomie-chez-bmw-dici-2025\/\">Des batteries de 1 000\u00a0km d\u2019autonomie chez BMW d\u2019ici 2025<\/a> provient de <a rel=\"nofollow\" href=\"https:\/\/annuelauto.ca\">L&#039;annuel de<\/p>\n<p><\/a><\/p>\n","protected":false},"excerpt":{"rendered":"<p>\u00c0 l\u2019image de Tesla, BMW va passer \u00e0 des batteries cylindres dans des formats 4695 et 46120 (d&#8217;un diam\u00e8tre de 46 millim\u00e8tres et d&#8217;une hauteur respective de 95 et 120 mm). On pr\u00e9voit utiliser ces piles d\u2019ici 2025 dans la Neue Klasse pour les mod\u00e8les iX ou i4. Ces nouvelles batteries devraient \u00eatre en mesure [&hellip;]<\/p>\n","protected":false},"author":8,"featured_media":49317,"comment_status":"close","ping_status":"closed","sticky":false,"template":"","format":"standard","meta":{"_monsterinsights_skip_tracking":false,"_monsterinsights_sitenote_active":false,"_monsterinsights_sitenote_note":"","_monsterinsights_sitenote_category":0,"footnotes":""},"categories":[101],"tags":[],"yoast_head":"<!-- This site is optimized with the Yoast SEO plugin v23.2 - https:\/\/yoast.com\/wordpress\/plugins\/seo\/ -->\n<title>Des batteries de 1 000\u00a0km d\u2019autonomie chez BMW d\u2019ici 2025 - CanadaMotorJobs.com<\/title>\n<meta name=\"description\" content=\"Des batteries de 1 000\u00a0km d\u2019autonomie chez BMW d\u2019ici 2025 - Benoit Charette - Annuel automobile - CanadaMotorJobs.com.\" \/>\n<meta name=\"robots\" content=\"index, follow, max-snippet:-1, max-image-preview:large, max-video-preview:-1\" \/>\n<meta property=\"og:locale\" content=\"fr_CA\" \/>\n<meta property=\"og:type\" content=\"article\" \/>\n<meta property=\"og:title\" content=\"Des batteries de 1 000\u00a0km d\u2019autonomie chez BMW d\u2019ici 2025 - CanadaMotorJobs.com\" \/>\n<meta property=\"og:description\" content=\"Des batteries de 1 000\u00a0km d\u2019autonomie chez BMW d\u2019ici 2025 - Benoit Charette - Annuel automobile - CanadaMotorJobs.com.\" \/>\n<meta property=\"og:url\" content=\"https:\/\/news.canadamotorjobs.com\/fr\/des-batteries-de-1-000-km-dautonomie-chez-bmw-dici-2025\/\" \/>\n<meta property=\"og:site_name\" content=\"CanadaMotorJobs.com\" \/>\n<meta property=\"article:publisher\" content=\"https:\/\/www.facebook.com\/canadamotorjobs\/\" \/>\n<meta property=\"article:published_time\" content=\"2022-09-19T11:06:01+00:00\" \/>\n<meta property=\"article:modified_time\" content=\"2022-09-19T11:13:59+00:00\" \/>\n<meta property=\"og:image\" content=\"https:\/\/news.canadamotorjobs.com\/wp-content\/uploads\/2022\/09\/bmw-round-battery-cell-1.jpg\" \/>\n\t<meta property=\"og:image:width\" content=\"1280\" \/>\n\t<meta property=\"og:image:height\" content=\"720\" \/>\n\t<meta property=\"og:image:type\" content=\"image\/jpeg\" \/>\n<meta name=\"author\" content=\"Benoit Charette\" \/>\n<meta name=\"twitter:card\" content=\"summary_large_image\" \/>\n<meta name=\"twitter:creator\" content=\"@canadamotorjobs\" \/>\n<meta name=\"twitter:site\" content=\"@canadamotorjobs\" \/>\n<meta name=\"twitter:label1\" content=\"\u00c9crit par\" \/>\n\t<meta name=\"twitter:data1\" content=\"Benoit Charette\" \/>\n\t<meta name=\"twitter:label2\" content=\"Estimation du temps de lecture\" \/>\n\t<meta name=\"twitter:data2\" content=\"1 minute\" \/>\n<!-- \/ Yoast SEO plugin. -->","yoast_head_json":{"title":"Des batteries de 1 000\u00a0km d\u2019autonomie chez BMW d\u2019ici 2025 - CanadaMotorJobs.com","description":"Des batteries de 1 000\u00a0km d\u2019autonomie chez BMW d\u2019ici 2025 - Benoit Charette - Annuel automobile - CanadaMotorJobs.com.","robots":{"index":"index","follow":"follow","max-snippet":"max-snippet:-1","max-image-preview":"max-image-preview:large","max-video-preview":"max-video-preview:-1"},"og_locale":"fr_CA","og_type":"article","og_title":"Des batteries de 1 000\u00a0km d\u2019autonomie chez BMW d\u2019ici 2025 - CanadaMotorJobs.com","og_description":"Des batteries de 1 000\u00a0km d\u2019autonomie chez BMW d\u2019ici 2025 - Benoit Charette - Annuel automobile - CanadaMotorJobs.com.","og_url":"https:\/\/news.canadamotorjobs.com\/fr\/des-batteries-de-1-000-km-dautonomie-chez-bmw-dici-2025\/","og_site_name":"CanadaMotorJobs.com","article_publisher":"https:\/\/www.facebook.com\/canadamotorjobs\/","article_published_time":"2022-09-19T11:06:01+00:00","article_modified_time":"2022-09-19T11:13:59+00:00","og_image":[{"width":1280,"height":720,"url":"https:\/\/news.canadamotorjobs.com\/wp-content\/uploads\/2022\/09\/bmw-round-battery-cell-1.jpg","type":"image\/jpeg"}],"author":"Benoit Charette","twitter_card":"summary_large_image","twitter_creator":"@canadamotorjobs","twitter_site":"@canadamotorjobs","twitter_misc":{"\u00c9crit par":"Benoit Charette","Estimation du temps de lecture":"1 minute"},"schema":{"@context":"https:\/\/schema.org","@graph":[{"@type":"Article","@id":"https:\/\/news.canadamotorjobs.com\/fr\/des-batteries-de-1-000-km-dautonomie-chez-bmw-dici-2025\/#article","isPartOf":{"@id":"https:\/\/news.canadamotorjobs.com\/fr\/des-batteries-de-1-000-km-dautonomie-chez-bmw-dici-2025\/"},"author":{"name":"Benoit Charette","@id":"https:\/\/news.canadamotorjobs.com\/#\/schema\/person\/51793d1f87d44011d7bcc2ed99269a90"},"headline":"Des batteries de 1 000\u00a0km d\u2019autonomie chez BMW d\u2019ici 2025","datePublished":"2022-09-19T11:06:01+00:00","dateModified":"2022-09-19T11:13:59+00:00","mainEntityOfPage":{"@id":"https:\/\/news.canadamotorjobs.com\/fr\/des-batteries-de-1-000-km-dautonomie-chez-bmw-dici-2025\/"},"wordCount":279,"publisher":{"@id":"https:\/\/news.canadamotorjobs.com\/#organization"},"image":{"@id":"https:\/\/news.canadamotorjobs.com\/fr\/des-batteries-de-1-000-km-dautonomie-chez-bmw-dici-2025\/#primaryimage"},"thumbnailUrl":"https:\/\/news.canadamotorjobs.com\/wp-content\/uploads\/2022\/09\/bmw-round-battery-cell-1.jpg","articleSection":["Annuel automobile"],"inLanguage":"fr-CA"},{"@type":"WebPage","@id":"https:\/\/news.canadamotorjobs.com\/fr\/des-batteries-de-1-000-km-dautonomie-chez-bmw-dici-2025\/","url":"https:\/\/news.canadamotorjobs.com\/fr\/des-batteries-de-1-000-km-dautonomie-chez-bmw-dici-2025\/","name":"Des batteries de 1 000\u00a0km d\u2019autonomie chez BMW d\u2019ici 2025 - CanadaMotorJobs.com","isPartOf":{"@id":"https:\/\/news.canadamotorjobs.com\/#website"},"primaryImageOfPage":{"@id":"https:\/\/news.canadamotorjobs.com\/fr\/des-batteries-de-1-000-km-dautonomie-chez-bmw-dici-2025\/#primaryimage"},"image":{"@id":"https:\/\/news.canadamotorjobs.com\/fr\/des-batteries-de-1-000-km-dautonomie-chez-bmw-dici-2025\/#primaryimage"},"thumbnailUrl":"https:\/\/news.canadamotorjobs.com\/wp-content\/uploads\/2022\/09\/bmw-round-battery-cell-1.jpg","datePublished":"2022-09-19T11:06:01+00:00","dateModified":"2022-09-19T11:13:59+00:00","description":"Des batteries de 1 000\u00a0km d\u2019autonomie chez BMW d\u2019ici 2025 - Benoit Charette - Annuel automobile - CanadaMotorJobs.com.","breadcrumb":{"@id":"https:\/\/news.canadamotorjobs.com\/fr\/des-batteries-de-1-000-km-dautonomie-chez-bmw-dici-2025\/#breadcrumb"},"inLanguage":"fr-CA","potentialAction":[{"@type":"ReadAction","target":["https:\/\/news.canadamotorjobs.com\/fr\/des-batteries-de-1-000-km-dautonomie-chez-bmw-dici-2025\/"]}]},{"@type":"ImageObject","inLanguage":"fr-CA","@id":"https:\/\/news.canadamotorjobs.com\/fr\/des-batteries-de-1-000-km-dautonomie-chez-bmw-dici-2025\/#primaryimage","url":"https:\/\/news.canadamotorjobs.com\/wp-content\/uploads\/2022\/09\/bmw-round-battery-cell-1.jpg","contentUrl":"https:\/\/news.canadamotorjobs.com\/wp-content\/uploads\/2022\/09\/bmw-round-battery-cell-1.jpg","width":1280,"height":720},{"@type":"BreadcrumbList","@id":"https:\/\/news.canadamotorjobs.com\/fr\/des-batteries-de-1-000-km-dautonomie-chez-bmw-dici-2025\/#breadcrumb","itemListElement":[{"@type":"ListItem","position":1,"name":"Home","item":"https:\/\/news.canadamotorjobs.com\/fr\/blog\/"},{"@type":"ListItem","position":2,"name":"Des batteries de 1 000\u00a0km d\u2019autonomie chez BMW d\u2019ici 2025"}]},{"@type":"WebSite","@id":"https:\/\/news.canadamotorjobs.com\/#website","url":"https:\/\/news.canadamotorjobs.com\/","name":"CanadaMotorJobs.com","description":"Automotive Jobs","publisher":{"@id":"https:\/\/news.canadamotorjobs.com\/#organization"},"potentialAction":[{"@type":"SearchAction","target":{"@type":"EntryPoint","urlTemplate":"https:\/\/news.canadamotorjobs.com\/?s={search_term_string}"},"query-input":"required name=search_term_string"}],"inLanguage":"fr-CA"},{"@type":"Organization","@id":"https:\/\/news.canadamotorjobs.com\/#organization","name":"Canada Motor Jobs","url":"https:\/\/news.canadamotorjobs.com\/","logo":{"@type":"ImageObject","inLanguage":"fr-CA","@id":"https:\/\/news.canadamotorjobs.com\/#\/schema\/logo\/image\/","url":"https:\/\/news.canadamotorjobs.com\/wp-content\/uploads\/2022\/10\/logo-canada-motor-jobs-1.png","contentUrl":"https:\/\/news.canadamotorjobs.com\/wp-content\/uploads\/2022\/10\/logo-canada-motor-jobs-1.png","width":800,"height":400,"caption":"Canada Motor Jobs"},"image":{"@id":"https:\/\/news.canadamotorjobs.com\/#\/schema\/logo\/image\/"},"sameAs":["https:\/\/www.facebook.com\/canadamotorjobs\/","https:\/\/x.com\/canadamotorjobs","https:\/\/www.instagram.com\/canadamotorjobs\/","https:\/\/www.linkedin.com\/company\/canadamotorjobs"]},{"@type":"Person","@id":"https:\/\/news.canadamotorjobs.com\/#\/schema\/person\/51793d1f87d44011d7bcc2ed99269a90","name":"Benoit Charette","image":{"@type":"ImageObject","inLanguage":"fr-CA","@id":"https:\/\/news.canadamotorjobs.com\/#\/schema\/person\/image\/","url":"https:\/\/secure.gravatar.com\/avatar\/45f3d2eebcccd909668d7ce7ea7267b6?s=96&d=mm&r=g","contentUrl":"https:\/\/secure.gravatar.com\/avatar\/45f3d2eebcccd909668d7ce7ea7267b6?s=96&d=mm&r=g","caption":"Benoit Charette"},"description":"Benoit Charette \/ Propri\u00e9taire et r\u00e9dacteur en chef Benoit Charette pratique le journalisme automobile depuis bient\u00f4t 30 ans. Il a fait ses classes au c\u00f4t\u00e9 de Daniel H\u00e9raud et au Carnet de route de 1992 \u00e0 2001. Il est fondateur, copropri\u00e9taire et r\u00e9dacteur en chef de L\u2019Annuel de l\u2019automobile, qu\u2019il publie depuis 2001. Il a anim\u00e9 les \u00e9missions RPM et RPM+ sur V et les L\u00e9gendes de la route sur Historia. \u00c0 la radio depuis 1986, il reprend l\u2019antenne cette ann\u00e9e sur les ondes de Cogeco et participe pour la deuxi\u00e8me ann\u00e9e \u00e0 l\u2019\u00e9mission Passion Auto sur RDS en plus de mettre en ligne le site Web officiel de L\u2019Annuel de l\u2019automobile sur annuelauto.ca.","sameAs":["https:\/\/annuelauto.ca\/"],"url":"https:\/\/news.canadamotorjobs.com\/fr\/author\/benoit-charette\/"}]}},"_links":{"self":[{"href":"https:\/\/news.canadamotorjobs.com\/fr\/wp-json\/wp\/v2\/posts\/49313"}],"collection":[{"href":"https:\/\/news.canadamotorjobs.com\/fr\/wp-json\/wp\/v2\/posts"}],"about":[{"href":"https:\/\/news.canadamotorjobs.com\/fr\/wp-json\/wp\/v2\/types\/post"}],"author":[{"embeddable":true,"href":"https:\/\/news.canadamotorjobs.com\/fr\/wp-json\/wp\/v2\/users\/8"}],"replies":[{"embeddable":true,"href":"https:\/\/news.canadamotorjobs.com\/fr\/wp-json\/wp\/v2\/comments?post=49313"}],"version-history":[{"count":0,"href":"https:\/\/news.canadamotorjobs.com\/fr\/wp-json\/wp\/v2\/posts\/49313\/revisions"}],"wp:featuredmedia":[{"embeddable":true,"href":"https:\/\/news.canadamotorjobs.com\/fr\/wp-json\/wp\/v2\/media\/49317"}],"wp:attachment":[{"href":"https:\/\/news.canadamotorjobs.com\/fr\/wp-json\/wp\/v2\/media?parent=49313"}],"wp:term":[{"taxonomy":"category","embeddable":true,"href":"https:\/\/news.canadamotorjobs.com\/fr\/wp-json\/wp\/v2\/categories?post=49313"},{"taxonomy":"post_tag","embeddable":true,"href":"https:\/\/news.canadamotorjobs.com\/fr\/wp-json\/wp\/v2\/tags?post=49313"}],"curies":[{"name":"wp","href":"https:\/\/api.w.org\/{rel}","templated":true}]}}