{"id":48633,"date":"2022-09-18T10:09:37","date_gmt":"2022-09-18T14:09:37","guid":{"rendered":"https:\/\/blog.canadamotorjobs.com\/avons-nous-encore-les-moyens-davoir-un-vehicule\/"},"modified":"2022-09-18T10:15:10","modified_gmt":"2022-09-18T14:15:10","slug":"avons-nous-encore-les-moyens-davoir-un-vehicule","status":"publish","type":"post","link":"https:\/\/news.canadamotorjobs.com\/fr\/avons-nous-encore-les-moyens-davoir-un-vehicule\/","title":{"rendered":"Avons-nous encore les moyens d\u2019avoir un v\u00e9hicule ?"},"content":{"rendered":"<\/p>\n<p>Selon une \u00e9tude r\u00e9cente d\u2019Autohebdo, en juillet 2022, le prix moyen d\u2019un v\u00e9hicule d\u2019occasion a augment\u00e9 de 32\u00a0% par rapport \u00e0 la m\u00eame p\u00e9riode l\u2019an dernier, se fixant \u00e0 pr\u00e8s de 38\u00a0000\u00a0$. Le prix des v\u00e9hicules neufs a pour sa part augment\u00e9 de 18,1\u00a0% comparativement \u00e0 la m\u00eame p\u00e9riode en 2021, atteignant par le fait m\u00eame le prix moyen le plus \u00e9lev\u00e9 jamais enregistr\u00e9, \u00e0 plus de 55\u00a0000\u00a0$.<br \/> Ajouter \u00e0 cela une r\u00e9cession qui approche et des taux d\u2019Int\u00e9r\u00eat \u00e9lev\u00e9s<br \/> Pour le moment et malgr\u00e9 les prix \u00e9lev\u00e9s, la demande est soutenue. Les gens s\u2019endettent pour faire l\u2019acquisition d\u2019un v\u00e9hicule. Mais \u00e0 l\u2019approche d\u2019une r\u00e9cession o\u00f9 l\u2019argent se fait plus rare et avec des taux d\u2019int\u00e9r\u00eat qui vont de 6 \u00e0 9\u00a0% en ce moment, cela risque fort de limiter l&#8217;accessibilit\u00e9 financi\u00e8re pour plusieurs acheteurs potentiels.<br \/> Les constructeurs profitent pour le moment de la manne<br \/> Constructeurs et concessionnaires sortent pour le moment grand gagnant de cette situation. Il est impossible de n\u00e9gocier un seul dollar sur le prix d\u2019un v\u00e9hicule et les taux d\u2019int\u00e9r\u00eat \u00e9lev\u00e9s viennent vous \u00e9trangler un peu plus. Devant les prix trop \u00e9lev\u00e9s des v\u00e9hicules neufs, beaucoup se tournent vers les v\u00e9hicules d\u2019occasions. Toutefois, le manque de mod\u00e8les dans le v\u00e9hicule neuf va continuer de mettre de la pression pour un prix \u00e0 la hausse dans les mod\u00e8les d\u2019occasions et bien des gens vont apprendre \u00e0 tout simplement vivre sans v\u00e9hicule.<br \/> Le t\u00e9l\u00e9travail aura une influence<br \/> Aujourd&#8217;hui, de nombreux travailleurs ont la possibilit\u00e9 de travailler \u00e0 distance.<\/p>\n","protected":false},"excerpt":{"rendered":"<p>Selon une \u00e9tude r\u00e9cente d\u2019Autohebdo, en juillet 2022, le prix moyen d\u2019un v\u00e9hicule d\u2019occasion a augment\u00e9 de 32\u00a0% par rapport \u00e0 la m\u00eame p\u00e9riode l\u2019an dernier, se fixant \u00e0 pr\u00e8s de 38\u00a0000\u00a0$. Le prix des v\u00e9hicules neufs a pour sa part augment\u00e9 de 18,1\u00a0% comparativement \u00e0 la m\u00eame p\u00e9riode en 2021, atteignant par le fait [&hellip;]<\/p>\n","protected":false},"author":8,"featured_media":48637,"comment_status":"close","ping_status":"closed","sticky":false,"template":"","format":"standard","meta":{"_monsterinsights_skip_tracking":false,"_monsterinsights_sitenote_active":false,"_monsterinsights_sitenote_note":"","_monsterinsights_sitenote_category":0,"footnotes":""},"categories":[101],"tags":[],"yoast_head":"<!-- This site is optimized with the Yoast SEO plugin v23.2 - https:\/\/yoast.com\/wordpress\/plugins\/seo\/ -->\n<title>Avons-nous encore les moyens d\u2019avoir un v\u00e9hicule ? - CanadaMotorJobs.com<\/title>\n<meta name=\"description\" content=\"Avons-nous encore les moyens d\u2019avoir un v\u00e9hicule ? - Benoit Charette - Annuel automobile - CanadaMotorJobs.com.\" \/>\n<meta name=\"robots\" content=\"index, follow, max-snippet:-1, max-image-preview:large, max-video-preview:-1\" \/>\n<meta property=\"og:locale\" content=\"fr_CA\" \/>\n<meta property=\"og:type\" content=\"article\" \/>\n<meta property=\"og:title\" content=\"Avons-nous encore les moyens d\u2019avoir un v\u00e9hicule ? - CanadaMotorJobs.com\" \/>\n<meta property=\"og:description\" content=\"Avons-nous encore les moyens d\u2019avoir un v\u00e9hicule ? - Benoit Charette - Annuel automobile - CanadaMotorJobs.com.\" \/>\n<meta property=\"og:url\" content=\"https:\/\/news.canadamotorjobs.com\/fr\/avons-nous-encore-les-moyens-davoir-un-vehicule\/\" \/>\n<meta property=\"og:site_name\" content=\"CanadaMotorJobs.com\" \/>\n<meta property=\"article:publisher\" content=\"https:\/\/www.facebook.com\/canadamotorjobs\/\" \/>\n<meta property=\"article:published_time\" content=\"2022-09-18T14:09:37+00:00\" \/>\n<meta property=\"article:modified_time\" content=\"2022-09-18T14:15:10+00:00\" \/>\n<meta property=\"og:image\" content=\"https:\/\/news.canadamotorjobs.com\/wp-content\/uploads\/2022\/09\/000493228_896x598_c-1.jpg\" \/>\n\t<meta property=\"og:image:width\" content=\"896\" \/>\n\t<meta property=\"og:image:height\" content=\"598\" \/>\n\t<meta property=\"og:image:type\" content=\"image\/jpeg\" \/>\n<meta name=\"author\" content=\"Benoit Charette\" \/>\n<meta name=\"twitter:card\" content=\"summary_large_image\" \/>\n<meta name=\"twitter:creator\" content=\"@canadamotorjobs\" \/>\n<meta name=\"twitter:site\" content=\"@canadamotorjobs\" \/>\n<meta name=\"twitter:label1\" content=\"\u00c9crit par\" \/>\n\t<meta name=\"twitter:data1\" content=\"Benoit Charette\" \/>\n\t<meta name=\"twitter:label2\" content=\"Estimation du temps de lecture\" \/>\n\t<meta name=\"twitter:data2\" content=\"1 minute\" \/>\n<!-- \/ Yoast SEO plugin. -->","yoast_head_json":{"title":"Avons-nous encore les moyens d\u2019avoir un v\u00e9hicule ? - CanadaMotorJobs.com","description":"Avons-nous encore les moyens d\u2019avoir un v\u00e9hicule ? - Benoit Charette - Annuel automobile - CanadaMotorJobs.com.","robots":{"index":"index","follow":"follow","max-snippet":"max-snippet:-1","max-image-preview":"max-image-preview:large","max-video-preview":"max-video-preview:-1"},"og_locale":"fr_CA","og_type":"article","og_title":"Avons-nous encore les moyens d\u2019avoir un v\u00e9hicule ? - CanadaMotorJobs.com","og_description":"Avons-nous encore les moyens d\u2019avoir un v\u00e9hicule ? - Benoit Charette - Annuel automobile - CanadaMotorJobs.com.","og_url":"https:\/\/news.canadamotorjobs.com\/fr\/avons-nous-encore-les-moyens-davoir-un-vehicule\/","og_site_name":"CanadaMotorJobs.com","article_publisher":"https:\/\/www.facebook.com\/canadamotorjobs\/","article_published_time":"2022-09-18T14:09:37+00:00","article_modified_time":"2022-09-18T14:15:10+00:00","og_image":[{"width":896,"height":598,"url":"https:\/\/news.canadamotorjobs.com\/wp-content\/uploads\/2022\/09\/000493228_896x598_c-1.jpg","type":"image\/jpeg"}],"author":"Benoit Charette","twitter_card":"summary_large_image","twitter_creator":"@canadamotorjobs","twitter_site":"@canadamotorjobs","twitter_misc":{"\u00c9crit par":"Benoit Charette","Estimation du temps de lecture":"1 minute"},"schema":{"@context":"https:\/\/schema.org","@graph":[{"@type":"Article","@id":"https:\/\/news.canadamotorjobs.com\/fr\/avons-nous-encore-les-moyens-davoir-un-vehicule\/#article","isPartOf":{"@id":"https:\/\/news.canadamotorjobs.com\/fr\/avons-nous-encore-les-moyens-davoir-un-vehicule\/"},"author":{"name":"Benoit Charette","@id":"https:\/\/news.canadamotorjobs.com\/#\/schema\/person\/51793d1f87d44011d7bcc2ed99269a90"},"headline":"Avons-nous encore les moyens d\u2019avoir un v\u00e9hicule ?","datePublished":"2022-09-18T14:09:37+00:00","dateModified":"2022-09-18T14:15:10+00:00","mainEntityOfPage":{"@id":"https:\/\/news.canadamotorjobs.com\/fr\/avons-nous-encore-les-moyens-davoir-un-vehicule\/"},"wordCount":292,"publisher":{"@id":"https:\/\/news.canadamotorjobs.com\/#organization"},"image":{"@id":"https:\/\/news.canadamotorjobs.com\/fr\/avons-nous-encore-les-moyens-davoir-un-vehicule\/#primaryimage"},"thumbnailUrl":"https:\/\/news.canadamotorjobs.com\/wp-content\/uploads\/2022\/09\/000493228_896x598_c-1.jpg","articleSection":["Annuel automobile"],"inLanguage":"fr-CA"},{"@type":"WebPage","@id":"https:\/\/news.canadamotorjobs.com\/fr\/avons-nous-encore-les-moyens-davoir-un-vehicule\/","url":"https:\/\/news.canadamotorjobs.com\/fr\/avons-nous-encore-les-moyens-davoir-un-vehicule\/","name":"Avons-nous encore les moyens d\u2019avoir un v\u00e9hicule ? - CanadaMotorJobs.com","isPartOf":{"@id":"https:\/\/news.canadamotorjobs.com\/#website"},"primaryImageOfPage":{"@id":"https:\/\/news.canadamotorjobs.com\/fr\/avons-nous-encore-les-moyens-davoir-un-vehicule\/#primaryimage"},"image":{"@id":"https:\/\/news.canadamotorjobs.com\/fr\/avons-nous-encore-les-moyens-davoir-un-vehicule\/#primaryimage"},"thumbnailUrl":"https:\/\/news.canadamotorjobs.com\/wp-content\/uploads\/2022\/09\/000493228_896x598_c-1.jpg","datePublished":"2022-09-18T14:09:37+00:00","dateModified":"2022-09-18T14:15:10+00:00","description":"Avons-nous encore les moyens d\u2019avoir un v\u00e9hicule ? - Benoit Charette - Annuel automobile - CanadaMotorJobs.com.","breadcrumb":{"@id":"https:\/\/news.canadamotorjobs.com\/fr\/avons-nous-encore-les-moyens-davoir-un-vehicule\/#breadcrumb"},"inLanguage":"fr-CA","potentialAction":[{"@type":"ReadAction","target":["https:\/\/news.canadamotorjobs.com\/fr\/avons-nous-encore-les-moyens-davoir-un-vehicule\/"]}]},{"@type":"ImageObject","inLanguage":"fr-CA","@id":"https:\/\/news.canadamotorjobs.com\/fr\/avons-nous-encore-les-moyens-davoir-un-vehicule\/#primaryimage","url":"https:\/\/news.canadamotorjobs.com\/wp-content\/uploads\/2022\/09\/000493228_896x598_c-1.jpg","contentUrl":"https:\/\/news.canadamotorjobs.com\/wp-content\/uploads\/2022\/09\/000493228_896x598_c-1.jpg","width":896,"height":598},{"@type":"BreadcrumbList","@id":"https:\/\/news.canadamotorjobs.com\/fr\/avons-nous-encore-les-moyens-davoir-un-vehicule\/#breadcrumb","itemListElement":[{"@type":"ListItem","position":1,"name":"Home","item":"https:\/\/news.canadamotorjobs.com\/fr\/blog\/"},{"@type":"ListItem","position":2,"name":"Avons-nous encore les moyens d\u2019avoir un v\u00e9hicule ?"}]},{"@type":"WebSite","@id":"https:\/\/news.canadamotorjobs.com\/#website","url":"https:\/\/news.canadamotorjobs.com\/","name":"CanadaMotorJobs.com","description":"Automotive Jobs","publisher":{"@id":"https:\/\/news.canadamotorjobs.com\/#organization"},"potentialAction":[{"@type":"SearchAction","target":{"@type":"EntryPoint","urlTemplate":"https:\/\/news.canadamotorjobs.com\/?s={search_term_string}"},"query-input":"required name=search_term_string"}],"inLanguage":"fr-CA"},{"@type":"Organization","@id":"https:\/\/news.canadamotorjobs.com\/#organization","name":"Canada Motor Jobs","url":"https:\/\/news.canadamotorjobs.com\/","logo":{"@type":"ImageObject","inLanguage":"fr-CA","@id":"https:\/\/news.canadamotorjobs.com\/#\/schema\/logo\/image\/","url":"https:\/\/news.canadamotorjobs.com\/wp-content\/uploads\/2022\/10\/logo-canada-motor-jobs-1.png","contentUrl":"https:\/\/news.canadamotorjobs.com\/wp-content\/uploads\/2022\/10\/logo-canada-motor-jobs-1.png","width":800,"height":400,"caption":"Canada Motor Jobs"},"image":{"@id":"https:\/\/news.canadamotorjobs.com\/#\/schema\/logo\/image\/"},"sameAs":["https:\/\/www.facebook.com\/canadamotorjobs\/","https:\/\/x.com\/canadamotorjobs","https:\/\/www.instagram.com\/canadamotorjobs\/","https:\/\/www.linkedin.com\/company\/canadamotorjobs"]},{"@type":"Person","@id":"https:\/\/news.canadamotorjobs.com\/#\/schema\/person\/51793d1f87d44011d7bcc2ed99269a90","name":"Benoit Charette","image":{"@type":"ImageObject","inLanguage":"fr-CA","@id":"https:\/\/news.canadamotorjobs.com\/#\/schema\/person\/image\/","url":"https:\/\/secure.gravatar.com\/avatar\/45f3d2eebcccd909668d7ce7ea7267b6?s=96&d=mm&r=g","contentUrl":"https:\/\/secure.gravatar.com\/avatar\/45f3d2eebcccd909668d7ce7ea7267b6?s=96&d=mm&r=g","caption":"Benoit Charette"},"description":"Benoit Charette \/ Propri\u00e9taire et r\u00e9dacteur en chef Benoit Charette pratique le journalisme automobile depuis bient\u00f4t 30 ans. Il a fait ses classes au c\u00f4t\u00e9 de Daniel H\u00e9raud et au Carnet de route de 1992 \u00e0 2001. Il est fondateur, copropri\u00e9taire et r\u00e9dacteur en chef de L\u2019Annuel de l\u2019automobile, qu\u2019il publie depuis 2001. Il a anim\u00e9 les \u00e9missions RPM et RPM+ sur V et les L\u00e9gendes de la route sur Historia. \u00c0 la radio depuis 1986, il reprend l\u2019antenne cette ann\u00e9e sur les ondes de Cogeco et participe pour la deuxi\u00e8me ann\u00e9e \u00e0 l\u2019\u00e9mission Passion Auto sur RDS en plus de mettre en ligne le site Web officiel de L\u2019Annuel de l\u2019automobile sur annuelauto.ca.","sameAs":["https:\/\/annuelauto.ca\/"],"url":"https:\/\/news.canadamotorjobs.com\/fr\/author\/benoit-charette\/"}]}},"_links":{"self":[{"href":"https:\/\/news.canadamotorjobs.com\/fr\/wp-json\/wp\/v2\/posts\/48633"}],"collection":[{"href":"https:\/\/news.canadamotorjobs.com\/fr\/wp-json\/wp\/v2\/posts"}],"about":[{"href":"https:\/\/news.canadamotorjobs.com\/fr\/wp-json\/wp\/v2\/types\/post"}],"author":[{"embeddable":true,"href":"https:\/\/news.canadamotorjobs.com\/fr\/wp-json\/wp\/v2\/users\/8"}],"replies":[{"embeddable":true,"href":"https:\/\/news.canadamotorjobs.com\/fr\/wp-json\/wp\/v2\/comments?post=48633"}],"version-history":[{"count":0,"href":"https:\/\/news.canadamotorjobs.com\/fr\/wp-json\/wp\/v2\/posts\/48633\/revisions"}],"wp:featuredmedia":[{"embeddable":true,"href":"https:\/\/news.canadamotorjobs.com\/fr\/wp-json\/wp\/v2\/media\/48637"}],"wp:attachment":[{"href":"https:\/\/news.canadamotorjobs.com\/fr\/wp-json\/wp\/v2\/media?parent=48633"}],"wp:term":[{"taxonomy":"category","embeddable":true,"href":"https:\/\/news.canadamotorjobs.com\/fr\/wp-json\/wp\/v2\/categories?post=48633"},{"taxonomy":"post_tag","embeddable":true,"href":"https:\/\/news.canadamotorjobs.com\/fr\/wp-json\/wp\/v2\/tags?post=48633"}],"curies":[{"name":"wp","href":"https:\/\/api.w.org\/{rel}","templated":true}]}}