{"id":47645,"date":"2022-09-17T09:09:43","date_gmt":"2022-09-17T13:09:43","guid":{"rendered":"https:\/\/blog.canadamotorjobs.com\/le-salon-de-lauto-de-detroit-est-devenu-un-village-fantome\/"},"modified":"2022-09-17T09:14:30","modified_gmt":"2022-09-17T13:14:30","slug":"le-salon-de-lauto-de-detroit-est-devenu-un-village-fantome","status":"publish","type":"post","link":"https:\/\/news.canadamotorjobs.com\/fr\/le-salon-de-lauto-de-detroit-est-devenu-un-village-fantome\/","title":{"rendered":"Le Salon de l\u2019auto de D\u00e9troit est devenu un village fant\u00f4me"},"content":{"rendered":"<\/p>\n<p>Mon premier Salon de l\u2019auto de D\u00e9troit \u00e9tait en 1992. \u00c0 cette \u00e9poque pas d\u2019internet, pas de r\u00e9seaux sociaux et le plus grand secret \u00e9tait gard\u00e9 sur les pr\u00e9sentations qui allaient se d\u00e9rouler au Salon. D\u00e9troit \u00e9tait le premier grand rendez-vous automobile de l\u2019ann\u00e9e, d\u00e8s le d\u00e9but janvier. Nous avons fait le trajet Montr\u00e9al-D\u00e9troit plusieurs fois dans la neige. L\u2019atmosph\u00e8re \u00e9tait f\u00e9brile au Cobo Hall et plusieurs premi\u00e8res mondiales s\u2019y tenaient. Les autres rendez-vous \u00e0 l\u2019\u00e9chelle plan\u00e9taire \u00e9taient ensuite Gen\u00e8ve en mars, Paris et Francfort qui s\u2019alternaient chaque ann\u00e9e en septembre et Tokyo en octobre.<br \/> L\u2019ombre de soi-m\u00eame<br \/> Le NAIAS \u00e9tait autrefois l&#8217;apog\u00e9e du circuit des salons automobiles am\u00e9ricains, avec des pr\u00e9sentations et des r\u00e9v\u00e9lations gigantesques des constructeurs automobiles nationaux et \u00e9trangers. Le premier coup dur est arriv\u00e9 lorsque GM et Chrysler ont \u00e9t\u00e9 demand\u00e9s de l\u2019argent au gouvernement am\u00e9ricain pour se sortir de la faillite. Le Salon de D\u00e9troit des ann\u00e9es 2009-2010 et 2011 a re\u00e7u un dur coup. Peu de temps apr\u00e8s, la technologie et les m\u00e9dias sociaux se sont mis de la partie avec des Salons comme le CES \u00e0 Las Vegas qui \u00e9tait pr\u00e9sent\u00e9 une semaine avant celui de D\u00e9troit et pr\u00e9sentait plusieurs primeurs automobiles. Par la suite, les constructeurs de voitures exotiques comme Ferrari, Lamborghini, Rolls-Royce et Bugatti \u00e9taient introuvables au centre de convention. Les grandes pr\u00e9sentations \u00e9labor\u00e9es (et tr\u00e8s co\u00fbteuses) sont devenues plus sobres. Les vendeurs et les collections qui \u00e9taient auparavant rel\u00e9gu\u00e9s au sous-sol apparaissaient maintenant sur le plancher d&#8217;exposition principal. C\u2019\u00e9tait le<\/p>\n","protected":false},"excerpt":{"rendered":"<p>Mon premier Salon de l\u2019auto de D\u00e9troit \u00e9tait en 1992. \u00c0 cette \u00e9poque pas d\u2019internet, pas de r\u00e9seaux sociaux et le plus grand secret \u00e9tait gard\u00e9 sur les pr\u00e9sentations qui allaient se d\u00e9rouler au Salon. D\u00e9troit \u00e9tait le premier grand rendez-vous automobile de l\u2019ann\u00e9e, d\u00e8s le d\u00e9but janvier. Nous avons fait le trajet Montr\u00e9al-D\u00e9troit plusieurs [&hellip;]<\/p>\n","protected":false},"author":8,"featured_media":47649,"comment_status":"close","ping_status":"closed","sticky":false,"template":"","format":"standard","meta":{"_monsterinsights_skip_tracking":false,"_monsterinsights_sitenote_active":false,"_monsterinsights_sitenote_note":"","_monsterinsights_sitenote_category":0,"footnotes":""},"categories":[101],"tags":[],"yoast_head":"<!-- This site is optimized with the Yoast SEO plugin v23.2 - https:\/\/yoast.com\/wordpress\/plugins\/seo\/ -->\n<title>Le Salon de l\u2019auto de D\u00e9troit est devenu un village fant\u00f4me - CanadaMotorJobs.com<\/title>\n<meta name=\"description\" content=\"Le Salon de l\u2019auto de D\u00e9troit est devenu un village fant\u00f4me - Benoit Charette - Annuel automobile - CanadaMotorJobs.com.\" \/>\n<meta name=\"robots\" content=\"index, follow, max-snippet:-1, max-image-preview:large, max-video-preview:-1\" \/>\n<meta property=\"og:locale\" content=\"fr_CA\" \/>\n<meta property=\"og:type\" content=\"article\" \/>\n<meta property=\"og:title\" content=\"Le Salon de l\u2019auto de D\u00e9troit est devenu un village fant\u00f4me - CanadaMotorJobs.com\" \/>\n<meta property=\"og:description\" content=\"Le Salon de l\u2019auto de D\u00e9troit est devenu un village fant\u00f4me - Benoit Charette - Annuel automobile - CanadaMotorJobs.com.\" \/>\n<meta property=\"og:url\" content=\"https:\/\/news.canadamotorjobs.com\/fr\/le-salon-de-lauto-de-detroit-est-devenu-un-village-fantome\/\" \/>\n<meta property=\"og:site_name\" content=\"CanadaMotorJobs.com\" \/>\n<meta property=\"article:publisher\" content=\"https:\/\/www.facebook.com\/canadamotorjobs\/\" \/>\n<meta property=\"article:published_time\" content=\"2022-09-17T13:09:43+00:00\" \/>\n<meta property=\"article:modified_time\" content=\"2022-09-17T13:14:30+00:00\" \/>\n<meta property=\"og:image\" content=\"https:\/\/news.canadamotorjobs.com\/wp-content\/uploads\/2022\/09\/duck-that-jeep-or-how-worlds-largest-rubber-duck-came-to-represent-jeep-at-naias-2022-198787_1-1.jpg\" \/>\n\t<meta property=\"og:image:width\" content=\"2016\" \/>\n\t<meta property=\"og:image:height\" content=\"1134\" \/>\n\t<meta property=\"og:image:type\" content=\"image\/jpeg\" \/>\n<meta name=\"author\" content=\"Benoit Charette\" \/>\n<meta name=\"twitter:card\" content=\"summary_large_image\" \/>\n<meta name=\"twitter:creator\" content=\"@canadamotorjobs\" \/>\n<meta name=\"twitter:site\" content=\"@canadamotorjobs\" \/>\n<meta name=\"twitter:label1\" content=\"\u00c9crit par\" \/>\n\t<meta name=\"twitter:data1\" content=\"Benoit Charette\" \/>\n\t<meta name=\"twitter:label2\" content=\"Estimation du temps de lecture\" \/>\n\t<meta name=\"twitter:data2\" content=\"1 minute\" \/>\n<!-- \/ Yoast SEO plugin. -->","yoast_head_json":{"title":"Le Salon de l\u2019auto de D\u00e9troit est devenu un village fant\u00f4me - CanadaMotorJobs.com","description":"Le Salon de l\u2019auto de D\u00e9troit est devenu un village fant\u00f4me - Benoit Charette - Annuel automobile - CanadaMotorJobs.com.","robots":{"index":"index","follow":"follow","max-snippet":"max-snippet:-1","max-image-preview":"max-image-preview:large","max-video-preview":"max-video-preview:-1"},"og_locale":"fr_CA","og_type":"article","og_title":"Le Salon de l\u2019auto de D\u00e9troit est devenu un village fant\u00f4me - CanadaMotorJobs.com","og_description":"Le Salon de l\u2019auto de D\u00e9troit est devenu un village fant\u00f4me - Benoit Charette - Annuel automobile - CanadaMotorJobs.com.","og_url":"https:\/\/news.canadamotorjobs.com\/fr\/le-salon-de-lauto-de-detroit-est-devenu-un-village-fantome\/","og_site_name":"CanadaMotorJobs.com","article_publisher":"https:\/\/www.facebook.com\/canadamotorjobs\/","article_published_time":"2022-09-17T13:09:43+00:00","article_modified_time":"2022-09-17T13:14:30+00:00","og_image":[{"width":2016,"height":1134,"url":"https:\/\/news.canadamotorjobs.com\/wp-content\/uploads\/2022\/09\/duck-that-jeep-or-how-worlds-largest-rubber-duck-came-to-represent-jeep-at-naias-2022-198787_1-1.jpg","type":"image\/jpeg"}],"author":"Benoit Charette","twitter_card":"summary_large_image","twitter_creator":"@canadamotorjobs","twitter_site":"@canadamotorjobs","twitter_misc":{"\u00c9crit par":"Benoit Charette","Estimation du temps de lecture":"1 minute"},"schema":{"@context":"https:\/\/schema.org","@graph":[{"@type":"Article","@id":"https:\/\/news.canadamotorjobs.com\/fr\/le-salon-de-lauto-de-detroit-est-devenu-un-village-fantome\/#article","isPartOf":{"@id":"https:\/\/news.canadamotorjobs.com\/fr\/le-salon-de-lauto-de-detroit-est-devenu-un-village-fantome\/"},"author":{"name":"Benoit Charette","@id":"https:\/\/news.canadamotorjobs.com\/#\/schema\/person\/51793d1f87d44011d7bcc2ed99269a90"},"headline":"Le Salon de l\u2019auto de D\u00e9troit est devenu un village fant\u00f4me","datePublished":"2022-09-17T13:09:43+00:00","dateModified":"2022-09-17T13:14:30+00:00","mainEntityOfPage":{"@id":"https:\/\/news.canadamotorjobs.com\/fr\/le-salon-de-lauto-de-detroit-est-devenu-un-village-fantome\/"},"wordCount":309,"publisher":{"@id":"https:\/\/news.canadamotorjobs.com\/#organization"},"image":{"@id":"https:\/\/news.canadamotorjobs.com\/fr\/le-salon-de-lauto-de-detroit-est-devenu-un-village-fantome\/#primaryimage"},"thumbnailUrl":"https:\/\/news.canadamotorjobs.com\/wp-content\/uploads\/2022\/09\/duck-that-jeep-or-how-worlds-largest-rubber-duck-came-to-represent-jeep-at-naias-2022-198787_1-1.jpg","articleSection":["Annuel automobile"],"inLanguage":"fr-CA"},{"@type":"WebPage","@id":"https:\/\/news.canadamotorjobs.com\/fr\/le-salon-de-lauto-de-detroit-est-devenu-un-village-fantome\/","url":"https:\/\/news.canadamotorjobs.com\/fr\/le-salon-de-lauto-de-detroit-est-devenu-un-village-fantome\/","name":"Le Salon de l\u2019auto de D\u00e9troit est devenu un village fant\u00f4me - CanadaMotorJobs.com","isPartOf":{"@id":"https:\/\/news.canadamotorjobs.com\/#website"},"primaryImageOfPage":{"@id":"https:\/\/news.canadamotorjobs.com\/fr\/le-salon-de-lauto-de-detroit-est-devenu-un-village-fantome\/#primaryimage"},"image":{"@id":"https:\/\/news.canadamotorjobs.com\/fr\/le-salon-de-lauto-de-detroit-est-devenu-un-village-fantome\/#primaryimage"},"thumbnailUrl":"https:\/\/news.canadamotorjobs.com\/wp-content\/uploads\/2022\/09\/duck-that-jeep-or-how-worlds-largest-rubber-duck-came-to-represent-jeep-at-naias-2022-198787_1-1.jpg","datePublished":"2022-09-17T13:09:43+00:00","dateModified":"2022-09-17T13:14:30+00:00","description":"Le Salon de l\u2019auto de D\u00e9troit est devenu un village fant\u00f4me - Benoit Charette - Annuel automobile - CanadaMotorJobs.com.","breadcrumb":{"@id":"https:\/\/news.canadamotorjobs.com\/fr\/le-salon-de-lauto-de-detroit-est-devenu-un-village-fantome\/#breadcrumb"},"inLanguage":"fr-CA","potentialAction":[{"@type":"ReadAction","target":["https:\/\/news.canadamotorjobs.com\/fr\/le-salon-de-lauto-de-detroit-est-devenu-un-village-fantome\/"]}]},{"@type":"ImageObject","inLanguage":"fr-CA","@id":"https:\/\/news.canadamotorjobs.com\/fr\/le-salon-de-lauto-de-detroit-est-devenu-un-village-fantome\/#primaryimage","url":"https:\/\/news.canadamotorjobs.com\/wp-content\/uploads\/2022\/09\/duck-that-jeep-or-how-worlds-largest-rubber-duck-came-to-represent-jeep-at-naias-2022-198787_1-1.jpg","contentUrl":"https:\/\/news.canadamotorjobs.com\/wp-content\/uploads\/2022\/09\/duck-that-jeep-or-how-worlds-largest-rubber-duck-came-to-represent-jeep-at-naias-2022-198787_1-1.jpg","width":2016,"height":1134},{"@type":"BreadcrumbList","@id":"https:\/\/news.canadamotorjobs.com\/fr\/le-salon-de-lauto-de-detroit-est-devenu-un-village-fantome\/#breadcrumb","itemListElement":[{"@type":"ListItem","position":1,"name":"Home","item":"https:\/\/news.canadamotorjobs.com\/fr\/blog\/"},{"@type":"ListItem","position":2,"name":"Le Salon de l\u2019auto de D\u00e9troit est devenu un village fant\u00f4me"}]},{"@type":"WebSite","@id":"https:\/\/news.canadamotorjobs.com\/#website","url":"https:\/\/news.canadamotorjobs.com\/","name":"CanadaMotorJobs.com","description":"Automotive Jobs","publisher":{"@id":"https:\/\/news.canadamotorjobs.com\/#organization"},"potentialAction":[{"@type":"SearchAction","target":{"@type":"EntryPoint","urlTemplate":"https:\/\/news.canadamotorjobs.com\/?s={search_term_string}"},"query-input":"required name=search_term_string"}],"inLanguage":"fr-CA"},{"@type":"Organization","@id":"https:\/\/news.canadamotorjobs.com\/#organization","name":"Canada Motor Jobs","url":"https:\/\/news.canadamotorjobs.com\/","logo":{"@type":"ImageObject","inLanguage":"fr-CA","@id":"https:\/\/news.canadamotorjobs.com\/#\/schema\/logo\/image\/","url":"https:\/\/news.canadamotorjobs.com\/wp-content\/uploads\/2022\/10\/logo-canada-motor-jobs-1.png","contentUrl":"https:\/\/news.canadamotorjobs.com\/wp-content\/uploads\/2022\/10\/logo-canada-motor-jobs-1.png","width":800,"height":400,"caption":"Canada Motor Jobs"},"image":{"@id":"https:\/\/news.canadamotorjobs.com\/#\/schema\/logo\/image\/"},"sameAs":["https:\/\/www.facebook.com\/canadamotorjobs\/","https:\/\/x.com\/canadamotorjobs","https:\/\/www.instagram.com\/canadamotorjobs\/","https:\/\/www.linkedin.com\/company\/canadamotorjobs"]},{"@type":"Person","@id":"https:\/\/news.canadamotorjobs.com\/#\/schema\/person\/51793d1f87d44011d7bcc2ed99269a90","name":"Benoit Charette","image":{"@type":"ImageObject","inLanguage":"fr-CA","@id":"https:\/\/news.canadamotorjobs.com\/#\/schema\/person\/image\/","url":"https:\/\/secure.gravatar.com\/avatar\/45f3d2eebcccd909668d7ce7ea7267b6?s=96&d=mm&r=g","contentUrl":"https:\/\/secure.gravatar.com\/avatar\/45f3d2eebcccd909668d7ce7ea7267b6?s=96&d=mm&r=g","caption":"Benoit Charette"},"description":"Benoit Charette \/ Propri\u00e9taire et r\u00e9dacteur en chef Benoit Charette pratique le journalisme automobile depuis bient\u00f4t 30 ans. Il a fait ses classes au c\u00f4t\u00e9 de Daniel H\u00e9raud et au Carnet de route de 1992 \u00e0 2001. Il est fondateur, copropri\u00e9taire et r\u00e9dacteur en chef de L\u2019Annuel de l\u2019automobile, qu\u2019il publie depuis 2001. Il a anim\u00e9 les \u00e9missions RPM et RPM+ sur V et les L\u00e9gendes de la route sur Historia. \u00c0 la radio depuis 1986, il reprend l\u2019antenne cette ann\u00e9e sur les ondes de Cogeco et participe pour la deuxi\u00e8me ann\u00e9e \u00e0 l\u2019\u00e9mission Passion Auto sur RDS en plus de mettre en ligne le site Web officiel de L\u2019Annuel de l\u2019automobile sur annuelauto.ca.","sameAs":["https:\/\/annuelauto.ca\/"],"url":"https:\/\/news.canadamotorjobs.com\/fr\/author\/benoit-charette\/"}]}},"_links":{"self":[{"href":"https:\/\/news.canadamotorjobs.com\/fr\/wp-json\/wp\/v2\/posts\/47645"}],"collection":[{"href":"https:\/\/news.canadamotorjobs.com\/fr\/wp-json\/wp\/v2\/posts"}],"about":[{"href":"https:\/\/news.canadamotorjobs.com\/fr\/wp-json\/wp\/v2\/types\/post"}],"author":[{"embeddable":true,"href":"https:\/\/news.canadamotorjobs.com\/fr\/wp-json\/wp\/v2\/users\/8"}],"replies":[{"embeddable":true,"href":"https:\/\/news.canadamotorjobs.com\/fr\/wp-json\/wp\/v2\/comments?post=47645"}],"version-history":[{"count":0,"href":"https:\/\/news.canadamotorjobs.com\/fr\/wp-json\/wp\/v2\/posts\/47645\/revisions"}],"wp:featuredmedia":[{"embeddable":true,"href":"https:\/\/news.canadamotorjobs.com\/fr\/wp-json\/wp\/v2\/media\/47649"}],"wp:attachment":[{"href":"https:\/\/news.canadamotorjobs.com\/fr\/wp-json\/wp\/v2\/media?parent=47645"}],"wp:term":[{"taxonomy":"category","embeddable":true,"href":"https:\/\/news.canadamotorjobs.com\/fr\/wp-json\/wp\/v2\/categories?post=47645"},{"taxonomy":"post_tag","embeddable":true,"href":"https:\/\/news.canadamotorjobs.com\/fr\/wp-json\/wp\/v2\/tags?post=47645"}],"curies":[{"name":"wp","href":"https:\/\/api.w.org\/{rel}","templated":true}]}}