{"id":47581,"date":"2022-09-17T08:21:00","date_gmt":"2022-09-17T12:21:00","guid":{"rendered":"https:\/\/blog.canadamotorjobs.com\/17-septembre-1854-naissance-de-david-dunbar-buick\/"},"modified":"2022-09-17T08:29:18","modified_gmt":"2022-09-17T12:29:18","slug":"17-septembre-1854-naissance-de-david-dunbar-buick","status":"publish","type":"post","link":"https:\/\/news.canadamotorjobs.com\/fr\/17-septembre-1854-naissance-de-david-dunbar-buick\/","title":{"rendered":"17 septembre 1854: Naissance de David Dunbar Buick"},"content":{"rendered":"<\/p>\n<p>C\u2019est le 19 mai 1903 \u00e0 Flint, au Michigan que la Buick Motor Co a vu le jour. Mais d\u00e9j\u00e0 au moment de cr\u00e9er sa compagnie le fondateur \u00e9prouvait de s\u00e9rieuses difficult\u00e9s financi\u00e8res. Portrait d\u2019un homme ing\u00e9nieux qui n\u2019avait malheureusement pas le sens des affaires.<br \/> Inventeur de l&#8217;\u00e9mail pour les baignoires<br \/> Vous pouvez ou non croire au destin, mais certaine personne semble avoir un chemin de vie trac\u00e9 pour eux. C\u2019est le cas de David Dunbar Buick, immigrant \u00c9cossais qui arrive \u00e0 D\u00e9troit comme plombier avant d\u2019\u00e9crire un des chapitres les plus important de l\u2019histoire automobile am\u00e9ricaine. C\u2019est la compagnie que Buick a fond\u00e9e au d\u00e9but du si\u00e8cle qui deviendra le levier qui servira de fondation \u00e0 ce qui allait devenir la plus grande entreprise automobile au monde la General Motors. Buick verra pass\u00e9 plusieurs grands noms de l\u2019\u00e9poque. William C. Durant (fondateur de GM), Charles W. Nash un des premiers collaborateurs de la firme qui allait fonder plus tard American Motors. Walter P. Chrysler, patron de Buick jusqu\u2019en 1920 qui ira fonder en 1924 sa propre compagnie et Louis Chevrolet, responsable de la division de course de Buick qui fit conna\u00eetre la compagnie au grand public \u00e0 travers ses exploits de pilote avant d\u2019aller fonder en 1911 la compagnie qui porte encore son nom.<br \/> De l&#8217;\u00c9cosse \u00e0 l&#8217;Am\u00e9rique<br \/> On pourrait croire de David Dunbar Buick allait vivre le r\u00eave am\u00e9ricain, pourtant, vous le verrez, l\u2019histoire s\u2019est termin\u00e9e bien tristement, Buick a sombr\u00e9 dans l\u2019oubli. L\u2019histoire de notre homme commence<\/p>\n","protected":false},"excerpt":{"rendered":"<p>C\u2019est le 19 mai 1903 \u00e0 Flint, au Michigan que la Buick Motor Co a vu le jour. Mais d\u00e9j\u00e0 au moment de cr\u00e9er sa compagnie le fondateur \u00e9prouvait de s\u00e9rieuses difficult\u00e9s financi\u00e8res. Portrait d\u2019un homme ing\u00e9nieux qui n\u2019avait malheureusement pas le sens des affaires. Inventeur de l&#8217;\u00e9mail pour les baignoires Vous pouvez ou non [&hellip;]<\/p>\n","protected":false},"author":8,"featured_media":47585,"comment_status":"close","ping_status":"closed","sticky":false,"template":"","format":"standard","meta":{"_monsterinsights_skip_tracking":false,"_monsterinsights_sitenote_active":false,"_monsterinsights_sitenote_note":"","_monsterinsights_sitenote_category":0,"footnotes":""},"categories":[101],"tags":[],"yoast_head":"<!-- This site is optimized with the Yoast SEO plugin v23.2 - https:\/\/yoast.com\/wordpress\/plugins\/seo\/ -->\n<title>17 septembre 1854: Naissance de David Dunbar Buick - CanadaMotorJobs.com<\/title>\n<meta name=\"description\" content=\"17 septembre 1854: Naissance de David Dunbar Buick - Benoit Charette - Annuel automobile - CanadaMotorJobs.com.\" \/>\n<meta name=\"robots\" content=\"index, follow, max-snippet:-1, max-image-preview:large, max-video-preview:-1\" \/>\n<meta property=\"og:locale\" content=\"fr_CA\" \/>\n<meta property=\"og:type\" content=\"article\" \/>\n<meta property=\"og:title\" content=\"17 septembre 1854: Naissance de David Dunbar Buick - CanadaMotorJobs.com\" \/>\n<meta property=\"og:description\" content=\"17 septembre 1854: Naissance de David Dunbar Buick - Benoit Charette - Annuel automobile - CanadaMotorJobs.com.\" \/>\n<meta property=\"og:url\" content=\"https:\/\/news.canadamotorjobs.com\/fr\/17-septembre-1854-naissance-de-david-dunbar-buick\/\" \/>\n<meta property=\"og:site_name\" content=\"CanadaMotorJobs.com\" \/>\n<meta property=\"article:publisher\" content=\"https:\/\/www.facebook.com\/canadamotorjobs\/\" \/>\n<meta property=\"article:published_time\" content=\"2022-09-17T12:21:00+00:00\" \/>\n<meta property=\"article:modified_time\" content=\"2022-09-17T12:29:18+00:00\" \/>\n<meta property=\"og:image\" content=\"https:\/\/news.canadamotorjobs.com\/wp-content\/uploads\/2022\/09\/David-Dunbar-Buick-scaled-1-1.jpg\" \/>\n\t<meta property=\"og:image:width\" content=\"2194\" \/>\n\t<meta property=\"og:image:height\" content=\"2560\" \/>\n\t<meta property=\"og:image:type\" content=\"image\/jpeg\" \/>\n<meta name=\"author\" content=\"Benoit Charette\" \/>\n<meta name=\"twitter:card\" content=\"summary_large_image\" \/>\n<meta name=\"twitter:creator\" content=\"@canadamotorjobs\" \/>\n<meta name=\"twitter:site\" content=\"@canadamotorjobs\" \/>\n<meta name=\"twitter:label1\" content=\"\u00c9crit par\" \/>\n\t<meta name=\"twitter:data1\" content=\"Benoit Charette\" \/>\n\t<meta name=\"twitter:label2\" content=\"Estimation du temps de lecture\" \/>\n\t<meta name=\"twitter:data2\" content=\"1 minute\" \/>\n<!-- \/ Yoast SEO plugin. -->","yoast_head_json":{"title":"17 septembre 1854: Naissance de David Dunbar Buick - CanadaMotorJobs.com","description":"17 septembre 1854: Naissance de David Dunbar Buick - Benoit Charette - Annuel automobile - CanadaMotorJobs.com.","robots":{"index":"index","follow":"follow","max-snippet":"max-snippet:-1","max-image-preview":"max-image-preview:large","max-video-preview":"max-video-preview:-1"},"og_locale":"fr_CA","og_type":"article","og_title":"17 septembre 1854: Naissance de David Dunbar Buick - CanadaMotorJobs.com","og_description":"17 septembre 1854: Naissance de David Dunbar Buick - Benoit Charette - Annuel automobile - CanadaMotorJobs.com.","og_url":"https:\/\/news.canadamotorjobs.com\/fr\/17-septembre-1854-naissance-de-david-dunbar-buick\/","og_site_name":"CanadaMotorJobs.com","article_publisher":"https:\/\/www.facebook.com\/canadamotorjobs\/","article_published_time":"2022-09-17T12:21:00+00:00","article_modified_time":"2022-09-17T12:29:18+00:00","og_image":[{"width":2194,"height":2560,"url":"https:\/\/news.canadamotorjobs.com\/wp-content\/uploads\/2022\/09\/David-Dunbar-Buick-scaled-1-1.jpg","type":"image\/jpeg"}],"author":"Benoit Charette","twitter_card":"summary_large_image","twitter_creator":"@canadamotorjobs","twitter_site":"@canadamotorjobs","twitter_misc":{"\u00c9crit par":"Benoit Charette","Estimation du temps de lecture":"1 minute"},"schema":{"@context":"https:\/\/schema.org","@graph":[{"@type":"Article","@id":"https:\/\/news.canadamotorjobs.com\/fr\/17-septembre-1854-naissance-de-david-dunbar-buick\/#article","isPartOf":{"@id":"https:\/\/news.canadamotorjobs.com\/fr\/17-septembre-1854-naissance-de-david-dunbar-buick\/"},"author":{"name":"Benoit Charette","@id":"https:\/\/news.canadamotorjobs.com\/#\/schema\/person\/51793d1f87d44011d7bcc2ed99269a90"},"headline":"17 septembre 1854: Naissance de David Dunbar Buick","datePublished":"2022-09-17T12:21:00+00:00","dateModified":"2022-09-17T12:29:18+00:00","mainEntityOfPage":{"@id":"https:\/\/news.canadamotorjobs.com\/fr\/17-septembre-1854-naissance-de-david-dunbar-buick\/"},"wordCount":279,"publisher":{"@id":"https:\/\/news.canadamotorjobs.com\/#organization"},"image":{"@id":"https:\/\/news.canadamotorjobs.com\/fr\/17-septembre-1854-naissance-de-david-dunbar-buick\/#primaryimage"},"thumbnailUrl":"https:\/\/news.canadamotorjobs.com\/wp-content\/uploads\/2022\/09\/David-Dunbar-Buick-scaled-1-1.jpg","articleSection":["Annuel automobile"],"inLanguage":"fr-CA"},{"@type":"WebPage","@id":"https:\/\/news.canadamotorjobs.com\/fr\/17-septembre-1854-naissance-de-david-dunbar-buick\/","url":"https:\/\/news.canadamotorjobs.com\/fr\/17-septembre-1854-naissance-de-david-dunbar-buick\/","name":"17 septembre 1854: Naissance de David Dunbar Buick - CanadaMotorJobs.com","isPartOf":{"@id":"https:\/\/news.canadamotorjobs.com\/#website"},"primaryImageOfPage":{"@id":"https:\/\/news.canadamotorjobs.com\/fr\/17-septembre-1854-naissance-de-david-dunbar-buick\/#primaryimage"},"image":{"@id":"https:\/\/news.canadamotorjobs.com\/fr\/17-septembre-1854-naissance-de-david-dunbar-buick\/#primaryimage"},"thumbnailUrl":"https:\/\/news.canadamotorjobs.com\/wp-content\/uploads\/2022\/09\/David-Dunbar-Buick-scaled-1-1.jpg","datePublished":"2022-09-17T12:21:00+00:00","dateModified":"2022-09-17T12:29:18+00:00","description":"17 septembre 1854: Naissance de David Dunbar Buick - Benoit Charette - Annuel automobile - CanadaMotorJobs.com.","breadcrumb":{"@id":"https:\/\/news.canadamotorjobs.com\/fr\/17-septembre-1854-naissance-de-david-dunbar-buick\/#breadcrumb"},"inLanguage":"fr-CA","potentialAction":[{"@type":"ReadAction","target":["https:\/\/news.canadamotorjobs.com\/fr\/17-septembre-1854-naissance-de-david-dunbar-buick\/"]}]},{"@type":"ImageObject","inLanguage":"fr-CA","@id":"https:\/\/news.canadamotorjobs.com\/fr\/17-septembre-1854-naissance-de-david-dunbar-buick\/#primaryimage","url":"https:\/\/news.canadamotorjobs.com\/wp-content\/uploads\/2022\/09\/David-Dunbar-Buick-scaled-1-1.jpg","contentUrl":"https:\/\/news.canadamotorjobs.com\/wp-content\/uploads\/2022\/09\/David-Dunbar-Buick-scaled-1-1.jpg","width":2194,"height":2560},{"@type":"BreadcrumbList","@id":"https:\/\/news.canadamotorjobs.com\/fr\/17-septembre-1854-naissance-de-david-dunbar-buick\/#breadcrumb","itemListElement":[{"@type":"ListItem","position":1,"name":"Home","item":"https:\/\/news.canadamotorjobs.com\/fr\/blog\/"},{"@type":"ListItem","position":2,"name":"17 septembre 1854: Naissance de David Dunbar Buick"}]},{"@type":"WebSite","@id":"https:\/\/news.canadamotorjobs.com\/#website","url":"https:\/\/news.canadamotorjobs.com\/","name":"CanadaMotorJobs.com","description":"Automotive Jobs","publisher":{"@id":"https:\/\/news.canadamotorjobs.com\/#organization"},"potentialAction":[{"@type":"SearchAction","target":{"@type":"EntryPoint","urlTemplate":"https:\/\/news.canadamotorjobs.com\/?s={search_term_string}"},"query-input":"required name=search_term_string"}],"inLanguage":"fr-CA"},{"@type":"Organization","@id":"https:\/\/news.canadamotorjobs.com\/#organization","name":"Canada Motor Jobs","url":"https:\/\/news.canadamotorjobs.com\/","logo":{"@type":"ImageObject","inLanguage":"fr-CA","@id":"https:\/\/news.canadamotorjobs.com\/#\/schema\/logo\/image\/","url":"https:\/\/news.canadamotorjobs.com\/wp-content\/uploads\/2022\/10\/logo-canada-motor-jobs-1.png","contentUrl":"https:\/\/news.canadamotorjobs.com\/wp-content\/uploads\/2022\/10\/logo-canada-motor-jobs-1.png","width":800,"height":400,"caption":"Canada Motor Jobs"},"image":{"@id":"https:\/\/news.canadamotorjobs.com\/#\/schema\/logo\/image\/"},"sameAs":["https:\/\/www.facebook.com\/canadamotorjobs\/","https:\/\/x.com\/canadamotorjobs","https:\/\/www.instagram.com\/canadamotorjobs\/","https:\/\/www.linkedin.com\/company\/canadamotorjobs"]},{"@type":"Person","@id":"https:\/\/news.canadamotorjobs.com\/#\/schema\/person\/51793d1f87d44011d7bcc2ed99269a90","name":"Benoit Charette","image":{"@type":"ImageObject","inLanguage":"fr-CA","@id":"https:\/\/news.canadamotorjobs.com\/#\/schema\/person\/image\/","url":"https:\/\/secure.gravatar.com\/avatar\/45f3d2eebcccd909668d7ce7ea7267b6?s=96&d=mm&r=g","contentUrl":"https:\/\/secure.gravatar.com\/avatar\/45f3d2eebcccd909668d7ce7ea7267b6?s=96&d=mm&r=g","caption":"Benoit Charette"},"description":"Benoit Charette \/ Propri\u00e9taire et r\u00e9dacteur en chef Benoit Charette pratique le journalisme automobile depuis bient\u00f4t 30 ans. Il a fait ses classes au c\u00f4t\u00e9 de Daniel H\u00e9raud et au Carnet de route de 1992 \u00e0 2001. Il est fondateur, copropri\u00e9taire et r\u00e9dacteur en chef de L\u2019Annuel de l\u2019automobile, qu\u2019il publie depuis 2001. Il a anim\u00e9 les \u00e9missions RPM et RPM+ sur V et les L\u00e9gendes de la route sur Historia. \u00c0 la radio depuis 1986, il reprend l\u2019antenne cette ann\u00e9e sur les ondes de Cogeco et participe pour la deuxi\u00e8me ann\u00e9e \u00e0 l\u2019\u00e9mission Passion Auto sur RDS en plus de mettre en ligne le site Web officiel de L\u2019Annuel de l\u2019automobile sur annuelauto.ca.","sameAs":["https:\/\/annuelauto.ca\/"],"url":"https:\/\/news.canadamotorjobs.com\/fr\/author\/benoit-charette\/"}]}},"_links":{"self":[{"href":"https:\/\/news.canadamotorjobs.com\/fr\/wp-json\/wp\/v2\/posts\/47581"}],"collection":[{"href":"https:\/\/news.canadamotorjobs.com\/fr\/wp-json\/wp\/v2\/posts"}],"about":[{"href":"https:\/\/news.canadamotorjobs.com\/fr\/wp-json\/wp\/v2\/types\/post"}],"author":[{"embeddable":true,"href":"https:\/\/news.canadamotorjobs.com\/fr\/wp-json\/wp\/v2\/users\/8"}],"replies":[{"embeddable":true,"href":"https:\/\/news.canadamotorjobs.com\/fr\/wp-json\/wp\/v2\/comments?post=47581"}],"version-history":[{"count":0,"href":"https:\/\/news.canadamotorjobs.com\/fr\/wp-json\/wp\/v2\/posts\/47581\/revisions"}],"wp:featuredmedia":[{"embeddable":true,"href":"https:\/\/news.canadamotorjobs.com\/fr\/wp-json\/wp\/v2\/media\/47585"}],"wp:attachment":[{"href":"https:\/\/news.canadamotorjobs.com\/fr\/wp-json\/wp\/v2\/media?parent=47581"}],"wp:term":[{"taxonomy":"category","embeddable":true,"href":"https:\/\/news.canadamotorjobs.com\/fr\/wp-json\/wp\/v2\/categories?post=47581"},{"taxonomy":"post_tag","embeddable":true,"href":"https:\/\/news.canadamotorjobs.com\/fr\/wp-json\/wp\/v2\/tags?post=47581"}],"curies":[{"name":"wp","href":"https:\/\/api.w.org\/{rel}","templated":true}]}}