{"id":44945,"date":"2022-09-16T10:45:10","date_gmt":"2022-09-16T14:45:10","guid":{"rendered":"https:\/\/blog.canadamotorjobs.com\/le-prix-du-lithium-a-triple-depuis-un-an\/"},"modified":"2022-09-16T12:19:29","modified_gmt":"2022-09-16T16:19:29","slug":"le-prix-du-lithium-a-triple-depuis-un-an","status":"publish","type":"post","link":"https:\/\/news.canadamotorjobs.com\/fr\/le-prix-du-lithium-a-triple-depuis-un-an\/","title":{"rendered":"Le prix du lithium a tripl\u00e9 depuis un an"},"content":{"rendered":"<p>La tonne de carbonate de Lithium qui se vendait un peu plus de 20 000\u00a0$ la tonne en janvier 2021 se vend autour de 71 000\u00a0$. Les prix ont plus que tripl\u00e9 au cours de l&#8217;ann\u00e9e \u00e9coul\u00e9e, gonflant le co\u00fbt des batteries utilis\u00e9es dans les v\u00e9hicules \u00e9lectriques.<\/p>\n<h3>Une demande qui continue de grimper<\/h3>\n<p>La transition mondiale vers les v\u00e9hicules \u00e9lectriques met beaucoup de pression sur les producteurs de lithium et l\u2019industrie mondiale pr\u00e9voit que la demande en lithium va tripler au cours des trois prochaines ann\u00e9es. \u00c0 elle seule, la Chine pr\u00e9voit des ventes de six millions de v\u00e9hicules \u00e9lectriques pour 2022, soit le double de 2021.<\/p>\n<h3>On cherche \u00e0 stabiliser les prix<\/h3>\n<p>Pour rendre le v\u00e9hicule \u00e9lectrique accessible \u00e0 un grand nombre de personnes, les prix des mati\u00e8res premi\u00e8res doivent \u00eatre abordables. La Chine a tenu une r\u00e9union pour examiner l&#8217;\u00e9volution de la situation et a demand\u00e9 cette semaine aux principales entreprises de contribuer \u00e0 la stabilisation des prix, selon le minist\u00e8re de l&#8217;Industrie et des technologies de l&#8217;information.<\/p>\n<h3>L\u2019industrie automobile inqui\u00e8te<\/h3>\n<p>Les fabricants de batteries et l&#8217;industrie automobile se sont empress\u00e9s&#8230;<\/p>\n","protected":false},"excerpt":{"rendered":"<p>La tonne de carbonate de Lithium qui se vendait un peu plus de 20 000\u00a0$ la tonne en janvier 2021 se vend autour de 71 000\u00a0$. Les prix ont plus que tripl\u00e9 au cours de l&#8217;ann\u00e9e \u00e9coul\u00e9e, gonflant le co\u00fbt des batteries utilis\u00e9es dans les v\u00e9hicules \u00e9lectriques. Une demande qui continue de grimper La transition [&hellip;]<\/p>\n","protected":false},"author":8,"featured_media":44949,"comment_status":"close","ping_status":"closed","sticky":false,"template":"","format":"standard","meta":{"_monsterinsights_skip_tracking":false,"_monsterinsights_sitenote_active":false,"_monsterinsights_sitenote_note":"","_monsterinsights_sitenote_category":0,"footnotes":""},"categories":[101],"tags":[131],"yoast_head":"<!-- This site is optimized with the Yoast SEO plugin v23.2 - https:\/\/yoast.com\/wordpress\/plugins\/seo\/ -->\n<title>Le prix du lithium a tripl\u00e9 depuis un an - CanadaMotorJobs.com<\/title>\n<meta name=\"description\" content=\"Le prix du lithium a tripl\u00e9 depuis un an - Benoit Charette - Annuel automobile - CanadaMotorJobs.com.\" \/>\n<meta name=\"robots\" content=\"index, follow, max-snippet:-1, max-image-preview:large, max-video-preview:-1\" \/>\n<meta property=\"og:locale\" content=\"fr_CA\" \/>\n<meta property=\"og:type\" content=\"article\" \/>\n<meta property=\"og:title\" content=\"Le prix du lithium a tripl\u00e9 depuis un an - CanadaMotorJobs.com\" \/>\n<meta property=\"og:description\" content=\"Le prix du lithium a tripl\u00e9 depuis un an - Benoit Charette - Annuel automobile - CanadaMotorJobs.com.\" \/>\n<meta property=\"og:url\" content=\"https:\/\/news.canadamotorjobs.com\/fr\/le-prix-du-lithium-a-triple-depuis-un-an\/\" \/>\n<meta property=\"og:site_name\" content=\"CanadaMotorJobs.com\" \/>\n<meta property=\"article:publisher\" content=\"https:\/\/www.facebook.com\/canadamotorjobs\/\" \/>\n<meta property=\"article:published_time\" content=\"2022-09-16T14:45:10+00:00\" \/>\n<meta property=\"article:modified_time\" content=\"2022-09-16T16:19:29+00:00\" \/>\n<meta property=\"og:image\" content=\"https:\/\/news.canadamotorjobs.com\/wp-content\/uploads\/2022\/09\/licarbonate-small.v1-1.jpg\" \/>\n\t<meta property=\"og:image:width\" content=\"925\" \/>\n\t<meta property=\"og:image:height\" content=\"616\" \/>\n\t<meta property=\"og:image:type\" content=\"image\/jpeg\" \/>\n<meta name=\"author\" content=\"Benoit Charette\" \/>\n<meta name=\"twitter:card\" content=\"summary_large_image\" \/>\n<meta name=\"twitter:creator\" content=\"@canadamotorjobs\" \/>\n<meta name=\"twitter:site\" content=\"@canadamotorjobs\" \/>\n<meta name=\"twitter:label1\" content=\"\u00c9crit par\" \/>\n\t<meta name=\"twitter:data1\" content=\"Benoit Charette\" \/>\n\t<meta name=\"twitter:label2\" content=\"Estimation du temps de lecture\" \/>\n\t<meta name=\"twitter:data2\" content=\"1 minute\" \/>\n<!-- \/ Yoast SEO plugin. -->","yoast_head_json":{"title":"Le prix du lithium a tripl\u00e9 depuis un an - CanadaMotorJobs.com","description":"Le prix du lithium a tripl\u00e9 depuis un an - Benoit Charette - Annuel automobile - CanadaMotorJobs.com.","robots":{"index":"index","follow":"follow","max-snippet":"max-snippet:-1","max-image-preview":"max-image-preview:large","max-video-preview":"max-video-preview:-1"},"og_locale":"fr_CA","og_type":"article","og_title":"Le prix du lithium a tripl\u00e9 depuis un an - CanadaMotorJobs.com","og_description":"Le prix du lithium a tripl\u00e9 depuis un an - Benoit Charette - Annuel automobile - CanadaMotorJobs.com.","og_url":"https:\/\/news.canadamotorjobs.com\/fr\/le-prix-du-lithium-a-triple-depuis-un-an\/","og_site_name":"CanadaMotorJobs.com","article_publisher":"https:\/\/www.facebook.com\/canadamotorjobs\/","article_published_time":"2022-09-16T14:45:10+00:00","article_modified_time":"2022-09-16T16:19:29+00:00","og_image":[{"width":925,"height":616,"url":"https:\/\/news.canadamotorjobs.com\/wp-content\/uploads\/2022\/09\/licarbonate-small.v1-1.jpg","type":"image\/jpeg"}],"author":"Benoit Charette","twitter_card":"summary_large_image","twitter_creator":"@canadamotorjobs","twitter_site":"@canadamotorjobs","twitter_misc":{"\u00c9crit par":"Benoit Charette","Estimation du temps de lecture":"1 minute"},"schema":{"@context":"https:\/\/schema.org","@graph":[{"@type":"Article","@id":"https:\/\/news.canadamotorjobs.com\/fr\/le-prix-du-lithium-a-triple-depuis-un-an\/#article","isPartOf":{"@id":"https:\/\/news.canadamotorjobs.com\/fr\/le-prix-du-lithium-a-triple-depuis-un-an\/"},"author":{"name":"Benoit Charette","@id":"https:\/\/news.canadamotorjobs.com\/#\/schema\/person\/51793d1f87d44011d7bcc2ed99269a90"},"headline":"Le prix du lithium a tripl\u00e9 depuis un an","datePublished":"2022-09-16T14:45:10+00:00","dateModified":"2022-09-16T16:19:29+00:00","mainEntityOfPage":{"@id":"https:\/\/news.canadamotorjobs.com\/fr\/le-prix-du-lithium-a-triple-depuis-un-an\/"},"wordCount":205,"publisher":{"@id":"https:\/\/news.canadamotorjobs.com\/#organization"},"image":{"@id":"https:\/\/news.canadamotorjobs.com\/fr\/le-prix-du-lithium-a-triple-depuis-un-an\/#primaryimage"},"thumbnailUrl":"https:\/\/news.canadamotorjobs.com\/wp-content\/uploads\/2022\/09\/licarbonate-small.v1-1.jpg","keywords":["Newsletter"],"articleSection":["Annuel automobile"],"inLanguage":"fr-CA"},{"@type":"WebPage","@id":"https:\/\/news.canadamotorjobs.com\/fr\/le-prix-du-lithium-a-triple-depuis-un-an\/","url":"https:\/\/news.canadamotorjobs.com\/fr\/le-prix-du-lithium-a-triple-depuis-un-an\/","name":"Le prix du lithium a tripl\u00e9 depuis un an - CanadaMotorJobs.com","isPartOf":{"@id":"https:\/\/news.canadamotorjobs.com\/#website"},"primaryImageOfPage":{"@id":"https:\/\/news.canadamotorjobs.com\/fr\/le-prix-du-lithium-a-triple-depuis-un-an\/#primaryimage"},"image":{"@id":"https:\/\/news.canadamotorjobs.com\/fr\/le-prix-du-lithium-a-triple-depuis-un-an\/#primaryimage"},"thumbnailUrl":"https:\/\/news.canadamotorjobs.com\/wp-content\/uploads\/2022\/09\/licarbonate-small.v1-1.jpg","datePublished":"2022-09-16T14:45:10+00:00","dateModified":"2022-09-16T16:19:29+00:00","description":"Le prix du lithium a tripl\u00e9 depuis un an - Benoit Charette - Annuel automobile - CanadaMotorJobs.com.","breadcrumb":{"@id":"https:\/\/news.canadamotorjobs.com\/fr\/le-prix-du-lithium-a-triple-depuis-un-an\/#breadcrumb"},"inLanguage":"fr-CA","potentialAction":[{"@type":"ReadAction","target":["https:\/\/news.canadamotorjobs.com\/fr\/le-prix-du-lithium-a-triple-depuis-un-an\/"]}]},{"@type":"ImageObject","inLanguage":"fr-CA","@id":"https:\/\/news.canadamotorjobs.com\/fr\/le-prix-du-lithium-a-triple-depuis-un-an\/#primaryimage","url":"https:\/\/news.canadamotorjobs.com\/wp-content\/uploads\/2022\/09\/licarbonate-small.v1-1.jpg","contentUrl":"https:\/\/news.canadamotorjobs.com\/wp-content\/uploads\/2022\/09\/licarbonate-small.v1-1.jpg","width":925,"height":616},{"@type":"BreadcrumbList","@id":"https:\/\/news.canadamotorjobs.com\/fr\/le-prix-du-lithium-a-triple-depuis-un-an\/#breadcrumb","itemListElement":[{"@type":"ListItem","position":1,"name":"Home","item":"https:\/\/news.canadamotorjobs.com\/fr\/blog\/"},{"@type":"ListItem","position":2,"name":"Le prix du lithium a tripl\u00e9 depuis un an"}]},{"@type":"WebSite","@id":"https:\/\/news.canadamotorjobs.com\/#website","url":"https:\/\/news.canadamotorjobs.com\/","name":"CanadaMotorJobs.com","description":"Automotive Jobs","publisher":{"@id":"https:\/\/news.canadamotorjobs.com\/#organization"},"potentialAction":[{"@type":"SearchAction","target":{"@type":"EntryPoint","urlTemplate":"https:\/\/news.canadamotorjobs.com\/?s={search_term_string}"},"query-input":"required name=search_term_string"}],"inLanguage":"fr-CA"},{"@type":"Organization","@id":"https:\/\/news.canadamotorjobs.com\/#organization","name":"Canada Motor Jobs","url":"https:\/\/news.canadamotorjobs.com\/","logo":{"@type":"ImageObject","inLanguage":"fr-CA","@id":"https:\/\/news.canadamotorjobs.com\/#\/schema\/logo\/image\/","url":"https:\/\/news.canadamotorjobs.com\/wp-content\/uploads\/2022\/10\/logo-canada-motor-jobs-1.png","contentUrl":"https:\/\/news.canadamotorjobs.com\/wp-content\/uploads\/2022\/10\/logo-canada-motor-jobs-1.png","width":800,"height":400,"caption":"Canada Motor Jobs"},"image":{"@id":"https:\/\/news.canadamotorjobs.com\/#\/schema\/logo\/image\/"},"sameAs":["https:\/\/www.facebook.com\/canadamotorjobs\/","https:\/\/x.com\/canadamotorjobs","https:\/\/www.instagram.com\/canadamotorjobs\/","https:\/\/www.linkedin.com\/company\/canadamotorjobs"]},{"@type":"Person","@id":"https:\/\/news.canadamotorjobs.com\/#\/schema\/person\/51793d1f87d44011d7bcc2ed99269a90","name":"Benoit Charette","image":{"@type":"ImageObject","inLanguage":"fr-CA","@id":"https:\/\/news.canadamotorjobs.com\/#\/schema\/person\/image\/","url":"https:\/\/secure.gravatar.com\/avatar\/45f3d2eebcccd909668d7ce7ea7267b6?s=96&d=mm&r=g","contentUrl":"https:\/\/secure.gravatar.com\/avatar\/45f3d2eebcccd909668d7ce7ea7267b6?s=96&d=mm&r=g","caption":"Benoit Charette"},"description":"Benoit Charette \/ Propri\u00e9taire et r\u00e9dacteur en chef Benoit Charette pratique le journalisme automobile depuis bient\u00f4t 30 ans. Il a fait ses classes au c\u00f4t\u00e9 de Daniel H\u00e9raud et au Carnet de route de 1992 \u00e0 2001. Il est fondateur, copropri\u00e9taire et r\u00e9dacteur en chef de L\u2019Annuel de l\u2019automobile, qu\u2019il publie depuis 2001. Il a anim\u00e9 les \u00e9missions RPM et RPM+ sur V et les L\u00e9gendes de la route sur Historia. \u00c0 la radio depuis 1986, il reprend l\u2019antenne cette ann\u00e9e sur les ondes de Cogeco et participe pour la deuxi\u00e8me ann\u00e9e \u00e0 l\u2019\u00e9mission Passion Auto sur RDS en plus de mettre en ligne le site Web officiel de L\u2019Annuel de l\u2019automobile sur annuelauto.ca.","sameAs":["https:\/\/annuelauto.ca\/"],"url":"https:\/\/news.canadamotorjobs.com\/fr\/author\/benoit-charette\/"}]}},"_links":{"self":[{"href":"https:\/\/news.canadamotorjobs.com\/fr\/wp-json\/wp\/v2\/posts\/44945"}],"collection":[{"href":"https:\/\/news.canadamotorjobs.com\/fr\/wp-json\/wp\/v2\/posts"}],"about":[{"href":"https:\/\/news.canadamotorjobs.com\/fr\/wp-json\/wp\/v2\/types\/post"}],"author":[{"embeddable":true,"href":"https:\/\/news.canadamotorjobs.com\/fr\/wp-json\/wp\/v2\/users\/8"}],"replies":[{"embeddable":true,"href":"https:\/\/news.canadamotorjobs.com\/fr\/wp-json\/wp\/v2\/comments?post=44945"}],"version-history":[{"count":0,"href":"https:\/\/news.canadamotorjobs.com\/fr\/wp-json\/wp\/v2\/posts\/44945\/revisions"}],"wp:featuredmedia":[{"embeddable":true,"href":"https:\/\/news.canadamotorjobs.com\/fr\/wp-json\/wp\/v2\/media\/44949"}],"wp:attachment":[{"href":"https:\/\/news.canadamotorjobs.com\/fr\/wp-json\/wp\/v2\/media?parent=44945"}],"wp:term":[{"taxonomy":"category","embeddable":true,"href":"https:\/\/news.canadamotorjobs.com\/fr\/wp-json\/wp\/v2\/categories?post=44945"},{"taxonomy":"post_tag","embeddable":true,"href":"https:\/\/news.canadamotorjobs.com\/fr\/wp-json\/wp\/v2\/tags?post=44945"}],"curies":[{"name":"wp","href":"https:\/\/api.w.org\/{rel}","templated":true}]}}