{"id":44897,"date":"2022-09-16T08:36:57","date_gmt":"2022-09-16T12:36:57","guid":{"rendered":"https:\/\/blog.canadamotorjobs.com\/la-chrysler-300c-2023-sest-vendue-en-12-heures\/"},"modified":"2022-09-16T08:43:47","modified_gmt":"2022-09-16T12:43:47","slug":"la-chrysler-300c-2023-sest-vendue-en-12-heures","status":"publish","type":"post","link":"https:\/\/news.canadamotorjobs.com\/fr\/la-chrysler-300c-2023-sest-vendue-en-12-heures\/","title":{"rendered":"La Chrysler 300C 2023 s\u2019est vendue en 12 heures"},"content":{"rendered":"<\/p>\n<p>Il y a trois jours seulement, Stellantis annon\u00e7ait la derni\u00e8re Chrysler 300C avec moteur 6,4 litres et 485 chevaux pour 2023. Seulement 2 000 unit\u00e9s seront livr\u00e9es aux \u00c9tats-Unis et 200 autres au Canada. Une page d\u00e9di\u00e9e a \u00e9t\u00e9 mise en ligne sur le site Web de la soci\u00e9t\u00e9, permettant aux personnes int\u00e9ress\u00e9es d&#8217;en r\u00e9clamer une. Il aura fallu seulement 12 heures pour vendre toutes les voitures.<br \/> Le lien est toujours actif<br \/> Ce lien est toujours actif, car m\u00eame si toutes les r\u00e9servations ont trouv\u00e9 preneurs, vous pouvez vous inscrire sur une liste d&#8217;attente pour obtenir une voiture. La voiture \u00e9tait propos\u00e9e en blanc brillant, rouge velours et noir brillant, avec des \u00e9triers de frein Brembo rouges et un nouvel insigne 300C tricolore.<br \/> Le chant du cygne<br \/> La 300C est la derni\u00e8re grande berline \u00e0 essence de Chrysler, qui sera retir\u00e9e du march\u00e9 apr\u00e8s l&#8217;ann\u00e9e mod\u00e8le 2023. Cette version haute performance sera livr\u00e9e aux clients au printemps prochain. D\u2019autres mod\u00e8les de la 300 sont toujours disponibles pour la derni\u00e8re ann\u00e9e et demeurent pratiquement inchang\u00e9s, bien que le niveau de finition Touring d&#8217;entr\u00e9e de gamme puisse d\u00e9sormais \u00eatre \u00e9quip\u00e9 en option du groupe SafeyTec Plus. Ce groupe comprend les essuie-glaces automatiques, l&#8217;aide au stationnement avant et arri\u00e8re, les feux de route automatiques, le r\u00e9gulateur de vitesse adaptatif et l&#8217;alerte de collision avant avec freinage actif. Chrysler y ajoute un syst\u00e8me audio Alpine \u00e0 six haut-parleurs avec un amplificateur de 276 watts.<br \/> Le dernier gros V8<br \/> En passant \u00e0 la 300C, vous<\/p>\n","protected":false},"excerpt":{"rendered":"<p>Il y a trois jours seulement, Stellantis annon\u00e7ait la derni\u00e8re Chrysler 300C avec moteur 6,4 litres et 485 chevaux pour 2023. Seulement 2 000 unit\u00e9s seront livr\u00e9es aux \u00c9tats-Unis et 200 autres au Canada. Une page d\u00e9di\u00e9e a \u00e9t\u00e9 mise en ligne sur le site Web de la soci\u00e9t\u00e9, permettant aux personnes int\u00e9ress\u00e9es d&#8217;en r\u00e9clamer [&hellip;]<\/p>\n","protected":false},"author":8,"featured_media":44901,"comment_status":"close","ping_status":"closed","sticky":false,"template":"","format":"standard","meta":{"_monsterinsights_skip_tracking":false,"_monsterinsights_sitenote_active":false,"_monsterinsights_sitenote_note":"","_monsterinsights_sitenote_category":0,"footnotes":""},"categories":[101],"tags":[],"yoast_head":"<!-- This site is optimized with the Yoast SEO plugin v23.2 - https:\/\/yoast.com\/wordpress\/plugins\/seo\/ -->\n<title>La Chrysler 300C 2023 s\u2019est vendue en 12 heures - CanadaMotorJobs.com<\/title>\n<meta name=\"description\" content=\"La Chrysler 300C 2023 s\u2019est vendue en 12 heures - Benoit Charette - Annuel automobile - CanadaMotorJobs.com.\" \/>\n<meta name=\"robots\" content=\"index, follow, max-snippet:-1, max-image-preview:large, max-video-preview:-1\" \/>\n<meta property=\"og:locale\" content=\"fr_CA\" \/>\n<meta property=\"og:type\" content=\"article\" \/>\n<meta property=\"og:title\" content=\"La Chrysler 300C 2023 s\u2019est vendue en 12 heures - CanadaMotorJobs.com\" \/>\n<meta property=\"og:description\" content=\"La Chrysler 300C 2023 s\u2019est vendue en 12 heures - Benoit Charette - Annuel automobile - CanadaMotorJobs.com.\" \/>\n<meta property=\"og:url\" content=\"https:\/\/news.canadamotorjobs.com\/fr\/la-chrysler-300c-2023-sest-vendue-en-12-heures\/\" \/>\n<meta property=\"og:site_name\" content=\"CanadaMotorJobs.com\" \/>\n<meta property=\"article:publisher\" content=\"https:\/\/www.facebook.com\/canadamotorjobs\/\" \/>\n<meta property=\"article:published_time\" content=\"2022-09-16T12:36:57+00:00\" \/>\n<meta property=\"article:modified_time\" content=\"2022-09-16T12:43:47+00:00\" \/>\n<meta property=\"og:image\" content=\"https:\/\/news.canadamotorjobs.com\/wp-content\/uploads\/2022\/09\/2023-Chrysler-300C-scaled-1-1.jpg\" \/>\n\t<meta property=\"og:image:width\" content=\"2560\" \/>\n\t<meta property=\"og:image:height\" content=\"1553\" \/>\n\t<meta property=\"og:image:type\" content=\"image\/jpeg\" \/>\n<meta name=\"author\" content=\"Benoit Charette\" \/>\n<meta name=\"twitter:card\" content=\"summary_large_image\" \/>\n<meta name=\"twitter:creator\" content=\"@canadamotorjobs\" \/>\n<meta name=\"twitter:site\" content=\"@canadamotorjobs\" \/>\n<meta name=\"twitter:label1\" content=\"\u00c9crit par\" \/>\n\t<meta name=\"twitter:data1\" content=\"Benoit Charette\" \/>\n\t<meta name=\"twitter:label2\" content=\"Estimation du temps de lecture\" \/>\n\t<meta name=\"twitter:data2\" content=\"1 minute\" \/>\n<!-- \/ Yoast SEO plugin. -->","yoast_head_json":{"title":"La Chrysler 300C 2023 s\u2019est vendue en 12 heures - CanadaMotorJobs.com","description":"La Chrysler 300C 2023 s\u2019est vendue en 12 heures - Benoit Charette - Annuel automobile - CanadaMotorJobs.com.","robots":{"index":"index","follow":"follow","max-snippet":"max-snippet:-1","max-image-preview":"max-image-preview:large","max-video-preview":"max-video-preview:-1"},"og_locale":"fr_CA","og_type":"article","og_title":"La Chrysler 300C 2023 s\u2019est vendue en 12 heures - CanadaMotorJobs.com","og_description":"La Chrysler 300C 2023 s\u2019est vendue en 12 heures - Benoit Charette - Annuel automobile - CanadaMotorJobs.com.","og_url":"https:\/\/news.canadamotorjobs.com\/fr\/la-chrysler-300c-2023-sest-vendue-en-12-heures\/","og_site_name":"CanadaMotorJobs.com","article_publisher":"https:\/\/www.facebook.com\/canadamotorjobs\/","article_published_time":"2022-09-16T12:36:57+00:00","article_modified_time":"2022-09-16T12:43:47+00:00","og_image":[{"width":2560,"height":1553,"url":"https:\/\/news.canadamotorjobs.com\/wp-content\/uploads\/2022\/09\/2023-Chrysler-300C-scaled-1-1.jpg","type":"image\/jpeg"}],"author":"Benoit Charette","twitter_card":"summary_large_image","twitter_creator":"@canadamotorjobs","twitter_site":"@canadamotorjobs","twitter_misc":{"\u00c9crit par":"Benoit Charette","Estimation du temps de lecture":"1 minute"},"schema":{"@context":"https:\/\/schema.org","@graph":[{"@type":"Article","@id":"https:\/\/news.canadamotorjobs.com\/fr\/la-chrysler-300c-2023-sest-vendue-en-12-heures\/#article","isPartOf":{"@id":"https:\/\/news.canadamotorjobs.com\/fr\/la-chrysler-300c-2023-sest-vendue-en-12-heures\/"},"author":{"name":"Benoit Charette","@id":"https:\/\/news.canadamotorjobs.com\/#\/schema\/person\/51793d1f87d44011d7bcc2ed99269a90"},"headline":"La Chrysler 300C 2023 s\u2019est vendue en 12 heures","datePublished":"2022-09-16T12:36:57+00:00","dateModified":"2022-09-16T12:43:47+00:00","mainEntityOfPage":{"@id":"https:\/\/news.canadamotorjobs.com\/fr\/la-chrysler-300c-2023-sest-vendue-en-12-heures\/"},"wordCount":280,"publisher":{"@id":"https:\/\/news.canadamotorjobs.com\/#organization"},"image":{"@id":"https:\/\/news.canadamotorjobs.com\/fr\/la-chrysler-300c-2023-sest-vendue-en-12-heures\/#primaryimage"},"thumbnailUrl":"https:\/\/news.canadamotorjobs.com\/wp-content\/uploads\/2022\/09\/2023-Chrysler-300C-scaled-1-1.jpg","articleSection":["Annuel automobile"],"inLanguage":"fr-CA"},{"@type":"WebPage","@id":"https:\/\/news.canadamotorjobs.com\/fr\/la-chrysler-300c-2023-sest-vendue-en-12-heures\/","url":"https:\/\/news.canadamotorjobs.com\/fr\/la-chrysler-300c-2023-sest-vendue-en-12-heures\/","name":"La Chrysler 300C 2023 s\u2019est vendue en 12 heures - CanadaMotorJobs.com","isPartOf":{"@id":"https:\/\/news.canadamotorjobs.com\/#website"},"primaryImageOfPage":{"@id":"https:\/\/news.canadamotorjobs.com\/fr\/la-chrysler-300c-2023-sest-vendue-en-12-heures\/#primaryimage"},"image":{"@id":"https:\/\/news.canadamotorjobs.com\/fr\/la-chrysler-300c-2023-sest-vendue-en-12-heures\/#primaryimage"},"thumbnailUrl":"https:\/\/news.canadamotorjobs.com\/wp-content\/uploads\/2022\/09\/2023-Chrysler-300C-scaled-1-1.jpg","datePublished":"2022-09-16T12:36:57+00:00","dateModified":"2022-09-16T12:43:47+00:00","description":"La Chrysler 300C 2023 s\u2019est vendue en 12 heures - Benoit Charette - Annuel automobile - CanadaMotorJobs.com.","breadcrumb":{"@id":"https:\/\/news.canadamotorjobs.com\/fr\/la-chrysler-300c-2023-sest-vendue-en-12-heures\/#breadcrumb"},"inLanguage":"fr-CA","potentialAction":[{"@type":"ReadAction","target":["https:\/\/news.canadamotorjobs.com\/fr\/la-chrysler-300c-2023-sest-vendue-en-12-heures\/"]}]},{"@type":"ImageObject","inLanguage":"fr-CA","@id":"https:\/\/news.canadamotorjobs.com\/fr\/la-chrysler-300c-2023-sest-vendue-en-12-heures\/#primaryimage","url":"https:\/\/news.canadamotorjobs.com\/wp-content\/uploads\/2022\/09\/2023-Chrysler-300C-scaled-1-1.jpg","contentUrl":"https:\/\/news.canadamotorjobs.com\/wp-content\/uploads\/2022\/09\/2023-Chrysler-300C-scaled-1-1.jpg","width":2560,"height":1553},{"@type":"BreadcrumbList","@id":"https:\/\/news.canadamotorjobs.com\/fr\/la-chrysler-300c-2023-sest-vendue-en-12-heures\/#breadcrumb","itemListElement":[{"@type":"ListItem","position":1,"name":"Home","item":"https:\/\/news.canadamotorjobs.com\/fr\/blog\/"},{"@type":"ListItem","position":2,"name":"La Chrysler 300C 2023 s\u2019est vendue en 12 heures"}]},{"@type":"WebSite","@id":"https:\/\/news.canadamotorjobs.com\/#website","url":"https:\/\/news.canadamotorjobs.com\/","name":"CanadaMotorJobs.com","description":"Automotive Jobs","publisher":{"@id":"https:\/\/news.canadamotorjobs.com\/#organization"},"potentialAction":[{"@type":"SearchAction","target":{"@type":"EntryPoint","urlTemplate":"https:\/\/news.canadamotorjobs.com\/?s={search_term_string}"},"query-input":"required name=search_term_string"}],"inLanguage":"fr-CA"},{"@type":"Organization","@id":"https:\/\/news.canadamotorjobs.com\/#organization","name":"Canada Motor Jobs","url":"https:\/\/news.canadamotorjobs.com\/","logo":{"@type":"ImageObject","inLanguage":"fr-CA","@id":"https:\/\/news.canadamotorjobs.com\/#\/schema\/logo\/image\/","url":"https:\/\/news.canadamotorjobs.com\/wp-content\/uploads\/2022\/10\/logo-canada-motor-jobs-1.png","contentUrl":"https:\/\/news.canadamotorjobs.com\/wp-content\/uploads\/2022\/10\/logo-canada-motor-jobs-1.png","width":800,"height":400,"caption":"Canada Motor Jobs"},"image":{"@id":"https:\/\/news.canadamotorjobs.com\/#\/schema\/logo\/image\/"},"sameAs":["https:\/\/www.facebook.com\/canadamotorjobs\/","https:\/\/x.com\/canadamotorjobs","https:\/\/www.instagram.com\/canadamotorjobs\/","https:\/\/www.linkedin.com\/company\/canadamotorjobs"]},{"@type":"Person","@id":"https:\/\/news.canadamotorjobs.com\/#\/schema\/person\/51793d1f87d44011d7bcc2ed99269a90","name":"Benoit Charette","image":{"@type":"ImageObject","inLanguage":"fr-CA","@id":"https:\/\/news.canadamotorjobs.com\/#\/schema\/person\/image\/","url":"https:\/\/secure.gravatar.com\/avatar\/45f3d2eebcccd909668d7ce7ea7267b6?s=96&d=mm&r=g","contentUrl":"https:\/\/secure.gravatar.com\/avatar\/45f3d2eebcccd909668d7ce7ea7267b6?s=96&d=mm&r=g","caption":"Benoit Charette"},"description":"Benoit Charette \/ Propri\u00e9taire et r\u00e9dacteur en chef Benoit Charette pratique le journalisme automobile depuis bient\u00f4t 30 ans. Il a fait ses classes au c\u00f4t\u00e9 de Daniel H\u00e9raud et au Carnet de route de 1992 \u00e0 2001. Il est fondateur, copropri\u00e9taire et r\u00e9dacteur en chef de L\u2019Annuel de l\u2019automobile, qu\u2019il publie depuis 2001. Il a anim\u00e9 les \u00e9missions RPM et RPM+ sur V et les L\u00e9gendes de la route sur Historia. \u00c0 la radio depuis 1986, il reprend l\u2019antenne cette ann\u00e9e sur les ondes de Cogeco et participe pour la deuxi\u00e8me ann\u00e9e \u00e0 l\u2019\u00e9mission Passion Auto sur RDS en plus de mettre en ligne le site Web officiel de L\u2019Annuel de l\u2019automobile sur annuelauto.ca.","sameAs":["https:\/\/annuelauto.ca\/"],"url":"https:\/\/news.canadamotorjobs.com\/fr\/author\/benoit-charette\/"}]}},"_links":{"self":[{"href":"https:\/\/news.canadamotorjobs.com\/fr\/wp-json\/wp\/v2\/posts\/44897"}],"collection":[{"href":"https:\/\/news.canadamotorjobs.com\/fr\/wp-json\/wp\/v2\/posts"}],"about":[{"href":"https:\/\/news.canadamotorjobs.com\/fr\/wp-json\/wp\/v2\/types\/post"}],"author":[{"embeddable":true,"href":"https:\/\/news.canadamotorjobs.com\/fr\/wp-json\/wp\/v2\/users\/8"}],"replies":[{"embeddable":true,"href":"https:\/\/news.canadamotorjobs.com\/fr\/wp-json\/wp\/v2\/comments?post=44897"}],"version-history":[{"count":0,"href":"https:\/\/news.canadamotorjobs.com\/fr\/wp-json\/wp\/v2\/posts\/44897\/revisions"}],"wp:featuredmedia":[{"embeddable":true,"href":"https:\/\/news.canadamotorjobs.com\/fr\/wp-json\/wp\/v2\/media\/44901"}],"wp:attachment":[{"href":"https:\/\/news.canadamotorjobs.com\/fr\/wp-json\/wp\/v2\/media?parent=44897"}],"wp:term":[{"taxonomy":"category","embeddable":true,"href":"https:\/\/news.canadamotorjobs.com\/fr\/wp-json\/wp\/v2\/categories?post=44897"},{"taxonomy":"post_tag","embeddable":true,"href":"https:\/\/news.canadamotorjobs.com\/fr\/wp-json\/wp\/v2\/tags?post=44897"}],"curies":[{"name":"wp","href":"https:\/\/api.w.org\/{rel}","templated":true}]}}