{"id":44599,"date":"2022-09-15T04:37:58","date_gmt":"2022-09-15T08:37:58","guid":{"rendered":"https:\/\/blog.canadamotorjobs.com\/les-autos-et-le-carburant-couteront-encore-plus-cher-cet-automne\/"},"modified":"2022-09-15T12:43:52","modified_gmt":"2022-09-15T16:43:52","slug":"les-autos-et-le-carburant-couteront-encore-plus-cher-cet-automne","status":"publish","type":"post","link":"https:\/\/news.canadamotorjobs.com\/fr\/les-autos-et-le-carburant-couteront-encore-plus-cher-cet-automne\/","title":{"rendered":"Les autos et le carburant co\u00fbteront encore plus cher cet automne"},"content":{"rendered":"<p>D\u00e9sol\u00e9 si \u00e7a sonne comme un vieux refrain. \u00c7a dure d\u00e9j\u00e0 depuis plusieurs mois, et on peut m\u00eame parler d\u2019ann\u00e9es \u00e0 ce stade-ci, et m\u00eame si on assiste \u00e0 un certain r\u00e9pit ces jours-ci, il semble que ce ne soit pas termin\u00e9 pour autant\u00a0: le prix des autos neuves et du carburant pourrait encore repartir en hausse cet automne. Sauf que cette fois-l\u00e0, la raison est tout autre que la guerre en Ukraine, les caprices de la Chine ou la pand\u00e9mie de Covid.<\/p>\n<p>C\u2019est qu\u2019une importante gr\u00e8ve se pr\u00e9pare dans le secteur ferroviaire aux \u00c9tats-Unis. Et d\u00e9j\u00e0, les soci\u00e9t\u00e9s de transport ont commenc\u00e9 \u00e0 revoir leurs plans pour transporter du p\u00e9trole, des c\u00e9r\u00e9ales et des composants devant aller dans l\u2019assemblage de v\u00e9hicules neufs. Et comme on anticipe une lutte qui pourrait s\u2019\u00e9tirer, ce qu\u2019on entend du c\u00f4t\u00e9 des m\u00e9dias am\u00e9ricains, c\u2019est que les transporteurs auraient d\u00e9j\u00e0 commenc\u00e9 \u00e0 prioriser la livraison de biens p\u00e9rissables, comme les c\u00e9r\u00e9ales et les aliments, plut\u00f4t que les biens industriels et p\u00e9troliers.<\/p>\n<p>Autrement dit, \u00e7a se peut bien que l\u2019approvisionnement en carburant et en v\u00e9hicules neufs soit perturb\u00e9 dans plusieurs r\u00e9gions du continent au fil des prochains mois. On se croise les doigts, \u00e9tant donn\u00e9 que \u00e7a se peut que \u00e7a se r\u00e8gle rapidement. Le pr\u00e9sident Joe Biden \u00e9tait de passage \u00e0 Detroit cette semaine pour voir le Salon de l\u2019auto, en partie, mais aussi pour essayer de rapprocher les patrons et les syndicats du secteur ferroviaire.<\/p>\n<p>Le plus gros de l\u2019industrie<\/p>\n","protected":false},"excerpt":{"rendered":"<p>D\u00e9sol\u00e9 si \u00e7a sonne comme un vieux refrain. \u00c7a dure d\u00e9j\u00e0 depuis plusieurs mois, et on peut m\u00eame parler d\u2019ann\u00e9es \u00e0 ce stade-ci, et m\u00eame si on assiste \u00e0 un certain r\u00e9pit ces jours-ci, il semble que ce ne soit pas termin\u00e9 pour autant\u00a0: le prix des autos neuves et du carburant pourrait encore repartir [&hellip;]<\/p>\n","protected":false},"author":8,"featured_media":44603,"comment_status":"close","ping_status":"closed","sticky":false,"template":"","format":"standard","meta":{"_monsterinsights_skip_tracking":false,"_monsterinsights_sitenote_active":false,"_monsterinsights_sitenote_note":"","_monsterinsights_sitenote_category":0,"footnotes":""},"categories":[101],"tags":[131],"yoast_head":"<!-- This site is optimized with the Yoast SEO plugin v23.2 - https:\/\/yoast.com\/wordpress\/plugins\/seo\/ -->\n<title>Les autos et le carburant co\u00fbteront encore plus cher cet automne - CanadaMotorJobs.com<\/title>\n<meta name=\"description\" content=\"Les autos et le carburant co\u00fbteront encore plus cher cet automne - Benoit Charette - Annuel automobile - CanadaMotorJobs.com.\" \/>\n<meta name=\"robots\" content=\"index, follow, max-snippet:-1, max-image-preview:large, max-video-preview:-1\" \/>\n<meta property=\"og:locale\" content=\"fr_CA\" \/>\n<meta property=\"og:type\" content=\"article\" \/>\n<meta property=\"og:title\" content=\"Les autos et le carburant co\u00fbteront encore plus cher cet automne - CanadaMotorJobs.com\" \/>\n<meta property=\"og:description\" content=\"Les autos et le carburant co\u00fbteront encore plus cher cet automne - Benoit Charette - Annuel automobile - CanadaMotorJobs.com.\" \/>\n<meta property=\"og:url\" content=\"https:\/\/news.canadamotorjobs.com\/fr\/les-autos-et-le-carburant-couteront-encore-plus-cher-cet-automne\/\" \/>\n<meta property=\"og:site_name\" content=\"CanadaMotorJobs.com\" \/>\n<meta property=\"article:publisher\" content=\"https:\/\/www.facebook.com\/canadamotorjobs\/\" \/>\n<meta property=\"article:published_time\" content=\"2022-09-15T08:37:58+00:00\" \/>\n<meta property=\"article:modified_time\" content=\"2022-09-15T16:43:52+00:00\" \/>\n<meta property=\"og:image\" content=\"https:\/\/news.canadamotorjobs.com\/wp-content\/uploads\/2022\/09\/DefaultSocialImage-1.jpg\" \/>\n\t<meta property=\"og:image:width\" content=\"1200\" \/>\n\t<meta property=\"og:image:height\" content=\"630\" \/>\n\t<meta property=\"og:image:type\" content=\"image\/jpeg\" \/>\n<meta name=\"author\" content=\"Benoit Charette\" \/>\n<meta name=\"twitter:card\" content=\"summary_large_image\" \/>\n<meta name=\"twitter:creator\" content=\"@canadamotorjobs\" \/>\n<meta name=\"twitter:site\" content=\"@canadamotorjobs\" \/>\n<meta name=\"twitter:label1\" content=\"\u00c9crit par\" \/>\n\t<meta name=\"twitter:data1\" content=\"Benoit Charette\" \/>\n\t<meta name=\"twitter:label2\" content=\"Estimation du temps de lecture\" \/>\n\t<meta name=\"twitter:data2\" content=\"2 minutes\" \/>\n<!-- \/ Yoast SEO plugin. -->","yoast_head_json":{"title":"Les autos et le carburant co\u00fbteront encore plus cher cet automne - CanadaMotorJobs.com","description":"Les autos et le carburant co\u00fbteront encore plus cher cet automne - Benoit Charette - Annuel automobile - CanadaMotorJobs.com.","robots":{"index":"index","follow":"follow","max-snippet":"max-snippet:-1","max-image-preview":"max-image-preview:large","max-video-preview":"max-video-preview:-1"},"og_locale":"fr_CA","og_type":"article","og_title":"Les autos et le carburant co\u00fbteront encore plus cher cet automne - CanadaMotorJobs.com","og_description":"Les autos et le carburant co\u00fbteront encore plus cher cet automne - Benoit Charette - Annuel automobile - CanadaMotorJobs.com.","og_url":"https:\/\/news.canadamotorjobs.com\/fr\/les-autos-et-le-carburant-couteront-encore-plus-cher-cet-automne\/","og_site_name":"CanadaMotorJobs.com","article_publisher":"https:\/\/www.facebook.com\/canadamotorjobs\/","article_published_time":"2022-09-15T08:37:58+00:00","article_modified_time":"2022-09-15T16:43:52+00:00","og_image":[{"width":1200,"height":630,"url":"https:\/\/news.canadamotorjobs.com\/wp-content\/uploads\/2022\/09\/DefaultSocialImage-1.jpg","type":"image\/jpeg"}],"author":"Benoit Charette","twitter_card":"summary_large_image","twitter_creator":"@canadamotorjobs","twitter_site":"@canadamotorjobs","twitter_misc":{"\u00c9crit par":"Benoit Charette","Estimation du temps de lecture":"2 minutes"},"schema":{"@context":"https:\/\/schema.org","@graph":[{"@type":"Article","@id":"https:\/\/news.canadamotorjobs.com\/fr\/les-autos-et-le-carburant-couteront-encore-plus-cher-cet-automne\/#article","isPartOf":{"@id":"https:\/\/news.canadamotorjobs.com\/fr\/les-autos-et-le-carburant-couteront-encore-plus-cher-cet-automne\/"},"author":{"name":"Benoit Charette","@id":"https:\/\/news.canadamotorjobs.com\/#\/schema\/person\/51793d1f87d44011d7bcc2ed99269a90"},"headline":"Les autos et le carburant co\u00fbteront encore plus cher cet automne","datePublished":"2022-09-15T08:37:58+00:00","dateModified":"2022-09-15T16:43:52+00:00","mainEntityOfPage":{"@id":"https:\/\/news.canadamotorjobs.com\/fr\/les-autos-et-le-carburant-couteront-encore-plus-cher-cet-automne\/"},"wordCount":293,"publisher":{"@id":"https:\/\/news.canadamotorjobs.com\/#organization"},"image":{"@id":"https:\/\/news.canadamotorjobs.com\/fr\/les-autos-et-le-carburant-couteront-encore-plus-cher-cet-automne\/#primaryimage"},"thumbnailUrl":"https:\/\/news.canadamotorjobs.com\/wp-content\/uploads\/2022\/09\/DefaultSocialImage-1.jpg","keywords":["Newsletter"],"articleSection":["Annuel automobile"],"inLanguage":"fr-CA"},{"@type":"WebPage","@id":"https:\/\/news.canadamotorjobs.com\/fr\/les-autos-et-le-carburant-couteront-encore-plus-cher-cet-automne\/","url":"https:\/\/news.canadamotorjobs.com\/fr\/les-autos-et-le-carburant-couteront-encore-plus-cher-cet-automne\/","name":"Les autos et le carburant co\u00fbteront encore plus cher cet automne - CanadaMotorJobs.com","isPartOf":{"@id":"https:\/\/news.canadamotorjobs.com\/#website"},"primaryImageOfPage":{"@id":"https:\/\/news.canadamotorjobs.com\/fr\/les-autos-et-le-carburant-couteront-encore-plus-cher-cet-automne\/#primaryimage"},"image":{"@id":"https:\/\/news.canadamotorjobs.com\/fr\/les-autos-et-le-carburant-couteront-encore-plus-cher-cet-automne\/#primaryimage"},"thumbnailUrl":"https:\/\/news.canadamotorjobs.com\/wp-content\/uploads\/2022\/09\/DefaultSocialImage-1.jpg","datePublished":"2022-09-15T08:37:58+00:00","dateModified":"2022-09-15T16:43:52+00:00","description":"Les autos et le carburant co\u00fbteront encore plus cher cet automne - Benoit Charette - Annuel automobile - CanadaMotorJobs.com.","breadcrumb":{"@id":"https:\/\/news.canadamotorjobs.com\/fr\/les-autos-et-le-carburant-couteront-encore-plus-cher-cet-automne\/#breadcrumb"},"inLanguage":"fr-CA","potentialAction":[{"@type":"ReadAction","target":["https:\/\/news.canadamotorjobs.com\/fr\/les-autos-et-le-carburant-couteront-encore-plus-cher-cet-automne\/"]}]},{"@type":"ImageObject","inLanguage":"fr-CA","@id":"https:\/\/news.canadamotorjobs.com\/fr\/les-autos-et-le-carburant-couteront-encore-plus-cher-cet-automne\/#primaryimage","url":"https:\/\/news.canadamotorjobs.com\/wp-content\/uploads\/2022\/09\/DefaultSocialImage-1.jpg","contentUrl":"https:\/\/news.canadamotorjobs.com\/wp-content\/uploads\/2022\/09\/DefaultSocialImage-1.jpg","width":1200,"height":630},{"@type":"BreadcrumbList","@id":"https:\/\/news.canadamotorjobs.com\/fr\/les-autos-et-le-carburant-couteront-encore-plus-cher-cet-automne\/#breadcrumb","itemListElement":[{"@type":"ListItem","position":1,"name":"Home","item":"https:\/\/news.canadamotorjobs.com\/fr\/blog\/"},{"@type":"ListItem","position":2,"name":"Les autos et le carburant co\u00fbteront encore plus cher cet automne"}]},{"@type":"WebSite","@id":"https:\/\/news.canadamotorjobs.com\/#website","url":"https:\/\/news.canadamotorjobs.com\/","name":"CanadaMotorJobs.com","description":"Automotive Jobs","publisher":{"@id":"https:\/\/news.canadamotorjobs.com\/#organization"},"potentialAction":[{"@type":"SearchAction","target":{"@type":"EntryPoint","urlTemplate":"https:\/\/news.canadamotorjobs.com\/?s={search_term_string}"},"query-input":"required name=search_term_string"}],"inLanguage":"fr-CA"},{"@type":"Organization","@id":"https:\/\/news.canadamotorjobs.com\/#organization","name":"Canada Motor Jobs","url":"https:\/\/news.canadamotorjobs.com\/","logo":{"@type":"ImageObject","inLanguage":"fr-CA","@id":"https:\/\/news.canadamotorjobs.com\/#\/schema\/logo\/image\/","url":"https:\/\/news.canadamotorjobs.com\/wp-content\/uploads\/2022\/10\/logo-canada-motor-jobs-1.png","contentUrl":"https:\/\/news.canadamotorjobs.com\/wp-content\/uploads\/2022\/10\/logo-canada-motor-jobs-1.png","width":800,"height":400,"caption":"Canada Motor Jobs"},"image":{"@id":"https:\/\/news.canadamotorjobs.com\/#\/schema\/logo\/image\/"},"sameAs":["https:\/\/www.facebook.com\/canadamotorjobs\/","https:\/\/x.com\/canadamotorjobs","https:\/\/www.instagram.com\/canadamotorjobs\/","https:\/\/www.linkedin.com\/company\/canadamotorjobs"]},{"@type":"Person","@id":"https:\/\/news.canadamotorjobs.com\/#\/schema\/person\/51793d1f87d44011d7bcc2ed99269a90","name":"Benoit Charette","image":{"@type":"ImageObject","inLanguage":"fr-CA","@id":"https:\/\/news.canadamotorjobs.com\/#\/schema\/person\/image\/","url":"https:\/\/secure.gravatar.com\/avatar\/45f3d2eebcccd909668d7ce7ea7267b6?s=96&d=mm&r=g","contentUrl":"https:\/\/secure.gravatar.com\/avatar\/45f3d2eebcccd909668d7ce7ea7267b6?s=96&d=mm&r=g","caption":"Benoit Charette"},"description":"Benoit Charette \/ Propri\u00e9taire et r\u00e9dacteur en chef Benoit Charette pratique le journalisme automobile depuis bient\u00f4t 30 ans. Il a fait ses classes au c\u00f4t\u00e9 de Daniel H\u00e9raud et au Carnet de route de 1992 \u00e0 2001. Il est fondateur, copropri\u00e9taire et r\u00e9dacteur en chef de L\u2019Annuel de l\u2019automobile, qu\u2019il publie depuis 2001. Il a anim\u00e9 les \u00e9missions RPM et RPM+ sur V et les L\u00e9gendes de la route sur Historia. \u00c0 la radio depuis 1986, il reprend l\u2019antenne cette ann\u00e9e sur les ondes de Cogeco et participe pour la deuxi\u00e8me ann\u00e9e \u00e0 l\u2019\u00e9mission Passion Auto sur RDS en plus de mettre en ligne le site Web officiel de L\u2019Annuel de l\u2019automobile sur annuelauto.ca.","sameAs":["https:\/\/annuelauto.ca\/"],"url":"https:\/\/news.canadamotorjobs.com\/fr\/author\/benoit-charette\/"}]}},"_links":{"self":[{"href":"https:\/\/news.canadamotorjobs.com\/fr\/wp-json\/wp\/v2\/posts\/44599"}],"collection":[{"href":"https:\/\/news.canadamotorjobs.com\/fr\/wp-json\/wp\/v2\/posts"}],"about":[{"href":"https:\/\/news.canadamotorjobs.com\/fr\/wp-json\/wp\/v2\/types\/post"}],"author":[{"embeddable":true,"href":"https:\/\/news.canadamotorjobs.com\/fr\/wp-json\/wp\/v2\/users\/8"}],"replies":[{"embeddable":true,"href":"https:\/\/news.canadamotorjobs.com\/fr\/wp-json\/wp\/v2\/comments?post=44599"}],"version-history":[{"count":0,"href":"https:\/\/news.canadamotorjobs.com\/fr\/wp-json\/wp\/v2\/posts\/44599\/revisions"}],"wp:featuredmedia":[{"embeddable":true,"href":"https:\/\/news.canadamotorjobs.com\/fr\/wp-json\/wp\/v2\/media\/44603"}],"wp:attachment":[{"href":"https:\/\/news.canadamotorjobs.com\/fr\/wp-json\/wp\/v2\/media?parent=44599"}],"wp:term":[{"taxonomy":"category","embeddable":true,"href":"https:\/\/news.canadamotorjobs.com\/fr\/wp-json\/wp\/v2\/categories?post=44599"},{"taxonomy":"post_tag","embeddable":true,"href":"https:\/\/news.canadamotorjobs.com\/fr\/wp-json\/wp\/v2\/tags?post=44599"}],"curies":[{"name":"wp","href":"https:\/\/api.w.org\/{rel}","templated":true}]}}