{"id":44591,"date":"2022-09-14T20:15:20","date_gmt":"2022-09-15T00:15:20","guid":{"rendered":"https:\/\/blog.canadamotorjobs.com\/une-7e-generation-pour-les-60-ans-de-la-mustang\/"},"modified":"2022-09-14T20:29:23","modified_gmt":"2022-09-15T00:29:23","slug":"une-7e-generation-pour-les-60-ans-de-la-mustang","status":"publish","type":"post","link":"https:\/\/news.canadamotorjobs.com\/fr\/une-7e-generation-pour-les-60-ans-de-la-mustang\/","title":{"rendered":"Une 7e g\u00e9n\u00e9ration pour les 60 ans de la Mustang"},"content":{"rendered":"<\/p>\n<p>Ford a pr\u00e9sent\u00e9 en premi\u00e8re mondiale au Salon de l\u2019auto de D\u00e9troit un nouveau chapitre dans la longue histoire de la Mustang. \u00c0 L\u2019approche de ses 60 ans, l\u2019ic\u00f4ne am\u00e9ricain arrive avec une septi\u00e8me g\u00e9n\u00e9ration l\u2019\u00e9t\u00e9 prochain qui sera un mod\u00e8le 2024.<\/p>\n<p> Des moteurs plus puissants<\/p>\n<p> Les propri\u00e9taires actuels ont clairement fait comprendre que les moteurs \u00e0 essence \u00e9taient les seuls qu\u2019ils voulaient voir dans une Mustang. Ford a donc laiss\u00e9 les moteurs actuels en place. Il y aura une version de base avec moteur 2,3 litres turbo de 4 cylindres et une version GT avec le V8 de 5,0 litres. Ford pr\u00e9cise que les moteurs ont fait l\u2019objet de modifications qui les rendent plus \u00e9nergiques. Le 5,0 sera le plus puissant de l\u2019histoire pour une GT, mais pas de chiffres pour le moment. Vous aurez toujours le choix d\u2019une bo\u00eete manuelle \u00e0 6 rapports ou l\u2019automatique \u00e0 10 rapports. Les deux mod\u00e8les viennent avec un ensemble performance en option. Cela comprend un support de tour avant, un diff\u00e9rentiel \u00e0 glissement limit\u00e9 Torsen et une suspension active MagneRide en option. Vous avez aussi des roues et des pneus arri\u00e8re plus larges, ainsi que des freins Brembo plus grands de 390\u00a0mm \u00e0 l&#8217;avant et de 355\u00a0mm \u00e0 l&#8217;arri\u00e8re. L\u2019ensemble Performance GT ajoute des conduits de frein pour un refroidissement encore plus efficace et un refroidisseur d&#8217;huile moteur auxiliaire de s\u00e9rie avec des si\u00e8ges Recaro et un \u00e9chappement actif. La Mustang GT \u00e0 bo\u00eete de vitesses manuelle est \u00e9quip\u00e9e de<\/p>\n","protected":false},"excerpt":{"rendered":"<p>Ford a pr\u00e9sent\u00e9 en premi\u00e8re mondiale au Salon de l\u2019auto de D\u00e9troit un nouveau chapitre dans la longue histoire de la Mustang. \u00c0 L\u2019approche de ses 60 ans, l\u2019ic\u00f4ne am\u00e9ricain arrive avec une septi\u00e8me g\u00e9n\u00e9ration l\u2019\u00e9t\u00e9 prochain qui sera un mod\u00e8le 2024. Des moteurs plus puissants Les propri\u00e9taires actuels ont clairement fait comprendre que les [&hellip;]<\/p>\n","protected":false},"author":8,"featured_media":44595,"comment_status":"close","ping_status":"closed","sticky":false,"template":"","format":"standard","meta":{"_monsterinsights_skip_tracking":false,"_monsterinsights_sitenote_active":false,"_monsterinsights_sitenote_note":"","_monsterinsights_sitenote_category":0,"footnotes":""},"categories":[101],"tags":[],"yoast_head":"<!-- This site is optimized with the Yoast SEO plugin v23.2 - https:\/\/yoast.com\/wordpress\/plugins\/seo\/ -->\n<title>Une 7e g\u00e9n\u00e9ration pour les 60 ans de la Mustang - CanadaMotorJobs.com<\/title>\n<meta name=\"description\" content=\"Une 7e g\u00e9n\u00e9ration pour les 60 ans de la Mustang - Benoit Charette - Annuel automobile - CanadaMotorJobs.com.\" \/>\n<meta name=\"robots\" content=\"index, follow, max-snippet:-1, max-image-preview:large, max-video-preview:-1\" \/>\n<meta property=\"og:locale\" content=\"fr_CA\" \/>\n<meta property=\"og:type\" content=\"article\" \/>\n<meta property=\"og:title\" content=\"Une 7e g\u00e9n\u00e9ration pour les 60 ans de la Mustang - CanadaMotorJobs.com\" \/>\n<meta property=\"og:description\" content=\"Une 7e g\u00e9n\u00e9ration pour les 60 ans de la Mustang - Benoit Charette - Annuel automobile - CanadaMotorJobs.com.\" \/>\n<meta property=\"og:url\" content=\"https:\/\/news.canadamotorjobs.com\/fr\/une-7e-generation-pour-les-60-ans-de-la-mustang\/\" \/>\n<meta property=\"og:site_name\" content=\"CanadaMotorJobs.com\" \/>\n<meta property=\"article:publisher\" content=\"https:\/\/www.facebook.com\/canadamotorjobs\/\" \/>\n<meta property=\"article:published_time\" content=\"2022-09-15T00:15:20+00:00\" \/>\n<meta property=\"article:modified_time\" content=\"2022-09-15T00:29:23+00:00\" \/>\n<meta property=\"og:image\" content=\"https:\/\/news.canadamotorjobs.com\/wp-content\/uploads\/2022\/09\/2024-Mustang-06-1.jpg\" \/>\n\t<meta property=\"og:image:width\" content=\"1499\" \/>\n\t<meta property=\"og:image:height\" content=\"1000\" \/>\n\t<meta property=\"og:image:type\" content=\"image\/jpeg\" \/>\n<meta name=\"author\" content=\"Benoit Charette\" \/>\n<meta name=\"twitter:card\" content=\"summary_large_image\" \/>\n<meta name=\"twitter:creator\" content=\"@canadamotorjobs\" \/>\n<meta name=\"twitter:site\" content=\"@canadamotorjobs\" \/>\n<meta name=\"twitter:label1\" content=\"\u00c9crit par\" \/>\n\t<meta name=\"twitter:data1\" content=\"Benoit Charette\" \/>\n\t<meta name=\"twitter:label2\" content=\"Estimation du temps de lecture\" \/>\n\t<meta name=\"twitter:data2\" content=\"1 minute\" \/>\n<!-- \/ Yoast SEO plugin. -->","yoast_head_json":{"title":"Une 7e g\u00e9n\u00e9ration pour les 60 ans de la Mustang - CanadaMotorJobs.com","description":"Une 7e g\u00e9n\u00e9ration pour les 60 ans de la Mustang - Benoit Charette - Annuel automobile - CanadaMotorJobs.com.","robots":{"index":"index","follow":"follow","max-snippet":"max-snippet:-1","max-image-preview":"max-image-preview:large","max-video-preview":"max-video-preview:-1"},"og_locale":"fr_CA","og_type":"article","og_title":"Une 7e g\u00e9n\u00e9ration pour les 60 ans de la Mustang - CanadaMotorJobs.com","og_description":"Une 7e g\u00e9n\u00e9ration pour les 60 ans de la Mustang - Benoit Charette - Annuel automobile - CanadaMotorJobs.com.","og_url":"https:\/\/news.canadamotorjobs.com\/fr\/une-7e-generation-pour-les-60-ans-de-la-mustang\/","og_site_name":"CanadaMotorJobs.com","article_publisher":"https:\/\/www.facebook.com\/canadamotorjobs\/","article_published_time":"2022-09-15T00:15:20+00:00","article_modified_time":"2022-09-15T00:29:23+00:00","og_image":[{"width":1499,"height":1000,"url":"https:\/\/news.canadamotorjobs.com\/wp-content\/uploads\/2022\/09\/2024-Mustang-06-1.jpg","type":"image\/jpeg"}],"author":"Benoit Charette","twitter_card":"summary_large_image","twitter_creator":"@canadamotorjobs","twitter_site":"@canadamotorjobs","twitter_misc":{"\u00c9crit par":"Benoit Charette","Estimation du temps de lecture":"1 minute"},"schema":{"@context":"https:\/\/schema.org","@graph":[{"@type":"Article","@id":"https:\/\/news.canadamotorjobs.com\/fr\/une-7e-generation-pour-les-60-ans-de-la-mustang\/#article","isPartOf":{"@id":"https:\/\/news.canadamotorjobs.com\/fr\/une-7e-generation-pour-les-60-ans-de-la-mustang\/"},"author":{"name":"Benoit Charette","@id":"https:\/\/news.canadamotorjobs.com\/#\/schema\/person\/51793d1f87d44011d7bcc2ed99269a90"},"headline":"Une 7e g\u00e9n\u00e9ration pour les 60 ans de la Mustang","datePublished":"2022-09-15T00:15:20+00:00","dateModified":"2022-09-15T00:29:23+00:00","mainEntityOfPage":{"@id":"https:\/\/news.canadamotorjobs.com\/fr\/une-7e-generation-pour-les-60-ans-de-la-mustang\/"},"wordCount":276,"publisher":{"@id":"https:\/\/news.canadamotorjobs.com\/#organization"},"image":{"@id":"https:\/\/news.canadamotorjobs.com\/fr\/une-7e-generation-pour-les-60-ans-de-la-mustang\/#primaryimage"},"thumbnailUrl":"https:\/\/news.canadamotorjobs.com\/wp-content\/uploads\/2022\/09\/2024-Mustang-06-1.jpg","articleSection":["Annuel automobile"],"inLanguage":"fr-CA"},{"@type":"WebPage","@id":"https:\/\/news.canadamotorjobs.com\/fr\/une-7e-generation-pour-les-60-ans-de-la-mustang\/","url":"https:\/\/news.canadamotorjobs.com\/fr\/une-7e-generation-pour-les-60-ans-de-la-mustang\/","name":"Une 7e g\u00e9n\u00e9ration pour les 60 ans de la Mustang - CanadaMotorJobs.com","isPartOf":{"@id":"https:\/\/news.canadamotorjobs.com\/#website"},"primaryImageOfPage":{"@id":"https:\/\/news.canadamotorjobs.com\/fr\/une-7e-generation-pour-les-60-ans-de-la-mustang\/#primaryimage"},"image":{"@id":"https:\/\/news.canadamotorjobs.com\/fr\/une-7e-generation-pour-les-60-ans-de-la-mustang\/#primaryimage"},"thumbnailUrl":"https:\/\/news.canadamotorjobs.com\/wp-content\/uploads\/2022\/09\/2024-Mustang-06-1.jpg","datePublished":"2022-09-15T00:15:20+00:00","dateModified":"2022-09-15T00:29:23+00:00","description":"Une 7e g\u00e9n\u00e9ration pour les 60 ans de la Mustang - Benoit Charette - Annuel automobile - CanadaMotorJobs.com.","breadcrumb":{"@id":"https:\/\/news.canadamotorjobs.com\/fr\/une-7e-generation-pour-les-60-ans-de-la-mustang\/#breadcrumb"},"inLanguage":"fr-CA","potentialAction":[{"@type":"ReadAction","target":["https:\/\/news.canadamotorjobs.com\/fr\/une-7e-generation-pour-les-60-ans-de-la-mustang\/"]}]},{"@type":"ImageObject","inLanguage":"fr-CA","@id":"https:\/\/news.canadamotorjobs.com\/fr\/une-7e-generation-pour-les-60-ans-de-la-mustang\/#primaryimage","url":"https:\/\/news.canadamotorjobs.com\/wp-content\/uploads\/2022\/09\/2024-Mustang-06-1.jpg","contentUrl":"https:\/\/news.canadamotorjobs.com\/wp-content\/uploads\/2022\/09\/2024-Mustang-06-1.jpg","width":1499,"height":1000},{"@type":"BreadcrumbList","@id":"https:\/\/news.canadamotorjobs.com\/fr\/une-7e-generation-pour-les-60-ans-de-la-mustang\/#breadcrumb","itemListElement":[{"@type":"ListItem","position":1,"name":"Home","item":"https:\/\/news.canadamotorjobs.com\/fr\/blog\/"},{"@type":"ListItem","position":2,"name":"Une 7e g\u00e9n\u00e9ration pour les 60 ans de la Mustang"}]},{"@type":"WebSite","@id":"https:\/\/news.canadamotorjobs.com\/#website","url":"https:\/\/news.canadamotorjobs.com\/","name":"CanadaMotorJobs.com","description":"Automotive Jobs","publisher":{"@id":"https:\/\/news.canadamotorjobs.com\/#organization"},"potentialAction":[{"@type":"SearchAction","target":{"@type":"EntryPoint","urlTemplate":"https:\/\/news.canadamotorjobs.com\/?s={search_term_string}"},"query-input":"required name=search_term_string"}],"inLanguage":"fr-CA"},{"@type":"Organization","@id":"https:\/\/news.canadamotorjobs.com\/#organization","name":"Canada Motor Jobs","url":"https:\/\/news.canadamotorjobs.com\/","logo":{"@type":"ImageObject","inLanguage":"fr-CA","@id":"https:\/\/news.canadamotorjobs.com\/#\/schema\/logo\/image\/","url":"https:\/\/news.canadamotorjobs.com\/wp-content\/uploads\/2022\/10\/logo-canada-motor-jobs-1.png","contentUrl":"https:\/\/news.canadamotorjobs.com\/wp-content\/uploads\/2022\/10\/logo-canada-motor-jobs-1.png","width":800,"height":400,"caption":"Canada Motor Jobs"},"image":{"@id":"https:\/\/news.canadamotorjobs.com\/#\/schema\/logo\/image\/"},"sameAs":["https:\/\/www.facebook.com\/canadamotorjobs\/","https:\/\/x.com\/canadamotorjobs","https:\/\/www.instagram.com\/canadamotorjobs\/","https:\/\/www.linkedin.com\/company\/canadamotorjobs"]},{"@type":"Person","@id":"https:\/\/news.canadamotorjobs.com\/#\/schema\/person\/51793d1f87d44011d7bcc2ed99269a90","name":"Benoit Charette","image":{"@type":"ImageObject","inLanguage":"fr-CA","@id":"https:\/\/news.canadamotorjobs.com\/#\/schema\/person\/image\/","url":"https:\/\/secure.gravatar.com\/avatar\/45f3d2eebcccd909668d7ce7ea7267b6?s=96&d=mm&r=g","contentUrl":"https:\/\/secure.gravatar.com\/avatar\/45f3d2eebcccd909668d7ce7ea7267b6?s=96&d=mm&r=g","caption":"Benoit Charette"},"description":"Benoit Charette \/ Propri\u00e9taire et r\u00e9dacteur en chef Benoit Charette pratique le journalisme automobile depuis bient\u00f4t 30 ans. Il a fait ses classes au c\u00f4t\u00e9 de Daniel H\u00e9raud et au Carnet de route de 1992 \u00e0 2001. Il est fondateur, copropri\u00e9taire et r\u00e9dacteur en chef de L\u2019Annuel de l\u2019automobile, qu\u2019il publie depuis 2001. Il a anim\u00e9 les \u00e9missions RPM et RPM+ sur V et les L\u00e9gendes de la route sur Historia. \u00c0 la radio depuis 1986, il reprend l\u2019antenne cette ann\u00e9e sur les ondes de Cogeco et participe pour la deuxi\u00e8me ann\u00e9e \u00e0 l\u2019\u00e9mission Passion Auto sur RDS en plus de mettre en ligne le site Web officiel de L\u2019Annuel de l\u2019automobile sur annuelauto.ca.","sameAs":["https:\/\/annuelauto.ca\/"],"url":"https:\/\/news.canadamotorjobs.com\/fr\/author\/benoit-charette\/"}]}},"_links":{"self":[{"href":"https:\/\/news.canadamotorjobs.com\/fr\/wp-json\/wp\/v2\/posts\/44591"}],"collection":[{"href":"https:\/\/news.canadamotorjobs.com\/fr\/wp-json\/wp\/v2\/posts"}],"about":[{"href":"https:\/\/news.canadamotorjobs.com\/fr\/wp-json\/wp\/v2\/types\/post"}],"author":[{"embeddable":true,"href":"https:\/\/news.canadamotorjobs.com\/fr\/wp-json\/wp\/v2\/users\/8"}],"replies":[{"embeddable":true,"href":"https:\/\/news.canadamotorjobs.com\/fr\/wp-json\/wp\/v2\/comments?post=44591"}],"version-history":[{"count":0,"href":"https:\/\/news.canadamotorjobs.com\/fr\/wp-json\/wp\/v2\/posts\/44591\/revisions"}],"wp:featuredmedia":[{"embeddable":true,"href":"https:\/\/news.canadamotorjobs.com\/fr\/wp-json\/wp\/v2\/media\/44595"}],"wp:attachment":[{"href":"https:\/\/news.canadamotorjobs.com\/fr\/wp-json\/wp\/v2\/media?parent=44591"}],"wp:term":[{"taxonomy":"category","embeddable":true,"href":"https:\/\/news.canadamotorjobs.com\/fr\/wp-json\/wp\/v2\/categories?post=44591"},{"taxonomy":"post_tag","embeddable":true,"href":"https:\/\/news.canadamotorjobs.com\/fr\/wp-json\/wp\/v2\/tags?post=44591"}],"curies":[{"name":"wp","href":"https:\/\/api.w.org\/{rel}","templated":true}]}}