{"id":44578,"date":"2022-09-14T17:47:09","date_gmt":"2022-09-14T21:47:09","guid":{"rendered":"https:\/\/blog.canadamotorjobs.com\/letoile-pourpre-de-detroit\/"},"modified":"2022-09-14T17:59:52","modified_gmt":"2022-09-14T21:59:52","slug":"letoile-pourpre-de-detroit","status":"publish","type":"post","link":"https:\/\/news.canadamotorjobs.com\/fr\/letoile-pourpre-de-detroit\/","title":{"rendered":"L\u2019\u00e9toile pourpre de D\u00e9troit"},"content":{"rendered":"<\/p>\n<p>F\u00fbt une \u00e9poque o\u00f9 les premi\u00e8res mondiales \u00e9taient monnaie courante \u00e0 D\u00e9troit, l\u2019\u00e9dition 2022 qui n\u2019est que l\u2019ombre d\u2019elle-m\u00eame n\u2019avait que tr\u00e8s peu de choses \u00e0 pr\u00e9senter. Parmi les rares mod\u00e8les qui ont fait tourner les t\u00eates, il y avait le concept \u00e9lectrique Star de Lincoln qui partageait le podium avec la L 100 pr\u00e9sent\u00e9e plus t\u00f4t cet \u00e9t\u00e9 dans le cadre du concours d\u2019\u00e9l\u00e9gance \u00e0 Pebble Beach.<br \/> Habill\u00e9 de violet<br \/> Aux dires m\u00eame de Lincoln, ce mod\u00e8le n\u2019est pas pr\u00e9vu au catalogue des produits, mais pr\u00e9sente un nouveau visage de la gamme des futurs produit de la marque. Une vision qui garde les valeurs fondamentales de la marque soit le confort, l\u2019espace et la commodit\u00e9.<br \/> Trois nouveaux mod\u00e8les d\u2019ici 2026<br \/> Lincoln planche en ce moment sur trois nouveaux mod\u00e8les \u00e9lectriques et estime que plus de la moiti\u00e9 de son volume mondial sera bas\u00e9 sur des v\u00e9hicules \u00e9lectriques d&#8217;ici la fin de 2026. Le Star Concept donne un aper\u00e7u du design et des d\u00e9tails que nous pouvons attendre de ces V\u00c9.<br \/> Un style presque monarchique<br \/> Le style du Star est audacieux avec son coffre avant transparent o\u00f9 l\u2019on voit une garniture de capot int\u00e9rieure, ce qui est assez inusit\u00e9. Il met \u00e9galement l&#8217;accent sur le confort int\u00e9rieur. Les si\u00e8ges avant et arri\u00e8re sont divis\u00e9s par couleur. Les si\u00e8ges arri\u00e8re s&#8217;inscrivent dans le th\u00e8me du salon avec un style enveloppant et des repose-jambes individuels. Il y a m\u00eame un refroidisseur de boissons sur la banquette arri\u00e8re. \u00c0 l&#8217;avant, un immense \u00e9cran<\/p>\n","protected":false},"excerpt":{"rendered":"<p>F\u00fbt une \u00e9poque o\u00f9 les premi\u00e8res mondiales \u00e9taient monnaie courante \u00e0 D\u00e9troit, l\u2019\u00e9dition 2022 qui n\u2019est que l\u2019ombre d\u2019elle-m\u00eame n\u2019avait que tr\u00e8s peu de choses \u00e0 pr\u00e9senter. Parmi les rares mod\u00e8les qui ont fait tourner les t\u00eates, il y avait le concept \u00e9lectrique Star de Lincoln qui partageait le podium avec la L 100 pr\u00e9sent\u00e9e [&hellip;]<\/p>\n","protected":false},"author":8,"featured_media":44582,"comment_status":"close","ping_status":"closed","sticky":false,"template":"","format":"standard","meta":{"_monsterinsights_skip_tracking":false,"_monsterinsights_sitenote_active":false,"_monsterinsights_sitenote_note":"","_monsterinsights_sitenote_category":0,"footnotes":""},"categories":[101],"tags":[],"yoast_head":"<!-- This site is optimized with the Yoast SEO plugin v23.2 - https:\/\/yoast.com\/wordpress\/plugins\/seo\/ -->\n<title>L\u2019\u00e9toile pourpre de D\u00e9troit - CanadaMotorJobs.com<\/title>\n<meta name=\"description\" content=\"L\u2019\u00e9toile pourpre de D\u00e9troit - Benoit Charette - Annuel automobile - CanadaMotorJobs.com.\" \/>\n<meta name=\"robots\" content=\"index, follow, max-snippet:-1, max-image-preview:large, max-video-preview:-1\" \/>\n<meta property=\"og:locale\" content=\"fr_CA\" \/>\n<meta property=\"og:type\" content=\"article\" \/>\n<meta property=\"og:title\" content=\"L\u2019\u00e9toile pourpre de D\u00e9troit - CanadaMotorJobs.com\" \/>\n<meta property=\"og:description\" content=\"L\u2019\u00e9toile pourpre de D\u00e9troit - Benoit Charette - Annuel automobile - CanadaMotorJobs.com.\" \/>\n<meta property=\"og:url\" content=\"https:\/\/news.canadamotorjobs.com\/fr\/letoile-pourpre-de-detroit\/\" \/>\n<meta property=\"og:site_name\" content=\"CanadaMotorJobs.com\" \/>\n<meta property=\"article:publisher\" content=\"https:\/\/www.facebook.com\/canadamotorjobs\/\" \/>\n<meta property=\"article:published_time\" content=\"2022-09-14T21:47:09+00:00\" \/>\n<meta property=\"article:modified_time\" content=\"2022-09-14T21:59:52+00:00\" \/>\n<meta property=\"og:image\" content=\"https:\/\/news.canadamotorjobs.com\/wp-content\/uploads\/2022\/09\/IMG_5734-1.jpg\" \/>\n\t<meta property=\"og:image:width\" content=\"1500\" \/>\n\t<meta property=\"og:image:height\" content=\"1125\" \/>\n\t<meta property=\"og:image:type\" content=\"image\/jpeg\" \/>\n<meta name=\"author\" content=\"Benoit Charette\" \/>\n<meta name=\"twitter:card\" content=\"summary_large_image\" \/>\n<meta name=\"twitter:creator\" content=\"@canadamotorjobs\" \/>\n<meta name=\"twitter:site\" content=\"@canadamotorjobs\" \/>\n<meta name=\"twitter:label1\" content=\"\u00c9crit par\" \/>\n\t<meta name=\"twitter:data1\" content=\"Benoit Charette\" \/>\n\t<meta name=\"twitter:label2\" content=\"Estimation du temps de lecture\" \/>\n\t<meta name=\"twitter:data2\" content=\"1 minute\" \/>\n<!-- \/ Yoast SEO plugin. -->","yoast_head_json":{"title":"L\u2019\u00e9toile pourpre de D\u00e9troit - CanadaMotorJobs.com","description":"L\u2019\u00e9toile pourpre de D\u00e9troit - Benoit Charette - Annuel automobile - CanadaMotorJobs.com.","robots":{"index":"index","follow":"follow","max-snippet":"max-snippet:-1","max-image-preview":"max-image-preview:large","max-video-preview":"max-video-preview:-1"},"og_locale":"fr_CA","og_type":"article","og_title":"L\u2019\u00e9toile pourpre de D\u00e9troit - CanadaMotorJobs.com","og_description":"L\u2019\u00e9toile pourpre de D\u00e9troit - Benoit Charette - Annuel automobile - CanadaMotorJobs.com.","og_url":"https:\/\/news.canadamotorjobs.com\/fr\/letoile-pourpre-de-detroit\/","og_site_name":"CanadaMotorJobs.com","article_publisher":"https:\/\/www.facebook.com\/canadamotorjobs\/","article_published_time":"2022-09-14T21:47:09+00:00","article_modified_time":"2022-09-14T21:59:52+00:00","og_image":[{"width":1500,"height":1125,"url":"https:\/\/news.canadamotorjobs.com\/wp-content\/uploads\/2022\/09\/IMG_5734-1.jpg","type":"image\/jpeg"}],"author":"Benoit Charette","twitter_card":"summary_large_image","twitter_creator":"@canadamotorjobs","twitter_site":"@canadamotorjobs","twitter_misc":{"\u00c9crit par":"Benoit Charette","Estimation du temps de lecture":"1 minute"},"schema":{"@context":"https:\/\/schema.org","@graph":[{"@type":"Article","@id":"https:\/\/news.canadamotorjobs.com\/fr\/letoile-pourpre-de-detroit\/#article","isPartOf":{"@id":"https:\/\/news.canadamotorjobs.com\/fr\/letoile-pourpre-de-detroit\/"},"author":{"name":"Benoit Charette","@id":"https:\/\/news.canadamotorjobs.com\/#\/schema\/person\/51793d1f87d44011d7bcc2ed99269a90"},"headline":"L\u2019\u00e9toile pourpre de D\u00e9troit","datePublished":"2022-09-14T21:47:09+00:00","dateModified":"2022-09-14T21:59:52+00:00","mainEntityOfPage":{"@id":"https:\/\/news.canadamotorjobs.com\/fr\/letoile-pourpre-de-detroit\/"},"wordCount":293,"publisher":{"@id":"https:\/\/news.canadamotorjobs.com\/#organization"},"image":{"@id":"https:\/\/news.canadamotorjobs.com\/fr\/letoile-pourpre-de-detroit\/#primaryimage"},"thumbnailUrl":"https:\/\/news.canadamotorjobs.com\/wp-content\/uploads\/2022\/09\/IMG_5734-1.jpg","articleSection":["Annuel automobile"],"inLanguage":"fr-CA"},{"@type":"WebPage","@id":"https:\/\/news.canadamotorjobs.com\/fr\/letoile-pourpre-de-detroit\/","url":"https:\/\/news.canadamotorjobs.com\/fr\/letoile-pourpre-de-detroit\/","name":"L\u2019\u00e9toile pourpre de D\u00e9troit - CanadaMotorJobs.com","isPartOf":{"@id":"https:\/\/news.canadamotorjobs.com\/#website"},"primaryImageOfPage":{"@id":"https:\/\/news.canadamotorjobs.com\/fr\/letoile-pourpre-de-detroit\/#primaryimage"},"image":{"@id":"https:\/\/news.canadamotorjobs.com\/fr\/letoile-pourpre-de-detroit\/#primaryimage"},"thumbnailUrl":"https:\/\/news.canadamotorjobs.com\/wp-content\/uploads\/2022\/09\/IMG_5734-1.jpg","datePublished":"2022-09-14T21:47:09+00:00","dateModified":"2022-09-14T21:59:52+00:00","description":"L\u2019\u00e9toile pourpre de D\u00e9troit - Benoit Charette - Annuel automobile - CanadaMotorJobs.com.","breadcrumb":{"@id":"https:\/\/news.canadamotorjobs.com\/fr\/letoile-pourpre-de-detroit\/#breadcrumb"},"inLanguage":"fr-CA","potentialAction":[{"@type":"ReadAction","target":["https:\/\/news.canadamotorjobs.com\/fr\/letoile-pourpre-de-detroit\/"]}]},{"@type":"ImageObject","inLanguage":"fr-CA","@id":"https:\/\/news.canadamotorjobs.com\/fr\/letoile-pourpre-de-detroit\/#primaryimage","url":"https:\/\/news.canadamotorjobs.com\/wp-content\/uploads\/2022\/09\/IMG_5734-1.jpg","contentUrl":"https:\/\/news.canadamotorjobs.com\/wp-content\/uploads\/2022\/09\/IMG_5734-1.jpg","width":1500,"height":1125},{"@type":"BreadcrumbList","@id":"https:\/\/news.canadamotorjobs.com\/fr\/letoile-pourpre-de-detroit\/#breadcrumb","itemListElement":[{"@type":"ListItem","position":1,"name":"Home","item":"https:\/\/news.canadamotorjobs.com\/fr\/blog\/"},{"@type":"ListItem","position":2,"name":"L\u2019\u00e9toile pourpre de D\u00e9troit"}]},{"@type":"WebSite","@id":"https:\/\/news.canadamotorjobs.com\/#website","url":"https:\/\/news.canadamotorjobs.com\/","name":"CanadaMotorJobs.com","description":"Automotive Jobs","publisher":{"@id":"https:\/\/news.canadamotorjobs.com\/#organization"},"potentialAction":[{"@type":"SearchAction","target":{"@type":"EntryPoint","urlTemplate":"https:\/\/news.canadamotorjobs.com\/?s={search_term_string}"},"query-input":"required name=search_term_string"}],"inLanguage":"fr-CA"},{"@type":"Organization","@id":"https:\/\/news.canadamotorjobs.com\/#organization","name":"Canada Motor Jobs","url":"https:\/\/news.canadamotorjobs.com\/","logo":{"@type":"ImageObject","inLanguage":"fr-CA","@id":"https:\/\/news.canadamotorjobs.com\/#\/schema\/logo\/image\/","url":"https:\/\/news.canadamotorjobs.com\/wp-content\/uploads\/2022\/10\/logo-canada-motor-jobs-1.png","contentUrl":"https:\/\/news.canadamotorjobs.com\/wp-content\/uploads\/2022\/10\/logo-canada-motor-jobs-1.png","width":800,"height":400,"caption":"Canada Motor Jobs"},"image":{"@id":"https:\/\/news.canadamotorjobs.com\/#\/schema\/logo\/image\/"},"sameAs":["https:\/\/www.facebook.com\/canadamotorjobs\/","https:\/\/x.com\/canadamotorjobs","https:\/\/www.instagram.com\/canadamotorjobs\/","https:\/\/www.linkedin.com\/company\/canadamotorjobs"]},{"@type":"Person","@id":"https:\/\/news.canadamotorjobs.com\/#\/schema\/person\/51793d1f87d44011d7bcc2ed99269a90","name":"Benoit Charette","image":{"@type":"ImageObject","inLanguage":"fr-CA","@id":"https:\/\/news.canadamotorjobs.com\/#\/schema\/person\/image\/","url":"https:\/\/secure.gravatar.com\/avatar\/45f3d2eebcccd909668d7ce7ea7267b6?s=96&d=mm&r=g","contentUrl":"https:\/\/secure.gravatar.com\/avatar\/45f3d2eebcccd909668d7ce7ea7267b6?s=96&d=mm&r=g","caption":"Benoit Charette"},"description":"Benoit Charette \/ Propri\u00e9taire et r\u00e9dacteur en chef Benoit Charette pratique le journalisme automobile depuis bient\u00f4t 30 ans. Il a fait ses classes au c\u00f4t\u00e9 de Daniel H\u00e9raud et au Carnet de route de 1992 \u00e0 2001. Il est fondateur, copropri\u00e9taire et r\u00e9dacteur en chef de L\u2019Annuel de l\u2019automobile, qu\u2019il publie depuis 2001. Il a anim\u00e9 les \u00e9missions RPM et RPM+ sur V et les L\u00e9gendes de la route sur Historia. \u00c0 la radio depuis 1986, il reprend l\u2019antenne cette ann\u00e9e sur les ondes de Cogeco et participe pour la deuxi\u00e8me ann\u00e9e \u00e0 l\u2019\u00e9mission Passion Auto sur RDS en plus de mettre en ligne le site Web officiel de L\u2019Annuel de l\u2019automobile sur annuelauto.ca.","sameAs":["https:\/\/annuelauto.ca\/"],"url":"https:\/\/news.canadamotorjobs.com\/fr\/author\/benoit-charette\/"}]}},"_links":{"self":[{"href":"https:\/\/news.canadamotorjobs.com\/fr\/wp-json\/wp\/v2\/posts\/44578"}],"collection":[{"href":"https:\/\/news.canadamotorjobs.com\/fr\/wp-json\/wp\/v2\/posts"}],"about":[{"href":"https:\/\/news.canadamotorjobs.com\/fr\/wp-json\/wp\/v2\/types\/post"}],"author":[{"embeddable":true,"href":"https:\/\/news.canadamotorjobs.com\/fr\/wp-json\/wp\/v2\/users\/8"}],"replies":[{"embeddable":true,"href":"https:\/\/news.canadamotorjobs.com\/fr\/wp-json\/wp\/v2\/comments?post=44578"}],"version-history":[{"count":0,"href":"https:\/\/news.canadamotorjobs.com\/fr\/wp-json\/wp\/v2\/posts\/44578\/revisions"}],"wp:featuredmedia":[{"embeddable":true,"href":"https:\/\/news.canadamotorjobs.com\/fr\/wp-json\/wp\/v2\/media\/44582"}],"wp:attachment":[{"href":"https:\/\/news.canadamotorjobs.com\/fr\/wp-json\/wp\/v2\/media?parent=44578"}],"wp:term":[{"taxonomy":"category","embeddable":true,"href":"https:\/\/news.canadamotorjobs.com\/fr\/wp-json\/wp\/v2\/categories?post=44578"},{"taxonomy":"post_tag","embeddable":true,"href":"https:\/\/news.canadamotorjobs.com\/fr\/wp-json\/wp\/v2\/tags?post=44578"}],"curies":[{"name":"wp","href":"https:\/\/api.w.org\/{rel}","templated":true}]}}