{"id":44570,"date":"2022-09-14T17:42:01","date_gmt":"2022-09-14T21:42:01","guid":{"rendered":"https:\/\/blog.canadamotorjobs.com\/la-passe-rejoint-le-present\/"},"modified":"2022-09-15T12:45:30","modified_gmt":"2022-09-15T16:45:30","slug":"la-passe-rejoint-le-present","status":"publish","type":"post","link":"https:\/\/news.canadamotorjobs.com\/fr\/la-passe-rejoint-le-present\/","title":{"rendered":"La pass\u00e9 rejoint le pr\u00e9sent"},"content":{"rendered":"<p>Parmi les quelques curiosit\u00e9s au Salon de l\u2019auto de D\u00e9troit, un populaire mod\u00e8le du pass\u00e9, un El Camino (lire eL Camino) rejoint l\u2019avenir avec une conversion \u00e9lectrique de la firme de pr\u00e9parateur Lingenfelter.<\/p>\n<h3>Un projet conjoint<\/h3>\n<p>C\u2019est GM en novembre 2020 qui avait choisi Lingenfelter comme premi\u00e8re entreprise du march\u00e9 des pi\u00e8ces de rechange \u00e0 d\u00e9velopper le programme d&#8217;installateur certifi\u00e9 pour le syst\u00e8me GM eCrate Electric Connect and Cruise. Ce El Camino de 3e g\u00e9n\u00e9ration a \u00e9t\u00e9 converti \u00e0 l&#8217;\u00e9nergie enti\u00e8rement \u00e9lectrique \u00e0 l\u2019\u00e9t\u00e9\u00a02021, et a depuis accumul\u00e9 des centaines de kilom\u00e8tres d&#8217;essai pour valider le concept d&#8217;\u00e9change de moteur \u00e9lectrique.<\/p>\n<h3>Batterie de 66 kWh<\/h3>\n<p>Sous le capot avant, on retrouve un moteur \u00e9lectrique avec une batterie de 66 kWh, une suspension \u00e0 l\u2019air et des roues de 19 pouces avec des freins surdimensionn\u00e9s. La batterie d\u00e9veloppe environ 200 chevaux un inverseur de puissance DC \u00e0 AC, un convertisseur de puissance DC \u00e0 DC, des contr\u00f4leurs, des faisceaux de c\u00e2blage et une pompe \u00e0 eau. Ce v\u00e9hicule qui a servi de laboratoire roulant pourrait avoir une suite. Le programme GM Concept Electric Connect and Cruise eCrate Package pourrait \u00eatre utilis\u00e9 pour ceux qui d\u00e9sirent convertir leur vieux v\u00e9hicule GM en mod\u00e8le \u00e9lectrique.<\/p>\n<p>Le texte <a href=\"https:\/\/annuelauto.ca\/la-passe-rejoint-le-present\/\" rel=\"nofollow\">La pass\u00e9 rejoint le pr\u00e9sent<\/a> provient de <a href=\"https:\/\/annuelauto.ca\" rel=\"nofollow\">L&#8217;annuel de l&#8217;automobile &#8211; Actualit\u00e9 automobile<\/a><\/p>\n","protected":false},"excerpt":{"rendered":"<p>Parmi les quelques curiosit\u00e9s au Salon de l\u2019auto de D\u00e9troit, un populaire mod\u00e8le du pass\u00e9, un El Camino (lire eL Camino) rejoint l\u2019avenir avec une conversion \u00e9lectrique de la firme de pr\u00e9parateur Lingenfelter. Un projet conjoint C\u2019est GM en novembre 2020 qui avait choisi Lingenfelter comme premi\u00e8re entreprise du march\u00e9 des pi\u00e8ces de rechange \u00e0 [&hellip;]<\/p>\n","protected":false},"author":8,"featured_media":44574,"comment_status":"close","ping_status":"closed","sticky":false,"template":"","format":"standard","meta":{"_monsterinsights_skip_tracking":false,"_monsterinsights_sitenote_active":false,"_monsterinsights_sitenote_note":"","_monsterinsights_sitenote_category":0,"footnotes":""},"categories":[101],"tags":[],"yoast_head":"<!-- This site is optimized with the Yoast SEO plugin v23.2 - https:\/\/yoast.com\/wordpress\/plugins\/seo\/ -->\n<title>La pass\u00e9 rejoint le pr\u00e9sent - CanadaMotorJobs.com<\/title>\n<meta name=\"description\" content=\"La pass\u00e9 rejoint le pr\u00e9sent - Benoit Charette - Annuel automobile - CanadaMotorJobs.com.\" \/>\n<meta name=\"robots\" content=\"index, follow, max-snippet:-1, max-image-preview:large, max-video-preview:-1\" \/>\n<meta property=\"og:locale\" content=\"fr_CA\" \/>\n<meta property=\"og:type\" content=\"article\" \/>\n<meta property=\"og:title\" content=\"La pass\u00e9 rejoint le pr\u00e9sent - CanadaMotorJobs.com\" \/>\n<meta property=\"og:description\" content=\"La pass\u00e9 rejoint le pr\u00e9sent - Benoit Charette - Annuel automobile - CanadaMotorJobs.com.\" \/>\n<meta property=\"og:url\" content=\"https:\/\/news.canadamotorjobs.com\/fr\/la-passe-rejoint-le-present\/\" \/>\n<meta property=\"og:site_name\" content=\"CanadaMotorJobs.com\" \/>\n<meta property=\"article:publisher\" content=\"https:\/\/www.facebook.com\/canadamotorjobs\/\" \/>\n<meta property=\"article:published_time\" content=\"2022-09-14T21:42:01+00:00\" \/>\n<meta property=\"article:modified_time\" content=\"2022-09-15T16:45:30+00:00\" \/>\n<meta property=\"og:image\" content=\"https:\/\/news.canadamotorjobs.com\/wp-content\/uploads\/2022\/09\/IMG_5729-1.jpg\" \/>\n\t<meta property=\"og:image:width\" content=\"1500\" \/>\n\t<meta property=\"og:image:height\" content=\"1125\" \/>\n\t<meta property=\"og:image:type\" content=\"image\/jpeg\" \/>\n<meta name=\"author\" content=\"Benoit Charette\" \/>\n<meta name=\"twitter:card\" content=\"summary_large_image\" \/>\n<meta name=\"twitter:creator\" content=\"@canadamotorjobs\" \/>\n<meta name=\"twitter:site\" content=\"@canadamotorjobs\" \/>\n<meta name=\"twitter:label1\" content=\"\u00c9crit par\" \/>\n\t<meta name=\"twitter:data1\" content=\"Benoit Charette\" \/>\n\t<meta name=\"twitter:label2\" content=\"Estimation du temps de lecture\" \/>\n\t<meta name=\"twitter:data2\" content=\"1 minute\" \/>\n<!-- \/ Yoast SEO plugin. -->","yoast_head_json":{"title":"La pass\u00e9 rejoint le pr\u00e9sent - CanadaMotorJobs.com","description":"La pass\u00e9 rejoint le pr\u00e9sent - Benoit Charette - Annuel automobile - CanadaMotorJobs.com.","robots":{"index":"index","follow":"follow","max-snippet":"max-snippet:-1","max-image-preview":"max-image-preview:large","max-video-preview":"max-video-preview:-1"},"og_locale":"fr_CA","og_type":"article","og_title":"La pass\u00e9 rejoint le pr\u00e9sent - CanadaMotorJobs.com","og_description":"La pass\u00e9 rejoint le pr\u00e9sent - Benoit Charette - Annuel automobile - CanadaMotorJobs.com.","og_url":"https:\/\/news.canadamotorjobs.com\/fr\/la-passe-rejoint-le-present\/","og_site_name":"CanadaMotorJobs.com","article_publisher":"https:\/\/www.facebook.com\/canadamotorjobs\/","article_published_time":"2022-09-14T21:42:01+00:00","article_modified_time":"2022-09-15T16:45:30+00:00","og_image":[{"width":1500,"height":1125,"url":"https:\/\/news.canadamotorjobs.com\/wp-content\/uploads\/2022\/09\/IMG_5729-1.jpg","type":"image\/jpeg"}],"author":"Benoit Charette","twitter_card":"summary_large_image","twitter_creator":"@canadamotorjobs","twitter_site":"@canadamotorjobs","twitter_misc":{"\u00c9crit par":"Benoit Charette","Estimation du temps de lecture":"1 minute"},"schema":{"@context":"https:\/\/schema.org","@graph":[{"@type":"Article","@id":"https:\/\/news.canadamotorjobs.com\/fr\/la-passe-rejoint-le-present\/#article","isPartOf":{"@id":"https:\/\/news.canadamotorjobs.com\/fr\/la-passe-rejoint-le-present\/"},"author":{"name":"Benoit Charette","@id":"https:\/\/news.canadamotorjobs.com\/#\/schema\/person\/51793d1f87d44011d7bcc2ed99269a90"},"headline":"La pass\u00e9 rejoint le pr\u00e9sent","datePublished":"2022-09-14T21:42:01+00:00","dateModified":"2022-09-15T16:45:30+00:00","mainEntityOfPage":{"@id":"https:\/\/news.canadamotorjobs.com\/fr\/la-passe-rejoint-le-present\/"},"wordCount":243,"publisher":{"@id":"https:\/\/news.canadamotorjobs.com\/#organization"},"image":{"@id":"https:\/\/news.canadamotorjobs.com\/fr\/la-passe-rejoint-le-present\/#primaryimage"},"thumbnailUrl":"https:\/\/news.canadamotorjobs.com\/wp-content\/uploads\/2022\/09\/IMG_5729-1.jpg","articleSection":["Annuel automobile"],"inLanguage":"fr-CA"},{"@type":"WebPage","@id":"https:\/\/news.canadamotorjobs.com\/fr\/la-passe-rejoint-le-present\/","url":"https:\/\/news.canadamotorjobs.com\/fr\/la-passe-rejoint-le-present\/","name":"La pass\u00e9 rejoint le pr\u00e9sent - CanadaMotorJobs.com","isPartOf":{"@id":"https:\/\/news.canadamotorjobs.com\/#website"},"primaryImageOfPage":{"@id":"https:\/\/news.canadamotorjobs.com\/fr\/la-passe-rejoint-le-present\/#primaryimage"},"image":{"@id":"https:\/\/news.canadamotorjobs.com\/fr\/la-passe-rejoint-le-present\/#primaryimage"},"thumbnailUrl":"https:\/\/news.canadamotorjobs.com\/wp-content\/uploads\/2022\/09\/IMG_5729-1.jpg","datePublished":"2022-09-14T21:42:01+00:00","dateModified":"2022-09-15T16:45:30+00:00","description":"La pass\u00e9 rejoint le pr\u00e9sent - Benoit Charette - Annuel automobile - CanadaMotorJobs.com.","breadcrumb":{"@id":"https:\/\/news.canadamotorjobs.com\/fr\/la-passe-rejoint-le-present\/#breadcrumb"},"inLanguage":"fr-CA","potentialAction":[{"@type":"ReadAction","target":["https:\/\/news.canadamotorjobs.com\/fr\/la-passe-rejoint-le-present\/"]}]},{"@type":"ImageObject","inLanguage":"fr-CA","@id":"https:\/\/news.canadamotorjobs.com\/fr\/la-passe-rejoint-le-present\/#primaryimage","url":"https:\/\/news.canadamotorjobs.com\/wp-content\/uploads\/2022\/09\/IMG_5729-1.jpg","contentUrl":"https:\/\/news.canadamotorjobs.com\/wp-content\/uploads\/2022\/09\/IMG_5729-1.jpg","width":1500,"height":1125},{"@type":"BreadcrumbList","@id":"https:\/\/news.canadamotorjobs.com\/fr\/la-passe-rejoint-le-present\/#breadcrumb","itemListElement":[{"@type":"ListItem","position":1,"name":"Home","item":"https:\/\/news.canadamotorjobs.com\/fr\/blog\/"},{"@type":"ListItem","position":2,"name":"La pass\u00e9 rejoint le pr\u00e9sent"}]},{"@type":"WebSite","@id":"https:\/\/news.canadamotorjobs.com\/#website","url":"https:\/\/news.canadamotorjobs.com\/","name":"CanadaMotorJobs.com","description":"Automotive Jobs","publisher":{"@id":"https:\/\/news.canadamotorjobs.com\/#organization"},"potentialAction":[{"@type":"SearchAction","target":{"@type":"EntryPoint","urlTemplate":"https:\/\/news.canadamotorjobs.com\/?s={search_term_string}"},"query-input":"required name=search_term_string"}],"inLanguage":"fr-CA"},{"@type":"Organization","@id":"https:\/\/news.canadamotorjobs.com\/#organization","name":"Canada Motor Jobs","url":"https:\/\/news.canadamotorjobs.com\/","logo":{"@type":"ImageObject","inLanguage":"fr-CA","@id":"https:\/\/news.canadamotorjobs.com\/#\/schema\/logo\/image\/","url":"https:\/\/news.canadamotorjobs.com\/wp-content\/uploads\/2022\/10\/logo-canada-motor-jobs-1.png","contentUrl":"https:\/\/news.canadamotorjobs.com\/wp-content\/uploads\/2022\/10\/logo-canada-motor-jobs-1.png","width":800,"height":400,"caption":"Canada Motor Jobs"},"image":{"@id":"https:\/\/news.canadamotorjobs.com\/#\/schema\/logo\/image\/"},"sameAs":["https:\/\/www.facebook.com\/canadamotorjobs\/","https:\/\/x.com\/canadamotorjobs","https:\/\/www.instagram.com\/canadamotorjobs\/","https:\/\/www.linkedin.com\/company\/canadamotorjobs"]},{"@type":"Person","@id":"https:\/\/news.canadamotorjobs.com\/#\/schema\/person\/51793d1f87d44011d7bcc2ed99269a90","name":"Benoit Charette","image":{"@type":"ImageObject","inLanguage":"fr-CA","@id":"https:\/\/news.canadamotorjobs.com\/#\/schema\/person\/image\/","url":"https:\/\/secure.gravatar.com\/avatar\/45f3d2eebcccd909668d7ce7ea7267b6?s=96&d=mm&r=g","contentUrl":"https:\/\/secure.gravatar.com\/avatar\/45f3d2eebcccd909668d7ce7ea7267b6?s=96&d=mm&r=g","caption":"Benoit Charette"},"description":"Benoit Charette \/ Propri\u00e9taire et r\u00e9dacteur en chef Benoit Charette pratique le journalisme automobile depuis bient\u00f4t 30 ans. Il a fait ses classes au c\u00f4t\u00e9 de Daniel H\u00e9raud et au Carnet de route de 1992 \u00e0 2001. Il est fondateur, copropri\u00e9taire et r\u00e9dacteur en chef de L\u2019Annuel de l\u2019automobile, qu\u2019il publie depuis 2001. Il a anim\u00e9 les \u00e9missions RPM et RPM+ sur V et les L\u00e9gendes de la route sur Historia. \u00c0 la radio depuis 1986, il reprend l\u2019antenne cette ann\u00e9e sur les ondes de Cogeco et participe pour la deuxi\u00e8me ann\u00e9e \u00e0 l\u2019\u00e9mission Passion Auto sur RDS en plus de mettre en ligne le site Web officiel de L\u2019Annuel de l\u2019automobile sur annuelauto.ca.","sameAs":["https:\/\/annuelauto.ca\/"],"url":"https:\/\/news.canadamotorjobs.com\/fr\/author\/benoit-charette\/"}]}},"_links":{"self":[{"href":"https:\/\/news.canadamotorjobs.com\/fr\/wp-json\/wp\/v2\/posts\/44570"}],"collection":[{"href":"https:\/\/news.canadamotorjobs.com\/fr\/wp-json\/wp\/v2\/posts"}],"about":[{"href":"https:\/\/news.canadamotorjobs.com\/fr\/wp-json\/wp\/v2\/types\/post"}],"author":[{"embeddable":true,"href":"https:\/\/news.canadamotorjobs.com\/fr\/wp-json\/wp\/v2\/users\/8"}],"replies":[{"embeddable":true,"href":"https:\/\/news.canadamotorjobs.com\/fr\/wp-json\/wp\/v2\/comments?post=44570"}],"version-history":[{"count":0,"href":"https:\/\/news.canadamotorjobs.com\/fr\/wp-json\/wp\/v2\/posts\/44570\/revisions"}],"wp:featuredmedia":[{"embeddable":true,"href":"https:\/\/news.canadamotorjobs.com\/fr\/wp-json\/wp\/v2\/media\/44574"}],"wp:attachment":[{"href":"https:\/\/news.canadamotorjobs.com\/fr\/wp-json\/wp\/v2\/media?parent=44570"}],"wp:term":[{"taxonomy":"category","embeddable":true,"href":"https:\/\/news.canadamotorjobs.com\/fr\/wp-json\/wp\/v2\/categories?post=44570"},{"taxonomy":"post_tag","embeddable":true,"href":"https:\/\/news.canadamotorjobs.com\/fr\/wp-json\/wp\/v2\/tags?post=44570"}],"curies":[{"name":"wp","href":"https:\/\/api.w.org\/{rel}","templated":true}]}}