{"id":43414,"date":"2022-09-13T12:02:10","date_gmt":"2022-09-13T16:02:10","guid":{"rendered":"https:\/\/blog.canadamotorjobs.com\/le-ram-1500-diesel-ne-sera-plus-disponible\/"},"modified":"2022-09-13T12:15:41","modified_gmt":"2022-09-13T16:15:41","slug":"le-ram-1500-diesel-ne-sera-plus-disponible","status":"publish","type":"post","link":"https:\/\/news.canadamotorjobs.com\/fr\/le-ram-1500-diesel-ne-sera-plus-disponible\/","title":{"rendered":"Le Ram 1500 Diesel ne sera plus disponible"},"content":{"rendered":"<\/p>\n<p>Vous avez jusqu\u2019en janvier prochain pour faire l\u2019achat d\u2019un Ram 1500 Diesel, apr\u00e8s, il sera trop tard. Cette configuration ne sera plus disponible.<br \/> Ram a lancer le bal<br \/> Ram a \u00e9t\u00e9 le premier constructeur automobile \u00e0 proposer un camion Diesel de la s\u00e9rie 1500 aux \u00c9tats-Unis. L&#8217;EcoDiesel a fait parler de lui lors de son lancement en 2014, avec une consommation sur autoroute qui tournait autour de 8 litres aux 100\u00a0km, tout en d\u00e9livrant une puissance respectable de 240 chevaux et un couple de 420 livres-pieds. Il a re\u00e7u des am\u00e9liorations substantielles en 2020 pour la g\u00e9n\u00e9ration actuelle du Ram 1500, et avant longtemps, les conducteurs ont commenc\u00e9 \u00e0 parcourir plus de 1 000\u00a0km avec un seul r\u00e9servoir. Et ce, avec encore plus de puissance, soit 260\u00a0ch et 480\u00a0lb-pi.<br \/> Place au mod\u00e8le \u00e9lectrique<br \/> Il est clair que Ram \u00e9limine progressivement l&#8217;EcoDiesel pour faire place mod\u00e8le \u00e9lectrique. Ce dernier arrivera en 2024. Le Ram 1500 EcoDiesel 2023 reste une valeur s\u00fbre, m\u00eame si sa capacit\u00e9 de remorquage maximale de 12\u00a0560 livres n&#8217;est plus la meilleure de sa cat\u00e9gorie. Il a surv\u00e9cu au Ford F-150 Power Stroke et GM vient de d\u00e9voiler sa deuxi\u00e8me g\u00e9n\u00e9ration de Duramax Diesel de 3,0 litres. Attendez-vous \u00e0 ce que le Chevrolet Silverado et le GMC Sierra 1500 re\u00e7oivent ce moteur pendant au moins quelques ann\u00e9es encore.<br \/> Toujours livrable chez Jeep<br \/> Pour l&#8217;instant, le V6 EcoDiesel de 3,0 litres, fabriqu\u00e9 par VM Motori, sera toujours vendu dans des mod\u00e8les comme la Jeep Wrangler et la Gladiator. Si<\/p>\n","protected":false},"excerpt":{"rendered":"<p>Vous avez jusqu\u2019en janvier prochain pour faire l\u2019achat d\u2019un Ram 1500 Diesel, apr\u00e8s, il sera trop tard. Cette configuration ne sera plus disponible. Ram a lancer le bal Ram a \u00e9t\u00e9 le premier constructeur automobile \u00e0 proposer un camion Diesel de la s\u00e9rie 1500 aux \u00c9tats-Unis. L&#8217;EcoDiesel a fait parler de lui lors de son [&hellip;]<\/p>\n","protected":false},"author":8,"featured_media":43418,"comment_status":"close","ping_status":"closed","sticky":false,"template":"","format":"standard","meta":{"_monsterinsights_skip_tracking":false,"_monsterinsights_sitenote_active":false,"_monsterinsights_sitenote_note":"","_monsterinsights_sitenote_category":0,"footnotes":""},"categories":[101],"tags":[],"yoast_head":"<!-- This site is optimized with the Yoast SEO plugin v23.2 - https:\/\/yoast.com\/wordpress\/plugins\/seo\/ -->\n<title>Le Ram 1500 Diesel ne sera plus disponible - CanadaMotorJobs.com<\/title>\n<meta name=\"description\" content=\"Le Ram 1500 Diesel ne sera plus disponible - Benoit Charette - Annuel automobile - CanadaMotorJobs.com.\" \/>\n<meta name=\"robots\" content=\"index, follow, max-snippet:-1, max-image-preview:large, max-video-preview:-1\" \/>\n<meta property=\"og:locale\" content=\"fr_CA\" \/>\n<meta property=\"og:type\" content=\"article\" \/>\n<meta property=\"og:title\" content=\"Le Ram 1500 Diesel ne sera plus disponible - CanadaMotorJobs.com\" \/>\n<meta property=\"og:description\" content=\"Le Ram 1500 Diesel ne sera plus disponible - Benoit Charette - Annuel automobile - CanadaMotorJobs.com.\" \/>\n<meta property=\"og:url\" content=\"https:\/\/news.canadamotorjobs.com\/fr\/le-ram-1500-diesel-ne-sera-plus-disponible\/\" \/>\n<meta property=\"og:site_name\" content=\"CanadaMotorJobs.com\" \/>\n<meta property=\"article:publisher\" content=\"https:\/\/www.facebook.com\/canadamotorjobs\/\" \/>\n<meta property=\"article:published_time\" content=\"2022-09-13T16:02:10+00:00\" \/>\n<meta property=\"article:modified_time\" content=\"2022-09-13T16:15:41+00:00\" \/>\n<meta property=\"og:image\" content=\"https:\/\/news.canadamotorjobs.com\/wp-content\/uploads\/2022\/09\/2022_ram_1500_crew-cab-pickup_limited_fq_oem_3_1280-1.jpg\" \/>\n\t<meta property=\"og:image:width\" content=\"1280\" \/>\n\t<meta property=\"og:image:height\" content=\"855\" \/>\n\t<meta property=\"og:image:type\" content=\"image\/jpeg\" \/>\n<meta name=\"author\" content=\"Benoit Charette\" \/>\n<meta name=\"twitter:card\" content=\"summary_large_image\" \/>\n<meta name=\"twitter:creator\" content=\"@canadamotorjobs\" \/>\n<meta name=\"twitter:site\" content=\"@canadamotorjobs\" \/>\n<meta name=\"twitter:label1\" content=\"\u00c9crit par\" \/>\n\t<meta name=\"twitter:data1\" content=\"Benoit Charette\" \/>\n\t<meta name=\"twitter:label2\" content=\"Estimation du temps de lecture\" \/>\n\t<meta name=\"twitter:data2\" content=\"1 minute\" \/>\n<!-- \/ Yoast SEO plugin. -->","yoast_head_json":{"title":"Le Ram 1500 Diesel ne sera plus disponible - CanadaMotorJobs.com","description":"Le Ram 1500 Diesel ne sera plus disponible - Benoit Charette - Annuel automobile - CanadaMotorJobs.com.","robots":{"index":"index","follow":"follow","max-snippet":"max-snippet:-1","max-image-preview":"max-image-preview:large","max-video-preview":"max-video-preview:-1"},"og_locale":"fr_CA","og_type":"article","og_title":"Le Ram 1500 Diesel ne sera plus disponible - CanadaMotorJobs.com","og_description":"Le Ram 1500 Diesel ne sera plus disponible - Benoit Charette - Annuel automobile - CanadaMotorJobs.com.","og_url":"https:\/\/news.canadamotorjobs.com\/fr\/le-ram-1500-diesel-ne-sera-plus-disponible\/","og_site_name":"CanadaMotorJobs.com","article_publisher":"https:\/\/www.facebook.com\/canadamotorjobs\/","article_published_time":"2022-09-13T16:02:10+00:00","article_modified_time":"2022-09-13T16:15:41+00:00","og_image":[{"width":1280,"height":855,"url":"https:\/\/news.canadamotorjobs.com\/wp-content\/uploads\/2022\/09\/2022_ram_1500_crew-cab-pickup_limited_fq_oem_3_1280-1.jpg","type":"image\/jpeg"}],"author":"Benoit Charette","twitter_card":"summary_large_image","twitter_creator":"@canadamotorjobs","twitter_site":"@canadamotorjobs","twitter_misc":{"\u00c9crit par":"Benoit Charette","Estimation du temps de lecture":"1 minute"},"schema":{"@context":"https:\/\/schema.org","@graph":[{"@type":"Article","@id":"https:\/\/news.canadamotorjobs.com\/fr\/le-ram-1500-diesel-ne-sera-plus-disponible\/#article","isPartOf":{"@id":"https:\/\/news.canadamotorjobs.com\/fr\/le-ram-1500-diesel-ne-sera-plus-disponible\/"},"author":{"name":"Benoit Charette","@id":"https:\/\/news.canadamotorjobs.com\/#\/schema\/person\/51793d1f87d44011d7bcc2ed99269a90"},"headline":"Le Ram 1500 Diesel ne sera plus disponible","datePublished":"2022-09-13T16:02:10+00:00","dateModified":"2022-09-13T16:15:41+00:00","mainEntityOfPage":{"@id":"https:\/\/news.canadamotorjobs.com\/fr\/le-ram-1500-diesel-ne-sera-plus-disponible\/"},"wordCount":266,"publisher":{"@id":"https:\/\/news.canadamotorjobs.com\/#organization"},"image":{"@id":"https:\/\/news.canadamotorjobs.com\/fr\/le-ram-1500-diesel-ne-sera-plus-disponible\/#primaryimage"},"thumbnailUrl":"https:\/\/news.canadamotorjobs.com\/wp-content\/uploads\/2022\/09\/2022_ram_1500_crew-cab-pickup_limited_fq_oem_3_1280-1.jpg","articleSection":["Annuel automobile"],"inLanguage":"fr-CA"},{"@type":"WebPage","@id":"https:\/\/news.canadamotorjobs.com\/fr\/le-ram-1500-diesel-ne-sera-plus-disponible\/","url":"https:\/\/news.canadamotorjobs.com\/fr\/le-ram-1500-diesel-ne-sera-plus-disponible\/","name":"Le Ram 1500 Diesel ne sera plus disponible - CanadaMotorJobs.com","isPartOf":{"@id":"https:\/\/news.canadamotorjobs.com\/#website"},"primaryImageOfPage":{"@id":"https:\/\/news.canadamotorjobs.com\/fr\/le-ram-1500-diesel-ne-sera-plus-disponible\/#primaryimage"},"image":{"@id":"https:\/\/news.canadamotorjobs.com\/fr\/le-ram-1500-diesel-ne-sera-plus-disponible\/#primaryimage"},"thumbnailUrl":"https:\/\/news.canadamotorjobs.com\/wp-content\/uploads\/2022\/09\/2022_ram_1500_crew-cab-pickup_limited_fq_oem_3_1280-1.jpg","datePublished":"2022-09-13T16:02:10+00:00","dateModified":"2022-09-13T16:15:41+00:00","description":"Le Ram 1500 Diesel ne sera plus disponible - Benoit Charette - Annuel automobile - CanadaMotorJobs.com.","breadcrumb":{"@id":"https:\/\/news.canadamotorjobs.com\/fr\/le-ram-1500-diesel-ne-sera-plus-disponible\/#breadcrumb"},"inLanguage":"fr-CA","potentialAction":[{"@type":"ReadAction","target":["https:\/\/news.canadamotorjobs.com\/fr\/le-ram-1500-diesel-ne-sera-plus-disponible\/"]}]},{"@type":"ImageObject","inLanguage":"fr-CA","@id":"https:\/\/news.canadamotorjobs.com\/fr\/le-ram-1500-diesel-ne-sera-plus-disponible\/#primaryimage","url":"https:\/\/news.canadamotorjobs.com\/wp-content\/uploads\/2022\/09\/2022_ram_1500_crew-cab-pickup_limited_fq_oem_3_1280-1.jpg","contentUrl":"https:\/\/news.canadamotorjobs.com\/wp-content\/uploads\/2022\/09\/2022_ram_1500_crew-cab-pickup_limited_fq_oem_3_1280-1.jpg","width":1280,"height":855},{"@type":"BreadcrumbList","@id":"https:\/\/news.canadamotorjobs.com\/fr\/le-ram-1500-diesel-ne-sera-plus-disponible\/#breadcrumb","itemListElement":[{"@type":"ListItem","position":1,"name":"Home","item":"https:\/\/news.canadamotorjobs.com\/fr\/blog\/"},{"@type":"ListItem","position":2,"name":"Le Ram 1500 Diesel ne sera plus disponible"}]},{"@type":"WebSite","@id":"https:\/\/news.canadamotorjobs.com\/#website","url":"https:\/\/news.canadamotorjobs.com\/","name":"CanadaMotorJobs.com","description":"Automotive Jobs","publisher":{"@id":"https:\/\/news.canadamotorjobs.com\/#organization"},"potentialAction":[{"@type":"SearchAction","target":{"@type":"EntryPoint","urlTemplate":"https:\/\/news.canadamotorjobs.com\/?s={search_term_string}"},"query-input":"required name=search_term_string"}],"inLanguage":"fr-CA"},{"@type":"Organization","@id":"https:\/\/news.canadamotorjobs.com\/#organization","name":"Canada Motor Jobs","url":"https:\/\/news.canadamotorjobs.com\/","logo":{"@type":"ImageObject","inLanguage":"fr-CA","@id":"https:\/\/news.canadamotorjobs.com\/#\/schema\/logo\/image\/","url":"https:\/\/news.canadamotorjobs.com\/wp-content\/uploads\/2022\/10\/logo-canada-motor-jobs-1.png","contentUrl":"https:\/\/news.canadamotorjobs.com\/wp-content\/uploads\/2022\/10\/logo-canada-motor-jobs-1.png","width":800,"height":400,"caption":"Canada Motor Jobs"},"image":{"@id":"https:\/\/news.canadamotorjobs.com\/#\/schema\/logo\/image\/"},"sameAs":["https:\/\/www.facebook.com\/canadamotorjobs\/","https:\/\/x.com\/canadamotorjobs","https:\/\/www.instagram.com\/canadamotorjobs\/","https:\/\/www.linkedin.com\/company\/canadamotorjobs"]},{"@type":"Person","@id":"https:\/\/news.canadamotorjobs.com\/#\/schema\/person\/51793d1f87d44011d7bcc2ed99269a90","name":"Benoit Charette","image":{"@type":"ImageObject","inLanguage":"fr-CA","@id":"https:\/\/news.canadamotorjobs.com\/#\/schema\/person\/image\/","url":"https:\/\/secure.gravatar.com\/avatar\/45f3d2eebcccd909668d7ce7ea7267b6?s=96&d=mm&r=g","contentUrl":"https:\/\/secure.gravatar.com\/avatar\/45f3d2eebcccd909668d7ce7ea7267b6?s=96&d=mm&r=g","caption":"Benoit Charette"},"description":"Benoit Charette \/ Propri\u00e9taire et r\u00e9dacteur en chef Benoit Charette pratique le journalisme automobile depuis bient\u00f4t 30 ans. Il a fait ses classes au c\u00f4t\u00e9 de Daniel H\u00e9raud et au Carnet de route de 1992 \u00e0 2001. Il est fondateur, copropri\u00e9taire et r\u00e9dacteur en chef de L\u2019Annuel de l\u2019automobile, qu\u2019il publie depuis 2001. Il a anim\u00e9 les \u00e9missions RPM et RPM+ sur V et les L\u00e9gendes de la route sur Historia. \u00c0 la radio depuis 1986, il reprend l\u2019antenne cette ann\u00e9e sur les ondes de Cogeco et participe pour la deuxi\u00e8me ann\u00e9e \u00e0 l\u2019\u00e9mission Passion Auto sur RDS en plus de mettre en ligne le site Web officiel de L\u2019Annuel de l\u2019automobile sur annuelauto.ca.","sameAs":["https:\/\/annuelauto.ca\/"],"url":"https:\/\/news.canadamotorjobs.com\/fr\/author\/benoit-charette\/"}]}},"_links":{"self":[{"href":"https:\/\/news.canadamotorjobs.com\/fr\/wp-json\/wp\/v2\/posts\/43414"}],"collection":[{"href":"https:\/\/news.canadamotorjobs.com\/fr\/wp-json\/wp\/v2\/posts"}],"about":[{"href":"https:\/\/news.canadamotorjobs.com\/fr\/wp-json\/wp\/v2\/types\/post"}],"author":[{"embeddable":true,"href":"https:\/\/news.canadamotorjobs.com\/fr\/wp-json\/wp\/v2\/users\/8"}],"replies":[{"embeddable":true,"href":"https:\/\/news.canadamotorjobs.com\/fr\/wp-json\/wp\/v2\/comments?post=43414"}],"version-history":[{"count":0,"href":"https:\/\/news.canadamotorjobs.com\/fr\/wp-json\/wp\/v2\/posts\/43414\/revisions"}],"wp:featuredmedia":[{"embeddable":true,"href":"https:\/\/news.canadamotorjobs.com\/fr\/wp-json\/wp\/v2\/media\/43418"}],"wp:attachment":[{"href":"https:\/\/news.canadamotorjobs.com\/fr\/wp-json\/wp\/v2\/media?parent=43414"}],"wp:term":[{"taxonomy":"category","embeddable":true,"href":"https:\/\/news.canadamotorjobs.com\/fr\/wp-json\/wp\/v2\/categories?post=43414"},{"taxonomy":"post_tag","embeddable":true,"href":"https:\/\/news.canadamotorjobs.com\/fr\/wp-json\/wp\/v2\/tags?post=43414"}],"curies":[{"name":"wp","href":"https:\/\/api.w.org\/{rel}","templated":true}]}}