{"id":43406,"date":"2022-09-13T10:54:31","date_gmt":"2022-09-13T14:54:31","guid":{"rendered":"https:\/\/blog.canadamotorjobs.com\/qui-va-faire-lentretien-de-votre-vehicule-electrique\/"},"modified":"2022-09-13T16:43:28","modified_gmt":"2022-09-13T20:43:28","slug":"qui-va-faire-lentretien-de-votre-vehicule-electrique","status":"publish","type":"post","link":"https:\/\/news.canadamotorjobs.com\/fr\/qui-va-faire-lentretien-de-votre-vehicule-electrique\/","title":{"rendered":"Qui va faire l\u2019entretien de votre v\u00e9hicule \u00e9lectrique ?"},"content":{"rendered":"<p>Depuis plus de 100 ans, l\u2019industrie automobile tourne autour du moteur \u00e0 essence. Plusieurs ann\u00e9es ont pass\u00e9 avant que des sp\u00e9cialistes en m\u00e9canique furent en mesure de faire l\u2019entretien des moteurs \u00e0 explosion. L\u2019industrie automobile se met au vert, mais la formation est loin d\u2019aller aussi vite que la quantit\u00e9 de mod\u00e8les qui arrivent sur le march\u00e9. Le manque de main-d\u2019\u0153uvre rend les concessionnaires h\u00e9sitant \u00e0 faire de la formation. Que dire de toute l\u2019industrie des ateliers de r\u00e9paration qui commencent \u00e0 peine \u00e0 r\u00e9aliser que dans tr\u00e8s peu de temps, ils devront eux aussi faire l\u2019entretien de v\u00e9hicules \u00e9lectriques\u2009?<\/p>\n<h3>80\u00a0% du travail est le m\u00eame, c\u2019est l\u2019autre 20\u00a0% qui est pr\u00e9occupant<\/h3>\n<p>\u00c0 la base, un v\u00e9hicule \u00e0 essence et un v\u00e9hicule \u00e9lectrique partagent beaucoup de points en commun. Les freins, les pneus, la suspension doivent \u00eatre v\u00e9rifi\u00e9s. Il y a des liquides \u00e0 changer. La rotation des pneus doit \u00eatre regard\u00e9e de plus pr\u00e8s pour les v\u00e9hicules qui sont plus lourds. La v\u00e9rification des freins doit aussi faire l\u2019objet d\u2019une v\u00e9rification plus serrer pour les v\u00e9hicules \u00e9lectriques avec une conduite \u00e0 une p\u00e9dale qui use les disques de freins pr\u00e9matur\u00e9ment.<\/p>\n<h3>Un technicien en informatique plut\u00f4t qu\u2019un m\u00e9canicien<\/h3>\n<p>Depuis le d\u00e9but des ann\u00e9es 90, l\u2019\u00e9lectronique s\u2019est invit\u00e9e dans l\u2019automobile et a envahi depuis le compartiment moteur. Impossible aujourd\u2019hui de jouer dans son moteur la fin de semaine. Vous avez besoin d\u2019un appareil de diagnostic pour ex\u00e9cuter la moindre op\u00e9ration dans un v\u00e9hicule moderne. Le v\u00e9hicule \u00e9lectrique am\u00e8ne le probl\u00e8me \u00e0<\/p>\n","protected":false},"excerpt":{"rendered":"<p>Depuis plus de 100 ans, l\u2019industrie automobile tourne autour du moteur \u00e0 essence. Plusieurs ann\u00e9es ont pass\u00e9 avant que des sp\u00e9cialistes en m\u00e9canique furent en mesure de faire l\u2019entretien des moteurs \u00e0 explosion. L\u2019industrie automobile se met au vert, mais la formation est loin d\u2019aller aussi vite que la quantit\u00e9 de mod\u00e8les qui arrivent sur [&hellip;]<\/p>\n","protected":false},"author":8,"featured_media":43410,"comment_status":"close","ping_status":"closed","sticky":false,"template":"","format":"standard","meta":{"_monsterinsights_skip_tracking":false,"_monsterinsights_sitenote_active":false,"_monsterinsights_sitenote_note":"","_monsterinsights_sitenote_category":0,"footnotes":""},"categories":[101],"tags":[131],"yoast_head":"<!-- This site is optimized with the Yoast SEO plugin v23.2 - https:\/\/yoast.com\/wordpress\/plugins\/seo\/ -->\n<title>Qui va faire l\u2019entretien de votre v\u00e9hicule \u00e9lectrique ? - CanadaMotorJobs.com<\/title>\n<meta name=\"description\" content=\"Qui va faire l\u2019entretien de votre v\u00e9hicule \u00e9lectrique ? - Benoit Charette - Annuel automobile - CanadaMotorJobs.com.\" \/>\n<meta name=\"robots\" content=\"index, follow, max-snippet:-1, max-image-preview:large, max-video-preview:-1\" \/>\n<meta property=\"og:locale\" content=\"fr_CA\" \/>\n<meta property=\"og:type\" content=\"article\" \/>\n<meta property=\"og:title\" content=\"Qui va faire l\u2019entretien de votre v\u00e9hicule \u00e9lectrique ? - CanadaMotorJobs.com\" \/>\n<meta property=\"og:description\" content=\"Qui va faire l\u2019entretien de votre v\u00e9hicule \u00e9lectrique ? - Benoit Charette - Annuel automobile - CanadaMotorJobs.com.\" \/>\n<meta property=\"og:url\" content=\"https:\/\/news.canadamotorjobs.com\/fr\/qui-va-faire-lentretien-de-votre-vehicule-electrique\/\" \/>\n<meta property=\"og:site_name\" content=\"CanadaMotorJobs.com\" \/>\n<meta property=\"article:publisher\" content=\"https:\/\/www.facebook.com\/canadamotorjobs\/\" \/>\n<meta property=\"article:published_time\" content=\"2022-09-13T14:54:31+00:00\" \/>\n<meta property=\"article:modified_time\" content=\"2022-09-13T20:43:28+00:00\" \/>\n<meta property=\"og:image\" content=\"https:\/\/news.canadamotorjobs.com\/wp-content\/uploads\/2022\/09\/OceansideCarRepairShops-1.jpg\" \/>\n\t<meta property=\"og:image:width\" content=\"1000\" \/>\n\t<meta property=\"og:image:height\" content=\"563\" \/>\n\t<meta property=\"og:image:type\" content=\"image\/jpeg\" \/>\n<meta name=\"author\" content=\"Benoit Charette\" \/>\n<meta name=\"twitter:card\" content=\"summary_large_image\" \/>\n<meta name=\"twitter:creator\" content=\"@canadamotorjobs\" \/>\n<meta name=\"twitter:site\" content=\"@canadamotorjobs\" \/>\n<meta name=\"twitter:label1\" content=\"\u00c9crit par\" \/>\n\t<meta name=\"twitter:data1\" content=\"Benoit Charette\" \/>\n\t<meta name=\"twitter:label2\" content=\"Estimation du temps de lecture\" \/>\n\t<meta name=\"twitter:data2\" content=\"2 minutes\" \/>\n<!-- \/ Yoast SEO plugin. -->","yoast_head_json":{"title":"Qui va faire l\u2019entretien de votre v\u00e9hicule \u00e9lectrique ? - CanadaMotorJobs.com","description":"Qui va faire l\u2019entretien de votre v\u00e9hicule \u00e9lectrique ? - Benoit Charette - Annuel automobile - CanadaMotorJobs.com.","robots":{"index":"index","follow":"follow","max-snippet":"max-snippet:-1","max-image-preview":"max-image-preview:large","max-video-preview":"max-video-preview:-1"},"og_locale":"fr_CA","og_type":"article","og_title":"Qui va faire l\u2019entretien de votre v\u00e9hicule \u00e9lectrique ? - CanadaMotorJobs.com","og_description":"Qui va faire l\u2019entretien de votre v\u00e9hicule \u00e9lectrique ? - Benoit Charette - Annuel automobile - CanadaMotorJobs.com.","og_url":"https:\/\/news.canadamotorjobs.com\/fr\/qui-va-faire-lentretien-de-votre-vehicule-electrique\/","og_site_name":"CanadaMotorJobs.com","article_publisher":"https:\/\/www.facebook.com\/canadamotorjobs\/","article_published_time":"2022-09-13T14:54:31+00:00","article_modified_time":"2022-09-13T20:43:28+00:00","og_image":[{"width":1000,"height":563,"url":"https:\/\/news.canadamotorjobs.com\/wp-content\/uploads\/2022\/09\/OceansideCarRepairShops-1.jpg","type":"image\/jpeg"}],"author":"Benoit Charette","twitter_card":"summary_large_image","twitter_creator":"@canadamotorjobs","twitter_site":"@canadamotorjobs","twitter_misc":{"\u00c9crit par":"Benoit Charette","Estimation du temps de lecture":"2 minutes"},"schema":{"@context":"https:\/\/schema.org","@graph":[{"@type":"Article","@id":"https:\/\/news.canadamotorjobs.com\/fr\/qui-va-faire-lentretien-de-votre-vehicule-electrique\/#article","isPartOf":{"@id":"https:\/\/news.canadamotorjobs.com\/fr\/qui-va-faire-lentretien-de-votre-vehicule-electrique\/"},"author":{"name":"Benoit Charette","@id":"https:\/\/news.canadamotorjobs.com\/#\/schema\/person\/51793d1f87d44011d7bcc2ed99269a90"},"headline":"Qui va faire l\u2019entretien de votre v\u00e9hicule \u00e9lectrique ?","datePublished":"2022-09-13T14:54:31+00:00","dateModified":"2022-09-13T20:43:28+00:00","mainEntityOfPage":{"@id":"https:\/\/news.canadamotorjobs.com\/fr\/qui-va-faire-lentretien-de-votre-vehicule-electrique\/"},"wordCount":298,"publisher":{"@id":"https:\/\/news.canadamotorjobs.com\/#organization"},"image":{"@id":"https:\/\/news.canadamotorjobs.com\/fr\/qui-va-faire-lentretien-de-votre-vehicule-electrique\/#primaryimage"},"thumbnailUrl":"https:\/\/news.canadamotorjobs.com\/wp-content\/uploads\/2022\/09\/OceansideCarRepairShops-1.jpg","keywords":["Newsletter"],"articleSection":["Annuel automobile"],"inLanguage":"fr-CA"},{"@type":"WebPage","@id":"https:\/\/news.canadamotorjobs.com\/fr\/qui-va-faire-lentretien-de-votre-vehicule-electrique\/","url":"https:\/\/news.canadamotorjobs.com\/fr\/qui-va-faire-lentretien-de-votre-vehicule-electrique\/","name":"Qui va faire l\u2019entretien de votre v\u00e9hicule \u00e9lectrique ? - CanadaMotorJobs.com","isPartOf":{"@id":"https:\/\/news.canadamotorjobs.com\/#website"},"primaryImageOfPage":{"@id":"https:\/\/news.canadamotorjobs.com\/fr\/qui-va-faire-lentretien-de-votre-vehicule-electrique\/#primaryimage"},"image":{"@id":"https:\/\/news.canadamotorjobs.com\/fr\/qui-va-faire-lentretien-de-votre-vehicule-electrique\/#primaryimage"},"thumbnailUrl":"https:\/\/news.canadamotorjobs.com\/wp-content\/uploads\/2022\/09\/OceansideCarRepairShops-1.jpg","datePublished":"2022-09-13T14:54:31+00:00","dateModified":"2022-09-13T20:43:28+00:00","description":"Qui va faire l\u2019entretien de votre v\u00e9hicule \u00e9lectrique ? - Benoit Charette - Annuel automobile - CanadaMotorJobs.com.","breadcrumb":{"@id":"https:\/\/news.canadamotorjobs.com\/fr\/qui-va-faire-lentretien-de-votre-vehicule-electrique\/#breadcrumb"},"inLanguage":"fr-CA","potentialAction":[{"@type":"ReadAction","target":["https:\/\/news.canadamotorjobs.com\/fr\/qui-va-faire-lentretien-de-votre-vehicule-electrique\/"]}]},{"@type":"ImageObject","inLanguage":"fr-CA","@id":"https:\/\/news.canadamotorjobs.com\/fr\/qui-va-faire-lentretien-de-votre-vehicule-electrique\/#primaryimage","url":"https:\/\/news.canadamotorjobs.com\/wp-content\/uploads\/2022\/09\/OceansideCarRepairShops-1.jpg","contentUrl":"https:\/\/news.canadamotorjobs.com\/wp-content\/uploads\/2022\/09\/OceansideCarRepairShops-1.jpg","width":1000,"height":563},{"@type":"BreadcrumbList","@id":"https:\/\/news.canadamotorjobs.com\/fr\/qui-va-faire-lentretien-de-votre-vehicule-electrique\/#breadcrumb","itemListElement":[{"@type":"ListItem","position":1,"name":"Home","item":"https:\/\/news.canadamotorjobs.com\/fr\/blog\/"},{"@type":"ListItem","position":2,"name":"Qui va faire l\u2019entretien de votre v\u00e9hicule \u00e9lectrique ?"}]},{"@type":"WebSite","@id":"https:\/\/news.canadamotorjobs.com\/#website","url":"https:\/\/news.canadamotorjobs.com\/","name":"CanadaMotorJobs.com","description":"Automotive Jobs","publisher":{"@id":"https:\/\/news.canadamotorjobs.com\/#organization"},"potentialAction":[{"@type":"SearchAction","target":{"@type":"EntryPoint","urlTemplate":"https:\/\/news.canadamotorjobs.com\/?s={search_term_string}"},"query-input":"required name=search_term_string"}],"inLanguage":"fr-CA"},{"@type":"Organization","@id":"https:\/\/news.canadamotorjobs.com\/#organization","name":"Canada Motor Jobs","url":"https:\/\/news.canadamotorjobs.com\/","logo":{"@type":"ImageObject","inLanguage":"fr-CA","@id":"https:\/\/news.canadamotorjobs.com\/#\/schema\/logo\/image\/","url":"https:\/\/news.canadamotorjobs.com\/wp-content\/uploads\/2022\/10\/logo-canada-motor-jobs-1.png","contentUrl":"https:\/\/news.canadamotorjobs.com\/wp-content\/uploads\/2022\/10\/logo-canada-motor-jobs-1.png","width":800,"height":400,"caption":"Canada Motor Jobs"},"image":{"@id":"https:\/\/news.canadamotorjobs.com\/#\/schema\/logo\/image\/"},"sameAs":["https:\/\/www.facebook.com\/canadamotorjobs\/","https:\/\/x.com\/canadamotorjobs","https:\/\/www.instagram.com\/canadamotorjobs\/","https:\/\/www.linkedin.com\/company\/canadamotorjobs"]},{"@type":"Person","@id":"https:\/\/news.canadamotorjobs.com\/#\/schema\/person\/51793d1f87d44011d7bcc2ed99269a90","name":"Benoit Charette","image":{"@type":"ImageObject","inLanguage":"fr-CA","@id":"https:\/\/news.canadamotorjobs.com\/#\/schema\/person\/image\/","url":"https:\/\/secure.gravatar.com\/avatar\/45f3d2eebcccd909668d7ce7ea7267b6?s=96&d=mm&r=g","contentUrl":"https:\/\/secure.gravatar.com\/avatar\/45f3d2eebcccd909668d7ce7ea7267b6?s=96&d=mm&r=g","caption":"Benoit Charette"},"description":"Benoit Charette \/ Propri\u00e9taire et r\u00e9dacteur en chef Benoit Charette pratique le journalisme automobile depuis bient\u00f4t 30 ans. Il a fait ses classes au c\u00f4t\u00e9 de Daniel H\u00e9raud et au Carnet de route de 1992 \u00e0 2001. Il est fondateur, copropri\u00e9taire et r\u00e9dacteur en chef de L\u2019Annuel de l\u2019automobile, qu\u2019il publie depuis 2001. Il a anim\u00e9 les \u00e9missions RPM et RPM+ sur V et les L\u00e9gendes de la route sur Historia. \u00c0 la radio depuis 1986, il reprend l\u2019antenne cette ann\u00e9e sur les ondes de Cogeco et participe pour la deuxi\u00e8me ann\u00e9e \u00e0 l\u2019\u00e9mission Passion Auto sur RDS en plus de mettre en ligne le site Web officiel de L\u2019Annuel de l\u2019automobile sur annuelauto.ca.","sameAs":["https:\/\/annuelauto.ca\/"],"url":"https:\/\/news.canadamotorjobs.com\/fr\/author\/benoit-charette\/"}]}},"_links":{"self":[{"href":"https:\/\/news.canadamotorjobs.com\/fr\/wp-json\/wp\/v2\/posts\/43406"}],"collection":[{"href":"https:\/\/news.canadamotorjobs.com\/fr\/wp-json\/wp\/v2\/posts"}],"about":[{"href":"https:\/\/news.canadamotorjobs.com\/fr\/wp-json\/wp\/v2\/types\/post"}],"author":[{"embeddable":true,"href":"https:\/\/news.canadamotorjobs.com\/fr\/wp-json\/wp\/v2\/users\/8"}],"replies":[{"embeddable":true,"href":"https:\/\/news.canadamotorjobs.com\/fr\/wp-json\/wp\/v2\/comments?post=43406"}],"version-history":[{"count":0,"href":"https:\/\/news.canadamotorjobs.com\/fr\/wp-json\/wp\/v2\/posts\/43406\/revisions"}],"wp:featuredmedia":[{"embeddable":true,"href":"https:\/\/news.canadamotorjobs.com\/fr\/wp-json\/wp\/v2\/media\/43410"}],"wp:attachment":[{"href":"https:\/\/news.canadamotorjobs.com\/fr\/wp-json\/wp\/v2\/media?parent=43406"}],"wp:term":[{"taxonomy":"category","embeddable":true,"href":"https:\/\/news.canadamotorjobs.com\/fr\/wp-json\/wp\/v2\/categories?post=43406"},{"taxonomy":"post_tag","embeddable":true,"href":"https:\/\/news.canadamotorjobs.com\/fr\/wp-json\/wp\/v2\/tags?post=43406"}],"curies":[{"name":"wp","href":"https:\/\/api.w.org\/{rel}","templated":true}]}}