{"id":43398,"date":"2022-09-13T09:48:55","date_gmt":"2022-09-13T13:48:55","guid":{"rendered":"https:\/\/blog.canadamotorjobs.com\/un-rappel-de-200-000-vehicules-chez-porsche\/"},"modified":"2022-09-13T09:58:45","modified_gmt":"2022-09-13T13:58:45","slug":"un-rappel-de-200-000-vehicules-chez-porsche","status":"publish","type":"post","link":"https:\/\/news.canadamotorjobs.com\/fr\/un-rappel-de-200-000-vehicules-chez-porsche\/","title":{"rendered":"Un rappel de 200\u00a0000 v\u00e9hicules chez Porsche"},"content":{"rendered":"<\/p>\n<p>Un probl\u00e8me chronique va finalement faire l\u2019objet d\u2019un rappel chez Porsche. Plusieurs mod\u00e8les allant des ann\u00e9es 2003 \u00e0 2020 avec un d\u00e9faut de conception sur les phares. Les capuchons qui recouvrent les vis de r\u00e9glage horizontal des feux de croisement manquent sur pr\u00e8s de 200\u00a0000.<br \/> Difficile de bien ajuster les phares<br \/> Ces capuchons permettent de r\u00e9gler correctement les phares. Sans ces capuchons, les phares peuvent ne pas s&#8217;allumer correctement. Pire encore, ils sont susceptibles d&#8217;\u00e9blouir les conducteurs venant en sens inverse, ce qui augmente le risque d&#8217;accident. Porsche a d\u00e9clar\u00e9 \u00e0 la NHTSA que les voitures et les VUS rappel\u00e9s pouvaient ne pas \u00eatre conformes aux exigences de la norme f\u00e9d\u00e9rale de s\u00e9curit\u00e9 des v\u00e9hicules \u00e0 moteur num\u00e9ro 108 pour les &#8220;lampes, dispositifs r\u00e9fl\u00e9chissants et \u00e9quipements associ\u00e9s&#8221;. Les concessionnaires ayant pour instruction d&#8217;inspecter les phares pour v\u00e9rifier la pr\u00e9sence des bouchons et installer les capuchons manquants sans frais.<br \/> Quatre mod\u00e8les sur le banc des accus\u00e9s<br \/> Le premier des quatre mod\u00e8les vis\u00e9s par ce rappel est le Macan. Il y a ensuite le Cayenne, le Panamera et finalement la Cayman S avec son successeur la 718 Cayman S<\/p>\n<p> &nbsp;<\/p>\n<p> Avec des renseignements d\u2019Auto Evolution<\/p>\n<p> &nbsp;<\/p>\n<p> &nbsp;<\/p>\n<p> &nbsp;<\/p>\n<p>Le texte <a rel=\"nofollow\" href=\"https:\/\/annuelauto.ca\/un-rappel-de-200-000-vehicules-chez-porsche\/\">Un rappel de 200\u00a0000 v\u00e9hicules chez Porsche<\/a> provient de <a rel=\"nofollow\" href=\"https:\/\/annuelauto.ca\">L&#039;annuel de l&#039;automobile &#8211; Actualit\u00e9 automobile<\/a><\/p>\n<p> <\/p>\n","protected":false},"excerpt":{"rendered":"<p>Un probl\u00e8me chronique va finalement faire l\u2019objet d\u2019un rappel chez Porsche. Plusieurs mod\u00e8les allant des ann\u00e9es 2003 \u00e0 2020 avec un d\u00e9faut de conception sur les phares. Les capuchons qui recouvrent les vis de r\u00e9glage horizontal des feux de croisement manquent sur pr\u00e8s de 200\u00a0000. Difficile de bien ajuster les phares Ces capuchons permettent de [&hellip;]<\/p>\n","protected":false},"author":8,"featured_media":43402,"comment_status":"close","ping_status":"closed","sticky":false,"template":"","format":"standard","meta":{"_monsterinsights_skip_tracking":false,"_monsterinsights_sitenote_active":false,"_monsterinsights_sitenote_note":"","_monsterinsights_sitenote_category":0,"footnotes":""},"categories":[101],"tags":[],"yoast_head":"<!-- This site is optimized with the Yoast SEO plugin v23.2 - https:\/\/yoast.com\/wordpress\/plugins\/seo\/ -->\n<title>Un rappel de 200\u00a0000 v\u00e9hicules chez Porsche - CanadaMotorJobs.com<\/title>\n<meta name=\"description\" content=\"Un rappel de 200\u00a0000 v\u00e9hicules chez Porsche - Benoit Charette - Annuel automobile - CanadaMotorJobs.com.\" \/>\n<meta name=\"robots\" content=\"index, follow, max-snippet:-1, max-image-preview:large, max-video-preview:-1\" \/>\n<meta property=\"og:locale\" content=\"fr_CA\" \/>\n<meta property=\"og:type\" content=\"article\" \/>\n<meta property=\"og:title\" content=\"Un rappel de 200\u00a0000 v\u00e9hicules chez Porsche - CanadaMotorJobs.com\" \/>\n<meta property=\"og:description\" content=\"Un rappel de 200\u00a0000 v\u00e9hicules chez Porsche - Benoit Charette - Annuel automobile - CanadaMotorJobs.com.\" \/>\n<meta property=\"og:url\" content=\"https:\/\/news.canadamotorjobs.com\/fr\/un-rappel-de-200-000-vehicules-chez-porsche\/\" \/>\n<meta property=\"og:site_name\" content=\"CanadaMotorJobs.com\" \/>\n<meta property=\"article:publisher\" content=\"https:\/\/www.facebook.com\/canadamotorjobs\/\" \/>\n<meta property=\"article:published_time\" content=\"2022-09-13T13:48:55+00:00\" \/>\n<meta property=\"article:modified_time\" content=\"2022-09-13T13:58:45+00:00\" \/>\n<meta property=\"og:image\" content=\"https:\/\/news.canadamotorjobs.com\/wp-content\/uploads\/2022\/09\/PORSCHE-Cayenne-Turbo-S-5408_9-1.jpg\" \/>\n\t<meta property=\"og:image:width\" content=\"1782\" \/>\n\t<meta property=\"og:image:height\" content=\"1080\" \/>\n\t<meta property=\"og:image:type\" content=\"image\/jpeg\" \/>\n<meta name=\"author\" content=\"Benoit Charette\" \/>\n<meta name=\"twitter:card\" content=\"summary_large_image\" \/>\n<meta name=\"twitter:creator\" content=\"@canadamotorjobs\" \/>\n<meta name=\"twitter:site\" content=\"@canadamotorjobs\" \/>\n<meta name=\"twitter:label1\" content=\"\u00c9crit par\" \/>\n\t<meta name=\"twitter:data1\" content=\"Benoit Charette\" \/>\n\t<meta name=\"twitter:label2\" content=\"Estimation du temps de lecture\" \/>\n\t<meta name=\"twitter:data2\" content=\"1 minute\" \/>\n<!-- \/ Yoast SEO plugin. -->","yoast_head_json":{"title":"Un rappel de 200\u00a0000 v\u00e9hicules chez Porsche - CanadaMotorJobs.com","description":"Un rappel de 200\u00a0000 v\u00e9hicules chez Porsche - Benoit Charette - Annuel automobile - CanadaMotorJobs.com.","robots":{"index":"index","follow":"follow","max-snippet":"max-snippet:-1","max-image-preview":"max-image-preview:large","max-video-preview":"max-video-preview:-1"},"og_locale":"fr_CA","og_type":"article","og_title":"Un rappel de 200\u00a0000 v\u00e9hicules chez Porsche - CanadaMotorJobs.com","og_description":"Un rappel de 200\u00a0000 v\u00e9hicules chez Porsche - Benoit Charette - Annuel automobile - CanadaMotorJobs.com.","og_url":"https:\/\/news.canadamotorjobs.com\/fr\/un-rappel-de-200-000-vehicules-chez-porsche\/","og_site_name":"CanadaMotorJobs.com","article_publisher":"https:\/\/www.facebook.com\/canadamotorjobs\/","article_published_time":"2022-09-13T13:48:55+00:00","article_modified_time":"2022-09-13T13:58:45+00:00","og_image":[{"width":1782,"height":1080,"url":"https:\/\/news.canadamotorjobs.com\/wp-content\/uploads\/2022\/09\/PORSCHE-Cayenne-Turbo-S-5408_9-1.jpg","type":"image\/jpeg"}],"author":"Benoit Charette","twitter_card":"summary_large_image","twitter_creator":"@canadamotorjobs","twitter_site":"@canadamotorjobs","twitter_misc":{"\u00c9crit par":"Benoit Charette","Estimation du temps de lecture":"1 minute"},"schema":{"@context":"https:\/\/schema.org","@graph":[{"@type":"Article","@id":"https:\/\/news.canadamotorjobs.com\/fr\/un-rappel-de-200-000-vehicules-chez-porsche\/#article","isPartOf":{"@id":"https:\/\/news.canadamotorjobs.com\/fr\/un-rappel-de-200-000-vehicules-chez-porsche\/"},"author":{"name":"Benoit Charette","@id":"https:\/\/news.canadamotorjobs.com\/#\/schema\/person\/51793d1f87d44011d7bcc2ed99269a90"},"headline":"Un rappel de 200\u00a0000 v\u00e9hicules chez Porsche","datePublished":"2022-09-13T13:48:55+00:00","dateModified":"2022-09-13T13:58:45+00:00","mainEntityOfPage":{"@id":"https:\/\/news.canadamotorjobs.com\/fr\/un-rappel-de-200-000-vehicules-chez-porsche\/"},"wordCount":244,"publisher":{"@id":"https:\/\/news.canadamotorjobs.com\/#organization"},"image":{"@id":"https:\/\/news.canadamotorjobs.com\/fr\/un-rappel-de-200-000-vehicules-chez-porsche\/#primaryimage"},"thumbnailUrl":"https:\/\/news.canadamotorjobs.com\/wp-content\/uploads\/2022\/09\/PORSCHE-Cayenne-Turbo-S-5408_9-1.jpg","articleSection":["Annuel automobile"],"inLanguage":"fr-CA"},{"@type":"WebPage","@id":"https:\/\/news.canadamotorjobs.com\/fr\/un-rappel-de-200-000-vehicules-chez-porsche\/","url":"https:\/\/news.canadamotorjobs.com\/fr\/un-rappel-de-200-000-vehicules-chez-porsche\/","name":"Un rappel de 200\u00a0000 v\u00e9hicules chez Porsche - CanadaMotorJobs.com","isPartOf":{"@id":"https:\/\/news.canadamotorjobs.com\/#website"},"primaryImageOfPage":{"@id":"https:\/\/news.canadamotorjobs.com\/fr\/un-rappel-de-200-000-vehicules-chez-porsche\/#primaryimage"},"image":{"@id":"https:\/\/news.canadamotorjobs.com\/fr\/un-rappel-de-200-000-vehicules-chez-porsche\/#primaryimage"},"thumbnailUrl":"https:\/\/news.canadamotorjobs.com\/wp-content\/uploads\/2022\/09\/PORSCHE-Cayenne-Turbo-S-5408_9-1.jpg","datePublished":"2022-09-13T13:48:55+00:00","dateModified":"2022-09-13T13:58:45+00:00","description":"Un rappel de 200\u00a0000 v\u00e9hicules chez Porsche - Benoit Charette - Annuel automobile - CanadaMotorJobs.com.","breadcrumb":{"@id":"https:\/\/news.canadamotorjobs.com\/fr\/un-rappel-de-200-000-vehicules-chez-porsche\/#breadcrumb"},"inLanguage":"fr-CA","potentialAction":[{"@type":"ReadAction","target":["https:\/\/news.canadamotorjobs.com\/fr\/un-rappel-de-200-000-vehicules-chez-porsche\/"]}]},{"@type":"ImageObject","inLanguage":"fr-CA","@id":"https:\/\/news.canadamotorjobs.com\/fr\/un-rappel-de-200-000-vehicules-chez-porsche\/#primaryimage","url":"https:\/\/news.canadamotorjobs.com\/wp-content\/uploads\/2022\/09\/PORSCHE-Cayenne-Turbo-S-5408_9-1.jpg","contentUrl":"https:\/\/news.canadamotorjobs.com\/wp-content\/uploads\/2022\/09\/PORSCHE-Cayenne-Turbo-S-5408_9-1.jpg","width":1782,"height":1080},{"@type":"BreadcrumbList","@id":"https:\/\/news.canadamotorjobs.com\/fr\/un-rappel-de-200-000-vehicules-chez-porsche\/#breadcrumb","itemListElement":[{"@type":"ListItem","position":1,"name":"Home","item":"https:\/\/news.canadamotorjobs.com\/fr\/blog\/"},{"@type":"ListItem","position":2,"name":"Un rappel de 200\u00a0000 v\u00e9hicules chez Porsche"}]},{"@type":"WebSite","@id":"https:\/\/news.canadamotorjobs.com\/#website","url":"https:\/\/news.canadamotorjobs.com\/","name":"CanadaMotorJobs.com","description":"Automotive Jobs","publisher":{"@id":"https:\/\/news.canadamotorjobs.com\/#organization"},"potentialAction":[{"@type":"SearchAction","target":{"@type":"EntryPoint","urlTemplate":"https:\/\/news.canadamotorjobs.com\/?s={search_term_string}"},"query-input":"required name=search_term_string"}],"inLanguage":"fr-CA"},{"@type":"Organization","@id":"https:\/\/news.canadamotorjobs.com\/#organization","name":"Canada Motor Jobs","url":"https:\/\/news.canadamotorjobs.com\/","logo":{"@type":"ImageObject","inLanguage":"fr-CA","@id":"https:\/\/news.canadamotorjobs.com\/#\/schema\/logo\/image\/","url":"https:\/\/news.canadamotorjobs.com\/wp-content\/uploads\/2022\/10\/logo-canada-motor-jobs-1.png","contentUrl":"https:\/\/news.canadamotorjobs.com\/wp-content\/uploads\/2022\/10\/logo-canada-motor-jobs-1.png","width":800,"height":400,"caption":"Canada Motor Jobs"},"image":{"@id":"https:\/\/news.canadamotorjobs.com\/#\/schema\/logo\/image\/"},"sameAs":["https:\/\/www.facebook.com\/canadamotorjobs\/","https:\/\/x.com\/canadamotorjobs","https:\/\/www.instagram.com\/canadamotorjobs\/","https:\/\/www.linkedin.com\/company\/canadamotorjobs"]},{"@type":"Person","@id":"https:\/\/news.canadamotorjobs.com\/#\/schema\/person\/51793d1f87d44011d7bcc2ed99269a90","name":"Benoit Charette","image":{"@type":"ImageObject","inLanguage":"fr-CA","@id":"https:\/\/news.canadamotorjobs.com\/#\/schema\/person\/image\/","url":"https:\/\/secure.gravatar.com\/avatar\/45f3d2eebcccd909668d7ce7ea7267b6?s=96&d=mm&r=g","contentUrl":"https:\/\/secure.gravatar.com\/avatar\/45f3d2eebcccd909668d7ce7ea7267b6?s=96&d=mm&r=g","caption":"Benoit Charette"},"description":"Benoit Charette \/ Propri\u00e9taire et r\u00e9dacteur en chef Benoit Charette pratique le journalisme automobile depuis bient\u00f4t 30 ans. Il a fait ses classes au c\u00f4t\u00e9 de Daniel H\u00e9raud et au Carnet de route de 1992 \u00e0 2001. Il est fondateur, copropri\u00e9taire et r\u00e9dacteur en chef de L\u2019Annuel de l\u2019automobile, qu\u2019il publie depuis 2001. Il a anim\u00e9 les \u00e9missions RPM et RPM+ sur V et les L\u00e9gendes de la route sur Historia. \u00c0 la radio depuis 1986, il reprend l\u2019antenne cette ann\u00e9e sur les ondes de Cogeco et participe pour la deuxi\u00e8me ann\u00e9e \u00e0 l\u2019\u00e9mission Passion Auto sur RDS en plus de mettre en ligne le site Web officiel de L\u2019Annuel de l\u2019automobile sur annuelauto.ca.","sameAs":["https:\/\/annuelauto.ca\/"],"url":"https:\/\/news.canadamotorjobs.com\/fr\/author\/benoit-charette\/"}]}},"_links":{"self":[{"href":"https:\/\/news.canadamotorjobs.com\/fr\/wp-json\/wp\/v2\/posts\/43398"}],"collection":[{"href":"https:\/\/news.canadamotorjobs.com\/fr\/wp-json\/wp\/v2\/posts"}],"about":[{"href":"https:\/\/news.canadamotorjobs.com\/fr\/wp-json\/wp\/v2\/types\/post"}],"author":[{"embeddable":true,"href":"https:\/\/news.canadamotorjobs.com\/fr\/wp-json\/wp\/v2\/users\/8"}],"replies":[{"embeddable":true,"href":"https:\/\/news.canadamotorjobs.com\/fr\/wp-json\/wp\/v2\/comments?post=43398"}],"version-history":[{"count":0,"href":"https:\/\/news.canadamotorjobs.com\/fr\/wp-json\/wp\/v2\/posts\/43398\/revisions"}],"wp:featuredmedia":[{"embeddable":true,"href":"https:\/\/news.canadamotorjobs.com\/fr\/wp-json\/wp\/v2\/media\/43402"}],"wp:attachment":[{"href":"https:\/\/news.canadamotorjobs.com\/fr\/wp-json\/wp\/v2\/media?parent=43398"}],"wp:term":[{"taxonomy":"category","embeddable":true,"href":"https:\/\/news.canadamotorjobs.com\/fr\/wp-json\/wp\/v2\/categories?post=43398"},{"taxonomy":"post_tag","embeddable":true,"href":"https:\/\/news.canadamotorjobs.com\/fr\/wp-json\/wp\/v2\/tags?post=43398"}],"curies":[{"name":"wp","href":"https:\/\/api.w.org\/{rel}","templated":true}]}}