{"id":43390,"date":"2022-09-12T18:20:57","date_gmt":"2022-09-12T22:20:57","guid":{"rendered":"https:\/\/blog.canadamotorjobs.com\/premiere-mondiale-de-la-pagani-utopia\/"},"modified":"2022-09-12T18:29:10","modified_gmt":"2022-09-12T22:29:10","slug":"premiere-mondiale-de-la-pagani-utopia","status":"publish","type":"post","link":"https:\/\/news.canadamotorjobs.com\/fr\/premiere-mondiale-de-la-pagani-utopia\/","title":{"rendered":"Premi\u00e8re mondiale de la Pagani Utopia"},"content":{"rendered":"<\/p>\n<p>C\u2019est aujourd\u2019hui \u00e0 San Cesario au si\u00e8ge social de Pagani que le patron de la marque Horacio Pagani a pr\u00e9sent\u00e9 le plus r\u00e9cent mod\u00e8le de la marque. L\u2019Utopia. Apr\u00e8s la Zonda et la Huayra, Pagani avait besoin d\u2019\u00e9pater la plan\u00e8te \u00e0 nouveau et nous pouvons dire\u00a0: mission accomplie.<br \/> \u00c0 la fois simple et complexe<br \/> La petite firme italienne d\u00e9crit l\u2019Utopia comme &#8220;rayonnant de simplicit\u00e9&#8221;, avec une forme plus fluide que les deux voitures pr\u00e9c\u00e9dentes. Cela inclut un pare-brise plus arrondi ainsi que des ailes profil\u00e9es. Les phares sont inspir\u00e9s du design industriel des ann\u00e9es 1950, les feux arri\u00e8re suspendus ressemblent \u00e0 des turbines d&#8217;avion. De mani\u00e8re impressionnante, l&#8217;ensemble de la carrosserie utilise 20 % de pi\u00e8ces en moins et est plus efficace sur le plan a\u00e9rodynamique.<br \/> Toujours un moteur Mercedes AMG<br \/> La puissance de la Pagani Utopia provient d&#8217;un V12 Mercedes-AMG biturbo de 6,0 litres. Il d\u00e9veloppe 864 chevaux et un couple de 811 lb-pi. Un nouveau syst\u00e8me de distribution \u00e9l\u00e8ve la limite de r\u00e9gime, laissant le V12 tourner jusqu&#8217;\u00e0 6 700 tr\/min. Vous avez le choix d\u2019une bo\u00eete de vitesses Xtrac \u00e0 sept rapports qui envoie la puissance aux pneus arri\u00e8re. Elle est dot\u00e9e d&#8217;un embrayage \u00e0 trois disques pour un meilleur transfert du couple. Elle est \u00e9galement disponible en version manuelle pour ceux qui insistent pour avoir une troisi\u00e8me p\u00e9dale.<br \/> Des jantes uniques<br \/> Des jantes d\u2019un seul bloc fabriqu\u00e9es par APP tech et chauss\u00e9es de pneus Pirelli exclusifs sont parmi les roues les plus inspirantes sur le march\u00e9.<\/p>\n","protected":false},"excerpt":{"rendered":"<p>C\u2019est aujourd\u2019hui \u00e0 San Cesario au si\u00e8ge social de Pagani que le patron de la marque Horacio Pagani a pr\u00e9sent\u00e9 le plus r\u00e9cent mod\u00e8le de la marque. L\u2019Utopia. Apr\u00e8s la Zonda et la Huayra, Pagani avait besoin d\u2019\u00e9pater la plan\u00e8te \u00e0 nouveau et nous pouvons dire\u00a0: mission accomplie. \u00c0 la fois simple et complexe La [&hellip;]<\/p>\n","protected":false},"author":8,"featured_media":43394,"comment_status":"close","ping_status":"closed","sticky":false,"template":"","format":"standard","meta":{"_monsterinsights_skip_tracking":false,"_monsterinsights_sitenote_active":false,"_monsterinsights_sitenote_note":"","_monsterinsights_sitenote_category":0,"footnotes":""},"categories":[101],"tags":[],"yoast_head":"<!-- This site is optimized with the Yoast SEO plugin v23.2 - https:\/\/yoast.com\/wordpress\/plugins\/seo\/ -->\n<title>Premi\u00e8re mondiale de la Pagani Utopia - CanadaMotorJobs.com<\/title>\n<meta name=\"description\" content=\"Premi\u00e8re mondiale de la Pagani Utopia - Benoit Charette - Annuel automobile - CanadaMotorJobs.com.\" \/>\n<meta name=\"robots\" content=\"index, follow, max-snippet:-1, max-image-preview:large, max-video-preview:-1\" \/>\n<meta property=\"og:locale\" content=\"fr_CA\" \/>\n<meta property=\"og:type\" content=\"article\" \/>\n<meta property=\"og:title\" content=\"Premi\u00e8re mondiale de la Pagani Utopia - CanadaMotorJobs.com\" \/>\n<meta property=\"og:description\" content=\"Premi\u00e8re mondiale de la Pagani Utopia - Benoit Charette - Annuel automobile - CanadaMotorJobs.com.\" \/>\n<meta property=\"og:url\" content=\"https:\/\/news.canadamotorjobs.com\/fr\/premiere-mondiale-de-la-pagani-utopia\/\" \/>\n<meta property=\"og:site_name\" content=\"CanadaMotorJobs.com\" \/>\n<meta property=\"article:publisher\" content=\"https:\/\/www.facebook.com\/canadamotorjobs\/\" \/>\n<meta property=\"article:published_time\" content=\"2022-09-12T22:20:57+00:00\" \/>\n<meta property=\"article:modified_time\" content=\"2022-09-12T22:29:10+00:00\" \/>\n<meta property=\"og:image\" content=\"https:\/\/news.canadamotorjobs.com\/wp-content\/uploads\/2022\/09\/Utopia_1-1980x1320-1-1.jpg\" \/>\n\t<meta property=\"og:image:width\" content=\"1980\" \/>\n\t<meta property=\"og:image:height\" content=\"1320\" \/>\n\t<meta property=\"og:image:type\" content=\"image\/jpeg\" \/>\n<meta name=\"author\" content=\"Benoit Charette\" \/>\n<meta name=\"twitter:card\" content=\"summary_large_image\" \/>\n<meta name=\"twitter:creator\" content=\"@canadamotorjobs\" \/>\n<meta name=\"twitter:site\" content=\"@canadamotorjobs\" \/>\n<meta name=\"twitter:label1\" content=\"\u00c9crit par\" \/>\n\t<meta name=\"twitter:data1\" content=\"Benoit Charette\" \/>\n\t<meta name=\"twitter:label2\" content=\"Estimation du temps de lecture\" \/>\n\t<meta name=\"twitter:data2\" content=\"1 minute\" \/>\n<!-- \/ Yoast SEO plugin. -->","yoast_head_json":{"title":"Premi\u00e8re mondiale de la Pagani Utopia - CanadaMotorJobs.com","description":"Premi\u00e8re mondiale de la Pagani Utopia - Benoit Charette - Annuel automobile - CanadaMotorJobs.com.","robots":{"index":"index","follow":"follow","max-snippet":"max-snippet:-1","max-image-preview":"max-image-preview:large","max-video-preview":"max-video-preview:-1"},"og_locale":"fr_CA","og_type":"article","og_title":"Premi\u00e8re mondiale de la Pagani Utopia - CanadaMotorJobs.com","og_description":"Premi\u00e8re mondiale de la Pagani Utopia - Benoit Charette - Annuel automobile - CanadaMotorJobs.com.","og_url":"https:\/\/news.canadamotorjobs.com\/fr\/premiere-mondiale-de-la-pagani-utopia\/","og_site_name":"CanadaMotorJobs.com","article_publisher":"https:\/\/www.facebook.com\/canadamotorjobs\/","article_published_time":"2022-09-12T22:20:57+00:00","article_modified_time":"2022-09-12T22:29:10+00:00","og_image":[{"width":1980,"height":1320,"url":"https:\/\/news.canadamotorjobs.com\/wp-content\/uploads\/2022\/09\/Utopia_1-1980x1320-1-1.jpg","type":"image\/jpeg"}],"author":"Benoit Charette","twitter_card":"summary_large_image","twitter_creator":"@canadamotorjobs","twitter_site":"@canadamotorjobs","twitter_misc":{"\u00c9crit par":"Benoit Charette","Estimation du temps de lecture":"1 minute"},"schema":{"@context":"https:\/\/schema.org","@graph":[{"@type":"Article","@id":"https:\/\/news.canadamotorjobs.com\/fr\/premiere-mondiale-de-la-pagani-utopia\/#article","isPartOf":{"@id":"https:\/\/news.canadamotorjobs.com\/fr\/premiere-mondiale-de-la-pagani-utopia\/"},"author":{"name":"Benoit Charette","@id":"https:\/\/news.canadamotorjobs.com\/#\/schema\/person\/51793d1f87d44011d7bcc2ed99269a90"},"headline":"Premi\u00e8re mondiale de la Pagani Utopia","datePublished":"2022-09-12T22:20:57+00:00","dateModified":"2022-09-12T22:29:10+00:00","mainEntityOfPage":{"@id":"https:\/\/news.canadamotorjobs.com\/fr\/premiere-mondiale-de-la-pagani-utopia\/"},"wordCount":282,"publisher":{"@id":"https:\/\/news.canadamotorjobs.com\/#organization"},"image":{"@id":"https:\/\/news.canadamotorjobs.com\/fr\/premiere-mondiale-de-la-pagani-utopia\/#primaryimage"},"thumbnailUrl":"https:\/\/news.canadamotorjobs.com\/wp-content\/uploads\/2022\/09\/Utopia_1-1980x1320-1-1.jpg","articleSection":["Annuel automobile"],"inLanguage":"fr-CA"},{"@type":"WebPage","@id":"https:\/\/news.canadamotorjobs.com\/fr\/premiere-mondiale-de-la-pagani-utopia\/","url":"https:\/\/news.canadamotorjobs.com\/fr\/premiere-mondiale-de-la-pagani-utopia\/","name":"Premi\u00e8re mondiale de la Pagani Utopia - CanadaMotorJobs.com","isPartOf":{"@id":"https:\/\/news.canadamotorjobs.com\/#website"},"primaryImageOfPage":{"@id":"https:\/\/news.canadamotorjobs.com\/fr\/premiere-mondiale-de-la-pagani-utopia\/#primaryimage"},"image":{"@id":"https:\/\/news.canadamotorjobs.com\/fr\/premiere-mondiale-de-la-pagani-utopia\/#primaryimage"},"thumbnailUrl":"https:\/\/news.canadamotorjobs.com\/wp-content\/uploads\/2022\/09\/Utopia_1-1980x1320-1-1.jpg","datePublished":"2022-09-12T22:20:57+00:00","dateModified":"2022-09-12T22:29:10+00:00","description":"Premi\u00e8re mondiale de la Pagani Utopia - Benoit Charette - Annuel automobile - CanadaMotorJobs.com.","breadcrumb":{"@id":"https:\/\/news.canadamotorjobs.com\/fr\/premiere-mondiale-de-la-pagani-utopia\/#breadcrumb"},"inLanguage":"fr-CA","potentialAction":[{"@type":"ReadAction","target":["https:\/\/news.canadamotorjobs.com\/fr\/premiere-mondiale-de-la-pagani-utopia\/"]}]},{"@type":"ImageObject","inLanguage":"fr-CA","@id":"https:\/\/news.canadamotorjobs.com\/fr\/premiere-mondiale-de-la-pagani-utopia\/#primaryimage","url":"https:\/\/news.canadamotorjobs.com\/wp-content\/uploads\/2022\/09\/Utopia_1-1980x1320-1-1.jpg","contentUrl":"https:\/\/news.canadamotorjobs.com\/wp-content\/uploads\/2022\/09\/Utopia_1-1980x1320-1-1.jpg","width":1980,"height":1320},{"@type":"BreadcrumbList","@id":"https:\/\/news.canadamotorjobs.com\/fr\/premiere-mondiale-de-la-pagani-utopia\/#breadcrumb","itemListElement":[{"@type":"ListItem","position":1,"name":"Home","item":"https:\/\/news.canadamotorjobs.com\/fr\/blog\/"},{"@type":"ListItem","position":2,"name":"Premi\u00e8re mondiale de la Pagani Utopia"}]},{"@type":"WebSite","@id":"https:\/\/news.canadamotorjobs.com\/#website","url":"https:\/\/news.canadamotorjobs.com\/","name":"CanadaMotorJobs.com","description":"Automotive Jobs","publisher":{"@id":"https:\/\/news.canadamotorjobs.com\/#organization"},"potentialAction":[{"@type":"SearchAction","target":{"@type":"EntryPoint","urlTemplate":"https:\/\/news.canadamotorjobs.com\/?s={search_term_string}"},"query-input":"required name=search_term_string"}],"inLanguage":"fr-CA"},{"@type":"Organization","@id":"https:\/\/news.canadamotorjobs.com\/#organization","name":"Canada Motor Jobs","url":"https:\/\/news.canadamotorjobs.com\/","logo":{"@type":"ImageObject","inLanguage":"fr-CA","@id":"https:\/\/news.canadamotorjobs.com\/#\/schema\/logo\/image\/","url":"https:\/\/news.canadamotorjobs.com\/wp-content\/uploads\/2022\/10\/logo-canada-motor-jobs-1.png","contentUrl":"https:\/\/news.canadamotorjobs.com\/wp-content\/uploads\/2022\/10\/logo-canada-motor-jobs-1.png","width":800,"height":400,"caption":"Canada Motor Jobs"},"image":{"@id":"https:\/\/news.canadamotorjobs.com\/#\/schema\/logo\/image\/"},"sameAs":["https:\/\/www.facebook.com\/canadamotorjobs\/","https:\/\/x.com\/canadamotorjobs","https:\/\/www.instagram.com\/canadamotorjobs\/","https:\/\/www.linkedin.com\/company\/canadamotorjobs"]},{"@type":"Person","@id":"https:\/\/news.canadamotorjobs.com\/#\/schema\/person\/51793d1f87d44011d7bcc2ed99269a90","name":"Benoit Charette","image":{"@type":"ImageObject","inLanguage":"fr-CA","@id":"https:\/\/news.canadamotorjobs.com\/#\/schema\/person\/image\/","url":"https:\/\/secure.gravatar.com\/avatar\/45f3d2eebcccd909668d7ce7ea7267b6?s=96&d=mm&r=g","contentUrl":"https:\/\/secure.gravatar.com\/avatar\/45f3d2eebcccd909668d7ce7ea7267b6?s=96&d=mm&r=g","caption":"Benoit Charette"},"description":"Benoit Charette \/ Propri\u00e9taire et r\u00e9dacteur en chef Benoit Charette pratique le journalisme automobile depuis bient\u00f4t 30 ans. Il a fait ses classes au c\u00f4t\u00e9 de Daniel H\u00e9raud et au Carnet de route de 1992 \u00e0 2001. Il est fondateur, copropri\u00e9taire et r\u00e9dacteur en chef de L\u2019Annuel de l\u2019automobile, qu\u2019il publie depuis 2001. Il a anim\u00e9 les \u00e9missions RPM et RPM+ sur V et les L\u00e9gendes de la route sur Historia. \u00c0 la radio depuis 1986, il reprend l\u2019antenne cette ann\u00e9e sur les ondes de Cogeco et participe pour la deuxi\u00e8me ann\u00e9e \u00e0 l\u2019\u00e9mission Passion Auto sur RDS en plus de mettre en ligne le site Web officiel de L\u2019Annuel de l\u2019automobile sur annuelauto.ca.","sameAs":["https:\/\/annuelauto.ca\/"],"url":"https:\/\/news.canadamotorjobs.com\/fr\/author\/benoit-charette\/"}]}},"_links":{"self":[{"href":"https:\/\/news.canadamotorjobs.com\/fr\/wp-json\/wp\/v2\/posts\/43390"}],"collection":[{"href":"https:\/\/news.canadamotorjobs.com\/fr\/wp-json\/wp\/v2\/posts"}],"about":[{"href":"https:\/\/news.canadamotorjobs.com\/fr\/wp-json\/wp\/v2\/types\/post"}],"author":[{"embeddable":true,"href":"https:\/\/news.canadamotorjobs.com\/fr\/wp-json\/wp\/v2\/users\/8"}],"replies":[{"embeddable":true,"href":"https:\/\/news.canadamotorjobs.com\/fr\/wp-json\/wp\/v2\/comments?post=43390"}],"version-history":[{"count":0,"href":"https:\/\/news.canadamotorjobs.com\/fr\/wp-json\/wp\/v2\/posts\/43390\/revisions"}],"wp:featuredmedia":[{"embeddable":true,"href":"https:\/\/news.canadamotorjobs.com\/fr\/wp-json\/wp\/v2\/media\/43394"}],"wp:attachment":[{"href":"https:\/\/news.canadamotorjobs.com\/fr\/wp-json\/wp\/v2\/media?parent=43390"}],"wp:term":[{"taxonomy":"category","embeddable":true,"href":"https:\/\/news.canadamotorjobs.com\/fr\/wp-json\/wp\/v2\/categories?post=43390"},{"taxonomy":"post_tag","embeddable":true,"href":"https:\/\/news.canadamotorjobs.com\/fr\/wp-json\/wp\/v2\/tags?post=43390"}],"curies":[{"name":"wp","href":"https:\/\/api.w.org\/{rel}","templated":true}]}}