{"id":43379,"date":"2022-09-12T12:29:49","date_gmt":"2022-09-12T16:29:49","guid":{"rendered":"https:\/\/blog.canadamotorjobs.com\/nissan-utilisera-les-anciennes-batteries-de-la-leaf-ev-pour-produire-de-lelectricite\/"},"modified":"2022-09-12T12:59:15","modified_gmt":"2022-09-12T16:59:15","slug":"nissan-utilisera-les-anciennes-batteries-de-la-leaf-ev-pour-produire-de-lelectricite","status":"publish","type":"post","link":"https:\/\/news.canadamotorjobs.com\/fr\/nissan-utilisera-les-anciennes-batteries-de-la-leaf-ev-pour-produire-de-lelectricite\/","title":{"rendered":"Nissan utilisera les anciennes batteries de la Leaf EV pour produire de l\u2019\u00e9lectricit\u00e9"},"content":{"rendered":"<p>On me demande souvent ce qui va se produire avec les batteries des v\u00e9hicules \u00e9lectriques \u00e0 la fin de leur vie utile ou suite \u00e0 un accident. Voici un des exemples pratiques qui est cette fois mis en application par Nissan. La compagnie va utiliser des blocs de batteries recycl\u00e9s provenant d\u2019ancienne Leaf pour construire un syst\u00e8me de stockage de batteries dans son usine de moulage australienne afin d&#8217;alimenter une partie de son usine de fabrication.<\/p>\n<h3>Jumelage avec l\u2019\u00e9nergie solaire<\/h3>\n<p>On sait que le soleil est abondant en Australie. Nissan va dons se servir de Galarneau dans un syst\u00e8me baptis\u00e9 \u00ab\u00a0Nissan Node\u00a0\u00bb.\u00a0 Le syst\u00e8me utilise neuf blocs de batteries provenant de la premi\u00e8re g\u00e9n\u00e9ration de v\u00e9hicules \u00e9lectriques Nissan Leaf. Le stockage des batteries sera associ\u00e9 \u00e0 une nouvelle installation solaire qui sera utilis\u00e9e pour charger les batteries et contribuer \u00e0 alimenter les op\u00e9rations de l&#8217;usine. De nouveaux chargeurs de VE seront \u00e9galement install\u00e9s dans l&#8217;usine, ce qui permettra aux employ\u00e9s de recharger leurs v\u00e9hicules sur place.<\/p>\n<h3>Une fa\u00e7on intelligente de recycler et de pr\u00e9server l\u2019environnement<\/h3>\n<p>Ce syst\u00e8me vise \u00e0 r\u00e9duire les \u00e9missions annuelles de CO2 de l&#8217;usine de 259 tonnes m\u00e9triques. L&#8217;installation de l&#8217;\u00e9nergie solaire et du stockage des batteries devrait permettre d&#8217;\u00e9conomiser 128 m\u00e9gawatts d&#8217;\u00e9nergie par an. Cette nouvelle arrive au moment ou Nissan a lanc\u00e9 ses tout premiers chargeurs de v\u00e9hicule \u00e0 r\u00e9seau pour la Leaf. Ces chargeurs permettent au v\u00e9hicule de retourner de l&#8217;\u00e9lectricit\u00e9 dans le r\u00e9seau \u00e9lectrique, ce qui permet aux utilisateurs de vendre l&#8217;\u00e9nergie exc\u00e9dentaire<\/p>\n","protected":false},"excerpt":{"rendered":"<p>On me demande souvent ce qui va se produire avec les batteries des v\u00e9hicules \u00e9lectriques \u00e0 la fin de leur vie utile ou suite \u00e0 un accident. Voici un des exemples pratiques qui est cette fois mis en application par Nissan. La compagnie va utiliser des blocs de batteries recycl\u00e9s provenant d\u2019ancienne Leaf pour construire [&hellip;]<\/p>\n","protected":false},"author":8,"featured_media":43383,"comment_status":"close","ping_status":"closed","sticky":false,"template":"","format":"standard","meta":{"_monsterinsights_skip_tracking":false,"_monsterinsights_sitenote_active":false,"_monsterinsights_sitenote_note":"","_monsterinsights_sitenote_category":0,"footnotes":""},"categories":[101],"tags":[131],"yoast_head":"<!-- This site is optimized with the Yoast SEO plugin v23.2 - https:\/\/yoast.com\/wordpress\/plugins\/seo\/ -->\n<title>Nissan utilisera les anciennes batteries de la Leaf EV pour produire de l\u2019\u00e9lectricit\u00e9 - CanadaMotorJobs.com<\/title>\n<meta name=\"description\" content=\"Nissan utilisera les anciennes batteries de la Leaf EV pour produire de l\u2019\u00e9lectricit\u00e9 - Benoit Charette - Annuel automobile - CanadaMotorJobs.com.\" \/>\n<meta name=\"robots\" content=\"index, follow, max-snippet:-1, max-image-preview:large, max-video-preview:-1\" \/>\n<meta property=\"og:locale\" content=\"fr_CA\" \/>\n<meta property=\"og:type\" content=\"article\" \/>\n<meta property=\"og:title\" content=\"Nissan utilisera les anciennes batteries de la Leaf EV pour produire de l\u2019\u00e9lectricit\u00e9 - CanadaMotorJobs.com\" \/>\n<meta property=\"og:description\" content=\"Nissan utilisera les anciennes batteries de la Leaf EV pour produire de l\u2019\u00e9lectricit\u00e9 - Benoit Charette - Annuel automobile - CanadaMotorJobs.com.\" \/>\n<meta property=\"og:url\" content=\"https:\/\/news.canadamotorjobs.com\/fr\/nissan-utilisera-les-anciennes-batteries-de-la-leaf-ev-pour-produire-de-lelectricite\/\" \/>\n<meta property=\"og:site_name\" content=\"CanadaMotorJobs.com\" \/>\n<meta property=\"article:publisher\" content=\"https:\/\/www.facebook.com\/canadamotorjobs\/\" \/>\n<meta property=\"article:published_time\" content=\"2022-09-12T16:29:49+00:00\" \/>\n<meta property=\"article:modified_time\" content=\"2022-09-12T16:59:15+00:00\" \/>\n<meta property=\"og:image\" content=\"https:\/\/news.canadamotorjobs.com\/wp-content\/uploads\/2022\/09\/2015-nissan-leaf_100473858_h-1.jpg\" \/>\n\t<meta property=\"og:image:width\" content=\"1920\" \/>\n\t<meta property=\"og:image:height\" content=\"1280\" \/>\n\t<meta property=\"og:image:type\" content=\"image\/jpeg\" \/>\n<meta name=\"author\" content=\"Benoit Charette\" \/>\n<meta name=\"twitter:card\" content=\"summary_large_image\" \/>\n<meta name=\"twitter:creator\" content=\"@canadamotorjobs\" \/>\n<meta name=\"twitter:site\" content=\"@canadamotorjobs\" \/>\n<meta name=\"twitter:label1\" content=\"\u00c9crit par\" \/>\n\t<meta name=\"twitter:data1\" content=\"Benoit Charette\" \/>\n\t<meta name=\"twitter:label2\" content=\"Estimation du temps de lecture\" \/>\n\t<meta name=\"twitter:data2\" content=\"2 minutes\" \/>\n<!-- \/ Yoast SEO plugin. -->","yoast_head_json":{"title":"Nissan utilisera les anciennes batteries de la Leaf EV pour produire de l\u2019\u00e9lectricit\u00e9 - CanadaMotorJobs.com","description":"Nissan utilisera les anciennes batteries de la Leaf EV pour produire de l\u2019\u00e9lectricit\u00e9 - Benoit Charette - Annuel automobile - CanadaMotorJobs.com.","robots":{"index":"index","follow":"follow","max-snippet":"max-snippet:-1","max-image-preview":"max-image-preview:large","max-video-preview":"max-video-preview:-1"},"og_locale":"fr_CA","og_type":"article","og_title":"Nissan utilisera les anciennes batteries de la Leaf EV pour produire de l\u2019\u00e9lectricit\u00e9 - CanadaMotorJobs.com","og_description":"Nissan utilisera les anciennes batteries de la Leaf EV pour produire de l\u2019\u00e9lectricit\u00e9 - Benoit Charette - Annuel automobile - CanadaMotorJobs.com.","og_url":"https:\/\/news.canadamotorjobs.com\/fr\/nissan-utilisera-les-anciennes-batteries-de-la-leaf-ev-pour-produire-de-lelectricite\/","og_site_name":"CanadaMotorJobs.com","article_publisher":"https:\/\/www.facebook.com\/canadamotorjobs\/","article_published_time":"2022-09-12T16:29:49+00:00","article_modified_time":"2022-09-12T16:59:15+00:00","og_image":[{"width":1920,"height":1280,"url":"https:\/\/news.canadamotorjobs.com\/wp-content\/uploads\/2022\/09\/2015-nissan-leaf_100473858_h-1.jpg","type":"image\/jpeg"}],"author":"Benoit Charette","twitter_card":"summary_large_image","twitter_creator":"@canadamotorjobs","twitter_site":"@canadamotorjobs","twitter_misc":{"\u00c9crit par":"Benoit Charette","Estimation du temps de lecture":"2 minutes"},"schema":{"@context":"https:\/\/schema.org","@graph":[{"@type":"Article","@id":"https:\/\/news.canadamotorjobs.com\/fr\/nissan-utilisera-les-anciennes-batteries-de-la-leaf-ev-pour-produire-de-lelectricite\/#article","isPartOf":{"@id":"https:\/\/news.canadamotorjobs.com\/fr\/nissan-utilisera-les-anciennes-batteries-de-la-leaf-ev-pour-produire-de-lelectricite\/"},"author":{"name":"Benoit Charette","@id":"https:\/\/news.canadamotorjobs.com\/#\/schema\/person\/51793d1f87d44011d7bcc2ed99269a90"},"headline":"Nissan utilisera les anciennes batteries de la Leaf EV pour produire de l\u2019\u00e9lectricit\u00e9","datePublished":"2022-09-12T16:29:49+00:00","dateModified":"2022-09-12T16:59:15+00:00","mainEntityOfPage":{"@id":"https:\/\/news.canadamotorjobs.com\/fr\/nissan-utilisera-les-anciennes-batteries-de-la-leaf-ev-pour-produire-de-lelectricite\/"},"wordCount":294,"publisher":{"@id":"https:\/\/news.canadamotorjobs.com\/#organization"},"image":{"@id":"https:\/\/news.canadamotorjobs.com\/fr\/nissan-utilisera-les-anciennes-batteries-de-la-leaf-ev-pour-produire-de-lelectricite\/#primaryimage"},"thumbnailUrl":"https:\/\/news.canadamotorjobs.com\/wp-content\/uploads\/2022\/09\/2015-nissan-leaf_100473858_h-1.jpg","keywords":["Newsletter"],"articleSection":["Annuel automobile"],"inLanguage":"fr-CA"},{"@type":"WebPage","@id":"https:\/\/news.canadamotorjobs.com\/fr\/nissan-utilisera-les-anciennes-batteries-de-la-leaf-ev-pour-produire-de-lelectricite\/","url":"https:\/\/news.canadamotorjobs.com\/fr\/nissan-utilisera-les-anciennes-batteries-de-la-leaf-ev-pour-produire-de-lelectricite\/","name":"Nissan utilisera les anciennes batteries de la Leaf EV pour produire de l\u2019\u00e9lectricit\u00e9 - CanadaMotorJobs.com","isPartOf":{"@id":"https:\/\/news.canadamotorjobs.com\/#website"},"primaryImageOfPage":{"@id":"https:\/\/news.canadamotorjobs.com\/fr\/nissan-utilisera-les-anciennes-batteries-de-la-leaf-ev-pour-produire-de-lelectricite\/#primaryimage"},"image":{"@id":"https:\/\/news.canadamotorjobs.com\/fr\/nissan-utilisera-les-anciennes-batteries-de-la-leaf-ev-pour-produire-de-lelectricite\/#primaryimage"},"thumbnailUrl":"https:\/\/news.canadamotorjobs.com\/wp-content\/uploads\/2022\/09\/2015-nissan-leaf_100473858_h-1.jpg","datePublished":"2022-09-12T16:29:49+00:00","dateModified":"2022-09-12T16:59:15+00:00","description":"Nissan utilisera les anciennes batteries de la Leaf EV pour produire de l\u2019\u00e9lectricit\u00e9 - Benoit Charette - Annuel automobile - CanadaMotorJobs.com.","breadcrumb":{"@id":"https:\/\/news.canadamotorjobs.com\/fr\/nissan-utilisera-les-anciennes-batteries-de-la-leaf-ev-pour-produire-de-lelectricite\/#breadcrumb"},"inLanguage":"fr-CA","potentialAction":[{"@type":"ReadAction","target":["https:\/\/news.canadamotorjobs.com\/fr\/nissan-utilisera-les-anciennes-batteries-de-la-leaf-ev-pour-produire-de-lelectricite\/"]}]},{"@type":"ImageObject","inLanguage":"fr-CA","@id":"https:\/\/news.canadamotorjobs.com\/fr\/nissan-utilisera-les-anciennes-batteries-de-la-leaf-ev-pour-produire-de-lelectricite\/#primaryimage","url":"https:\/\/news.canadamotorjobs.com\/wp-content\/uploads\/2022\/09\/2015-nissan-leaf_100473858_h-1.jpg","contentUrl":"https:\/\/news.canadamotorjobs.com\/wp-content\/uploads\/2022\/09\/2015-nissan-leaf_100473858_h-1.jpg","width":1920,"height":1280},{"@type":"BreadcrumbList","@id":"https:\/\/news.canadamotorjobs.com\/fr\/nissan-utilisera-les-anciennes-batteries-de-la-leaf-ev-pour-produire-de-lelectricite\/#breadcrumb","itemListElement":[{"@type":"ListItem","position":1,"name":"Home","item":"https:\/\/news.canadamotorjobs.com\/fr\/blog\/"},{"@type":"ListItem","position":2,"name":"Nissan utilisera les anciennes batteries de la Leaf EV pour produire de l\u2019\u00e9lectricit\u00e9"}]},{"@type":"WebSite","@id":"https:\/\/news.canadamotorjobs.com\/#website","url":"https:\/\/news.canadamotorjobs.com\/","name":"CanadaMotorJobs.com","description":"Automotive Jobs","publisher":{"@id":"https:\/\/news.canadamotorjobs.com\/#organization"},"potentialAction":[{"@type":"SearchAction","target":{"@type":"EntryPoint","urlTemplate":"https:\/\/news.canadamotorjobs.com\/?s={search_term_string}"},"query-input":"required name=search_term_string"}],"inLanguage":"fr-CA"},{"@type":"Organization","@id":"https:\/\/news.canadamotorjobs.com\/#organization","name":"Canada Motor Jobs","url":"https:\/\/news.canadamotorjobs.com\/","logo":{"@type":"ImageObject","inLanguage":"fr-CA","@id":"https:\/\/news.canadamotorjobs.com\/#\/schema\/logo\/image\/","url":"https:\/\/news.canadamotorjobs.com\/wp-content\/uploads\/2022\/10\/logo-canada-motor-jobs-1.png","contentUrl":"https:\/\/news.canadamotorjobs.com\/wp-content\/uploads\/2022\/10\/logo-canada-motor-jobs-1.png","width":800,"height":400,"caption":"Canada Motor Jobs"},"image":{"@id":"https:\/\/news.canadamotorjobs.com\/#\/schema\/logo\/image\/"},"sameAs":["https:\/\/www.facebook.com\/canadamotorjobs\/","https:\/\/x.com\/canadamotorjobs","https:\/\/www.instagram.com\/canadamotorjobs\/","https:\/\/www.linkedin.com\/company\/canadamotorjobs"]},{"@type":"Person","@id":"https:\/\/news.canadamotorjobs.com\/#\/schema\/person\/51793d1f87d44011d7bcc2ed99269a90","name":"Benoit Charette","image":{"@type":"ImageObject","inLanguage":"fr-CA","@id":"https:\/\/news.canadamotorjobs.com\/#\/schema\/person\/image\/","url":"https:\/\/secure.gravatar.com\/avatar\/45f3d2eebcccd909668d7ce7ea7267b6?s=96&d=mm&r=g","contentUrl":"https:\/\/secure.gravatar.com\/avatar\/45f3d2eebcccd909668d7ce7ea7267b6?s=96&d=mm&r=g","caption":"Benoit Charette"},"description":"Benoit Charette \/ Propri\u00e9taire et r\u00e9dacteur en chef Benoit Charette pratique le journalisme automobile depuis bient\u00f4t 30 ans. Il a fait ses classes au c\u00f4t\u00e9 de Daniel H\u00e9raud et au Carnet de route de 1992 \u00e0 2001. Il est fondateur, copropri\u00e9taire et r\u00e9dacteur en chef de L\u2019Annuel de l\u2019automobile, qu\u2019il publie depuis 2001. Il a anim\u00e9 les \u00e9missions RPM et RPM+ sur V et les L\u00e9gendes de la route sur Historia. \u00c0 la radio depuis 1986, il reprend l\u2019antenne cette ann\u00e9e sur les ondes de Cogeco et participe pour la deuxi\u00e8me ann\u00e9e \u00e0 l\u2019\u00e9mission Passion Auto sur RDS en plus de mettre en ligne le site Web officiel de L\u2019Annuel de l\u2019automobile sur annuelauto.ca.","sameAs":["https:\/\/annuelauto.ca\/"],"url":"https:\/\/news.canadamotorjobs.com\/fr\/author\/benoit-charette\/"}]}},"_links":{"self":[{"href":"https:\/\/news.canadamotorjobs.com\/fr\/wp-json\/wp\/v2\/posts\/43379"}],"collection":[{"href":"https:\/\/news.canadamotorjobs.com\/fr\/wp-json\/wp\/v2\/posts"}],"about":[{"href":"https:\/\/news.canadamotorjobs.com\/fr\/wp-json\/wp\/v2\/types\/post"}],"author":[{"embeddable":true,"href":"https:\/\/news.canadamotorjobs.com\/fr\/wp-json\/wp\/v2\/users\/8"}],"replies":[{"embeddable":true,"href":"https:\/\/news.canadamotorjobs.com\/fr\/wp-json\/wp\/v2\/comments?post=43379"}],"version-history":[{"count":0,"href":"https:\/\/news.canadamotorjobs.com\/fr\/wp-json\/wp\/v2\/posts\/43379\/revisions"}],"wp:featuredmedia":[{"embeddable":true,"href":"https:\/\/news.canadamotorjobs.com\/fr\/wp-json\/wp\/v2\/media\/43383"}],"wp:attachment":[{"href":"https:\/\/news.canadamotorjobs.com\/fr\/wp-json\/wp\/v2\/media?parent=43379"}],"wp:term":[{"taxonomy":"category","embeddable":true,"href":"https:\/\/news.canadamotorjobs.com\/fr\/wp-json\/wp\/v2\/categories?post=43379"},{"taxonomy":"post_tag","embeddable":true,"href":"https:\/\/news.canadamotorjobs.com\/fr\/wp-json\/wp\/v2\/tags?post=43379"}],"curies":[{"name":"wp","href":"https:\/\/api.w.org\/{rel}","templated":true}]}}