{"id":43355,"date":"2022-09-11T12:15:11","date_gmt":"2022-09-11T16:15:11","guid":{"rendered":"https:\/\/blog.canadamotorjobs.com\/le-volkswagen-id-xtreme-devoile-a-locarno-un-futur-baroudeur-dans-la-famille\/"},"modified":"2022-09-12T13:02:30","modified_gmt":"2022-09-12T17:02:30","slug":"le-volkswagen-id-xtreme-devoile-a-locarno-un-futur-baroudeur-dans-la-famille","status":"publish","type":"post","link":"https:\/\/news.canadamotorjobs.com\/fr\/le-volkswagen-id-xtreme-devoile-a-locarno-un-futur-baroudeur-dans-la-famille\/","title":{"rendered":"Le Volkswagen ID.\u00a0Xtreme d\u00e9voil\u00e9 \u00e0 Locarno\u00a0: un futur baroudeur dans la famille\u00a0?"},"content":{"rendered":"<p><a href=\"https:\/\/annuelauto.ca\/volkswagen-et-mercedes-concluent-des-ententes-avec-le-gouvernement-canadien\/\" target=\"_blank\" rel=\"noopener noreferrer\">Volkswagen<\/a> r\u00e9servait une surprise \u00e9lectrisante aux participants de l\u2019ID.&nbsp;Treffen, un rassemblement d\u2019amateurs de mod\u00e8les \u00ab&nbsp;ID.&nbsp;\u00bb qui se tenait \u00e0 Locarno, en Suisse, du 6 au 10 septembre. Le constructeur de Wolfsburg a d\u00e9voil\u00e9 ID.&nbsp;Xtreme, un v\u00e9hicule-concept qui pourrait pr\u00e9figurer une future variante de l\u2019<a href=\"https:\/\/annuelauto.ca\/la-volkswagen-id-4-est-maintenant-construite-aux-etats-unis\/\" target=\"_blank\" rel=\"noopener noreferrer\">ID.4<\/a>.<\/p>\n<p>Bas\u00e9 sur l\u2019<a href=\"https:\/\/annuelauto.ca\/volkswagen-id-4-2\/\" target=\"_blank\" rel=\"noopener noreferrer\">ID.4<\/a> GTX, une version europ\u00e9enne comparable \u00e0 l\u2019ID.4 Pro, ce concept \u00e0 transmission int\u00e9grale a \u00e9t\u00e9 cr\u00e9\u00e9 par l\u2019\u00e9quipe responsable de la plateforme modulaire \u00e9lectrique (MEB ou <em>Modularen Elektrifizierungsbaukasen<\/em>) de la marque au sein du d\u00e9partement D\u00e9veloppement de Volkswagen. D\u2019ailleurs, pour \u00e9voquer une durabilit\u00e9 associ\u00e9e aux V\u00c9, ce concept a \u00e9t\u00e9 r\u00e9alis\u00e9 \u00e0 partir d\u2019un v\u00e9hicule d\u2019essai en fin de vie et d\u2019une batterie recycl\u00e9e de 82&nbsp;kWh.<br \/>\n<strong>30&nbsp;% plus puissant qu\u2019un ID.4&nbsp;Pro<\/strong><br \/>\nCe concept b\u00e9n\u00e9ficie d\u2019un moteur haute performance pour son train arri\u00e8re et de modifications apport\u00e9es \u00e0 la programmation de son unit\u00e9 de contr\u00f4le moteur. Deux particularit\u00e9s qui ont permis de rehausser la puissance de la motorisation de 65&nbsp;kW pour la porter \u00e0 285&nbsp;kW. Ce concept est donc 30&nbsp;% plus puissant qu\u2019un ID.4&nbsp;GTX.<\/p>\n<p>Par ailleurs, l\u2019apparence de la carrosserie a \u00e9t\u00e9 repens\u00e9e pour plaire aux baroudeurs. L\u2019ID.&nbsp;Xtreme a un ch\u00e2ssis sur\u00e9lev\u00e9, des roues tout-terrain de 18&nbsp;pouces, une protection antichoc optimis\u00e9e par des pare-chocs suppl\u00e9mentaires sur le bouclier avant et des ailes \u00e9largies de 50&nbsp;mm fabriqu\u00e9es par impression&nbsp;3D.<\/p>\n<p>Des projecteurs \u00e0 DEL additionnels sur le toit et une protection en aluminium sous le ch\u00e2ssis invitent \u00e9galement \u00e0 faire des escapades loin du bitume. Pour accentuer cette impression, les concepteurs du concept<\/p>\n","protected":false},"excerpt":{"rendered":"<p>Volkswagen r\u00e9servait une surprise \u00e9lectrisante aux participants de l\u2019ID.&nbsp;Treffen, un rassemblement d\u2019amateurs de mod\u00e8les \u00ab&nbsp;ID.&nbsp;\u00bb qui se tenait \u00e0 Locarno, en Suisse, du 6 au 10 septembre. Le constructeur de Wolfsburg a d\u00e9voil\u00e9 ID.&nbsp;Xtreme, un v\u00e9hicule-concept qui pourrait pr\u00e9figurer une future variante de l\u2019ID.4. Bas\u00e9 sur l\u2019ID.4 GTX, une version europ\u00e9enne comparable \u00e0 l\u2019ID.4 Pro, [&hellip;]<\/p>\n","protected":false},"author":8,"featured_media":43359,"comment_status":"close","ping_status":"closed","sticky":false,"template":"","format":"standard","meta":{"_monsterinsights_skip_tracking":false,"_monsterinsights_sitenote_active":false,"_monsterinsights_sitenote_note":"","_monsterinsights_sitenote_category":0,"footnotes":""},"categories":[101],"tags":[131],"yoast_head":"<!-- This site is optimized with the Yoast SEO plugin v23.2 - https:\/\/yoast.com\/wordpress\/plugins\/seo\/ -->\n<title>Le Volkswagen ID.\u00a0Xtreme d\u00e9voil\u00e9 \u00e0 Locarno\u00a0: un futur baroudeur dans la famille\u00a0? - CanadaMotorJobs.com<\/title>\n<meta name=\"description\" content=\"Le Volkswagen ID.\u00a0Xtreme d\u00e9voil\u00e9 \u00e0 Locarno\u00a0: un futur baroudeur dans la famille\u00a0? - Benoit Charette - Annuel automobile - CanadaMotorJobs.com.\" \/>\n<meta name=\"robots\" content=\"index, follow, max-snippet:-1, max-image-preview:large, max-video-preview:-1\" \/>\n<meta property=\"og:locale\" content=\"fr_CA\" \/>\n<meta property=\"og:type\" content=\"article\" \/>\n<meta property=\"og:title\" content=\"Le Volkswagen ID.\u00a0Xtreme d\u00e9voil\u00e9 \u00e0 Locarno\u00a0: un futur baroudeur dans la famille\u00a0? - CanadaMotorJobs.com\" \/>\n<meta property=\"og:description\" content=\"Le Volkswagen ID.\u00a0Xtreme d\u00e9voil\u00e9 \u00e0 Locarno\u00a0: un futur baroudeur dans la famille\u00a0? - Benoit Charette - Annuel automobile - CanadaMotorJobs.com.\" \/>\n<meta property=\"og:url\" content=\"https:\/\/news.canadamotorjobs.com\/fr\/le-volkswagen-id-xtreme-devoile-a-locarno-un-futur-baroudeur-dans-la-famille\/\" \/>\n<meta property=\"og:site_name\" content=\"CanadaMotorJobs.com\" \/>\n<meta property=\"article:publisher\" content=\"https:\/\/www.facebook.com\/canadamotorjobs\/\" \/>\n<meta property=\"article:published_time\" content=\"2022-09-11T16:15:11+00:00\" \/>\n<meta property=\"article:modified_time\" content=\"2022-09-12T17:02:30+00:00\" \/>\n<meta property=\"og:image\" content=\"https:\/\/news.canadamotorjobs.com\/wp-content\/uploads\/2022\/09\/Volkswagen-ID.-Xtreme-Concept-2022-2-1.jpg\" \/>\n\t<meta property=\"og:image:width\" content=\"1500\" \/>\n\t<meta property=\"og:image:height\" content=\"1000\" \/>\n\t<meta property=\"og:image:type\" content=\"image\/jpeg\" \/>\n<meta name=\"author\" content=\"Benoit Charette\" \/>\n<meta name=\"twitter:card\" content=\"summary_large_image\" \/>\n<meta name=\"twitter:creator\" content=\"@canadamotorjobs\" \/>\n<meta name=\"twitter:site\" content=\"@canadamotorjobs\" \/>\n<meta name=\"twitter:label1\" content=\"\u00c9crit par\" \/>\n\t<meta name=\"twitter:data1\" content=\"Benoit Charette\" \/>\n\t<meta name=\"twitter:label2\" content=\"Estimation du temps de lecture\" \/>\n\t<meta name=\"twitter:data2\" content=\"2 minutes\" \/>\n<!-- \/ Yoast SEO plugin. -->","yoast_head_json":{"title":"Le Volkswagen ID.\u00a0Xtreme d\u00e9voil\u00e9 \u00e0 Locarno\u00a0: un futur baroudeur dans la famille\u00a0? - CanadaMotorJobs.com","description":"Le Volkswagen ID.\u00a0Xtreme d\u00e9voil\u00e9 \u00e0 Locarno\u00a0: un futur baroudeur dans la famille\u00a0? - Benoit Charette - Annuel automobile - CanadaMotorJobs.com.","robots":{"index":"index","follow":"follow","max-snippet":"max-snippet:-1","max-image-preview":"max-image-preview:large","max-video-preview":"max-video-preview:-1"},"og_locale":"fr_CA","og_type":"article","og_title":"Le Volkswagen ID.\u00a0Xtreme d\u00e9voil\u00e9 \u00e0 Locarno\u00a0: un futur baroudeur dans la famille\u00a0? - CanadaMotorJobs.com","og_description":"Le Volkswagen ID.\u00a0Xtreme d\u00e9voil\u00e9 \u00e0 Locarno\u00a0: un futur baroudeur dans la famille\u00a0? - Benoit Charette - Annuel automobile - CanadaMotorJobs.com.","og_url":"https:\/\/news.canadamotorjobs.com\/fr\/le-volkswagen-id-xtreme-devoile-a-locarno-un-futur-baroudeur-dans-la-famille\/","og_site_name":"CanadaMotorJobs.com","article_publisher":"https:\/\/www.facebook.com\/canadamotorjobs\/","article_published_time":"2022-09-11T16:15:11+00:00","article_modified_time":"2022-09-12T17:02:30+00:00","og_image":[{"width":1500,"height":1000,"url":"https:\/\/news.canadamotorjobs.com\/wp-content\/uploads\/2022\/09\/Volkswagen-ID.-Xtreme-Concept-2022-2-1.jpg","type":"image\/jpeg"}],"author":"Benoit Charette","twitter_card":"summary_large_image","twitter_creator":"@canadamotorjobs","twitter_site":"@canadamotorjobs","twitter_misc":{"\u00c9crit par":"Benoit Charette","Estimation du temps de lecture":"2 minutes"},"schema":{"@context":"https:\/\/schema.org","@graph":[{"@type":"Article","@id":"https:\/\/news.canadamotorjobs.com\/fr\/le-volkswagen-id-xtreme-devoile-a-locarno-un-futur-baroudeur-dans-la-famille\/#article","isPartOf":{"@id":"https:\/\/news.canadamotorjobs.com\/fr\/le-volkswagen-id-xtreme-devoile-a-locarno-un-futur-baroudeur-dans-la-famille\/"},"author":{"name":"Benoit Charette","@id":"https:\/\/news.canadamotorjobs.com\/#\/schema\/person\/51793d1f87d44011d7bcc2ed99269a90"},"headline":"Le Volkswagen ID.\u00a0Xtreme d\u00e9voil\u00e9 \u00e0 Locarno\u00a0: un futur baroudeur dans la famille\u00a0?","datePublished":"2022-09-11T16:15:11+00:00","dateModified":"2022-09-12T17:02:30+00:00","mainEntityOfPage":{"@id":"https:\/\/news.canadamotorjobs.com\/fr\/le-volkswagen-id-xtreme-devoile-a-locarno-un-futur-baroudeur-dans-la-famille\/"},"wordCount":310,"publisher":{"@id":"https:\/\/news.canadamotorjobs.com\/#organization"},"image":{"@id":"https:\/\/news.canadamotorjobs.com\/fr\/le-volkswagen-id-xtreme-devoile-a-locarno-un-futur-baroudeur-dans-la-famille\/#primaryimage"},"thumbnailUrl":"https:\/\/news.canadamotorjobs.com\/wp-content\/uploads\/2022\/09\/Volkswagen-ID.-Xtreme-Concept-2022-2-1.jpg","keywords":["Newsletter"],"articleSection":["Annuel automobile"],"inLanguage":"fr-CA"},{"@type":"WebPage","@id":"https:\/\/news.canadamotorjobs.com\/fr\/le-volkswagen-id-xtreme-devoile-a-locarno-un-futur-baroudeur-dans-la-famille\/","url":"https:\/\/news.canadamotorjobs.com\/fr\/le-volkswagen-id-xtreme-devoile-a-locarno-un-futur-baroudeur-dans-la-famille\/","name":"Le Volkswagen ID.\u00a0Xtreme d\u00e9voil\u00e9 \u00e0 Locarno\u00a0: un futur baroudeur dans la famille\u00a0? - CanadaMotorJobs.com","isPartOf":{"@id":"https:\/\/news.canadamotorjobs.com\/#website"},"primaryImageOfPage":{"@id":"https:\/\/news.canadamotorjobs.com\/fr\/le-volkswagen-id-xtreme-devoile-a-locarno-un-futur-baroudeur-dans-la-famille\/#primaryimage"},"image":{"@id":"https:\/\/news.canadamotorjobs.com\/fr\/le-volkswagen-id-xtreme-devoile-a-locarno-un-futur-baroudeur-dans-la-famille\/#primaryimage"},"thumbnailUrl":"https:\/\/news.canadamotorjobs.com\/wp-content\/uploads\/2022\/09\/Volkswagen-ID.-Xtreme-Concept-2022-2-1.jpg","datePublished":"2022-09-11T16:15:11+00:00","dateModified":"2022-09-12T17:02:30+00:00","description":"Le Volkswagen ID.\u00a0Xtreme d\u00e9voil\u00e9 \u00e0 Locarno\u00a0: un futur baroudeur dans la famille\u00a0? - Benoit Charette - Annuel automobile - CanadaMotorJobs.com.","breadcrumb":{"@id":"https:\/\/news.canadamotorjobs.com\/fr\/le-volkswagen-id-xtreme-devoile-a-locarno-un-futur-baroudeur-dans-la-famille\/#breadcrumb"},"inLanguage":"fr-CA","potentialAction":[{"@type":"ReadAction","target":["https:\/\/news.canadamotorjobs.com\/fr\/le-volkswagen-id-xtreme-devoile-a-locarno-un-futur-baroudeur-dans-la-famille\/"]}]},{"@type":"ImageObject","inLanguage":"fr-CA","@id":"https:\/\/news.canadamotorjobs.com\/fr\/le-volkswagen-id-xtreme-devoile-a-locarno-un-futur-baroudeur-dans-la-famille\/#primaryimage","url":"https:\/\/news.canadamotorjobs.com\/wp-content\/uploads\/2022\/09\/Volkswagen-ID.-Xtreme-Concept-2022-2-1.jpg","contentUrl":"https:\/\/news.canadamotorjobs.com\/wp-content\/uploads\/2022\/09\/Volkswagen-ID.-Xtreme-Concept-2022-2-1.jpg","width":1500,"height":1000},{"@type":"BreadcrumbList","@id":"https:\/\/news.canadamotorjobs.com\/fr\/le-volkswagen-id-xtreme-devoile-a-locarno-un-futur-baroudeur-dans-la-famille\/#breadcrumb","itemListElement":[{"@type":"ListItem","position":1,"name":"Home","item":"https:\/\/news.canadamotorjobs.com\/fr\/blog\/"},{"@type":"ListItem","position":2,"name":"Le Volkswagen ID.\u00a0Xtreme d\u00e9voil\u00e9 \u00e0 Locarno\u00a0: un futur baroudeur dans la famille\u00a0?"}]},{"@type":"WebSite","@id":"https:\/\/news.canadamotorjobs.com\/#website","url":"https:\/\/news.canadamotorjobs.com\/","name":"CanadaMotorJobs.com","description":"Automotive Jobs","publisher":{"@id":"https:\/\/news.canadamotorjobs.com\/#organization"},"potentialAction":[{"@type":"SearchAction","target":{"@type":"EntryPoint","urlTemplate":"https:\/\/news.canadamotorjobs.com\/?s={search_term_string}"},"query-input":"required name=search_term_string"}],"inLanguage":"fr-CA"},{"@type":"Organization","@id":"https:\/\/news.canadamotorjobs.com\/#organization","name":"Canada Motor Jobs","url":"https:\/\/news.canadamotorjobs.com\/","logo":{"@type":"ImageObject","inLanguage":"fr-CA","@id":"https:\/\/news.canadamotorjobs.com\/#\/schema\/logo\/image\/","url":"https:\/\/news.canadamotorjobs.com\/wp-content\/uploads\/2022\/10\/logo-canada-motor-jobs-1.png","contentUrl":"https:\/\/news.canadamotorjobs.com\/wp-content\/uploads\/2022\/10\/logo-canada-motor-jobs-1.png","width":800,"height":400,"caption":"Canada Motor Jobs"},"image":{"@id":"https:\/\/news.canadamotorjobs.com\/#\/schema\/logo\/image\/"},"sameAs":["https:\/\/www.facebook.com\/canadamotorjobs\/","https:\/\/x.com\/canadamotorjobs","https:\/\/www.instagram.com\/canadamotorjobs\/","https:\/\/www.linkedin.com\/company\/canadamotorjobs"]},{"@type":"Person","@id":"https:\/\/news.canadamotorjobs.com\/#\/schema\/person\/51793d1f87d44011d7bcc2ed99269a90","name":"Benoit Charette","image":{"@type":"ImageObject","inLanguage":"fr-CA","@id":"https:\/\/news.canadamotorjobs.com\/#\/schema\/person\/image\/","url":"https:\/\/secure.gravatar.com\/avatar\/45f3d2eebcccd909668d7ce7ea7267b6?s=96&d=mm&r=g","contentUrl":"https:\/\/secure.gravatar.com\/avatar\/45f3d2eebcccd909668d7ce7ea7267b6?s=96&d=mm&r=g","caption":"Benoit Charette"},"description":"Benoit Charette \/ Propri\u00e9taire et r\u00e9dacteur en chef Benoit Charette pratique le journalisme automobile depuis bient\u00f4t 30 ans. Il a fait ses classes au c\u00f4t\u00e9 de Daniel H\u00e9raud et au Carnet de route de 1992 \u00e0 2001. Il est fondateur, copropri\u00e9taire et r\u00e9dacteur en chef de L\u2019Annuel de l\u2019automobile, qu\u2019il publie depuis 2001. Il a anim\u00e9 les \u00e9missions RPM et RPM+ sur V et les L\u00e9gendes de la route sur Historia. \u00c0 la radio depuis 1986, il reprend l\u2019antenne cette ann\u00e9e sur les ondes de Cogeco et participe pour la deuxi\u00e8me ann\u00e9e \u00e0 l\u2019\u00e9mission Passion Auto sur RDS en plus de mettre en ligne le site Web officiel de L\u2019Annuel de l\u2019automobile sur annuelauto.ca.","sameAs":["https:\/\/annuelauto.ca\/"],"url":"https:\/\/news.canadamotorjobs.com\/fr\/author\/benoit-charette\/"}]}},"_links":{"self":[{"href":"https:\/\/news.canadamotorjobs.com\/fr\/wp-json\/wp\/v2\/posts\/43355"}],"collection":[{"href":"https:\/\/news.canadamotorjobs.com\/fr\/wp-json\/wp\/v2\/posts"}],"about":[{"href":"https:\/\/news.canadamotorjobs.com\/fr\/wp-json\/wp\/v2\/types\/post"}],"author":[{"embeddable":true,"href":"https:\/\/news.canadamotorjobs.com\/fr\/wp-json\/wp\/v2\/users\/8"}],"replies":[{"embeddable":true,"href":"https:\/\/news.canadamotorjobs.com\/fr\/wp-json\/wp\/v2\/comments?post=43355"}],"version-history":[{"count":0,"href":"https:\/\/news.canadamotorjobs.com\/fr\/wp-json\/wp\/v2\/posts\/43355\/revisions"}],"wp:featuredmedia":[{"embeddable":true,"href":"https:\/\/news.canadamotorjobs.com\/fr\/wp-json\/wp\/v2\/media\/43359"}],"wp:attachment":[{"href":"https:\/\/news.canadamotorjobs.com\/fr\/wp-json\/wp\/v2\/media?parent=43355"}],"wp:term":[{"taxonomy":"category","embeddable":true,"href":"https:\/\/news.canadamotorjobs.com\/fr\/wp-json\/wp\/v2\/categories?post=43355"},{"taxonomy":"post_tag","embeddable":true,"href":"https:\/\/news.canadamotorjobs.com\/fr\/wp-json\/wp\/v2\/tags?post=43355"}],"curies":[{"name":"wp","href":"https:\/\/api.w.org\/{rel}","templated":true}]}}