{"id":43347,"date":"2022-09-11T08:54:22","date_gmt":"2022-09-11T12:54:22","guid":{"rendered":"https:\/\/blog.canadamotorjobs.com\/rivian-recoit-3-milliards-de-capitalisation-boursiere-de-mercedes-benz\/"},"modified":"2022-09-11T08:58:39","modified_gmt":"2022-09-11T12:58:39","slug":"rivian-recoit-3-milliards-de-capitalisation-boursiere-de-mercedes-benz","status":"publish","type":"post","link":"https:\/\/news.canadamotorjobs.com\/fr\/rivian-recoit-3-milliards-de-capitalisation-boursiere-de-mercedes-benz\/","title":{"rendered":"Rivian re\u00e7oit 3 milliards de capitalisation boursi\u00e8re de Mercedes-Benz"},"content":{"rendered":"<\/p>\n<p>Les surprises n\u2019arr\u00eatent pas chez Rivian qui change de partenaire comme on change de chemise. Rivian et Mercedes-Benz vont unir leurs forces pour construire de grands fourgons \u00e9lectriques en Europe &#8220;dans quelques ann\u00e9es&#8221;, ont-ils r\u00e9v\u00e9l\u00e9 jeudi, ce qui a fait bondir les actions de Rivian de 11\u00a0%, leur plus forte hausse en quatre mois. Si l&#8217;annonce \u00e9tait mince dans les d\u00e9tails, elle envoyait un signal \u00e9vident. Oui, ce jeune fabricant de pick-up rechargeables a du mal \u00e0 acc\u00e9l\u00e9rer la production, mais l&#8217;un des constructeurs les plus r\u00e9put\u00e9s au monde y voit encore un r\u00e9el potentiel.<br \/> Apr\u00e8s GM et Ford, au tour de Mercedes<br \/> Au moment o\u00f9 elle s\u2019appr\u00eatait \u00e0 entrer en bourse, GM et Ford ont fait la course pour conclure un partenariat strat\u00e9gique avec Rivian au moment o\u00f9 elle \u00e9tait sur le point d&#8217;obtenir un soutien important d&#8217;Amazon. L&#8217;un des plus hauts responsables de Ford \u00e0 l&#8217;\u00e9poque s&#8217;est vant\u00e9 d&#8217;avoir &#8220;vol\u00e9&#8221; un investissement prometteur \u00e0 son ennemi jur\u00e9 de Detroit \u00e0 la derni\u00e8re minute.<br \/> Une relation qui ne va nulle part<br \/> Apr\u00e8s les efforts d\u00e9ploy\u00e9s par Ford il y a plusieurs ann\u00e9es pour devancer GM en s&#8217;associant \u00e0 Rivian, leur relation a connu de nombreux rebondissements. Tout d&#8217;abord, Joe Hinrichs, l&#8217;ancien pr\u00e9sident de Ford qui a jou\u00e9 un r\u00f4le majeur dans la n\u00e9gociation du partenariat, a brusquement pris sa retraite et quitt\u00e9 le conseil d&#8217;administration de Rivian. Peu de temps apr\u00e8s, les soci\u00e9t\u00e9s ont annul\u00e9 les plans annonc\u00e9s trois mois plus t\u00f4t pour d\u00e9velopper conjointement le premier mod\u00e8le enti\u00e8rement<\/p>\n","protected":false},"excerpt":{"rendered":"<p>Les surprises n\u2019arr\u00eatent pas chez Rivian qui change de partenaire comme on change de chemise. Rivian et Mercedes-Benz vont unir leurs forces pour construire de grands fourgons \u00e9lectriques en Europe &#8220;dans quelques ann\u00e9es&#8221;, ont-ils r\u00e9v\u00e9l\u00e9 jeudi, ce qui a fait bondir les actions de Rivian de 11\u00a0%, leur plus forte hausse en quatre mois. Si [&hellip;]<\/p>\n","protected":false},"author":8,"featured_media":43351,"comment_status":"close","ping_status":"closed","sticky":false,"template":"","format":"standard","meta":{"_monsterinsights_skip_tracking":false,"_monsterinsights_sitenote_active":false,"_monsterinsights_sitenote_note":"","_monsterinsights_sitenote_category":0,"footnotes":""},"categories":[101],"tags":[],"yoast_head":"<!-- This site is optimized with the Yoast SEO plugin v23.2 - https:\/\/yoast.com\/wordpress\/plugins\/seo\/ -->\n<title>Rivian re\u00e7oit 3 milliards de capitalisation boursi\u00e8re de Mercedes-Benz - CanadaMotorJobs.com<\/title>\n<meta name=\"description\" content=\"Rivian re\u00e7oit 3 milliards de capitalisation boursi\u00e8re de Mercedes-Benz - Benoit Charette - Annuel automobile - CanadaMotorJobs.com.\" \/>\n<meta name=\"robots\" content=\"index, follow, max-snippet:-1, max-image-preview:large, max-video-preview:-1\" \/>\n<meta property=\"og:locale\" content=\"fr_CA\" \/>\n<meta property=\"og:type\" content=\"article\" \/>\n<meta property=\"og:title\" content=\"Rivian re\u00e7oit 3 milliards de capitalisation boursi\u00e8re de Mercedes-Benz - CanadaMotorJobs.com\" \/>\n<meta property=\"og:description\" content=\"Rivian re\u00e7oit 3 milliards de capitalisation boursi\u00e8re de Mercedes-Benz - Benoit Charette - Annuel automobile - CanadaMotorJobs.com.\" \/>\n<meta property=\"og:url\" content=\"https:\/\/news.canadamotorjobs.com\/fr\/rivian-recoit-3-milliards-de-capitalisation-boursiere-de-mercedes-benz\/\" \/>\n<meta property=\"og:site_name\" content=\"CanadaMotorJobs.com\" \/>\n<meta property=\"article:publisher\" content=\"https:\/\/www.facebook.com\/canadamotorjobs\/\" \/>\n<meta property=\"article:published_time\" content=\"2022-09-11T12:54:22+00:00\" \/>\n<meta property=\"article:modified_time\" content=\"2022-09-11T12:58:39+00:00\" \/>\n<meta property=\"og:image\" content=\"https:\/\/news.canadamotorjobs.com\/wp-content\/uploads\/2022\/09\/mb-rivian-vans-1.jpg\" \/>\n\t<meta property=\"og:image:width\" content=\"1062\" \/>\n\t<meta property=\"og:image:height\" content=\"597\" \/>\n\t<meta property=\"og:image:type\" content=\"image\/jpeg\" \/>\n<meta name=\"author\" content=\"Benoit Charette\" \/>\n<meta name=\"twitter:card\" content=\"summary_large_image\" \/>\n<meta name=\"twitter:creator\" content=\"@canadamotorjobs\" \/>\n<meta name=\"twitter:site\" content=\"@canadamotorjobs\" \/>\n<meta name=\"twitter:label1\" content=\"\u00c9crit par\" \/>\n\t<meta name=\"twitter:data1\" content=\"Benoit Charette\" \/>\n\t<meta name=\"twitter:label2\" content=\"Estimation du temps de lecture\" \/>\n\t<meta name=\"twitter:data2\" content=\"1 minute\" \/>\n<!-- \/ Yoast SEO plugin. -->","yoast_head_json":{"title":"Rivian re\u00e7oit 3 milliards de capitalisation boursi\u00e8re de Mercedes-Benz - CanadaMotorJobs.com","description":"Rivian re\u00e7oit 3 milliards de capitalisation boursi\u00e8re de Mercedes-Benz - Benoit Charette - Annuel automobile - CanadaMotorJobs.com.","robots":{"index":"index","follow":"follow","max-snippet":"max-snippet:-1","max-image-preview":"max-image-preview:large","max-video-preview":"max-video-preview:-1"},"og_locale":"fr_CA","og_type":"article","og_title":"Rivian re\u00e7oit 3 milliards de capitalisation boursi\u00e8re de Mercedes-Benz - CanadaMotorJobs.com","og_description":"Rivian re\u00e7oit 3 milliards de capitalisation boursi\u00e8re de Mercedes-Benz - Benoit Charette - Annuel automobile - CanadaMotorJobs.com.","og_url":"https:\/\/news.canadamotorjobs.com\/fr\/rivian-recoit-3-milliards-de-capitalisation-boursiere-de-mercedes-benz\/","og_site_name":"CanadaMotorJobs.com","article_publisher":"https:\/\/www.facebook.com\/canadamotorjobs\/","article_published_time":"2022-09-11T12:54:22+00:00","article_modified_time":"2022-09-11T12:58:39+00:00","og_image":[{"width":1062,"height":597,"url":"https:\/\/news.canadamotorjobs.com\/wp-content\/uploads\/2022\/09\/mb-rivian-vans-1.jpg","type":"image\/jpeg"}],"author":"Benoit Charette","twitter_card":"summary_large_image","twitter_creator":"@canadamotorjobs","twitter_site":"@canadamotorjobs","twitter_misc":{"\u00c9crit par":"Benoit Charette","Estimation du temps de lecture":"1 minute"},"schema":{"@context":"https:\/\/schema.org","@graph":[{"@type":"Article","@id":"https:\/\/news.canadamotorjobs.com\/fr\/rivian-recoit-3-milliards-de-capitalisation-boursiere-de-mercedes-benz\/#article","isPartOf":{"@id":"https:\/\/news.canadamotorjobs.com\/fr\/rivian-recoit-3-milliards-de-capitalisation-boursiere-de-mercedes-benz\/"},"author":{"name":"Benoit Charette","@id":"https:\/\/news.canadamotorjobs.com\/#\/schema\/person\/51793d1f87d44011d7bcc2ed99269a90"},"headline":"Rivian re\u00e7oit 3 milliards de capitalisation boursi\u00e8re de Mercedes-Benz","datePublished":"2022-09-11T12:54:22+00:00","dateModified":"2022-09-11T12:58:39+00:00","mainEntityOfPage":{"@id":"https:\/\/news.canadamotorjobs.com\/fr\/rivian-recoit-3-milliards-de-capitalisation-boursiere-de-mercedes-benz\/"},"wordCount":296,"publisher":{"@id":"https:\/\/news.canadamotorjobs.com\/#organization"},"image":{"@id":"https:\/\/news.canadamotorjobs.com\/fr\/rivian-recoit-3-milliards-de-capitalisation-boursiere-de-mercedes-benz\/#primaryimage"},"thumbnailUrl":"https:\/\/news.canadamotorjobs.com\/wp-content\/uploads\/2022\/09\/mb-rivian-vans-1.jpg","articleSection":["Annuel automobile"],"inLanguage":"fr-CA"},{"@type":"WebPage","@id":"https:\/\/news.canadamotorjobs.com\/fr\/rivian-recoit-3-milliards-de-capitalisation-boursiere-de-mercedes-benz\/","url":"https:\/\/news.canadamotorjobs.com\/fr\/rivian-recoit-3-milliards-de-capitalisation-boursiere-de-mercedes-benz\/","name":"Rivian re\u00e7oit 3 milliards de capitalisation boursi\u00e8re de Mercedes-Benz - CanadaMotorJobs.com","isPartOf":{"@id":"https:\/\/news.canadamotorjobs.com\/#website"},"primaryImageOfPage":{"@id":"https:\/\/news.canadamotorjobs.com\/fr\/rivian-recoit-3-milliards-de-capitalisation-boursiere-de-mercedes-benz\/#primaryimage"},"image":{"@id":"https:\/\/news.canadamotorjobs.com\/fr\/rivian-recoit-3-milliards-de-capitalisation-boursiere-de-mercedes-benz\/#primaryimage"},"thumbnailUrl":"https:\/\/news.canadamotorjobs.com\/wp-content\/uploads\/2022\/09\/mb-rivian-vans-1.jpg","datePublished":"2022-09-11T12:54:22+00:00","dateModified":"2022-09-11T12:58:39+00:00","description":"Rivian re\u00e7oit 3 milliards de capitalisation boursi\u00e8re de Mercedes-Benz - Benoit Charette - Annuel automobile - CanadaMotorJobs.com.","breadcrumb":{"@id":"https:\/\/news.canadamotorjobs.com\/fr\/rivian-recoit-3-milliards-de-capitalisation-boursiere-de-mercedes-benz\/#breadcrumb"},"inLanguage":"fr-CA","potentialAction":[{"@type":"ReadAction","target":["https:\/\/news.canadamotorjobs.com\/fr\/rivian-recoit-3-milliards-de-capitalisation-boursiere-de-mercedes-benz\/"]}]},{"@type":"ImageObject","inLanguage":"fr-CA","@id":"https:\/\/news.canadamotorjobs.com\/fr\/rivian-recoit-3-milliards-de-capitalisation-boursiere-de-mercedes-benz\/#primaryimage","url":"https:\/\/news.canadamotorjobs.com\/wp-content\/uploads\/2022\/09\/mb-rivian-vans-1.jpg","contentUrl":"https:\/\/news.canadamotorjobs.com\/wp-content\/uploads\/2022\/09\/mb-rivian-vans-1.jpg","width":1062,"height":597},{"@type":"BreadcrumbList","@id":"https:\/\/news.canadamotorjobs.com\/fr\/rivian-recoit-3-milliards-de-capitalisation-boursiere-de-mercedes-benz\/#breadcrumb","itemListElement":[{"@type":"ListItem","position":1,"name":"Home","item":"https:\/\/news.canadamotorjobs.com\/fr\/blog\/"},{"@type":"ListItem","position":2,"name":"Rivian re\u00e7oit 3 milliards de capitalisation boursi\u00e8re de Mercedes-Benz"}]},{"@type":"WebSite","@id":"https:\/\/news.canadamotorjobs.com\/#website","url":"https:\/\/news.canadamotorjobs.com\/","name":"CanadaMotorJobs.com","description":"Automotive Jobs","publisher":{"@id":"https:\/\/news.canadamotorjobs.com\/#organization"},"potentialAction":[{"@type":"SearchAction","target":{"@type":"EntryPoint","urlTemplate":"https:\/\/news.canadamotorjobs.com\/?s={search_term_string}"},"query-input":"required name=search_term_string"}],"inLanguage":"fr-CA"},{"@type":"Organization","@id":"https:\/\/news.canadamotorjobs.com\/#organization","name":"Canada Motor Jobs","url":"https:\/\/news.canadamotorjobs.com\/","logo":{"@type":"ImageObject","inLanguage":"fr-CA","@id":"https:\/\/news.canadamotorjobs.com\/#\/schema\/logo\/image\/","url":"https:\/\/news.canadamotorjobs.com\/wp-content\/uploads\/2022\/10\/logo-canada-motor-jobs-1.png","contentUrl":"https:\/\/news.canadamotorjobs.com\/wp-content\/uploads\/2022\/10\/logo-canada-motor-jobs-1.png","width":800,"height":400,"caption":"Canada Motor Jobs"},"image":{"@id":"https:\/\/news.canadamotorjobs.com\/#\/schema\/logo\/image\/"},"sameAs":["https:\/\/www.facebook.com\/canadamotorjobs\/","https:\/\/x.com\/canadamotorjobs","https:\/\/www.instagram.com\/canadamotorjobs\/","https:\/\/www.linkedin.com\/company\/canadamotorjobs"]},{"@type":"Person","@id":"https:\/\/news.canadamotorjobs.com\/#\/schema\/person\/51793d1f87d44011d7bcc2ed99269a90","name":"Benoit Charette","image":{"@type":"ImageObject","inLanguage":"fr-CA","@id":"https:\/\/news.canadamotorjobs.com\/#\/schema\/person\/image\/","url":"https:\/\/secure.gravatar.com\/avatar\/45f3d2eebcccd909668d7ce7ea7267b6?s=96&d=mm&r=g","contentUrl":"https:\/\/secure.gravatar.com\/avatar\/45f3d2eebcccd909668d7ce7ea7267b6?s=96&d=mm&r=g","caption":"Benoit Charette"},"description":"Benoit Charette \/ Propri\u00e9taire et r\u00e9dacteur en chef Benoit Charette pratique le journalisme automobile depuis bient\u00f4t 30 ans. Il a fait ses classes au c\u00f4t\u00e9 de Daniel H\u00e9raud et au Carnet de route de 1992 \u00e0 2001. Il est fondateur, copropri\u00e9taire et r\u00e9dacteur en chef de L\u2019Annuel de l\u2019automobile, qu\u2019il publie depuis 2001. Il a anim\u00e9 les \u00e9missions RPM et RPM+ sur V et les L\u00e9gendes de la route sur Historia. \u00c0 la radio depuis 1986, il reprend l\u2019antenne cette ann\u00e9e sur les ondes de Cogeco et participe pour la deuxi\u00e8me ann\u00e9e \u00e0 l\u2019\u00e9mission Passion Auto sur RDS en plus de mettre en ligne le site Web officiel de L\u2019Annuel de l\u2019automobile sur annuelauto.ca.","sameAs":["https:\/\/annuelauto.ca\/"],"url":"https:\/\/news.canadamotorjobs.com\/fr\/author\/benoit-charette\/"}]}},"_links":{"self":[{"href":"https:\/\/news.canadamotorjobs.com\/fr\/wp-json\/wp\/v2\/posts\/43347"}],"collection":[{"href":"https:\/\/news.canadamotorjobs.com\/fr\/wp-json\/wp\/v2\/posts"}],"about":[{"href":"https:\/\/news.canadamotorjobs.com\/fr\/wp-json\/wp\/v2\/types\/post"}],"author":[{"embeddable":true,"href":"https:\/\/news.canadamotorjobs.com\/fr\/wp-json\/wp\/v2\/users\/8"}],"replies":[{"embeddable":true,"href":"https:\/\/news.canadamotorjobs.com\/fr\/wp-json\/wp\/v2\/comments?post=43347"}],"version-history":[{"count":0,"href":"https:\/\/news.canadamotorjobs.com\/fr\/wp-json\/wp\/v2\/posts\/43347\/revisions"}],"wp:featuredmedia":[{"embeddable":true,"href":"https:\/\/news.canadamotorjobs.com\/fr\/wp-json\/wp\/v2\/media\/43351"}],"wp:attachment":[{"href":"https:\/\/news.canadamotorjobs.com\/fr\/wp-json\/wp\/v2\/media?parent=43347"}],"wp:term":[{"taxonomy":"category","embeddable":true,"href":"https:\/\/news.canadamotorjobs.com\/fr\/wp-json\/wp\/v2\/categories?post=43347"},{"taxonomy":"post_tag","embeddable":true,"href":"https:\/\/news.canadamotorjobs.com\/fr\/wp-json\/wp\/v2\/tags?post=43347"}],"curies":[{"name":"wp","href":"https:\/\/api.w.org\/{rel}","templated":true}]}}