{"id":43323,"date":"2022-09-10T08:35:09","date_gmt":"2022-09-10T12:35:09","guid":{"rendered":"https:\/\/blog.canadamotorjobs.com\/vinfast-livre-ses-premiers-modeles-vf8\/"},"modified":"2022-09-10T08:44:46","modified_gmt":"2022-09-10T12:44:46","slug":"vinfast-livre-ses-premiers-modeles-vf8","status":"publish","type":"post","link":"https:\/\/news.canadamotorjobs.com\/fr\/vinfast-livre-ses-premiers-modeles-vf8\/","title":{"rendered":"VinFast livre ses premiers mod\u00e8les VF8"},"content":{"rendered":"<\/p>\n<p>Le constructeur automobile vietnamien VinFast a commenc\u00e9 aujourd\u2019hui \u00e0 remettre un premier lot de 100 de 100 v\u00e9hicules VF8. La compagnie a laiss\u00e9 savoir que les livraisons pour le Canada et les \u00c9tats-Unis devrait commencer d\u00e8s d\u00e9cembre.<br \/> 5\u00a0000 unit\u00e9s attendues<br \/> VinFast, qui a commenc\u00e9 ses activit\u00e9s en 2019, se pr\u00e9pare \u00e0 se d\u00e9velopper sur le march\u00e9 am\u00e9ricain, o\u00f9 elle esp\u00e8re concurrencer les constructeurs bien \u00e9tablis et les jeunes pousses dans le domaine. Vinfast va avoir le VF8 5 places , suivi du VF9 7 places l\u2019an prochain avec un syst\u00e8me de location mensuel de batteries. La production de masse \u00e0 l\u2019usine au Vietnam commence la semaine prochaine et un premier lot de 5\u00a0000 unit\u00e9s du VF8 est pr\u00e9vu pour le march\u00e9 de l\u2019Am\u00e9rique du Nord.<br \/> D\u00e9j\u00e0 65\u00a0000 r\u00e9servations<br \/> L&#8217;entreprise a enregistr\u00e9 pr\u00e8s de 65\u00a0000 r\u00e9servations dans le monde et pr\u00e9voit de vendre 750\u00a0000 v\u00e9hicules \u00e9lectriques par an d&#8217;ici \u00e0 2026, en commen\u00e7ant par les VUS tout \u00e9lectriques VF8 et VF9. En mars dernier, VinFast a annonc\u00e9 qu&#8217;elle allait construire une usine de production en Caroline du Nord, dont la capacit\u00e9 initiale pr\u00e9vue est de 150\u00a0000 unit\u00e9s par an. En juillet, elle a fait appel aux banques pour lever au moins 4 milliards de dollars de fonds pour le projet.<br \/> Un prix r\u00e9aliste, mais des piles en location<br \/> Les v\u00e9hicules VF8 et VF9 d\u00e9buteront respectivement \u00e0 50\u00a0850 et 69\u00a0150 dollars pour les clients canadiens, sans compter le co\u00fbt de la location de la batterie \u00e9lectrique. Pour le VF 8, le plan<\/p>\n","protected":false},"excerpt":{"rendered":"<p>Le constructeur automobile vietnamien VinFast a commenc\u00e9 aujourd\u2019hui \u00e0 remettre un premier lot de 100 de 100 v\u00e9hicules VF8. La compagnie a laiss\u00e9 savoir que les livraisons pour le Canada et les \u00c9tats-Unis devrait commencer d\u00e8s d\u00e9cembre. 5\u00a0000 unit\u00e9s attendues VinFast, qui a commenc\u00e9 ses activit\u00e9s en 2019, se pr\u00e9pare \u00e0 se d\u00e9velopper sur le [&hellip;]<\/p>\n","protected":false},"author":8,"featured_media":43327,"comment_status":"close","ping_status":"closed","sticky":false,"template":"","format":"standard","meta":{"_monsterinsights_skip_tracking":false,"_monsterinsights_sitenote_active":false,"_monsterinsights_sitenote_note":"","_monsterinsights_sitenote_category":0,"footnotes":""},"categories":[101],"tags":[],"yoast_head":"<!-- This site is optimized with the Yoast SEO plugin v23.2 - https:\/\/yoast.com\/wordpress\/plugins\/seo\/ -->\n<title>VinFast livre ses premiers mod\u00e8les VF8 - CanadaMotorJobs.com<\/title>\n<meta name=\"description\" content=\"VinFast livre ses premiers mod\u00e8les VF8 - Benoit Charette - Annuel automobile - CanadaMotorJobs.com.\" \/>\n<meta name=\"robots\" content=\"index, follow, max-snippet:-1, max-image-preview:large, max-video-preview:-1\" \/>\n<meta property=\"og:locale\" content=\"fr_CA\" \/>\n<meta property=\"og:type\" content=\"article\" \/>\n<meta property=\"og:title\" content=\"VinFast livre ses premiers mod\u00e8les VF8 - CanadaMotorJobs.com\" \/>\n<meta property=\"og:description\" content=\"VinFast livre ses premiers mod\u00e8les VF8 - Benoit Charette - Annuel automobile - CanadaMotorJobs.com.\" \/>\n<meta property=\"og:url\" content=\"https:\/\/news.canadamotorjobs.com\/fr\/vinfast-livre-ses-premiers-modeles-vf8\/\" \/>\n<meta property=\"og:site_name\" content=\"CanadaMotorJobs.com\" \/>\n<meta property=\"article:publisher\" content=\"https:\/\/www.facebook.com\/canadamotorjobs\/\" \/>\n<meta property=\"article:published_time\" content=\"2022-09-10T12:35:09+00:00\" \/>\n<meta property=\"article:modified_time\" content=\"2022-09-10T12:44:46+00:00\" \/>\n<meta property=\"og:image\" content=\"https:\/\/news.canadamotorjobs.com\/wp-content\/uploads\/2022\/09\/IMG_5299fr-1.jpg\" \/>\n\t<meta property=\"og:image:width\" content=\"1024\" \/>\n\t<meta property=\"og:image:height\" content=\"770\" \/>\n\t<meta property=\"og:image:type\" content=\"image\/jpeg\" \/>\n<meta name=\"author\" content=\"Benoit Charette\" \/>\n<meta name=\"twitter:card\" content=\"summary_large_image\" \/>\n<meta name=\"twitter:creator\" content=\"@canadamotorjobs\" \/>\n<meta name=\"twitter:site\" content=\"@canadamotorjobs\" \/>\n<meta name=\"twitter:label1\" content=\"\u00c9crit par\" \/>\n\t<meta name=\"twitter:data1\" content=\"Benoit Charette\" \/>\n\t<meta name=\"twitter:label2\" content=\"Estimation du temps de lecture\" \/>\n\t<meta name=\"twitter:data2\" content=\"1 minute\" \/>\n<!-- \/ Yoast SEO plugin. -->","yoast_head_json":{"title":"VinFast livre ses premiers mod\u00e8les VF8 - CanadaMotorJobs.com","description":"VinFast livre ses premiers mod\u00e8les VF8 - Benoit Charette - Annuel automobile - CanadaMotorJobs.com.","robots":{"index":"index","follow":"follow","max-snippet":"max-snippet:-1","max-image-preview":"max-image-preview:large","max-video-preview":"max-video-preview:-1"},"og_locale":"fr_CA","og_type":"article","og_title":"VinFast livre ses premiers mod\u00e8les VF8 - CanadaMotorJobs.com","og_description":"VinFast livre ses premiers mod\u00e8les VF8 - Benoit Charette - Annuel automobile - CanadaMotorJobs.com.","og_url":"https:\/\/news.canadamotorjobs.com\/fr\/vinfast-livre-ses-premiers-modeles-vf8\/","og_site_name":"CanadaMotorJobs.com","article_publisher":"https:\/\/www.facebook.com\/canadamotorjobs\/","article_published_time":"2022-09-10T12:35:09+00:00","article_modified_time":"2022-09-10T12:44:46+00:00","og_image":[{"width":1024,"height":770,"url":"https:\/\/news.canadamotorjobs.com\/wp-content\/uploads\/2022\/09\/IMG_5299fr-1.jpg","type":"image\/jpeg"}],"author":"Benoit Charette","twitter_card":"summary_large_image","twitter_creator":"@canadamotorjobs","twitter_site":"@canadamotorjobs","twitter_misc":{"\u00c9crit par":"Benoit Charette","Estimation du temps de lecture":"1 minute"},"schema":{"@context":"https:\/\/schema.org","@graph":[{"@type":"Article","@id":"https:\/\/news.canadamotorjobs.com\/fr\/vinfast-livre-ses-premiers-modeles-vf8\/#article","isPartOf":{"@id":"https:\/\/news.canadamotorjobs.com\/fr\/vinfast-livre-ses-premiers-modeles-vf8\/"},"author":{"name":"Benoit Charette","@id":"https:\/\/news.canadamotorjobs.com\/#\/schema\/person\/51793d1f87d44011d7bcc2ed99269a90"},"headline":"VinFast livre ses premiers mod\u00e8les VF8","datePublished":"2022-09-10T12:35:09+00:00","dateModified":"2022-09-10T12:44:46+00:00","mainEntityOfPage":{"@id":"https:\/\/news.canadamotorjobs.com\/fr\/vinfast-livre-ses-premiers-modeles-vf8\/"},"wordCount":268,"publisher":{"@id":"https:\/\/news.canadamotorjobs.com\/#organization"},"image":{"@id":"https:\/\/news.canadamotorjobs.com\/fr\/vinfast-livre-ses-premiers-modeles-vf8\/#primaryimage"},"thumbnailUrl":"https:\/\/news.canadamotorjobs.com\/wp-content\/uploads\/2022\/09\/IMG_5299fr-1.jpg","articleSection":["Annuel automobile"],"inLanguage":"fr-CA"},{"@type":"WebPage","@id":"https:\/\/news.canadamotorjobs.com\/fr\/vinfast-livre-ses-premiers-modeles-vf8\/","url":"https:\/\/news.canadamotorjobs.com\/fr\/vinfast-livre-ses-premiers-modeles-vf8\/","name":"VinFast livre ses premiers mod\u00e8les VF8 - CanadaMotorJobs.com","isPartOf":{"@id":"https:\/\/news.canadamotorjobs.com\/#website"},"primaryImageOfPage":{"@id":"https:\/\/news.canadamotorjobs.com\/fr\/vinfast-livre-ses-premiers-modeles-vf8\/#primaryimage"},"image":{"@id":"https:\/\/news.canadamotorjobs.com\/fr\/vinfast-livre-ses-premiers-modeles-vf8\/#primaryimage"},"thumbnailUrl":"https:\/\/news.canadamotorjobs.com\/wp-content\/uploads\/2022\/09\/IMG_5299fr-1.jpg","datePublished":"2022-09-10T12:35:09+00:00","dateModified":"2022-09-10T12:44:46+00:00","description":"VinFast livre ses premiers mod\u00e8les VF8 - Benoit Charette - Annuel automobile - CanadaMotorJobs.com.","breadcrumb":{"@id":"https:\/\/news.canadamotorjobs.com\/fr\/vinfast-livre-ses-premiers-modeles-vf8\/#breadcrumb"},"inLanguage":"fr-CA","potentialAction":[{"@type":"ReadAction","target":["https:\/\/news.canadamotorjobs.com\/fr\/vinfast-livre-ses-premiers-modeles-vf8\/"]}]},{"@type":"ImageObject","inLanguage":"fr-CA","@id":"https:\/\/news.canadamotorjobs.com\/fr\/vinfast-livre-ses-premiers-modeles-vf8\/#primaryimage","url":"https:\/\/news.canadamotorjobs.com\/wp-content\/uploads\/2022\/09\/IMG_5299fr-1.jpg","contentUrl":"https:\/\/news.canadamotorjobs.com\/wp-content\/uploads\/2022\/09\/IMG_5299fr-1.jpg","width":1024,"height":770},{"@type":"BreadcrumbList","@id":"https:\/\/news.canadamotorjobs.com\/fr\/vinfast-livre-ses-premiers-modeles-vf8\/#breadcrumb","itemListElement":[{"@type":"ListItem","position":1,"name":"Home","item":"https:\/\/news.canadamotorjobs.com\/fr\/blog\/"},{"@type":"ListItem","position":2,"name":"VinFast livre ses premiers mod\u00e8les VF8"}]},{"@type":"WebSite","@id":"https:\/\/news.canadamotorjobs.com\/#website","url":"https:\/\/news.canadamotorjobs.com\/","name":"CanadaMotorJobs.com","description":"Automotive Jobs","publisher":{"@id":"https:\/\/news.canadamotorjobs.com\/#organization"},"potentialAction":[{"@type":"SearchAction","target":{"@type":"EntryPoint","urlTemplate":"https:\/\/news.canadamotorjobs.com\/?s={search_term_string}"},"query-input":"required name=search_term_string"}],"inLanguage":"fr-CA"},{"@type":"Organization","@id":"https:\/\/news.canadamotorjobs.com\/#organization","name":"Canada Motor Jobs","url":"https:\/\/news.canadamotorjobs.com\/","logo":{"@type":"ImageObject","inLanguage":"fr-CA","@id":"https:\/\/news.canadamotorjobs.com\/#\/schema\/logo\/image\/","url":"https:\/\/news.canadamotorjobs.com\/wp-content\/uploads\/2022\/10\/logo-canada-motor-jobs-1.png","contentUrl":"https:\/\/news.canadamotorjobs.com\/wp-content\/uploads\/2022\/10\/logo-canada-motor-jobs-1.png","width":800,"height":400,"caption":"Canada Motor Jobs"},"image":{"@id":"https:\/\/news.canadamotorjobs.com\/#\/schema\/logo\/image\/"},"sameAs":["https:\/\/www.facebook.com\/canadamotorjobs\/","https:\/\/x.com\/canadamotorjobs","https:\/\/www.instagram.com\/canadamotorjobs\/","https:\/\/www.linkedin.com\/company\/canadamotorjobs"]},{"@type":"Person","@id":"https:\/\/news.canadamotorjobs.com\/#\/schema\/person\/51793d1f87d44011d7bcc2ed99269a90","name":"Benoit Charette","image":{"@type":"ImageObject","inLanguage":"fr-CA","@id":"https:\/\/news.canadamotorjobs.com\/#\/schema\/person\/image\/","url":"https:\/\/secure.gravatar.com\/avatar\/45f3d2eebcccd909668d7ce7ea7267b6?s=96&d=mm&r=g","contentUrl":"https:\/\/secure.gravatar.com\/avatar\/45f3d2eebcccd909668d7ce7ea7267b6?s=96&d=mm&r=g","caption":"Benoit Charette"},"description":"Benoit Charette \/ Propri\u00e9taire et r\u00e9dacteur en chef Benoit Charette pratique le journalisme automobile depuis bient\u00f4t 30 ans. Il a fait ses classes au c\u00f4t\u00e9 de Daniel H\u00e9raud et au Carnet de route de 1992 \u00e0 2001. Il est fondateur, copropri\u00e9taire et r\u00e9dacteur en chef de L\u2019Annuel de l\u2019automobile, qu\u2019il publie depuis 2001. Il a anim\u00e9 les \u00e9missions RPM et RPM+ sur V et les L\u00e9gendes de la route sur Historia. \u00c0 la radio depuis 1986, il reprend l\u2019antenne cette ann\u00e9e sur les ondes de Cogeco et participe pour la deuxi\u00e8me ann\u00e9e \u00e0 l\u2019\u00e9mission Passion Auto sur RDS en plus de mettre en ligne le site Web officiel de L\u2019Annuel de l\u2019automobile sur annuelauto.ca.","sameAs":["https:\/\/annuelauto.ca\/"],"url":"https:\/\/news.canadamotorjobs.com\/fr\/author\/benoit-charette\/"}]}},"_links":{"self":[{"href":"https:\/\/news.canadamotorjobs.com\/fr\/wp-json\/wp\/v2\/posts\/43323"}],"collection":[{"href":"https:\/\/news.canadamotorjobs.com\/fr\/wp-json\/wp\/v2\/posts"}],"about":[{"href":"https:\/\/news.canadamotorjobs.com\/fr\/wp-json\/wp\/v2\/types\/post"}],"author":[{"embeddable":true,"href":"https:\/\/news.canadamotorjobs.com\/fr\/wp-json\/wp\/v2\/users\/8"}],"replies":[{"embeddable":true,"href":"https:\/\/news.canadamotorjobs.com\/fr\/wp-json\/wp\/v2\/comments?post=43323"}],"version-history":[{"count":0,"href":"https:\/\/news.canadamotorjobs.com\/fr\/wp-json\/wp\/v2\/posts\/43323\/revisions"}],"wp:featuredmedia":[{"embeddable":true,"href":"https:\/\/news.canadamotorjobs.com\/fr\/wp-json\/wp\/v2\/media\/43327"}],"wp:attachment":[{"href":"https:\/\/news.canadamotorjobs.com\/fr\/wp-json\/wp\/v2\/media?parent=43323"}],"wp:term":[{"taxonomy":"category","embeddable":true,"href":"https:\/\/news.canadamotorjobs.com\/fr\/wp-json\/wp\/v2\/categories?post=43323"},{"taxonomy":"post_tag","embeddable":true,"href":"https:\/\/news.canadamotorjobs.com\/fr\/wp-json\/wp\/v2\/tags?post=43323"}],"curies":[{"name":"wp","href":"https:\/\/api.w.org\/{rel}","templated":true}]}}