{"id":43299,"date":"2022-09-09T07:21:58","date_gmt":"2022-09-09T11:21:58","guid":{"rendered":"https:\/\/blog.canadamotorjobs.com\/laccord-de-porsche-avec-red-bull-en-f1-est-officiellement-mort\/"},"modified":"2022-09-09T07:29:57","modified_gmt":"2022-09-09T11:29:57","slug":"laccord-de-porsche-avec-red-bull-en-f1-est-officiellement-mort","status":"publish","type":"post","link":"https:\/\/news.canadamotorjobs.com\/fr\/laccord-de-porsche-avec-red-bull-en-f1-est-officiellement-mort\/","title":{"rendered":"L\u2019accord de Porsche avec Red Bull en F1 est officiellement mort."},"content":{"rendered":"<\/p>\n<p>Les n\u00e9gociations entre Porsche et Reb Bull et Porsche concernant un partenariat en Formule 1 ont \u00e9chou\u00e9. Porsche esp\u00e9rait revenir dans le monde de la F1 en 2026 aux c\u00f4t\u00e9s de sa soci\u00e9t\u00e9 s\u0153ur Audi, apr\u00e8s plus de six d\u00e9cennies d&#8217;absence. Le conseil d&#8217;administration de la soci\u00e9t\u00e9 m\u00e8re VW avait d\u00e9j\u00e0 approuv\u00e9 les projets de F1 des deux \u00e9quipes plus t\u00f4t cette ann\u00e9e et Porsche \u00e9tait en pourparlers avec Red Bull pour unir leurs forces. Mais Porsche a confirm\u00e9 les rumeurs selon lesquelles l&#8217;accord n&#8217;\u00e9tait pas conclu, ce qui signifie que seule Audi a une place confirm\u00e9e sur la grille de d\u00e9part.<br \/> Que s\u2019est-il pass\u00e9 ?<br \/> La pr\u00e9misse a toujours \u00e9t\u00e9 qu&#8217;un partenariat serait bas\u00e9 sur un partenariat 50\/50, qui inclurait non seulement un partenariat moteur, mais aussi l&#8217;\u00e9quipe. Cela n&#8217;a pas pu \u00eatre r\u00e9alis\u00e9. Il est toutefois important de souligner que Porsche n\u2019abandonne pas ses ambitions de revenir en F1. Porsche aurait voulu apposer son propre nom sur le moteur Red Bull 2026 actuellement en cours de d\u00e9veloppement au Royaume-Uni et aurait \u00e9galement voulu prendre une participation de 50\u00a0% dans les activit\u00e9s de Red Bull en F1. Mais il semble que Red Bull n&#8217;\u00e9tait pas pr\u00eat \u00e0 c\u00e9der autant de contr\u00f4le, et craignait \u00e9galement de ne pas pouvoir r\u00e9agir rapidement aux \u00e9v\u00e9nements si Porsche essayait d&#8217;affirmer son style de gestion plus lent et plus conventionnel.<\/p>\n<p> Porsche va regarder les autres avenues et tenter de trouver un autre partenaire<\/p>\n<p> Avec des renseignements de Carscoops<\/p>\n<p>Le texte <a rel=\"nofollow\" href=\"https:\/\/annuelauto.ca\/laccord-de-porsche-avec-red-bull-en-f1-est-officiellement-mort\/\">L&rsquo;accord de Porsche<\/p>\n<p><\/a><\/p>\n","protected":false},"excerpt":{"rendered":"<p>Les n\u00e9gociations entre Porsche et Reb Bull et Porsche concernant un partenariat en Formule 1 ont \u00e9chou\u00e9. Porsche esp\u00e9rait revenir dans le monde de la F1 en 2026 aux c\u00f4t\u00e9s de sa soci\u00e9t\u00e9 s\u0153ur Audi, apr\u00e8s plus de six d\u00e9cennies d&#8217;absence. Le conseil d&#8217;administration de la soci\u00e9t\u00e9 m\u00e8re VW avait d\u00e9j\u00e0 approuv\u00e9 les projets de [&hellip;]<\/p>\n","protected":false},"author":8,"featured_media":43303,"comment_status":"close","ping_status":"closed","sticky":false,"template":"","format":"standard","meta":{"_monsterinsights_skip_tracking":false,"_monsterinsights_sitenote_active":false,"_monsterinsights_sitenote_note":"","_monsterinsights_sitenote_category":0,"footnotes":""},"categories":[101],"tags":[],"yoast_head":"<!-- This site is optimized with the Yoast SEO plugin v23.2 - https:\/\/yoast.com\/wordpress\/plugins\/seo\/ -->\n<title>L\u2019accord de Porsche avec Red Bull en F1 est officiellement mort. - CanadaMotorJobs.com<\/title>\n<meta name=\"description\" content=\"L\u2019accord de Porsche avec Red Bull en F1 est officiellement mort. - Benoit Charette - Annuel automobile - CanadaMotorJobs.com.\" \/>\n<meta name=\"robots\" content=\"index, follow, max-snippet:-1, max-image-preview:large, max-video-preview:-1\" \/>\n<meta property=\"og:locale\" content=\"fr_CA\" \/>\n<meta property=\"og:type\" content=\"article\" \/>\n<meta property=\"og:title\" content=\"L\u2019accord de Porsche avec Red Bull en F1 est officiellement mort. - CanadaMotorJobs.com\" \/>\n<meta property=\"og:description\" content=\"L\u2019accord de Porsche avec Red Bull en F1 est officiellement mort. - Benoit Charette - Annuel automobile - CanadaMotorJobs.com.\" \/>\n<meta property=\"og:url\" content=\"https:\/\/news.canadamotorjobs.com\/fr\/laccord-de-porsche-avec-red-bull-en-f1-est-officiellement-mort\/\" \/>\n<meta property=\"og:site_name\" content=\"CanadaMotorJobs.com\" \/>\n<meta property=\"article:publisher\" content=\"https:\/\/www.facebook.com\/canadamotorjobs\/\" \/>\n<meta property=\"article:published_time\" content=\"2022-09-09T11:21:58+00:00\" \/>\n<meta property=\"article:modified_time\" content=\"2022-09-09T11:29:57+00:00\" \/>\n<meta property=\"og:image\" content=\"https:\/\/news.canadamotorjobs.com\/wp-content\/uploads\/2022\/09\/Red-Bull-Porsche-Report-Main-1024x555-1-1.jpg\" \/>\n\t<meta property=\"og:image:width\" content=\"1024\" \/>\n\t<meta property=\"og:image:height\" content=\"555\" \/>\n\t<meta property=\"og:image:type\" content=\"image\/jpeg\" \/>\n<meta name=\"author\" content=\"Benoit Charette\" \/>\n<meta name=\"twitter:card\" content=\"summary_large_image\" \/>\n<meta name=\"twitter:creator\" content=\"@canadamotorjobs\" \/>\n<meta name=\"twitter:site\" content=\"@canadamotorjobs\" \/>\n<meta name=\"twitter:label1\" content=\"\u00c9crit par\" \/>\n\t<meta name=\"twitter:data1\" content=\"Benoit Charette\" \/>\n\t<meta name=\"twitter:label2\" content=\"Estimation du temps de lecture\" \/>\n\t<meta name=\"twitter:data2\" content=\"1 minute\" \/>\n<!-- \/ Yoast SEO plugin. -->","yoast_head_json":{"title":"L\u2019accord de Porsche avec Red Bull en F1 est officiellement mort. - CanadaMotorJobs.com","description":"L\u2019accord de Porsche avec Red Bull en F1 est officiellement mort. - Benoit Charette - Annuel automobile - CanadaMotorJobs.com.","robots":{"index":"index","follow":"follow","max-snippet":"max-snippet:-1","max-image-preview":"max-image-preview:large","max-video-preview":"max-video-preview:-1"},"og_locale":"fr_CA","og_type":"article","og_title":"L\u2019accord de Porsche avec Red Bull en F1 est officiellement mort. - CanadaMotorJobs.com","og_description":"L\u2019accord de Porsche avec Red Bull en F1 est officiellement mort. - Benoit Charette - Annuel automobile - CanadaMotorJobs.com.","og_url":"https:\/\/news.canadamotorjobs.com\/fr\/laccord-de-porsche-avec-red-bull-en-f1-est-officiellement-mort\/","og_site_name":"CanadaMotorJobs.com","article_publisher":"https:\/\/www.facebook.com\/canadamotorjobs\/","article_published_time":"2022-09-09T11:21:58+00:00","article_modified_time":"2022-09-09T11:29:57+00:00","og_image":[{"width":1024,"height":555,"url":"https:\/\/news.canadamotorjobs.com\/wp-content\/uploads\/2022\/09\/Red-Bull-Porsche-Report-Main-1024x555-1-1.jpg","type":"image\/jpeg"}],"author":"Benoit Charette","twitter_card":"summary_large_image","twitter_creator":"@canadamotorjobs","twitter_site":"@canadamotorjobs","twitter_misc":{"\u00c9crit par":"Benoit Charette","Estimation du temps de lecture":"1 minute"},"schema":{"@context":"https:\/\/schema.org","@graph":[{"@type":"Article","@id":"https:\/\/news.canadamotorjobs.com\/fr\/laccord-de-porsche-avec-red-bull-en-f1-est-officiellement-mort\/#article","isPartOf":{"@id":"https:\/\/news.canadamotorjobs.com\/fr\/laccord-de-porsche-avec-red-bull-en-f1-est-officiellement-mort\/"},"author":{"name":"Benoit Charette","@id":"https:\/\/news.canadamotorjobs.com\/#\/schema\/person\/51793d1f87d44011d7bcc2ed99269a90"},"headline":"L\u2019accord de Porsche avec Red Bull en F1 est officiellement mort.","datePublished":"2022-09-09T11:21:58+00:00","dateModified":"2022-09-09T11:29:57+00:00","mainEntityOfPage":{"@id":"https:\/\/news.canadamotorjobs.com\/fr\/laccord-de-porsche-avec-red-bull-en-f1-est-officiellement-mort\/"},"wordCount":290,"publisher":{"@id":"https:\/\/news.canadamotorjobs.com\/#organization"},"image":{"@id":"https:\/\/news.canadamotorjobs.com\/fr\/laccord-de-porsche-avec-red-bull-en-f1-est-officiellement-mort\/#primaryimage"},"thumbnailUrl":"https:\/\/news.canadamotorjobs.com\/wp-content\/uploads\/2022\/09\/Red-Bull-Porsche-Report-Main-1024x555-1-1.jpg","articleSection":["Annuel automobile"],"inLanguage":"fr-CA"},{"@type":"WebPage","@id":"https:\/\/news.canadamotorjobs.com\/fr\/laccord-de-porsche-avec-red-bull-en-f1-est-officiellement-mort\/","url":"https:\/\/news.canadamotorjobs.com\/fr\/laccord-de-porsche-avec-red-bull-en-f1-est-officiellement-mort\/","name":"L\u2019accord de Porsche avec Red Bull en F1 est officiellement mort. - CanadaMotorJobs.com","isPartOf":{"@id":"https:\/\/news.canadamotorjobs.com\/#website"},"primaryImageOfPage":{"@id":"https:\/\/news.canadamotorjobs.com\/fr\/laccord-de-porsche-avec-red-bull-en-f1-est-officiellement-mort\/#primaryimage"},"image":{"@id":"https:\/\/news.canadamotorjobs.com\/fr\/laccord-de-porsche-avec-red-bull-en-f1-est-officiellement-mort\/#primaryimage"},"thumbnailUrl":"https:\/\/news.canadamotorjobs.com\/wp-content\/uploads\/2022\/09\/Red-Bull-Porsche-Report-Main-1024x555-1-1.jpg","datePublished":"2022-09-09T11:21:58+00:00","dateModified":"2022-09-09T11:29:57+00:00","description":"L\u2019accord de Porsche avec Red Bull en F1 est officiellement mort. - Benoit Charette - Annuel automobile - CanadaMotorJobs.com.","breadcrumb":{"@id":"https:\/\/news.canadamotorjobs.com\/fr\/laccord-de-porsche-avec-red-bull-en-f1-est-officiellement-mort\/#breadcrumb"},"inLanguage":"fr-CA","potentialAction":[{"@type":"ReadAction","target":["https:\/\/news.canadamotorjobs.com\/fr\/laccord-de-porsche-avec-red-bull-en-f1-est-officiellement-mort\/"]}]},{"@type":"ImageObject","inLanguage":"fr-CA","@id":"https:\/\/news.canadamotorjobs.com\/fr\/laccord-de-porsche-avec-red-bull-en-f1-est-officiellement-mort\/#primaryimage","url":"https:\/\/news.canadamotorjobs.com\/wp-content\/uploads\/2022\/09\/Red-Bull-Porsche-Report-Main-1024x555-1-1.jpg","contentUrl":"https:\/\/news.canadamotorjobs.com\/wp-content\/uploads\/2022\/09\/Red-Bull-Porsche-Report-Main-1024x555-1-1.jpg","width":1024,"height":555},{"@type":"BreadcrumbList","@id":"https:\/\/news.canadamotorjobs.com\/fr\/laccord-de-porsche-avec-red-bull-en-f1-est-officiellement-mort\/#breadcrumb","itemListElement":[{"@type":"ListItem","position":1,"name":"Home","item":"https:\/\/news.canadamotorjobs.com\/fr\/blog\/"},{"@type":"ListItem","position":2,"name":"L\u2019accord de Porsche avec Red Bull en F1 est officiellement mort."}]},{"@type":"WebSite","@id":"https:\/\/news.canadamotorjobs.com\/#website","url":"https:\/\/news.canadamotorjobs.com\/","name":"CanadaMotorJobs.com","description":"Automotive Jobs","publisher":{"@id":"https:\/\/news.canadamotorjobs.com\/#organization"},"potentialAction":[{"@type":"SearchAction","target":{"@type":"EntryPoint","urlTemplate":"https:\/\/news.canadamotorjobs.com\/?s={search_term_string}"},"query-input":"required name=search_term_string"}],"inLanguage":"fr-CA"},{"@type":"Organization","@id":"https:\/\/news.canadamotorjobs.com\/#organization","name":"Canada Motor Jobs","url":"https:\/\/news.canadamotorjobs.com\/","logo":{"@type":"ImageObject","inLanguage":"fr-CA","@id":"https:\/\/news.canadamotorjobs.com\/#\/schema\/logo\/image\/","url":"https:\/\/news.canadamotorjobs.com\/wp-content\/uploads\/2022\/10\/logo-canada-motor-jobs-1.png","contentUrl":"https:\/\/news.canadamotorjobs.com\/wp-content\/uploads\/2022\/10\/logo-canada-motor-jobs-1.png","width":800,"height":400,"caption":"Canada Motor Jobs"},"image":{"@id":"https:\/\/news.canadamotorjobs.com\/#\/schema\/logo\/image\/"},"sameAs":["https:\/\/www.facebook.com\/canadamotorjobs\/","https:\/\/x.com\/canadamotorjobs","https:\/\/www.instagram.com\/canadamotorjobs\/","https:\/\/www.linkedin.com\/company\/canadamotorjobs"]},{"@type":"Person","@id":"https:\/\/news.canadamotorjobs.com\/#\/schema\/person\/51793d1f87d44011d7bcc2ed99269a90","name":"Benoit Charette","image":{"@type":"ImageObject","inLanguage":"fr-CA","@id":"https:\/\/news.canadamotorjobs.com\/#\/schema\/person\/image\/","url":"https:\/\/secure.gravatar.com\/avatar\/45f3d2eebcccd909668d7ce7ea7267b6?s=96&d=mm&r=g","contentUrl":"https:\/\/secure.gravatar.com\/avatar\/45f3d2eebcccd909668d7ce7ea7267b6?s=96&d=mm&r=g","caption":"Benoit Charette"},"description":"Benoit Charette \/ Propri\u00e9taire et r\u00e9dacteur en chef Benoit Charette pratique le journalisme automobile depuis bient\u00f4t 30 ans. Il a fait ses classes au c\u00f4t\u00e9 de Daniel H\u00e9raud et au Carnet de route de 1992 \u00e0 2001. Il est fondateur, copropri\u00e9taire et r\u00e9dacteur en chef de L\u2019Annuel de l\u2019automobile, qu\u2019il publie depuis 2001. Il a anim\u00e9 les \u00e9missions RPM et RPM+ sur V et les L\u00e9gendes de la route sur Historia. \u00c0 la radio depuis 1986, il reprend l\u2019antenne cette ann\u00e9e sur les ondes de Cogeco et participe pour la deuxi\u00e8me ann\u00e9e \u00e0 l\u2019\u00e9mission Passion Auto sur RDS en plus de mettre en ligne le site Web officiel de L\u2019Annuel de l\u2019automobile sur annuelauto.ca.","sameAs":["https:\/\/annuelauto.ca\/"],"url":"https:\/\/news.canadamotorjobs.com\/fr\/author\/benoit-charette\/"}]}},"_links":{"self":[{"href":"https:\/\/news.canadamotorjobs.com\/fr\/wp-json\/wp\/v2\/posts\/43299"}],"collection":[{"href":"https:\/\/news.canadamotorjobs.com\/fr\/wp-json\/wp\/v2\/posts"}],"about":[{"href":"https:\/\/news.canadamotorjobs.com\/fr\/wp-json\/wp\/v2\/types\/post"}],"author":[{"embeddable":true,"href":"https:\/\/news.canadamotorjobs.com\/fr\/wp-json\/wp\/v2\/users\/8"}],"replies":[{"embeddable":true,"href":"https:\/\/news.canadamotorjobs.com\/fr\/wp-json\/wp\/v2\/comments?post=43299"}],"version-history":[{"count":0,"href":"https:\/\/news.canadamotorjobs.com\/fr\/wp-json\/wp\/v2\/posts\/43299\/revisions"}],"wp:featuredmedia":[{"embeddable":true,"href":"https:\/\/news.canadamotorjobs.com\/fr\/wp-json\/wp\/v2\/media\/43303"}],"wp:attachment":[{"href":"https:\/\/news.canadamotorjobs.com\/fr\/wp-json\/wp\/v2\/media?parent=43299"}],"wp:term":[{"taxonomy":"category","embeddable":true,"href":"https:\/\/news.canadamotorjobs.com\/fr\/wp-json\/wp\/v2\/categories?post=43299"},{"taxonomy":"post_tag","embeddable":true,"href":"https:\/\/news.canadamotorjobs.com\/fr\/wp-json\/wp\/v2\/tags?post=43299"}],"curies":[{"name":"wp","href":"https:\/\/api.w.org\/{rel}","templated":true}]}}