{"id":43291,"date":"2022-09-08T14:43:20","date_gmt":"2022-09-08T18:43:20","guid":{"rendered":"https:\/\/blog.canadamotorjobs.com\/partir-en-camping-avec-sa-porsche-911-et-pourquoi-pas\/"},"modified":"2022-09-08T14:59:06","modified_gmt":"2022-09-08T18:59:06","slug":"partir-en-camping-avec-sa-porsche-911-et-pourquoi-pas","status":"publish","type":"post","link":"https:\/\/news.canadamotorjobs.com\/fr\/partir-en-camping-avec-sa-porsche-911-et-pourquoi-pas\/","title":{"rendered":"Partir en camping avec sa\u2026 Porsche 911\u00a0? Et pourquoi pas\u00a0!"},"content":{"rendered":"<\/p>\n<p>Partir en camping avec un coup\u00e9 <a href=\"https:\/\/annuelauto.ca\/porsche-911-carrera-gts-edition-america-2023\/\" target=\"_blank\" rel=\"noopener noreferrer\">911<\/a>, c\u2019est chose possible gr\u00e2ce \u00e0 Tequipment. Cette division du constructeur allemand offre une vari\u00e9t\u00e9 d\u2019accessoires con\u00e7us express\u00e9ment pour ses v\u00e9hicules dont, entre autres, une tente de toit avec laquelle des amoureux de la nature pourront faire de leur coup\u00e9 sport un g\u00eete accueillant\u00a0!<\/p>\n<p> Con\u00e7ue pour deux personnes, cette tente toutes saisons ne p\u00e8se que 58\u00a0kg et elle se range dans un coffret rigide de forme a\u00e9rodynamique. Con\u00e7u par le Centre de recherche et de d\u00e9veloppement de <a href=\"https:\/\/annuelauto.ca\/kiwi-zhou-lhomme-aux-900-porsche-miniatures\/\" target=\"_blank\" rel=\"noopener noreferrer\">Porsche<\/a>, \u00e0 Weissach, en collaboration avec le studio de design F.\u00a0A.\u00a0Porsche de Zell am See, en Autriche, ce coffret limite cependant la vitesse de pointe de la voiture \u00e0 130\u00a0km\/h.<\/p>\n<p> Orn\u00e9 d\u2019un monogramme \u00ab Porsche \u00bb noir mat sur chaque c\u00f4t\u00e9, ce coffret est propos\u00e9 en noir et gris\u00a0clair ou en noir et gris fonc\u00e9. \u00c0 l\u2019int\u00e9rieur, on d\u00e9couvre une toile faite de tissu de coton m\u00e9lang\u00e9 respirant. Elle a des fermetures \u00e9clair imperm\u00e9ables, une housse de pluie s\u00e9par\u00e9e pour l\u2019entr\u00e9e et une protection suppl\u00e9mentaire contre les intemp\u00e9ries.<br \/> <strong>Parfaite pour deux<\/strong><br \/> Une fois d\u00e9ploy\u00e9e, cette tente mesure 258\u00a0x\u00a0257\u00a0x\u00a0180\u00a0cm (longueur x largeur x hauteur) et sa surface utile \u00e0 l\u2019int\u00e9rieur fait 210 x 130\u00a0cm.<\/p>\n<p> L\u2019int\u00e9rieur se d\u00e9marque par une doublure surpiqu\u00e9e isolante dans les tons gris clair et un motif de montagne imprim\u00e9e \u00e0 la t\u00eate du lit. Ce motif surpiqu\u00e9 se r\u00e9p\u00e8te sur le matelas qui est fabriqu\u00e9 en mousse de polyur\u00e9thane de haute densit\u00e9.<\/p>\n<p> Deux fen\u00eatres lat\u00e9rales et une troisi\u00e8me appel\u00e9e Skyview,<\/p>\n","protected":false},"excerpt":{"rendered":"<p>Partir en camping avec un coup\u00e9 911, c\u2019est chose possible gr\u00e2ce \u00e0 Tequipment. Cette division du constructeur allemand offre une vari\u00e9t\u00e9 d\u2019accessoires con\u00e7us express\u00e9ment pour ses v\u00e9hicules dont, entre autres, une tente de toit avec laquelle des amoureux de la nature pourront faire de leur coup\u00e9 sport un g\u00eete accueillant\u00a0! Con\u00e7ue pour deux personnes, cette [&hellip;]<\/p>\n","protected":false},"author":8,"featured_media":43295,"comment_status":"close","ping_status":"closed","sticky":false,"template":"","format":"standard","meta":{"_monsterinsights_skip_tracking":false,"_monsterinsights_sitenote_active":false,"_monsterinsights_sitenote_note":"","_monsterinsights_sitenote_category":0,"footnotes":""},"categories":[101],"tags":[],"yoast_head":"<!-- This site is optimized with the Yoast SEO plugin v23.2 - https:\/\/yoast.com\/wordpress\/plugins\/seo\/ -->\n<title>Partir en camping avec sa\u2026 Porsche 911\u00a0? Et pourquoi pas\u00a0! - CanadaMotorJobs.com<\/title>\n<meta name=\"description\" content=\"Partir en camping avec sa\u2026 Porsche 911\u00a0? Et pourquoi pas\u00a0! - Benoit Charette - Annuel automobile - CanadaMotorJobs.com.\" \/>\n<meta name=\"robots\" content=\"index, follow, max-snippet:-1, max-image-preview:large, max-video-preview:-1\" \/>\n<meta property=\"og:locale\" content=\"fr_CA\" \/>\n<meta property=\"og:type\" content=\"article\" \/>\n<meta property=\"og:title\" content=\"Partir en camping avec sa\u2026 Porsche 911\u00a0? Et pourquoi pas\u00a0! - CanadaMotorJobs.com\" \/>\n<meta property=\"og:description\" content=\"Partir en camping avec sa\u2026 Porsche 911\u00a0? Et pourquoi pas\u00a0! - Benoit Charette - Annuel automobile - CanadaMotorJobs.com.\" \/>\n<meta property=\"og:url\" content=\"https:\/\/news.canadamotorjobs.com\/fr\/partir-en-camping-avec-sa-porsche-911-et-pourquoi-pas\/\" \/>\n<meta property=\"og:site_name\" content=\"CanadaMotorJobs.com\" \/>\n<meta property=\"article:publisher\" content=\"https:\/\/www.facebook.com\/canadamotorjobs\/\" \/>\n<meta property=\"article:published_time\" content=\"2022-09-08T18:43:20+00:00\" \/>\n<meta property=\"article:modified_time\" content=\"2022-09-08T18:59:06+00:00\" \/>\n<meta property=\"og:image\" content=\"https:\/\/news.canadamotorjobs.com\/wp-content\/uploads\/2022\/09\/Porsche-911-Tente-de-toit-Tequipment-4-1.jpg\" \/>\n\t<meta property=\"og:image:width\" content=\"1500\" \/>\n\t<meta property=\"og:image:height\" content=\"1000\" \/>\n\t<meta property=\"og:image:type\" content=\"image\/jpeg\" \/>\n<meta name=\"author\" content=\"Benoit Charette\" \/>\n<meta name=\"twitter:card\" content=\"summary_large_image\" \/>\n<meta name=\"twitter:creator\" content=\"@canadamotorjobs\" \/>\n<meta name=\"twitter:site\" content=\"@canadamotorjobs\" \/>\n<meta name=\"twitter:label1\" content=\"\u00c9crit par\" \/>\n\t<meta name=\"twitter:data1\" content=\"Benoit Charette\" \/>\n\t<meta name=\"twitter:label2\" content=\"Estimation du temps de lecture\" \/>\n\t<meta name=\"twitter:data2\" content=\"1 minute\" \/>\n<!-- \/ Yoast SEO plugin. -->","yoast_head_json":{"title":"Partir en camping avec sa\u2026 Porsche 911\u00a0? Et pourquoi pas\u00a0! - CanadaMotorJobs.com","description":"Partir en camping avec sa\u2026 Porsche 911\u00a0? Et pourquoi pas\u00a0! - Benoit Charette - Annuel automobile - CanadaMotorJobs.com.","robots":{"index":"index","follow":"follow","max-snippet":"max-snippet:-1","max-image-preview":"max-image-preview:large","max-video-preview":"max-video-preview:-1"},"og_locale":"fr_CA","og_type":"article","og_title":"Partir en camping avec sa\u2026 Porsche 911\u00a0? Et pourquoi pas\u00a0! - CanadaMotorJobs.com","og_description":"Partir en camping avec sa\u2026 Porsche 911\u00a0? Et pourquoi pas\u00a0! - Benoit Charette - Annuel automobile - CanadaMotorJobs.com.","og_url":"https:\/\/news.canadamotorjobs.com\/fr\/partir-en-camping-avec-sa-porsche-911-et-pourquoi-pas\/","og_site_name":"CanadaMotorJobs.com","article_publisher":"https:\/\/www.facebook.com\/canadamotorjobs\/","article_published_time":"2022-09-08T18:43:20+00:00","article_modified_time":"2022-09-08T18:59:06+00:00","og_image":[{"width":1500,"height":1000,"url":"https:\/\/news.canadamotorjobs.com\/wp-content\/uploads\/2022\/09\/Porsche-911-Tente-de-toit-Tequipment-4-1.jpg","type":"image\/jpeg"}],"author":"Benoit Charette","twitter_card":"summary_large_image","twitter_creator":"@canadamotorjobs","twitter_site":"@canadamotorjobs","twitter_misc":{"\u00c9crit par":"Benoit Charette","Estimation du temps de lecture":"1 minute"},"schema":{"@context":"https:\/\/schema.org","@graph":[{"@type":"Article","@id":"https:\/\/news.canadamotorjobs.com\/fr\/partir-en-camping-avec-sa-porsche-911-et-pourquoi-pas\/#article","isPartOf":{"@id":"https:\/\/news.canadamotorjobs.com\/fr\/partir-en-camping-avec-sa-porsche-911-et-pourquoi-pas\/"},"author":{"name":"Benoit Charette","@id":"https:\/\/news.canadamotorjobs.com\/#\/schema\/person\/51793d1f87d44011d7bcc2ed99269a90"},"headline":"Partir en camping avec sa\u2026 Porsche 911\u00a0? Et pourquoi pas\u00a0!","datePublished":"2022-09-08T18:43:20+00:00","dateModified":"2022-09-08T18:59:06+00:00","mainEntityOfPage":{"@id":"https:\/\/news.canadamotorjobs.com\/fr\/partir-en-camping-avec-sa-porsche-911-et-pourquoi-pas\/"},"wordCount":294,"publisher":{"@id":"https:\/\/news.canadamotorjobs.com\/#organization"},"image":{"@id":"https:\/\/news.canadamotorjobs.com\/fr\/partir-en-camping-avec-sa-porsche-911-et-pourquoi-pas\/#primaryimage"},"thumbnailUrl":"https:\/\/news.canadamotorjobs.com\/wp-content\/uploads\/2022\/09\/Porsche-911-Tente-de-toit-Tequipment-4-1.jpg","articleSection":["Annuel automobile"],"inLanguage":"fr-CA"},{"@type":"WebPage","@id":"https:\/\/news.canadamotorjobs.com\/fr\/partir-en-camping-avec-sa-porsche-911-et-pourquoi-pas\/","url":"https:\/\/news.canadamotorjobs.com\/fr\/partir-en-camping-avec-sa-porsche-911-et-pourquoi-pas\/","name":"Partir en camping avec sa\u2026 Porsche 911\u00a0? Et pourquoi pas\u00a0! - CanadaMotorJobs.com","isPartOf":{"@id":"https:\/\/news.canadamotorjobs.com\/#website"},"primaryImageOfPage":{"@id":"https:\/\/news.canadamotorjobs.com\/fr\/partir-en-camping-avec-sa-porsche-911-et-pourquoi-pas\/#primaryimage"},"image":{"@id":"https:\/\/news.canadamotorjobs.com\/fr\/partir-en-camping-avec-sa-porsche-911-et-pourquoi-pas\/#primaryimage"},"thumbnailUrl":"https:\/\/news.canadamotorjobs.com\/wp-content\/uploads\/2022\/09\/Porsche-911-Tente-de-toit-Tequipment-4-1.jpg","datePublished":"2022-09-08T18:43:20+00:00","dateModified":"2022-09-08T18:59:06+00:00","description":"Partir en camping avec sa\u2026 Porsche 911\u00a0? Et pourquoi pas\u00a0! - Benoit Charette - Annuel automobile - CanadaMotorJobs.com.","breadcrumb":{"@id":"https:\/\/news.canadamotorjobs.com\/fr\/partir-en-camping-avec-sa-porsche-911-et-pourquoi-pas\/#breadcrumb"},"inLanguage":"fr-CA","potentialAction":[{"@type":"ReadAction","target":["https:\/\/news.canadamotorjobs.com\/fr\/partir-en-camping-avec-sa-porsche-911-et-pourquoi-pas\/"]}]},{"@type":"ImageObject","inLanguage":"fr-CA","@id":"https:\/\/news.canadamotorjobs.com\/fr\/partir-en-camping-avec-sa-porsche-911-et-pourquoi-pas\/#primaryimage","url":"https:\/\/news.canadamotorjobs.com\/wp-content\/uploads\/2022\/09\/Porsche-911-Tente-de-toit-Tequipment-4-1.jpg","contentUrl":"https:\/\/news.canadamotorjobs.com\/wp-content\/uploads\/2022\/09\/Porsche-911-Tente-de-toit-Tequipment-4-1.jpg","width":1500,"height":1000},{"@type":"BreadcrumbList","@id":"https:\/\/news.canadamotorjobs.com\/fr\/partir-en-camping-avec-sa-porsche-911-et-pourquoi-pas\/#breadcrumb","itemListElement":[{"@type":"ListItem","position":1,"name":"Home","item":"https:\/\/news.canadamotorjobs.com\/fr\/blog\/"},{"@type":"ListItem","position":2,"name":"Partir en camping avec sa\u2026 Porsche 911\u00a0? Et pourquoi pas\u00a0!"}]},{"@type":"WebSite","@id":"https:\/\/news.canadamotorjobs.com\/#website","url":"https:\/\/news.canadamotorjobs.com\/","name":"CanadaMotorJobs.com","description":"Automotive Jobs","publisher":{"@id":"https:\/\/news.canadamotorjobs.com\/#organization"},"potentialAction":[{"@type":"SearchAction","target":{"@type":"EntryPoint","urlTemplate":"https:\/\/news.canadamotorjobs.com\/?s={search_term_string}"},"query-input":"required name=search_term_string"}],"inLanguage":"fr-CA"},{"@type":"Organization","@id":"https:\/\/news.canadamotorjobs.com\/#organization","name":"Canada Motor Jobs","url":"https:\/\/news.canadamotorjobs.com\/","logo":{"@type":"ImageObject","inLanguage":"fr-CA","@id":"https:\/\/news.canadamotorjobs.com\/#\/schema\/logo\/image\/","url":"https:\/\/news.canadamotorjobs.com\/wp-content\/uploads\/2022\/10\/logo-canada-motor-jobs-1.png","contentUrl":"https:\/\/news.canadamotorjobs.com\/wp-content\/uploads\/2022\/10\/logo-canada-motor-jobs-1.png","width":800,"height":400,"caption":"Canada Motor Jobs"},"image":{"@id":"https:\/\/news.canadamotorjobs.com\/#\/schema\/logo\/image\/"},"sameAs":["https:\/\/www.facebook.com\/canadamotorjobs\/","https:\/\/x.com\/canadamotorjobs","https:\/\/www.instagram.com\/canadamotorjobs\/","https:\/\/www.linkedin.com\/company\/canadamotorjobs"]},{"@type":"Person","@id":"https:\/\/news.canadamotorjobs.com\/#\/schema\/person\/51793d1f87d44011d7bcc2ed99269a90","name":"Benoit Charette","image":{"@type":"ImageObject","inLanguage":"fr-CA","@id":"https:\/\/news.canadamotorjobs.com\/#\/schema\/person\/image\/","url":"https:\/\/secure.gravatar.com\/avatar\/45f3d2eebcccd909668d7ce7ea7267b6?s=96&d=mm&r=g","contentUrl":"https:\/\/secure.gravatar.com\/avatar\/45f3d2eebcccd909668d7ce7ea7267b6?s=96&d=mm&r=g","caption":"Benoit Charette"},"description":"Benoit Charette \/ Propri\u00e9taire et r\u00e9dacteur en chef Benoit Charette pratique le journalisme automobile depuis bient\u00f4t 30 ans. Il a fait ses classes au c\u00f4t\u00e9 de Daniel H\u00e9raud et au Carnet de route de 1992 \u00e0 2001. Il est fondateur, copropri\u00e9taire et r\u00e9dacteur en chef de L\u2019Annuel de l\u2019automobile, qu\u2019il publie depuis 2001. Il a anim\u00e9 les \u00e9missions RPM et RPM+ sur V et les L\u00e9gendes de la route sur Historia. \u00c0 la radio depuis 1986, il reprend l\u2019antenne cette ann\u00e9e sur les ondes de Cogeco et participe pour la deuxi\u00e8me ann\u00e9e \u00e0 l\u2019\u00e9mission Passion Auto sur RDS en plus de mettre en ligne le site Web officiel de L\u2019Annuel de l\u2019automobile sur annuelauto.ca.","sameAs":["https:\/\/annuelauto.ca\/"],"url":"https:\/\/news.canadamotorjobs.com\/fr\/author\/benoit-charette\/"}]}},"_links":{"self":[{"href":"https:\/\/news.canadamotorjobs.com\/fr\/wp-json\/wp\/v2\/posts\/43291"}],"collection":[{"href":"https:\/\/news.canadamotorjobs.com\/fr\/wp-json\/wp\/v2\/posts"}],"about":[{"href":"https:\/\/news.canadamotorjobs.com\/fr\/wp-json\/wp\/v2\/types\/post"}],"author":[{"embeddable":true,"href":"https:\/\/news.canadamotorjobs.com\/fr\/wp-json\/wp\/v2\/users\/8"}],"replies":[{"embeddable":true,"href":"https:\/\/news.canadamotorjobs.com\/fr\/wp-json\/wp\/v2\/comments?post=43291"}],"version-history":[{"count":0,"href":"https:\/\/news.canadamotorjobs.com\/fr\/wp-json\/wp\/v2\/posts\/43291\/revisions"}],"wp:featuredmedia":[{"embeddable":true,"href":"https:\/\/news.canadamotorjobs.com\/fr\/wp-json\/wp\/v2\/media\/43295"}],"wp:attachment":[{"href":"https:\/\/news.canadamotorjobs.com\/fr\/wp-json\/wp\/v2\/media?parent=43291"}],"wp:term":[{"taxonomy":"category","embeddable":true,"href":"https:\/\/news.canadamotorjobs.com\/fr\/wp-json\/wp\/v2\/categories?post=43291"},{"taxonomy":"post_tag","embeddable":true,"href":"https:\/\/news.canadamotorjobs.com\/fr\/wp-json\/wp\/v2\/tags?post=43291"}],"curies":[{"name":"wp","href":"https:\/\/api.w.org\/{rel}","templated":true}]}}