{"id":43283,"date":"2022-09-08T10:12:38","date_gmt":"2022-09-08T14:12:38","guid":{"rendered":"https:\/\/blog.canadamotorjobs.com\/un-chevrolet-equinox-electrique-a-35-000\/"},"modified":"2022-09-08T10:15:16","modified_gmt":"2022-09-08T14:15:16","slug":"un-chevrolet-equinox-electrique-a-35-000","status":"publish","type":"post","link":"https:\/\/news.canadamotorjobs.com\/fr\/un-chevrolet-equinox-electrique-a-35-000\/","title":{"rendered":"Un Chevrolet Equinox \u00e9lectrique \u00e0 35\u00a0000$"},"content":{"rendered":"<\/p>\n<p>Chevrolet mise sur l\u2019accessibilit\u00e9 avec son prochain v\u00e9hicule \u00e9lectrique. L\u2019\u00e9l\u00e9gant nouveau Equinox \u00e9lectrique sera offert \u00e0 partir de 35\u00a0000$ et va offrir 480\u00a0km d\u2019autonomie. Il devient le plus abordable VUS \u00e9lectrique sur le march\u00e9.<br \/> Technologie Ultium<br \/> La batterie issue de la technologie Ultium offre une puissance estim\u00e9e \u00e0 210 chevaux et un couple de 242\u00a0lb-pi\u00a0 pour les mod\u00e8les de base avec roues motrices \u00e0 l\u2019avant. Un syst\u00e8me eAWD de 290 chevaux et un couple de 346\u00a0lb-pi est offert en option. La conduite \u00e0 une p\u00e9dale est de s\u00e9rie et permet \u00e0 l&#8217;Equinox EV d&#8217;acc\u00e9l\u00e9rer et de ralentir jusqu&#8217;\u00e0 un arr\u00eat complet, en utilisant uniquement l&#8217;acc\u00e9l\u00e9rateur. Il est associ\u00e9 au freinage r\u00e9g\u00e9n\u00e9ratif, qui peut convertir l&#8217;\u00e9nergie cin\u00e9tique de l&#8217;\u00e9lan du v\u00e9hicule en \u00e9lectricit\u00e9 stock\u00e9e dans la batterie pour maximiser l&#8217;autonomie. L&#8217;Equinox EV int\u00e8gre \u00e9galement les derni\u00e8res technologies de charge. Vous avez une charge standard de niveau\u00a02 (AC) de 11,5\u00a0kW7, qui peut ajouter jusqu&#8217;\u00e0 54\u00a0km d&#8217;autonomie par heure de charge, selon les estimations de GM.\u00a0 La charge de niveau\u00a02 (CA) de 19,2\u00a0kW est disponible sur les mod\u00e8les 3RS eAWD, ce qui permet d&#8217;ajouter environ 82\u00a0km d&#8217;autonomie en 1\u00a0heure de charge, selon les estimations de GM.\u00a0 Vous avez aussi une capacit\u00e9 de charge rapide jusqu&#8217;\u00e0 150\u00a0kW, ce qui permet d&#8217;ajouter environ 112\u00a0km d&#8217;autonomie en 10 minutes. De plus, GM couvre la batterie de l&#8217;Equinox EV avec une garantie limit\u00e9e de 8 ans\/160 000 km, en plus de la couverture pare-chocs \u00e0 pare-chocs standard du v\u00e9hicule pour une plus grande tranquillit\u00e9 d&#8217;esprit.<br \/> Grille d\u2019autonomie<\/p>\n","protected":false},"excerpt":{"rendered":"<p>Chevrolet mise sur l\u2019accessibilit\u00e9 avec son prochain v\u00e9hicule \u00e9lectrique. L\u2019\u00e9l\u00e9gant nouveau Equinox \u00e9lectrique sera offert \u00e0 partir de 35\u00a0000$ et va offrir 480\u00a0km d\u2019autonomie. Il devient le plus abordable VUS \u00e9lectrique sur le march\u00e9. Technologie Ultium La batterie issue de la technologie Ultium offre une puissance estim\u00e9e \u00e0 210 chevaux et un couple de 242\u00a0lb-pi\u00a0 [&hellip;]<\/p>\n","protected":false},"author":8,"featured_media":43287,"comment_status":"close","ping_status":"closed","sticky":false,"template":"","format":"standard","meta":{"_monsterinsights_skip_tracking":false,"_monsterinsights_sitenote_active":false,"_monsterinsights_sitenote_note":"","_monsterinsights_sitenote_category":0,"footnotes":""},"categories":[101],"tags":[],"yoast_head":"<!-- This site is optimized with the Yoast SEO plugin v23.2 - https:\/\/yoast.com\/wordpress\/plugins\/seo\/ -->\n<title>Un Chevrolet Equinox \u00e9lectrique \u00e0 35\u00a0000$ - CanadaMotorJobs.com<\/title>\n<meta name=\"description\" content=\"Un Chevrolet Equinox \u00e9lectrique \u00e0 35\u00a0000$ - Benoit Charette - Annuel automobile - CanadaMotorJobs.com.\" \/>\n<meta name=\"robots\" content=\"index, follow, max-snippet:-1, max-image-preview:large, max-video-preview:-1\" \/>\n<meta property=\"og:locale\" content=\"fr_CA\" \/>\n<meta property=\"og:type\" content=\"article\" \/>\n<meta property=\"og:title\" content=\"Un Chevrolet Equinox \u00e9lectrique \u00e0 35\u00a0000$ - CanadaMotorJobs.com\" \/>\n<meta property=\"og:description\" content=\"Un Chevrolet Equinox \u00e9lectrique \u00e0 35\u00a0000$ - Benoit Charette - Annuel automobile - CanadaMotorJobs.com.\" \/>\n<meta property=\"og:url\" content=\"https:\/\/news.canadamotorjobs.com\/fr\/un-chevrolet-equinox-electrique-a-35-000\/\" \/>\n<meta property=\"og:site_name\" content=\"CanadaMotorJobs.com\" \/>\n<meta property=\"article:publisher\" content=\"https:\/\/www.facebook.com\/canadamotorjobs\/\" \/>\n<meta property=\"article:published_time\" content=\"2022-09-08T14:12:38+00:00\" \/>\n<meta property=\"article:modified_time\" content=\"2022-09-08T14:15:16+00:00\" \/>\n<meta property=\"og:image\" content=\"https:\/\/news.canadamotorjobs.com\/wp-content\/uploads\/2022\/09\/MY24_Chevy_EquinoxEV_3RS-1.jpg\" \/>\n\t<meta property=\"og:image:width\" content=\"1499\" \/>\n\t<meta property=\"og:image:height\" content=\"1000\" \/>\n\t<meta property=\"og:image:type\" content=\"image\/jpeg\" \/>\n<meta name=\"author\" content=\"Benoit Charette\" \/>\n<meta name=\"twitter:card\" content=\"summary_large_image\" \/>\n<meta name=\"twitter:creator\" content=\"@canadamotorjobs\" \/>\n<meta name=\"twitter:site\" content=\"@canadamotorjobs\" \/>\n<meta name=\"twitter:label1\" content=\"\u00c9crit par\" \/>\n\t<meta name=\"twitter:data1\" content=\"Benoit Charette\" \/>\n\t<meta name=\"twitter:label2\" content=\"Estimation du temps de lecture\" \/>\n\t<meta name=\"twitter:data2\" content=\"1 minute\" \/>\n<!-- \/ Yoast SEO plugin. -->","yoast_head_json":{"title":"Un Chevrolet Equinox \u00e9lectrique \u00e0 35\u00a0000$ - CanadaMotorJobs.com","description":"Un Chevrolet Equinox \u00e9lectrique \u00e0 35\u00a0000$ - Benoit Charette - Annuel automobile - CanadaMotorJobs.com.","robots":{"index":"index","follow":"follow","max-snippet":"max-snippet:-1","max-image-preview":"max-image-preview:large","max-video-preview":"max-video-preview:-1"},"og_locale":"fr_CA","og_type":"article","og_title":"Un Chevrolet Equinox \u00e9lectrique \u00e0 35\u00a0000$ - CanadaMotorJobs.com","og_description":"Un Chevrolet Equinox \u00e9lectrique \u00e0 35\u00a0000$ - Benoit Charette - Annuel automobile - CanadaMotorJobs.com.","og_url":"https:\/\/news.canadamotorjobs.com\/fr\/un-chevrolet-equinox-electrique-a-35-000\/","og_site_name":"CanadaMotorJobs.com","article_publisher":"https:\/\/www.facebook.com\/canadamotorjobs\/","article_published_time":"2022-09-08T14:12:38+00:00","article_modified_time":"2022-09-08T14:15:16+00:00","og_image":[{"width":1499,"height":1000,"url":"https:\/\/news.canadamotorjobs.com\/wp-content\/uploads\/2022\/09\/MY24_Chevy_EquinoxEV_3RS-1.jpg","type":"image\/jpeg"}],"author":"Benoit Charette","twitter_card":"summary_large_image","twitter_creator":"@canadamotorjobs","twitter_site":"@canadamotorjobs","twitter_misc":{"\u00c9crit par":"Benoit Charette","Estimation du temps de lecture":"1 minute"},"schema":{"@context":"https:\/\/schema.org","@graph":[{"@type":"Article","@id":"https:\/\/news.canadamotorjobs.com\/fr\/un-chevrolet-equinox-electrique-a-35-000\/#article","isPartOf":{"@id":"https:\/\/news.canadamotorjobs.com\/fr\/un-chevrolet-equinox-electrique-a-35-000\/"},"author":{"name":"Benoit Charette","@id":"https:\/\/news.canadamotorjobs.com\/#\/schema\/person\/51793d1f87d44011d7bcc2ed99269a90"},"headline":"Un Chevrolet Equinox \u00e9lectrique \u00e0 35\u00a0000$","datePublished":"2022-09-08T14:12:38+00:00","dateModified":"2022-09-08T14:15:16+00:00","mainEntityOfPage":{"@id":"https:\/\/news.canadamotorjobs.com\/fr\/un-chevrolet-equinox-electrique-a-35-000\/"},"wordCount":284,"publisher":{"@id":"https:\/\/news.canadamotorjobs.com\/#organization"},"image":{"@id":"https:\/\/news.canadamotorjobs.com\/fr\/un-chevrolet-equinox-electrique-a-35-000\/#primaryimage"},"thumbnailUrl":"https:\/\/news.canadamotorjobs.com\/wp-content\/uploads\/2022\/09\/MY24_Chevy_EquinoxEV_3RS-1.jpg","articleSection":["Annuel automobile"],"inLanguage":"fr-CA"},{"@type":"WebPage","@id":"https:\/\/news.canadamotorjobs.com\/fr\/un-chevrolet-equinox-electrique-a-35-000\/","url":"https:\/\/news.canadamotorjobs.com\/fr\/un-chevrolet-equinox-electrique-a-35-000\/","name":"Un Chevrolet Equinox \u00e9lectrique \u00e0 35\u00a0000$ - CanadaMotorJobs.com","isPartOf":{"@id":"https:\/\/news.canadamotorjobs.com\/#website"},"primaryImageOfPage":{"@id":"https:\/\/news.canadamotorjobs.com\/fr\/un-chevrolet-equinox-electrique-a-35-000\/#primaryimage"},"image":{"@id":"https:\/\/news.canadamotorjobs.com\/fr\/un-chevrolet-equinox-electrique-a-35-000\/#primaryimage"},"thumbnailUrl":"https:\/\/news.canadamotorjobs.com\/wp-content\/uploads\/2022\/09\/MY24_Chevy_EquinoxEV_3RS-1.jpg","datePublished":"2022-09-08T14:12:38+00:00","dateModified":"2022-09-08T14:15:16+00:00","description":"Un Chevrolet Equinox \u00e9lectrique \u00e0 35\u00a0000$ - Benoit Charette - Annuel automobile - CanadaMotorJobs.com.","breadcrumb":{"@id":"https:\/\/news.canadamotorjobs.com\/fr\/un-chevrolet-equinox-electrique-a-35-000\/#breadcrumb"},"inLanguage":"fr-CA","potentialAction":[{"@type":"ReadAction","target":["https:\/\/news.canadamotorjobs.com\/fr\/un-chevrolet-equinox-electrique-a-35-000\/"]}]},{"@type":"ImageObject","inLanguage":"fr-CA","@id":"https:\/\/news.canadamotorjobs.com\/fr\/un-chevrolet-equinox-electrique-a-35-000\/#primaryimage","url":"https:\/\/news.canadamotorjobs.com\/wp-content\/uploads\/2022\/09\/MY24_Chevy_EquinoxEV_3RS-1.jpg","contentUrl":"https:\/\/news.canadamotorjobs.com\/wp-content\/uploads\/2022\/09\/MY24_Chevy_EquinoxEV_3RS-1.jpg","width":1499,"height":1000},{"@type":"BreadcrumbList","@id":"https:\/\/news.canadamotorjobs.com\/fr\/un-chevrolet-equinox-electrique-a-35-000\/#breadcrumb","itemListElement":[{"@type":"ListItem","position":1,"name":"Home","item":"https:\/\/news.canadamotorjobs.com\/fr\/blog\/"},{"@type":"ListItem","position":2,"name":"Un Chevrolet Equinox \u00e9lectrique \u00e0 35\u00a0000$"}]},{"@type":"WebSite","@id":"https:\/\/news.canadamotorjobs.com\/#website","url":"https:\/\/news.canadamotorjobs.com\/","name":"CanadaMotorJobs.com","description":"Automotive Jobs","publisher":{"@id":"https:\/\/news.canadamotorjobs.com\/#organization"},"potentialAction":[{"@type":"SearchAction","target":{"@type":"EntryPoint","urlTemplate":"https:\/\/news.canadamotorjobs.com\/?s={search_term_string}"},"query-input":"required name=search_term_string"}],"inLanguage":"fr-CA"},{"@type":"Organization","@id":"https:\/\/news.canadamotorjobs.com\/#organization","name":"Canada Motor Jobs","url":"https:\/\/news.canadamotorjobs.com\/","logo":{"@type":"ImageObject","inLanguage":"fr-CA","@id":"https:\/\/news.canadamotorjobs.com\/#\/schema\/logo\/image\/","url":"https:\/\/news.canadamotorjobs.com\/wp-content\/uploads\/2022\/10\/logo-canada-motor-jobs-1.png","contentUrl":"https:\/\/news.canadamotorjobs.com\/wp-content\/uploads\/2022\/10\/logo-canada-motor-jobs-1.png","width":800,"height":400,"caption":"Canada Motor Jobs"},"image":{"@id":"https:\/\/news.canadamotorjobs.com\/#\/schema\/logo\/image\/"},"sameAs":["https:\/\/www.facebook.com\/canadamotorjobs\/","https:\/\/x.com\/canadamotorjobs","https:\/\/www.instagram.com\/canadamotorjobs\/","https:\/\/www.linkedin.com\/company\/canadamotorjobs"]},{"@type":"Person","@id":"https:\/\/news.canadamotorjobs.com\/#\/schema\/person\/51793d1f87d44011d7bcc2ed99269a90","name":"Benoit Charette","image":{"@type":"ImageObject","inLanguage":"fr-CA","@id":"https:\/\/news.canadamotorjobs.com\/#\/schema\/person\/image\/","url":"https:\/\/secure.gravatar.com\/avatar\/45f3d2eebcccd909668d7ce7ea7267b6?s=96&d=mm&r=g","contentUrl":"https:\/\/secure.gravatar.com\/avatar\/45f3d2eebcccd909668d7ce7ea7267b6?s=96&d=mm&r=g","caption":"Benoit Charette"},"description":"Benoit Charette \/ Propri\u00e9taire et r\u00e9dacteur en chef Benoit Charette pratique le journalisme automobile depuis bient\u00f4t 30 ans. Il a fait ses classes au c\u00f4t\u00e9 de Daniel H\u00e9raud et au Carnet de route de 1992 \u00e0 2001. Il est fondateur, copropri\u00e9taire et r\u00e9dacteur en chef de L\u2019Annuel de l\u2019automobile, qu\u2019il publie depuis 2001. Il a anim\u00e9 les \u00e9missions RPM et RPM+ sur V et les L\u00e9gendes de la route sur Historia. \u00c0 la radio depuis 1986, il reprend l\u2019antenne cette ann\u00e9e sur les ondes de Cogeco et participe pour la deuxi\u00e8me ann\u00e9e \u00e0 l\u2019\u00e9mission Passion Auto sur RDS en plus de mettre en ligne le site Web officiel de L\u2019Annuel de l\u2019automobile sur annuelauto.ca.","sameAs":["https:\/\/annuelauto.ca\/"],"url":"https:\/\/news.canadamotorjobs.com\/fr\/author\/benoit-charette\/"}]}},"_links":{"self":[{"href":"https:\/\/news.canadamotorjobs.com\/fr\/wp-json\/wp\/v2\/posts\/43283"}],"collection":[{"href":"https:\/\/news.canadamotorjobs.com\/fr\/wp-json\/wp\/v2\/posts"}],"about":[{"href":"https:\/\/news.canadamotorjobs.com\/fr\/wp-json\/wp\/v2\/types\/post"}],"author":[{"embeddable":true,"href":"https:\/\/news.canadamotorjobs.com\/fr\/wp-json\/wp\/v2\/users\/8"}],"replies":[{"embeddable":true,"href":"https:\/\/news.canadamotorjobs.com\/fr\/wp-json\/wp\/v2\/comments?post=43283"}],"version-history":[{"count":0,"href":"https:\/\/news.canadamotorjobs.com\/fr\/wp-json\/wp\/v2\/posts\/43283\/revisions"}],"wp:featuredmedia":[{"embeddable":true,"href":"https:\/\/news.canadamotorjobs.com\/fr\/wp-json\/wp\/v2\/media\/43287"}],"wp:attachment":[{"href":"https:\/\/news.canadamotorjobs.com\/fr\/wp-json\/wp\/v2\/media?parent=43283"}],"wp:term":[{"taxonomy":"category","embeddable":true,"href":"https:\/\/news.canadamotorjobs.com\/fr\/wp-json\/wp\/v2\/categories?post=43283"},{"taxonomy":"post_tag","embeddable":true,"href":"https:\/\/news.canadamotorjobs.com\/fr\/wp-json\/wp\/v2\/tags?post=43283"}],"curies":[{"name":"wp","href":"https:\/\/api.w.org\/{rel}","templated":true}]}}