{"id":43275,"date":"2022-09-08T09:13:11","date_gmt":"2022-09-08T13:13:11","guid":{"rendered":"https:\/\/blog.canadamotorjobs.com\/jeep-devoile-son-offensive-electrique\/"},"modified":"2022-09-08T09:14:41","modified_gmt":"2022-09-08T13:14:41","slug":"jeep-devoile-son-offensive-electrique","status":"publish","type":"post","link":"https:\/\/news.canadamotorjobs.com\/fr\/jeep-devoile-son-offensive-electrique\/","title":{"rendered":"Jeep d\u00e9voile son offensive \u00e9lectrique"},"content":{"rendered":"<\/p>\n<p> \u00a0La marque lancera quatre VUS enti\u00e8rement \u00e9lectriques en Am\u00e9rique du Nord et en Europe d&#8217;ici 2025.<br \/> \u00a0Les mod\u00e8les \u00e9lectrifi\u00e9s seront propos\u00e9s sur l&#8217;ensemble du portefeuille am\u00e9ricain, y compris les v\u00e9hicules Wagoneer 4xe<br \/> \u00a050 % des ventes aux \u00c9tats-Unis et 100 % des ventes en Europe seront des v\u00e9hicules \u00e9lectriques \u00e0 batterie (BEV) d&#8217;ici 2030.<\/p>\n<p> La marque Jeep a annonc\u00e9 aujourd&#8217;hui un plan complet pour sa prochaine g\u00e9n\u00e9ration de v\u00e9hicules 4xe enti\u00e8rement \u00e9lectriques.<br \/> Le Jeep Recon<br \/> Un mod\u00e8le 100\u00a0% \u00e9lectrique avec de v\u00e9ritables aptitudes pour les sentiers et le syst\u00e8me de gestion de la traction Jeep Selec-Terrain, la technologie d&#8217;essieu e-locker, la protection sous la carrosserie, les crochets de remorquage et les pneus tout-terrain agressifs. \u00c0 l\u2019int\u00e9rieur, le syst\u00e8me Uconnect de derni\u00e8re g\u00e9n\u00e9ration, comprenant des guides de voyage d\u00e9taill\u00e9s des sentiers tout-terrain les plus remarquables. La production d\u00e9butera en 2024 en Am\u00e9rique du Nord. Les clients nord-am\u00e9ricains pourront faire une r\u00e9servation au d\u00e9but de 2023. La Jeep Recon sera vendue sur les principaux march\u00e9s du monde, y compris en Europe.<br \/> Un Wagoneer \u00e9lectrique<br \/> La famille Wagoneer est \u00e9galement appel\u00e9e \u00e0 s&#8217;agrandir avec un tout nouveau mod\u00e8le \u00e9lectrique. Sous le nom de code Wagoneer S et des capacit\u00e9s 4&#215;4 de s\u00e9rie va proposer une autonomie de 643\u00a0km sur une seule charge, une puissance de 600\u00a0ch et un temps de 0 \u00e0 100\u00a0mph d&#8217;environ 3,5 secondes.\u00a0 Avec un design ext\u00e9rieur marqu\u00e9 par une calandre \u00e0 diodes \u00e9lectroluminescentes, ce VUS est guid\u00e9 par l&#8217;efficacit\u00e9 a\u00e9rodynamique, combin\u00e9e \u00e0 la vue lat\u00e9rale de l&#8217;embl\u00e9matique<\/p>\n","protected":false},"excerpt":{"rendered":"<p>\u00a0La marque lancera quatre VUS enti\u00e8rement \u00e9lectriques en Am\u00e9rique du Nord et en Europe d&#8217;ici 2025. \u00a0Les mod\u00e8les \u00e9lectrifi\u00e9s seront propos\u00e9s sur l&#8217;ensemble du portefeuille am\u00e9ricain, y compris les v\u00e9hicules Wagoneer 4xe \u00a050 % des ventes aux \u00c9tats-Unis et 100 % des ventes en Europe seront des v\u00e9hicules \u00e9lectriques \u00e0 batterie (BEV) d&#8217;ici 2030. La [&hellip;]<\/p>\n","protected":false},"author":8,"featured_media":43279,"comment_status":"close","ping_status":"closed","sticky":false,"template":"","format":"standard","meta":{"_monsterinsights_skip_tracking":false,"_monsterinsights_sitenote_active":false,"_monsterinsights_sitenote_note":"","_monsterinsights_sitenote_category":0,"footnotes":""},"categories":[101],"tags":[],"yoast_head":"<!-- This site is optimized with the Yoast SEO plugin v23.2 - https:\/\/yoast.com\/wordpress\/plugins\/seo\/ -->\n<title>Jeep d\u00e9voile son offensive \u00e9lectrique - CanadaMotorJobs.com<\/title>\n<meta name=\"description\" content=\"Jeep d\u00e9voile son offensive \u00e9lectrique - Benoit Charette - Annuel automobile - CanadaMotorJobs.com.\" \/>\n<meta name=\"robots\" content=\"index, follow, max-snippet:-1, max-image-preview:large, max-video-preview:-1\" \/>\n<meta property=\"og:locale\" content=\"fr_CA\" \/>\n<meta property=\"og:type\" content=\"article\" \/>\n<meta property=\"og:title\" content=\"Jeep d\u00e9voile son offensive \u00e9lectrique - CanadaMotorJobs.com\" \/>\n<meta property=\"og:description\" content=\"Jeep d\u00e9voile son offensive \u00e9lectrique - Benoit Charette - Annuel automobile - CanadaMotorJobs.com.\" \/>\n<meta property=\"og:url\" content=\"https:\/\/news.canadamotorjobs.com\/fr\/jeep-devoile-son-offensive-electrique\/\" \/>\n<meta property=\"og:site_name\" content=\"CanadaMotorJobs.com\" \/>\n<meta property=\"article:publisher\" content=\"https:\/\/www.facebook.com\/canadamotorjobs\/\" \/>\n<meta property=\"article:published_time\" content=\"2022-09-08T13:13:11+00:00\" \/>\n<meta property=\"article:modified_time\" content=\"2022-09-08T13:14:41+00:00\" \/>\n<meta property=\"og:image\" content=\"https:\/\/news.canadamotorjobs.com\/wp-content\/uploads\/2022\/09\/Jeep\u00ae-Recon-scaled-1-1.jpg\" \/>\n\t<meta property=\"og:image:width\" content=\"2560\" \/>\n\t<meta property=\"og:image:height\" content=\"1676\" \/>\n\t<meta property=\"og:image:type\" content=\"image\/jpeg\" \/>\n<meta name=\"author\" content=\"Benoit Charette\" \/>\n<meta name=\"twitter:card\" content=\"summary_large_image\" \/>\n<meta name=\"twitter:creator\" content=\"@canadamotorjobs\" \/>\n<meta name=\"twitter:site\" content=\"@canadamotorjobs\" \/>\n<meta name=\"twitter:label1\" content=\"\u00c9crit par\" \/>\n\t<meta name=\"twitter:data1\" content=\"Benoit Charette\" \/>\n\t<meta name=\"twitter:label2\" content=\"Estimation du temps de lecture\" \/>\n\t<meta name=\"twitter:data2\" content=\"1 minute\" \/>\n<!-- \/ Yoast SEO plugin. -->","yoast_head_json":{"title":"Jeep d\u00e9voile son offensive \u00e9lectrique - CanadaMotorJobs.com","description":"Jeep d\u00e9voile son offensive \u00e9lectrique - Benoit Charette - Annuel automobile - CanadaMotorJobs.com.","robots":{"index":"index","follow":"follow","max-snippet":"max-snippet:-1","max-image-preview":"max-image-preview:large","max-video-preview":"max-video-preview:-1"},"og_locale":"fr_CA","og_type":"article","og_title":"Jeep d\u00e9voile son offensive \u00e9lectrique - CanadaMotorJobs.com","og_description":"Jeep d\u00e9voile son offensive \u00e9lectrique - Benoit Charette - Annuel automobile - CanadaMotorJobs.com.","og_url":"https:\/\/news.canadamotorjobs.com\/fr\/jeep-devoile-son-offensive-electrique\/","og_site_name":"CanadaMotorJobs.com","article_publisher":"https:\/\/www.facebook.com\/canadamotorjobs\/","article_published_time":"2022-09-08T13:13:11+00:00","article_modified_time":"2022-09-08T13:14:41+00:00","og_image":[{"width":2560,"height":1676,"url":"https:\/\/news.canadamotorjobs.com\/wp-content\/uploads\/2022\/09\/Jeep\u00ae-Recon-scaled-1-1.jpg","type":"image\/jpeg"}],"author":"Benoit Charette","twitter_card":"summary_large_image","twitter_creator":"@canadamotorjobs","twitter_site":"@canadamotorjobs","twitter_misc":{"\u00c9crit par":"Benoit Charette","Estimation du temps de lecture":"1 minute"},"schema":{"@context":"https:\/\/schema.org","@graph":[{"@type":"Article","@id":"https:\/\/news.canadamotorjobs.com\/fr\/jeep-devoile-son-offensive-electrique\/#article","isPartOf":{"@id":"https:\/\/news.canadamotorjobs.com\/fr\/jeep-devoile-son-offensive-electrique\/"},"author":{"name":"Benoit Charette","@id":"https:\/\/news.canadamotorjobs.com\/#\/schema\/person\/51793d1f87d44011d7bcc2ed99269a90"},"headline":"Jeep d\u00e9voile son offensive \u00e9lectrique","datePublished":"2022-09-08T13:13:11+00:00","dateModified":"2022-09-08T13:14:41+00:00","mainEntityOfPage":{"@id":"https:\/\/news.canadamotorjobs.com\/fr\/jeep-devoile-son-offensive-electrique\/"},"wordCount":284,"publisher":{"@id":"https:\/\/news.canadamotorjobs.com\/#organization"},"image":{"@id":"https:\/\/news.canadamotorjobs.com\/fr\/jeep-devoile-son-offensive-electrique\/#primaryimage"},"thumbnailUrl":"https:\/\/news.canadamotorjobs.com\/wp-content\/uploads\/2022\/09\/Jeep\u00ae-Recon-scaled-1-1.jpg","articleSection":["Annuel automobile"],"inLanguage":"fr-CA"},{"@type":"WebPage","@id":"https:\/\/news.canadamotorjobs.com\/fr\/jeep-devoile-son-offensive-electrique\/","url":"https:\/\/news.canadamotorjobs.com\/fr\/jeep-devoile-son-offensive-electrique\/","name":"Jeep d\u00e9voile son offensive \u00e9lectrique - CanadaMotorJobs.com","isPartOf":{"@id":"https:\/\/news.canadamotorjobs.com\/#website"},"primaryImageOfPage":{"@id":"https:\/\/news.canadamotorjobs.com\/fr\/jeep-devoile-son-offensive-electrique\/#primaryimage"},"image":{"@id":"https:\/\/news.canadamotorjobs.com\/fr\/jeep-devoile-son-offensive-electrique\/#primaryimage"},"thumbnailUrl":"https:\/\/news.canadamotorjobs.com\/wp-content\/uploads\/2022\/09\/Jeep\u00ae-Recon-scaled-1-1.jpg","datePublished":"2022-09-08T13:13:11+00:00","dateModified":"2022-09-08T13:14:41+00:00","description":"Jeep d\u00e9voile son offensive \u00e9lectrique - Benoit Charette - Annuel automobile - CanadaMotorJobs.com.","breadcrumb":{"@id":"https:\/\/news.canadamotorjobs.com\/fr\/jeep-devoile-son-offensive-electrique\/#breadcrumb"},"inLanguage":"fr-CA","potentialAction":[{"@type":"ReadAction","target":["https:\/\/news.canadamotorjobs.com\/fr\/jeep-devoile-son-offensive-electrique\/"]}]},{"@type":"ImageObject","inLanguage":"fr-CA","@id":"https:\/\/news.canadamotorjobs.com\/fr\/jeep-devoile-son-offensive-electrique\/#primaryimage","url":"https:\/\/news.canadamotorjobs.com\/wp-content\/uploads\/2022\/09\/Jeep\u00ae-Recon-scaled-1-1.jpg","contentUrl":"https:\/\/news.canadamotorjobs.com\/wp-content\/uploads\/2022\/09\/Jeep\u00ae-Recon-scaled-1-1.jpg","width":2560,"height":1676},{"@type":"BreadcrumbList","@id":"https:\/\/news.canadamotorjobs.com\/fr\/jeep-devoile-son-offensive-electrique\/#breadcrumb","itemListElement":[{"@type":"ListItem","position":1,"name":"Home","item":"https:\/\/news.canadamotorjobs.com\/fr\/blog\/"},{"@type":"ListItem","position":2,"name":"Jeep d\u00e9voile son offensive \u00e9lectrique"}]},{"@type":"WebSite","@id":"https:\/\/news.canadamotorjobs.com\/#website","url":"https:\/\/news.canadamotorjobs.com\/","name":"CanadaMotorJobs.com","description":"Automotive Jobs","publisher":{"@id":"https:\/\/news.canadamotorjobs.com\/#organization"},"potentialAction":[{"@type":"SearchAction","target":{"@type":"EntryPoint","urlTemplate":"https:\/\/news.canadamotorjobs.com\/?s={search_term_string}"},"query-input":"required name=search_term_string"}],"inLanguage":"fr-CA"},{"@type":"Organization","@id":"https:\/\/news.canadamotorjobs.com\/#organization","name":"Canada Motor Jobs","url":"https:\/\/news.canadamotorjobs.com\/","logo":{"@type":"ImageObject","inLanguage":"fr-CA","@id":"https:\/\/news.canadamotorjobs.com\/#\/schema\/logo\/image\/","url":"https:\/\/news.canadamotorjobs.com\/wp-content\/uploads\/2022\/10\/logo-canada-motor-jobs-1.png","contentUrl":"https:\/\/news.canadamotorjobs.com\/wp-content\/uploads\/2022\/10\/logo-canada-motor-jobs-1.png","width":800,"height":400,"caption":"Canada Motor Jobs"},"image":{"@id":"https:\/\/news.canadamotorjobs.com\/#\/schema\/logo\/image\/"},"sameAs":["https:\/\/www.facebook.com\/canadamotorjobs\/","https:\/\/x.com\/canadamotorjobs","https:\/\/www.instagram.com\/canadamotorjobs\/","https:\/\/www.linkedin.com\/company\/canadamotorjobs"]},{"@type":"Person","@id":"https:\/\/news.canadamotorjobs.com\/#\/schema\/person\/51793d1f87d44011d7bcc2ed99269a90","name":"Benoit Charette","image":{"@type":"ImageObject","inLanguage":"fr-CA","@id":"https:\/\/news.canadamotorjobs.com\/#\/schema\/person\/image\/","url":"https:\/\/secure.gravatar.com\/avatar\/45f3d2eebcccd909668d7ce7ea7267b6?s=96&d=mm&r=g","contentUrl":"https:\/\/secure.gravatar.com\/avatar\/45f3d2eebcccd909668d7ce7ea7267b6?s=96&d=mm&r=g","caption":"Benoit Charette"},"description":"Benoit Charette \/ Propri\u00e9taire et r\u00e9dacteur en chef Benoit Charette pratique le journalisme automobile depuis bient\u00f4t 30 ans. Il a fait ses classes au c\u00f4t\u00e9 de Daniel H\u00e9raud et au Carnet de route de 1992 \u00e0 2001. Il est fondateur, copropri\u00e9taire et r\u00e9dacteur en chef de L\u2019Annuel de l\u2019automobile, qu\u2019il publie depuis 2001. Il a anim\u00e9 les \u00e9missions RPM et RPM+ sur V et les L\u00e9gendes de la route sur Historia. \u00c0 la radio depuis 1986, il reprend l\u2019antenne cette ann\u00e9e sur les ondes de Cogeco et participe pour la deuxi\u00e8me ann\u00e9e \u00e0 l\u2019\u00e9mission Passion Auto sur RDS en plus de mettre en ligne le site Web officiel de L\u2019Annuel de l\u2019automobile sur annuelauto.ca.","sameAs":["https:\/\/annuelauto.ca\/"],"url":"https:\/\/news.canadamotorjobs.com\/fr\/author\/benoit-charette\/"}]}},"_links":{"self":[{"href":"https:\/\/news.canadamotorjobs.com\/fr\/wp-json\/wp\/v2\/posts\/43275"}],"collection":[{"href":"https:\/\/news.canadamotorjobs.com\/fr\/wp-json\/wp\/v2\/posts"}],"about":[{"href":"https:\/\/news.canadamotorjobs.com\/fr\/wp-json\/wp\/v2\/types\/post"}],"author":[{"embeddable":true,"href":"https:\/\/news.canadamotorjobs.com\/fr\/wp-json\/wp\/v2\/users\/8"}],"replies":[{"embeddable":true,"href":"https:\/\/news.canadamotorjobs.com\/fr\/wp-json\/wp\/v2\/comments?post=43275"}],"version-history":[{"count":0,"href":"https:\/\/news.canadamotorjobs.com\/fr\/wp-json\/wp\/v2\/posts\/43275\/revisions"}],"wp:featuredmedia":[{"embeddable":true,"href":"https:\/\/news.canadamotorjobs.com\/fr\/wp-json\/wp\/v2\/media\/43279"}],"wp:attachment":[{"href":"https:\/\/news.canadamotorjobs.com\/fr\/wp-json\/wp\/v2\/media?parent=43275"}],"wp:term":[{"taxonomy":"category","embeddable":true,"href":"https:\/\/news.canadamotorjobs.com\/fr\/wp-json\/wp\/v2\/categories?post=43275"},{"taxonomy":"post_tag","embeddable":true,"href":"https:\/\/news.canadamotorjobs.com\/fr\/wp-json\/wp\/v2\/tags?post=43275"}],"curies":[{"name":"wp","href":"https:\/\/api.w.org\/{rel}","templated":true}]}}